{"id":30651,"date":"2023-02-13T19:28:30","date_gmt":"2023-02-13T19:28:30","guid":{"rendered":"https:\/\/www.africa-press.net\/mali\/politique\/dr-amadou-albert-maiga-membre-du-cnt-a-ce-rythme-la-guerre-est-inevitable-a-kidal"},"modified":"2023-02-13T19:57:47","modified_gmt":"2023-02-13T19:57:47","slug":"dr-amadou-albert-maiga-membre-du-cnt-a-ce-rythme-la-guerre-est-inevitable-a-kidal","status":"publish","type":"post","link":"https:\/\/www.africa-press.net\/mali\/politique\/dr-amadou-albert-maiga-membre-du-cnt-a-ce-rythme-la-guerre-est-inevitable-a-kidal","title":{"rendered":"Dr Amadou Albert Ma\u00efga, membre du CNT : \u00ab A ce rythme, la guerre est in\u00e9vitable \u00e0 Kidal \u00bb"},"content":{"rendered":"<p><span style=\"color: #ff6600\"><strong>Africa-Press &#8211; Mali. <\/strong><\/span>Exce\u0301de\u0301 par les velle\u0301ite\u0301s inde\u0301pendantistes des groupes arme\u0301s se\u0301paratistes du nord, Dr Amadou Albert Mai\u0308ga, membre du Conseil national de transition, tre\u0300s proche du pre\u0301sident de ladite Institution, colonel Malick Diaw, a brise\u0301 le silence. Dans une vide\u0301o d\u2019environ 12 minutes, il exprime son ras-le-bol vis-a\u0300-vis du flou entretenu autour de ce sujet par certains partenaires du Mali, notamment la France.<\/p>\n<p>Face a\u0300 la lenteur dans le processus du retour inte\u0301gralement de la re\u0301gion de Kidal dans les girons de la Re\u0301publique du Mali, Dr Amadou Albert Mai\u0308ga, membre du CNT, est monte\u0301 au cre\u0301neau. Vendredi 10 fe\u0301vrier 2023, il a publie\u0301 une vide\u0301o dans laquelle il expose au monde entier la situation du Mali, plus pre\u0301cise\u0301ment celle de Kidal. A l\u2019en croire, aujourd\u2019hui, nous remarquons de plus en plus de la bellige\u0301rante dans les affaires internes du Mali de la part non seulement de la France, mais aussi des pays amis de la France.<\/p>\n<p>Dans son re\u0301quisitoire contre la France, Dr Mai\u0308ga rappellera que la situation du Nord du Mali est l\u2019e\u0301manation de la guerre de l\u2019Otan contre la Libye, ayant abouti a\u0300 l\u2019assassinat du guide Mouammar Kadhafi. Malgre\u0301 les de\u0301nonciations de cette guerre par le Mali, re\u0301crimine-t-il, l\u2019Occident a assassine\u0301 Kadhafi, ouvrant ainsi un boulevard aux terroristes. Ces terroristes, soi-disant Maliens, sont venus s\u2019installer au nord du Mali. En complicite\u0301 avec leur parrain, la France, indique l\u2019orateur, lourdement arme\u0301s, ils sont rentre\u0301s au Mali pour re\u0301clamer leur inde\u0301pendance. Ce, explique-t-il, apre\u0300s avoir e\u0301ventuellement apporte\u0301 leur soutien a\u0300 la France en trahissant le guide Kadhafi.Ces groupes arme\u0301s ont obtenu de la France des garantis pour les aider a\u0300 avoir leur inde\u0301pendance. A en croire ce membre du CNT, les raisons de ce partenariat gagnant-gagnant entre ces deux entite\u0301s s\u2019explique par la richesse des ressources naturelles du sous-sol du nord du Mali. Ces ressources, poursuivra-t-il, qui entre dans la fabrication des armes biologiques, chimiques et nucle\u0301aires constituaient pour la France une aubaine a\u0300 saisir a\u0300 tout prix. Pour lui, la France compte extraire ses ressources pour e\u0301ventuellement fabriquer ses armes chimiques en vue de se positionner dans le concert des grandes nations. \u00ab Aujourd\u2019hui, nous voyons que cette situation a empire\u0301. Parce qu\u2019il faut rappeler que ces gens que la France soutient avaient commis de crimes de guerre et des exactions en 2012, notammenta\u0300 Aguelhok, ou\u0300 nos militaires ont e\u0301te\u0301 assassine\u0301s la\u0302chement. Il faut e\u0301galement rappeler que ces amis de la France qui sont venus par infractions dans notre pays ont ouvert un boulevard a\u0300 des terroristes qui se\u0300ment la terreur et la de\u0301solation dans le Nord du Mali. Cela a continue\u0301. De l\u2019accord de Ouagadougou, nous sommes passe\u0301s a\u0300 l\u2019accord d\u2019Alger en 2015. Et de l\u2019accord d\u2019Alger, nous sommes dans une position ou\u0300 le Mali ne se retrouve dans cet accord \u00bb.<\/p>\n<p>De son point de vue, la de\u0301gradation de cette crise qui nous a conduits a\u0300 la transition en cours a affecte\u0301 le centre du pays. Cela, malgre\u0301 la pre\u0301sence des forces franc\u0327aises pour nous aider a\u0300 e\u0301radiquer le fle\u0301au.<\/p>\n<p>Dr Mai\u0308ga voit en certains de ces groupes arme\u0301s des repre\u0301sentants de la France. Toutefois, estime-t-il, parmi les groupes signataires de l\u2019Accord, beaucoup sont avec l\u2019E\u0301tat. Le Mnla a ses repre\u0301sentants au niveau du gouvernement, du Conseil national de transition et des services e\u0301tatiques. C\u2019est pour vous dire qu\u2019aujourd\u2019hui, les Maliens peuvent se pardonner.<\/p>\n<p>Aux rene\u0301gats, il promet le feu. \u00ab La libe\u0301ration de la re\u0301gion de Kidal est sur la table. L\u2019arme\u0301e est bien cantonne\u0301e a\u0300 Kidal. Nous ne voulons plus que Kidal soit le couloir pour faire transiter l\u2019E\u0301tat islamique sous les ordres du terroriste d\u2019aller attaquer Gao ou Me\u0301naka. Il est temps qu\u2019on se donne la main pour combattre cette minorite\u0301 de personnes qui veulent prendre notre pays en otage. Nous allons les libe\u0301rer pour le bonheur de tous les Maliens. Nous resterons unis, de\u0301bout et engage\u0301s pour faire cette guerre et libe\u0301rer notre pays du joug du colonialisme, des terroristes et de la re\u0301bellion \u00bb.<\/p>\n<p><strong>Pour plus d&rsquo;informations et d&rsquo;analyses sur la <a href=\"https:\/\/www.africa-press.net\/mali\">Mali<\/a>, suivez <a href=\"https:\/\/www.africa-press.net\/\">Africa-Press<\/a><\/strong><\/p>\n","protected":false},"excerpt":{"rendered":"<p>Africa-Press &#8211; Mali. Exce\u0301de\u0301 par les velle\u0301ite\u0301s inde\u0301pendantistes des groupes arme\u0301s se\u0301paratistes du nord, Dr Amadou Albert Mai\u0308ga, membre du Conseil national de transition, tre\u0300s proche du pre\u0301sident de ladite Institution, colonel Malick Diaw, a brise\u0301 le silence. Dans une vide\u0301o d\u2019environ 12 minutes, il exprime son ras-le-bol vis-a\u0300-vis du flou entretenu autour de ce [&hellip;]<\/p>\n","protected":false},"author":82,"featured_media":30650,"comment_status":"open","ping_status":"closed","sticky":false,"template":"","format":"standard","meta":{"footnotes":""},"categories":[7,17],"tags":[76,86,19],"class_list":["post-30651","post","type-post","status-publish","format-standard","has-post-thumbnail","hentry","category-politique","category-toutes-les-actualites","tag-africa-press","tag-africa-press-mali","tag-mali"],"yoast_head":"<!-- This site is optimized with the Yoast SEO Premium plugin v26.1 (Yoast SEO v27.0) - https:\/\/yoast.com\/product\/yoast-seo-premium-wordpress\/ -->\n<title>Dr Amadou Albert Ma\u00efga, membre du CNT : \u00ab A ce rythme, la guerre est in\u00e9vitable \u00e0 Kidal \u00bb - Mali<\/title>\n<meta name=\"description\" content=\"Exce\u0301de\u0301 par les velle\u0301ite\u0301s inde\u0301pendantistes des groupes arme\u0301s se\u0301paratistes du nord, Dr Amadou Albert Mai\u0308ga, membre ...\" \/>\n<meta name=\"robots\" content=\"index, follow, max-snippet:-1, max-image-preview:large, max-video-preview:-1\" \/>\n<link rel=\"canonical\" href=\"https:\/\/www.africa-press.net\/mali\/politique\/dr-amadou-albert-maiga-membre-du-cnt-a-ce-rythme-la-guerre-est-inevitable-a-kidal\" \/>\n<meta property=\"og:locale\" content=\"fr_FR\" \/>\n<meta property=\"og:type\" content=\"article\" \/>\n<meta property=\"og:title\" content=\"Dr Amadou Albert Ma\u00efga, membre du CNT : \u00ab A ce rythme, la guerre est in\u00e9vitable \u00e0 Kidal \u00bb\" \/>\n<meta property=\"og:description\" content=\"Exce\u0301de\u0301 par les velle\u0301ite\u0301s inde\u0301pendantistes des groupes arme\u0301s se\u0301paratistes du nord, Dr Amadou Albert Mai\u0308ga, membre ...\" \/>\n<meta property=\"og:url\" content=\"https:\/\/www.africa-press.net\/mali\/politique\/dr-amadou-albert-maiga-membre-du-cnt-a-ce-rythme-la-guerre-est-inevitable-a-kidal\" \/>\n<meta property=\"og:site_name\" content=\"Mali\" \/>\n<meta property=\"article:publisher\" content=\"https:\/\/www.facebook.com\/AfricaPressTunisiaa\" \/>\n<meta property=\"article:published_time\" content=\"2023-02-13T19:28:30+00:00\" \/>\n<meta property=\"article:modified_time\" content=\"2023-02-13T19:57:47+00:00\" \/>\n<meta property=\"og:image\" content=\"https:\/\/static.africa-press.net\/mali\/sites\/21\/2023\/02\/postQueueImg_1676305491.41.jpg\" \/>\n\t<meta property=\"og:image:width\" content=\"1280\" \/>\n\t<meta property=\"og:image:height\" content=\"720\" \/>\n\t<meta property=\"og:image:type\" content=\"image\/jpeg\" \/>\n<meta name=\"author\" content=\"cfeditorfr\" \/>\n<meta name=\"twitter:card\" content=\"summary_large_image\" \/>\n<meta name=\"twitter:label1\" content=\"\u00c9crit par\" \/>\n\t<meta name=\"twitter:data1\" content=\"cfeditorfr\" \/>\n\t<meta name=\"twitter:label2\" content=\"Dur\u00e9e de lecture estim\u00e9e\" \/>\n\t<meta name=\"twitter:data2\" content=\"4 minutes\" \/>\n<script type=\"application\/ld+json\" class=\"yoast-schema-graph\">{\"@context\":\"https:\/\/schema.org\",\"@graph\":[{\"@type\":\"Article\",\"@id\":\"https:\/\/www.africa-press.net\/mali\/politique\/dr-amadou-albert-maiga-membre-du-cnt-a-ce-rythme-la-guerre-est-inevitable-a-kidal#article\",\"isPartOf\":{\"@id\":\"https:\/\/www.africa-press.net\/mali\/politique\/dr-amadou-albert-maiga-membre-du-cnt-a-ce-rythme-la-guerre-est-inevitable-a-kidal\"},\"author\":{\"name\":\"cfeditorfr\",\"@id\":\"https:\/\/www.africa-press.net\/mali\/#\/schema\/person\/2b1cf3cd81a31e3cd26889ca66d677f1\"},\"headline\":\"Dr Amadou Albert Ma\u00efga, membre du CNT : \u00ab A ce rythme, la guerre est in\u00e9vitable \u00e0 Kidal \u00bb\",\"datePublished\":\"2023-02-13T19:28:30+00:00\",\"dateModified\":\"2023-02-13T19:57:47+00:00\",\"mainEntityOfPage\":{\"@id\":\"https:\/\/www.africa-press.net\/mali\/politique\/dr-amadou-albert-maiga-membre-du-cnt-a-ce-rythme-la-guerre-est-inevitable-a-kidal\"},\"wordCount\":778,\"commentCount\":0,\"image\":{\"@id\":\"https:\/\/www.africa-press.net\/mali\/politique\/dr-amadou-albert-maiga-membre-du-cnt-a-ce-rythme-la-guerre-est-inevitable-a-kidal#primaryimage\"},\"thumbnailUrl\":\"https:\/\/static.africa-press.net\/mali\/sites\/21\/2023\/02\/postQueueImg_1676305491.41.jpg\",\"keywords\":[\"Africa Press\",\"Africa Press-Mali\",\"mali\"],\"articleSection\":[\"Politique\",\"Toutes les actualit\u00e9s\"],\"inLanguage\":\"fr-FR\",\"potentialAction\":[{\"@type\":\"CommentAction\",\"name\":\"Comment\",\"target\":[\"https:\/\/www.africa-press.net\/mali\/politique\/dr-amadou-albert-maiga-membre-du-cnt-a-ce-rythme-la-guerre-est-inevitable-a-kidal#respond\"]}]},{\"@type\":\"WebPage\",\"@id\":\"https:\/\/www.africa-press.net\/mali\/politique\/dr-amadou-albert-maiga-membre-du-cnt-a-ce-rythme-la-guerre-est-inevitable-a-kidal\",\"url\":\"https:\/\/www.africa-press.net\/mali\/politique\/dr-amadou-albert-maiga-membre-du-cnt-a-ce-rythme-la-guerre-est-inevitable-a-kidal\",\"name\":\"Dr Amadou Albert Ma\u00efga, membre du CNT : \u00ab A ce rythme, la guerre est in\u00e9vitable \u00e0 Kidal \u00bb - Mali\",\"isPartOf\":{\"@id\":\"https:\/\/www.africa-press.net\/mali\/#website\"},\"primaryImageOfPage\":{\"@id\":\"https:\/\/www.africa-press.net\/mali\/politique\/dr-amadou-albert-maiga-membre-du-cnt-a-ce-rythme-la-guerre-est-inevitable-a-kidal#primaryimage\"},\"image\":{\"@id\":\"https:\/\/www.africa-press.net\/mali\/politique\/dr-amadou-albert-maiga-membre-du-cnt-a-ce-rythme-la-guerre-est-inevitable-a-kidal#primaryimage\"},\"thumbnailUrl\":\"https:\/\/static.africa-press.net\/mali\/sites\/21\/2023\/02\/postQueueImg_1676305491.41.jpg\",\"datePublished\":\"2023-02-13T19:28:30+00:00\",\"dateModified\":\"2023-02-13T19:57:47+00:00\",\"author\":{\"@id\":\"https:\/\/www.africa-press.net\/mali\/#\/schema\/person\/2b1cf3cd81a31e3cd26889ca66d677f1\"},\"description\":\"Exce\u0301de\u0301 par les velle\u0301ite\u0301s inde\u0301pendantistes des groupes arme\u0301s se\u0301paratistes du nord, Dr Amadou Albert Mai\u0308ga, membre ...\",\"breadcrumb\":{\"@id\":\"https:\/\/www.africa-press.net\/mali\/politique\/dr-amadou-albert-maiga-membre-du-cnt-a-ce-rythme-la-guerre-est-inevitable-a-kidal#breadcrumb\"},\"inLanguage\":\"fr-FR\",\"potentialAction\":[{\"@type\":\"ReadAction\",\"target\":[\"https:\/\/www.africa-press.net\/mali\/politique\/dr-amadou-albert-maiga-membre-du-cnt-a-ce-rythme-la-guerre-est-inevitable-a-kidal\"]}]},{\"@type\":\"ImageObject\",\"inLanguage\":\"fr-FR\",\"@id\":\"https:\/\/www.africa-press.net\/mali\/politique\/dr-amadou-albert-maiga-membre-du-cnt-a-ce-rythme-la-guerre-est-inevitable-a-kidal#primaryimage\",\"url\":\"https:\/\/static.africa-press.net\/mali\/sites\/21\/2023\/02\/postQueueImg_1676305491.41.jpg\",\"contentUrl\":\"https:\/\/static.africa-press.net\/mali\/sites\/21\/2023\/02\/postQueueImg_1676305491.41.jpg\",\"width\":1280,\"height\":720,\"caption\":\"Dr Amadou Albert Ma\u00efga, membre du CNT : \u00ab A ce rythme, la guerre est in\u00e9vitable \u00e0 Kidal \u00bb\"},{\"@type\":\"BreadcrumbList\",\"@id\":\"https:\/\/www.africa-press.net\/mali\/politique\/dr-amadou-albert-maiga-membre-du-cnt-a-ce-rythme-la-guerre-est-inevitable-a-kidal#breadcrumb\",\"itemListElement\":[{\"@type\":\"ListItem\",\"position\":1,\"name\":\"Home\",\"item\":\"https:\/\/www.africa-press.net\/mali\/\"},{\"@type\":\"ListItem\",\"position\":2,\"name\":\"Dr Amadou Albert Ma\u00efga, membre du CNT : \u00ab A ce rythme, la guerre est in\u00e9vitable \u00e0 Kidal \u00bb\"}]},{\"@type\":\"WebSite\",\"@id\":\"https:\/\/www.africa-press.net\/mali\/#website\",\"url\":\"https:\/\/www.africa-press.net\/mali\/\",\"name\":\"Mali\",\"description\":\"Just another Africa News Agency Sites site\",\"potentialAction\":[{\"@type\":\"SearchAction\",\"target\":{\"@type\":\"EntryPoint\",\"urlTemplate\":\"https:\/\/www.africa-press.net\/mali\/?s={search_term_string}\"},\"query-input\":{\"@type\":\"PropertyValueSpecification\",\"valueRequired\":true,\"valueName\":\"search_term_string\"}}],\"inLanguage\":\"fr-FR\"},{\"@type\":\"Person\",\"@id\":\"https:\/\/www.africa-press.net\/mali\/#\/schema\/person\/2b1cf3cd81a31e3cd26889ca66d677f1\",\"name\":\"cfeditorfr\"}]}<\/script>\n<!-- \/ Yoast SEO Premium plugin. -->","yoast_head_json":{"title":"Dr Amadou Albert Ma\u00efga, membre du CNT : \u00ab A ce rythme, la guerre est in\u00e9vitable \u00e0 Kidal \u00bb - Mali","description":"Exce\u0301de\u0301 par les velle\u0301ite\u0301s inde\u0301pendantistes des groupes arme\u0301s se\u0301paratistes du nord, Dr Amadou Albert Mai\u0308ga, membre ...","robots":{"index":"index","follow":"follow","max-snippet":"max-snippet:-1","max-image-preview":"max-image-preview:large","max-video-preview":"max-video-preview:-1"},"canonical":"https:\/\/www.africa-press.net\/mali\/politique\/dr-amadou-albert-maiga-membre-du-cnt-a-ce-rythme-la-guerre-est-inevitable-a-kidal","og_locale":"fr_FR","og_type":"article","og_title":"Dr Amadou Albert Ma\u00efga, membre du CNT : \u00ab A ce rythme, la guerre est in\u00e9vitable \u00e0 Kidal \u00bb","og_description":"Exce\u0301de\u0301 par les velle\u0301ite\u0301s inde\u0301pendantistes des groupes arme\u0301s se\u0301paratistes du nord, Dr Amadou Albert Mai\u0308ga, membre ...","og_url":"https:\/\/www.africa-press.net\/mali\/politique\/dr-amadou-albert-maiga-membre-du-cnt-a-ce-rythme-la-guerre-est-inevitable-a-kidal","og_site_name":"Mali","article_publisher":"https:\/\/www.facebook.com\/AfricaPressTunisiaa","article_published_time":"2023-02-13T19:28:30+00:00","article_modified_time":"2023-02-13T19:57:47+00:00","og_image":[{"width":1280,"height":720,"url":"https:\/\/static.africa-press.net\/mali\/sites\/21\/2023\/02\/postQueueImg_1676305491.41.jpg","type":"image\/jpeg"}],"author":"cfeditorfr","twitter_card":"summary_large_image","twitter_misc":{"\u00c9crit par":"cfeditorfr","Dur\u00e9e de lecture estim\u00e9e":"4 minutes"},"schema":{"@context":"https:\/\/schema.org","@graph":[{"@type":"Article","@id":"https:\/\/www.africa-press.net\/mali\/politique\/dr-amadou-albert-maiga-membre-du-cnt-a-ce-rythme-la-guerre-est-inevitable-a-kidal#article","isPartOf":{"@id":"https:\/\/www.africa-press.net\/mali\/politique\/dr-amadou-albert-maiga-membre-du-cnt-a-ce-rythme-la-guerre-est-inevitable-a-kidal"},"author":{"name":"cfeditorfr","@id":"https:\/\/www.africa-press.net\/mali\/#\/schema\/person\/2b1cf3cd81a31e3cd26889ca66d677f1"},"headline":"Dr Amadou Albert Ma\u00efga, membre du CNT : \u00ab A ce rythme, la guerre est in\u00e9vitable \u00e0 Kidal \u00bb","datePublished":"2023-02-13T19:28:30+00:00","dateModified":"2023-02-13T19:57:47+00:00","mainEntityOfPage":{"@id":"https:\/\/www.africa-press.net\/mali\/politique\/dr-amadou-albert-maiga-membre-du-cnt-a-ce-rythme-la-guerre-est-inevitable-a-kidal"},"wordCount":778,"commentCount":0,"image":{"@id":"https:\/\/www.africa-press.net\/mali\/politique\/dr-amadou-albert-maiga-membre-du-cnt-a-ce-rythme-la-guerre-est-inevitable-a-kidal#primaryimage"},"thumbnailUrl":"https:\/\/static.africa-press.net\/mali\/sites\/21\/2023\/02\/postQueueImg_1676305491.41.jpg","keywords":["Africa Press","Africa Press-Mali","mali"],"articleSection":["Politique","Toutes les actualit\u00e9s"],"inLanguage":"fr-FR","potentialAction":[{"@type":"CommentAction","name":"Comment","target":["https:\/\/www.africa-press.net\/mali\/politique\/dr-amadou-albert-maiga-membre-du-cnt-a-ce-rythme-la-guerre-est-inevitable-a-kidal#respond"]}]},{"@type":"WebPage","@id":"https:\/\/www.africa-press.net\/mali\/politique\/dr-amadou-albert-maiga-membre-du-cnt-a-ce-rythme-la-guerre-est-inevitable-a-kidal","url":"https:\/\/www.africa-press.net\/mali\/politique\/dr-amadou-albert-maiga-membre-du-cnt-a-ce-rythme-la-guerre-est-inevitable-a-kidal","name":"Dr Amadou Albert Ma\u00efga, membre du CNT : \u00ab A ce rythme, la guerre est in\u00e9vitable \u00e0 Kidal \u00bb - Mali","isPartOf":{"@id":"https:\/\/www.africa-press.net\/mali\/#website"},"primaryImageOfPage":{"@id":"https:\/\/www.africa-press.net\/mali\/politique\/dr-amadou-albert-maiga-membre-du-cnt-a-ce-rythme-la-guerre-est-inevitable-a-kidal#primaryimage"},"image":{"@id":"https:\/\/www.africa-press.net\/mali\/politique\/dr-amadou-albert-maiga-membre-du-cnt-a-ce-rythme-la-guerre-est-inevitable-a-kidal#primaryimage"},"thumbnailUrl":"https:\/\/static.africa-press.net\/mali\/sites\/21\/2023\/02\/postQueueImg_1676305491.41.jpg","datePublished":"2023-02-13T19:28:30+00:00","dateModified":"2023-02-13T19:57:47+00:00","author":{"@id":"https:\/\/www.africa-press.net\/mali\/#\/schema\/person\/2b1cf3cd81a31e3cd26889ca66d677f1"},"description":"Exce\u0301de\u0301 par les velle\u0301ite\u0301s inde\u0301pendantistes des groupes arme\u0301s se\u0301paratistes du nord, Dr Amadou Albert Mai\u0308ga, membre ...","breadcrumb":{"@id":"https:\/\/www.africa-press.net\/mali\/politique\/dr-amadou-albert-maiga-membre-du-cnt-a-ce-rythme-la-guerre-est-inevitable-a-kidal#breadcrumb"},"inLanguage":"fr-FR","potentialAction":[{"@type":"ReadAction","target":["https:\/\/www.africa-press.net\/mali\/politique\/dr-amadou-albert-maiga-membre-du-cnt-a-ce-rythme-la-guerre-est-inevitable-a-kidal"]}]},{"@type":"ImageObject","inLanguage":"fr-FR","@id":"https:\/\/www.africa-press.net\/mali\/politique\/dr-amadou-albert-maiga-membre-du-cnt-a-ce-rythme-la-guerre-est-inevitable-a-kidal#primaryimage","url":"https:\/\/static.africa-press.net\/mali\/sites\/21\/2023\/02\/postQueueImg_1676305491.41.jpg","contentUrl":"https:\/\/static.africa-press.net\/mali\/sites\/21\/2023\/02\/postQueueImg_1676305491.41.jpg","width":1280,"height":720,"caption":"Dr Amadou Albert Ma\u00efga, membre du CNT : \u00ab A ce rythme, la guerre est in\u00e9vitable \u00e0 Kidal \u00bb"},{"@type":"BreadcrumbList","@id":"https:\/\/www.africa-press.net\/mali\/politique\/dr-amadou-albert-maiga-membre-du-cnt-a-ce-rythme-la-guerre-est-inevitable-a-kidal#breadcrumb","itemListElement":[{"@type":"ListItem","position":1,"name":"Home","item":"https:\/\/www.africa-press.net\/mali\/"},{"@type":"ListItem","position":2,"name":"Dr Amadou Albert Ma\u00efga, membre du CNT : \u00ab A ce rythme, la guerre est in\u00e9vitable \u00e0 Kidal \u00bb"}]},{"@type":"WebSite","@id":"https:\/\/www.africa-press.net\/mali\/#website","url":"https:\/\/www.africa-press.net\/mali\/","name":"Mali","description":"Just another Africa News Agency Sites site","potentialAction":[{"@type":"SearchAction","target":{"@type":"EntryPoint","urlTemplate":"https:\/\/www.africa-press.net\/mali\/?s={search_term_string}"},"query-input":{"@type":"PropertyValueSpecification","valueRequired":true,"valueName":"search_term_string"}}],"inLanguage":"fr-FR"},{"@type":"Person","@id":"https:\/\/www.africa-press.net\/mali\/#\/schema\/person\/2b1cf3cd81a31e3cd26889ca66d677f1","name":"cfeditorfr"}]}},"_links":{"self":[{"href":"https:\/\/www.africa-press.net\/mali\/wp-json\/wp\/v2\/posts\/30651","targetHints":{"allow":["GET"]}}],"collection":[{"href":"https:\/\/www.africa-press.net\/mali\/wp-json\/wp\/v2\/posts"}],"about":[{"href":"https:\/\/www.africa-press.net\/mali\/wp-json\/wp\/v2\/types\/post"}],"author":[{"embeddable":true,"href":"https:\/\/www.africa-press.net\/mali\/wp-json\/wp\/v2\/users\/82"}],"replies":[{"embeddable":true,"href":"https:\/\/www.africa-press.net\/mali\/wp-json\/wp\/v2\/comments?post=30651"}],"version-history":[{"count":0,"href":"https:\/\/www.africa-press.net\/mali\/wp-json\/wp\/v2\/posts\/30651\/revisions"}],"wp:featuredmedia":[{"embeddable":true,"href":"https:\/\/www.africa-press.net\/mali\/wp-json\/wp\/v2\/media\/30650"}],"wp:attachment":[{"href":"https:\/\/www.africa-press.net\/mali\/wp-json\/wp\/v2\/media?parent=30651"}],"wp:term":[{"taxonomy":"category","embeddable":true,"href":"https:\/\/www.africa-press.net\/mali\/wp-json\/wp\/v2\/categories?post=30651"},{"taxonomy":"post_tag","embeddable":true,"href":"https:\/\/www.africa-press.net\/mali\/wp-json\/wp\/v2\/tags?post=30651"}],"curies":[{"name":"wp","href":"https:\/\/api.w.org\/{rel}","templated":true}]}}