{"id":30664,"date":"2023-02-15T10:36:19","date_gmt":"2023-02-15T10:36:19","guid":{"rendered":"https:\/\/www.africa-press.net\/mali\/politique\/refondation-la-charte-dethique-et-des-valeurs-pour-forger-un-maliden-kura"},"modified":"2023-02-15T11:33:46","modified_gmt":"2023-02-15T11:33:46","slug":"refondation-la-charte-dethique-et-des-valeurs-pour-forger-un-maliden-kura","status":"publish","type":"post","link":"https:\/\/www.africa-press.net\/mali\/politique\/refondation-la-charte-dethique-et-des-valeurs-pour-forger-un-maliden-kura","title":{"rendered":"Refondation : La charte d\u2019\u00e9thique et des valeurs pour forger un \u00abMaliden Kura\u00bb"},"content":{"rendered":"<p><span style=\"color: #ff6600\"><strong>Africa-Press &#8211; Mali. <\/strong><\/span>Notre pays traverse une crise sans pre\u0301ce\u0301dent. Pour en sortir de\u0301finitivement, le pre\u0301sident de la Transition, le colonel Assimi Goi\u0308ta et le Premier ministre Choguel Kokalla Mai\u0308ga se sont engage\u0301s dans un mouvement de refondation nationale soutenue par des mesures concre\u0300tes dont la restauration de nos valeurs culturelles, pierre angulaire de ce vaste chantier institutionnel.<\/p>\n<p>C\u2019est ainsi qu\u2019un document re\u0301fe\u0301rentiel de\u0301nomme\u0301 \u00abCharte d\u2019e\u0301thique et des valeurs du Mali\u00bb a e\u0301te\u0301 adopte\u0301 en conseil des ministres. Apre\u0300s deux ateliers nationaux, le comite\u0301 scientifique pluridisciplinaire mis en place a poursuivi la re\u0301flexion et l\u2019analyse. Ce document a e\u0301te\u0301 soumis a\u0300 un comite\u0301 de pilotage au cours d\u2019un atelier qui eu lieu lundi dernier au Centre international de confe\u0301rences de Bamako (CICB).<\/p>\n<p>L\u2019ouverture des travaux e\u0301tait pre\u0301side\u0301e par Andogoly Guindo, ministre de l\u2019Artisanat, de la Culture, de l\u2019Industrie ho\u0302telie\u0300re et du Tourisme en pre\u0301sence notamment de son colle\u0300gue de la Communication, de l\u2019e\u0301conomie nume\u0301rique et de la Modernisation de l\u2019administration, Harouna Toureh. L\u2019e\u0301laboration de ce document s\u2019est de\u0301roule\u0301e en deux phases : la phase de collecte, d\u2019analyse et de traitement des informations recueillies a\u0300 travers tant la recherche documentation que les enque\u0302tes quantitatives et qualitatives.<\/p>\n<p>Le projet de document de Charte d\u2019e\u0301thique et des valeurs prend en compte les normes, mode\u0300les et syste\u0300mes devant re\u0301gir la vie de la socie\u0301te\u0301 malienne; la codification des normes, mode\u0300les et syste\u0300mes devant re\u0301gir la vie de la socie\u0301te\u0301 malienne ; la reconnaissance de l\u2019autorite\u0301 parentale, de la socie\u0301te\u0301 et des institutions spe\u0301cialise\u0301es dans la formation et de l\u2019e\u0301ducation du citoyen ; la reconnaissance de nos valeurs endoge\u0300nes en tant que moyens et principes de l\u2019instruction civique et de la construction nationale.<\/p>\n<p>\u00abLe projet de document qui sera soumis a\u0300 votre appre\u0301ciation s\u2019appuie sur nos expe\u0301riences pratiques, nos proverbes et nos vieux adages qui sont la pertinence de notre me\u0301moire collective, le fruit de l\u2019expe\u0301rience pratique de nos ance\u0302tres au cours des sie\u0300cles et qui contiennent le meilleur de notre he\u0301ritage culturel et spirituel \u00bb, a explique\u0301 le ministre Andogoly Guindo. Il s\u2019est dit convaincu que ce document incitera les citoyens maliens a\u0300 une prise de conscience.<\/p>\n<p>Il permettra de ve\u0301hiculer les valeurs ancestrales che\u0300res a\u0300 notre pays telles que le \u00abmaaya\u00bb et le \u00abdambe\u00bb. L\u2019homme, a indique\u0301 le ministre Guindo, doit e\u0302tre mis au c\u0153ur du vaste chantier de cette refondation, qui elle-me\u0302me doit prendre pour socle notre culture, notre he\u0301ritage commun que nous devons pre\u0301server a\u0300 tout prix et valoriser.<\/p>\n<p>Le document ainsi adopte\u0301 sera remis au chef de l\u2019E\u0301tat pour publication officielle. Le ministre Guindo a conclu en espe\u0301rant que cette Charte une fois adopte\u0301e, constituera une base solide, un bre\u0301viaire et une boussole pour marquer la volonte\u0301 du gouvernement d\u2019aller de l\u2019avant dans la refondation de notre pays, l\u2019e\u0301dification de la nouvelle nation malienne et d\u2019un nouveau citoyen, le \u00abMaliden kura\u00bb pe\u0301tri des valeurs et des vertus qui ont toujours caracte\u0301rise\u0301 l\u2019Homme malien.<\/p>\n<p><strong>Pour plus d&rsquo;informations et d&rsquo;analyses sur la <a href=\"https:\/\/www.africa-press.net\/mali\">Mali<\/a>, suivez <a href=\"https:\/\/www.africa-press.net\/\">Africa-Press<\/a><\/strong><\/p>\n","protected":false},"excerpt":{"rendered":"<p>Africa-Press &#8211; Mali. Notre pays traverse une crise sans pre\u0301ce\u0301dent. Pour en sortir de\u0301finitivement, le pre\u0301sident de la Transition, le colonel Assimi Goi\u0308ta et le Premier ministre Choguel Kokalla Mai\u0308ga se sont engage\u0301s dans un mouvement de refondation nationale soutenue par des mesures concre\u0300tes dont la restauration de nos valeurs culturelles, pierre angulaire de ce [&hellip;]<\/p>\n","protected":false},"author":82,"featured_media":30663,"comment_status":"open","ping_status":"closed","sticky":false,"template":"","format":"standard","meta":{"footnotes":""},"categories":[7,17],"tags":[76,86,19],"class_list":["post-30664","post","type-post","status-publish","format-standard","has-post-thumbnail","hentry","category-politique","category-toutes-les-actualites","tag-africa-press","tag-africa-press-mali","tag-mali"],"yoast_head":"<!-- This site is optimized with the Yoast SEO Premium plugin v26.1 (Yoast SEO v27.0) - https:\/\/yoast.com\/product\/yoast-seo-premium-wordpress\/ -->\n<title>Refondation : La charte d\u2019\u00e9thique et des valeurs pour forger un \u00abMaliden Kura\u00bb - Mali<\/title>\n<meta name=\"description\" content=\"Notre pays traverse une crise sans pre\u0301ce\u0301dent. Pour en sortir de\u0301finitivement, le pre\u0301sident de la Transition, le colon ...\" \/>\n<meta name=\"robots\" content=\"index, follow, max-snippet:-1, max-image-preview:large, max-video-preview:-1\" \/>\n<link rel=\"canonical\" href=\"https:\/\/www.africa-press.net\/mali\/politique\/refondation-la-charte-dethique-et-des-valeurs-pour-forger-un-maliden-kura\" \/>\n<meta property=\"og:locale\" content=\"fr_FR\" \/>\n<meta property=\"og:type\" content=\"article\" \/>\n<meta property=\"og:title\" content=\"Refondation : La charte d\u2019\u00e9thique et des valeurs pour forger un \u00abMaliden Kura\u00bb\" \/>\n<meta property=\"og:description\" content=\"Notre pays traverse une crise sans pre\u0301ce\u0301dent. Pour en sortir de\u0301finitivement, le pre\u0301sident de la Transition, le colon ...\" \/>\n<meta property=\"og:url\" content=\"https:\/\/www.africa-press.net\/mali\/politique\/refondation-la-charte-dethique-et-des-valeurs-pour-forger-un-maliden-kura\" \/>\n<meta property=\"og:site_name\" content=\"Mali\" \/>\n<meta property=\"article:publisher\" content=\"https:\/\/www.facebook.com\/AfricaPressTunisiaa\" \/>\n<meta property=\"article:published_time\" content=\"2023-02-15T10:36:19+00:00\" \/>\n<meta property=\"article:modified_time\" content=\"2023-02-15T11:33:46+00:00\" \/>\n<meta property=\"og:image\" content=\"https:\/\/static.africa-press.net\/mali\/sites\/21\/2023\/02\/postQueueImg_1676444791.39.jpg\" \/>\n\t<meta property=\"og:image:width\" content=\"720\" \/>\n\t<meta property=\"og:image:height\" content=\"480\" \/>\n\t<meta property=\"og:image:type\" content=\"image\/jpeg\" \/>\n<meta name=\"author\" content=\"cfeditorfr\" \/>\n<meta name=\"twitter:card\" content=\"summary_large_image\" \/>\n<meta name=\"twitter:label1\" content=\"\u00c9crit par\" \/>\n\t<meta name=\"twitter:data1\" content=\"cfeditorfr\" \/>\n\t<meta name=\"twitter:label2\" content=\"Dur\u00e9e de lecture estim\u00e9e\" \/>\n\t<meta name=\"twitter:data2\" content=\"3 minutes\" \/>\n<script type=\"application\/ld+json\" class=\"yoast-schema-graph\">{\"@context\":\"https:\/\/schema.org\",\"@graph\":[{\"@type\":\"Article\",\"@id\":\"https:\/\/www.africa-press.net\/mali\/politique\/refondation-la-charte-dethique-et-des-valeurs-pour-forger-un-maliden-kura#article\",\"isPartOf\":{\"@id\":\"https:\/\/www.africa-press.net\/mali\/politique\/refondation-la-charte-dethique-et-des-valeurs-pour-forger-un-maliden-kura\"},\"author\":{\"name\":\"cfeditorfr\",\"@id\":\"https:\/\/www.africa-press.net\/mali\/#\/schema\/person\/2b1cf3cd81a31e3cd26889ca66d677f1\"},\"headline\":\"Refondation : La charte d\u2019\u00e9thique et des valeurs pour forger un \u00abMaliden Kura\u00bb\",\"datePublished\":\"2023-02-15T10:36:19+00:00\",\"dateModified\":\"2023-02-15T11:33:46+00:00\",\"mainEntityOfPage\":{\"@id\":\"https:\/\/www.africa-press.net\/mali\/politique\/refondation-la-charte-dethique-et-des-valeurs-pour-forger-un-maliden-kura\"},\"wordCount\":596,\"commentCount\":0,\"image\":{\"@id\":\"https:\/\/www.africa-press.net\/mali\/politique\/refondation-la-charte-dethique-et-des-valeurs-pour-forger-un-maliden-kura#primaryimage\"},\"thumbnailUrl\":\"https:\/\/static.africa-press.net\/mali\/sites\/21\/2023\/02\/postQueueImg_1676444791.39.jpg\",\"keywords\":[\"Africa Press\",\"Africa Press-Mali\",\"mali\"],\"articleSection\":[\"Politique\",\"Toutes les actualit\u00e9s\"],\"inLanguage\":\"fr-FR\",\"potentialAction\":[{\"@type\":\"CommentAction\",\"name\":\"Comment\",\"target\":[\"https:\/\/www.africa-press.net\/mali\/politique\/refondation-la-charte-dethique-et-des-valeurs-pour-forger-un-maliden-kura#respond\"]}]},{\"@type\":\"WebPage\",\"@id\":\"https:\/\/www.africa-press.net\/mali\/politique\/refondation-la-charte-dethique-et-des-valeurs-pour-forger-un-maliden-kura\",\"url\":\"https:\/\/www.africa-press.net\/mali\/politique\/refondation-la-charte-dethique-et-des-valeurs-pour-forger-un-maliden-kura\",\"name\":\"Refondation : La charte d\u2019\u00e9thique et des valeurs pour forger un \u00abMaliden Kura\u00bb - Mali\",\"isPartOf\":{\"@id\":\"https:\/\/www.africa-press.net\/mali\/#website\"},\"primaryImageOfPage\":{\"@id\":\"https:\/\/www.africa-press.net\/mali\/politique\/refondation-la-charte-dethique-et-des-valeurs-pour-forger-un-maliden-kura#primaryimage\"},\"image\":{\"@id\":\"https:\/\/www.africa-press.net\/mali\/politique\/refondation-la-charte-dethique-et-des-valeurs-pour-forger-un-maliden-kura#primaryimage\"},\"thumbnailUrl\":\"https:\/\/static.africa-press.net\/mali\/sites\/21\/2023\/02\/postQueueImg_1676444791.39.jpg\",\"datePublished\":\"2023-02-15T10:36:19+00:00\",\"dateModified\":\"2023-02-15T11:33:46+00:00\",\"author\":{\"@id\":\"https:\/\/www.africa-press.net\/mali\/#\/schema\/person\/2b1cf3cd81a31e3cd26889ca66d677f1\"},\"description\":\"Notre pays traverse une crise sans pre\u0301ce\u0301dent. Pour en sortir de\u0301finitivement, le pre\u0301sident de la Transition, le colon ...\",\"breadcrumb\":{\"@id\":\"https:\/\/www.africa-press.net\/mali\/politique\/refondation-la-charte-dethique-et-des-valeurs-pour-forger-un-maliden-kura#breadcrumb\"},\"inLanguage\":\"fr-FR\",\"potentialAction\":[{\"@type\":\"ReadAction\",\"target\":[\"https:\/\/www.africa-press.net\/mali\/politique\/refondation-la-charte-dethique-et-des-valeurs-pour-forger-un-maliden-kura\"]}]},{\"@type\":\"ImageObject\",\"inLanguage\":\"fr-FR\",\"@id\":\"https:\/\/www.africa-press.net\/mali\/politique\/refondation-la-charte-dethique-et-des-valeurs-pour-forger-un-maliden-kura#primaryimage\",\"url\":\"https:\/\/static.africa-press.net\/mali\/sites\/21\/2023\/02\/postQueueImg_1676444791.39.jpg\",\"contentUrl\":\"https:\/\/static.africa-press.net\/mali\/sites\/21\/2023\/02\/postQueueImg_1676444791.39.jpg\",\"width\":720,\"height\":480,\"caption\":\"Refondation : La charte d\u2019\u00e9thique et des valeurs pour forger un \u00abMaliden Kura\u00bb\"},{\"@type\":\"BreadcrumbList\",\"@id\":\"https:\/\/www.africa-press.net\/mali\/politique\/refondation-la-charte-dethique-et-des-valeurs-pour-forger-un-maliden-kura#breadcrumb\",\"itemListElement\":[{\"@type\":\"ListItem\",\"position\":1,\"name\":\"Home\",\"item\":\"https:\/\/www.africa-press.net\/mali\/\"},{\"@type\":\"ListItem\",\"position\":2,\"name\":\"Refondation : La charte d\u2019\u00e9thique et des valeurs pour forger un \u00abMaliden Kura\u00bb\"}]},{\"@type\":\"WebSite\",\"@id\":\"https:\/\/www.africa-press.net\/mali\/#website\",\"url\":\"https:\/\/www.africa-press.net\/mali\/\",\"name\":\"Mali\",\"description\":\"Just another Africa News Agency Sites site\",\"potentialAction\":[{\"@type\":\"SearchAction\",\"target\":{\"@type\":\"EntryPoint\",\"urlTemplate\":\"https:\/\/www.africa-press.net\/mali\/?s={search_term_string}\"},\"query-input\":{\"@type\":\"PropertyValueSpecification\",\"valueRequired\":true,\"valueName\":\"search_term_string\"}}],\"inLanguage\":\"fr-FR\"},{\"@type\":\"Person\",\"@id\":\"https:\/\/www.africa-press.net\/mali\/#\/schema\/person\/2b1cf3cd81a31e3cd26889ca66d677f1\",\"name\":\"cfeditorfr\"}]}<\/script>\n<!-- \/ Yoast SEO Premium plugin. -->","yoast_head_json":{"title":"Refondation : La charte d\u2019\u00e9thique et des valeurs pour forger un \u00abMaliden Kura\u00bb - Mali","description":"Notre pays traverse une crise sans pre\u0301ce\u0301dent. Pour en sortir de\u0301finitivement, le pre\u0301sident de la Transition, le colon ...","robots":{"index":"index","follow":"follow","max-snippet":"max-snippet:-1","max-image-preview":"max-image-preview:large","max-video-preview":"max-video-preview:-1"},"canonical":"https:\/\/www.africa-press.net\/mali\/politique\/refondation-la-charte-dethique-et-des-valeurs-pour-forger-un-maliden-kura","og_locale":"fr_FR","og_type":"article","og_title":"Refondation : La charte d\u2019\u00e9thique et des valeurs pour forger un \u00abMaliden Kura\u00bb","og_description":"Notre pays traverse une crise sans pre\u0301ce\u0301dent. Pour en sortir de\u0301finitivement, le pre\u0301sident de la Transition, le colon ...","og_url":"https:\/\/www.africa-press.net\/mali\/politique\/refondation-la-charte-dethique-et-des-valeurs-pour-forger-un-maliden-kura","og_site_name":"Mali","article_publisher":"https:\/\/www.facebook.com\/AfricaPressTunisiaa","article_published_time":"2023-02-15T10:36:19+00:00","article_modified_time":"2023-02-15T11:33:46+00:00","og_image":[{"width":720,"height":480,"url":"https:\/\/static.africa-press.net\/mali\/sites\/21\/2023\/02\/postQueueImg_1676444791.39.jpg","type":"image\/jpeg"}],"author":"cfeditorfr","twitter_card":"summary_large_image","twitter_misc":{"\u00c9crit par":"cfeditorfr","Dur\u00e9e de lecture estim\u00e9e":"3 minutes"},"schema":{"@context":"https:\/\/schema.org","@graph":[{"@type":"Article","@id":"https:\/\/www.africa-press.net\/mali\/politique\/refondation-la-charte-dethique-et-des-valeurs-pour-forger-un-maliden-kura#article","isPartOf":{"@id":"https:\/\/www.africa-press.net\/mali\/politique\/refondation-la-charte-dethique-et-des-valeurs-pour-forger-un-maliden-kura"},"author":{"name":"cfeditorfr","@id":"https:\/\/www.africa-press.net\/mali\/#\/schema\/person\/2b1cf3cd81a31e3cd26889ca66d677f1"},"headline":"Refondation : La charte d\u2019\u00e9thique et des valeurs pour forger un \u00abMaliden Kura\u00bb","datePublished":"2023-02-15T10:36:19+00:00","dateModified":"2023-02-15T11:33:46+00:00","mainEntityOfPage":{"@id":"https:\/\/www.africa-press.net\/mali\/politique\/refondation-la-charte-dethique-et-des-valeurs-pour-forger-un-maliden-kura"},"wordCount":596,"commentCount":0,"image":{"@id":"https:\/\/www.africa-press.net\/mali\/politique\/refondation-la-charte-dethique-et-des-valeurs-pour-forger-un-maliden-kura#primaryimage"},"thumbnailUrl":"https:\/\/static.africa-press.net\/mali\/sites\/21\/2023\/02\/postQueueImg_1676444791.39.jpg","keywords":["Africa Press","Africa Press-Mali","mali"],"articleSection":["Politique","Toutes les actualit\u00e9s"],"inLanguage":"fr-FR","potentialAction":[{"@type":"CommentAction","name":"Comment","target":["https:\/\/www.africa-press.net\/mali\/politique\/refondation-la-charte-dethique-et-des-valeurs-pour-forger-un-maliden-kura#respond"]}]},{"@type":"WebPage","@id":"https:\/\/www.africa-press.net\/mali\/politique\/refondation-la-charte-dethique-et-des-valeurs-pour-forger-un-maliden-kura","url":"https:\/\/www.africa-press.net\/mali\/politique\/refondation-la-charte-dethique-et-des-valeurs-pour-forger-un-maliden-kura","name":"Refondation : La charte d\u2019\u00e9thique et des valeurs pour forger un \u00abMaliden Kura\u00bb - Mali","isPartOf":{"@id":"https:\/\/www.africa-press.net\/mali\/#website"},"primaryImageOfPage":{"@id":"https:\/\/www.africa-press.net\/mali\/politique\/refondation-la-charte-dethique-et-des-valeurs-pour-forger-un-maliden-kura#primaryimage"},"image":{"@id":"https:\/\/www.africa-press.net\/mali\/politique\/refondation-la-charte-dethique-et-des-valeurs-pour-forger-un-maliden-kura#primaryimage"},"thumbnailUrl":"https:\/\/static.africa-press.net\/mali\/sites\/21\/2023\/02\/postQueueImg_1676444791.39.jpg","datePublished":"2023-02-15T10:36:19+00:00","dateModified":"2023-02-15T11:33:46+00:00","author":{"@id":"https:\/\/www.africa-press.net\/mali\/#\/schema\/person\/2b1cf3cd81a31e3cd26889ca66d677f1"},"description":"Notre pays traverse une crise sans pre\u0301ce\u0301dent. Pour en sortir de\u0301finitivement, le pre\u0301sident de la Transition, le colon ...","breadcrumb":{"@id":"https:\/\/www.africa-press.net\/mali\/politique\/refondation-la-charte-dethique-et-des-valeurs-pour-forger-un-maliden-kura#breadcrumb"},"inLanguage":"fr-FR","potentialAction":[{"@type":"ReadAction","target":["https:\/\/www.africa-press.net\/mali\/politique\/refondation-la-charte-dethique-et-des-valeurs-pour-forger-un-maliden-kura"]}]},{"@type":"ImageObject","inLanguage":"fr-FR","@id":"https:\/\/www.africa-press.net\/mali\/politique\/refondation-la-charte-dethique-et-des-valeurs-pour-forger-un-maliden-kura#primaryimage","url":"https:\/\/static.africa-press.net\/mali\/sites\/21\/2023\/02\/postQueueImg_1676444791.39.jpg","contentUrl":"https:\/\/static.africa-press.net\/mali\/sites\/21\/2023\/02\/postQueueImg_1676444791.39.jpg","width":720,"height":480,"caption":"Refondation : La charte d\u2019\u00e9thique et des valeurs pour forger un \u00abMaliden Kura\u00bb"},{"@type":"BreadcrumbList","@id":"https:\/\/www.africa-press.net\/mali\/politique\/refondation-la-charte-dethique-et-des-valeurs-pour-forger-un-maliden-kura#breadcrumb","itemListElement":[{"@type":"ListItem","position":1,"name":"Home","item":"https:\/\/www.africa-press.net\/mali\/"},{"@type":"ListItem","position":2,"name":"Refondation : La charte d\u2019\u00e9thique et des valeurs pour forger un \u00abMaliden Kura\u00bb"}]},{"@type":"WebSite","@id":"https:\/\/www.africa-press.net\/mali\/#website","url":"https:\/\/www.africa-press.net\/mali\/","name":"Mali","description":"Just another Africa News Agency Sites site","potentialAction":[{"@type":"SearchAction","target":{"@type":"EntryPoint","urlTemplate":"https:\/\/www.africa-press.net\/mali\/?s={search_term_string}"},"query-input":{"@type":"PropertyValueSpecification","valueRequired":true,"valueName":"search_term_string"}}],"inLanguage":"fr-FR"},{"@type":"Person","@id":"https:\/\/www.africa-press.net\/mali\/#\/schema\/person\/2b1cf3cd81a31e3cd26889ca66d677f1","name":"cfeditorfr"}]}},"_links":{"self":[{"href":"https:\/\/www.africa-press.net\/mali\/wp-json\/wp\/v2\/posts\/30664","targetHints":{"allow":["GET"]}}],"collection":[{"href":"https:\/\/www.africa-press.net\/mali\/wp-json\/wp\/v2\/posts"}],"about":[{"href":"https:\/\/www.africa-press.net\/mali\/wp-json\/wp\/v2\/types\/post"}],"author":[{"embeddable":true,"href":"https:\/\/www.africa-press.net\/mali\/wp-json\/wp\/v2\/users\/82"}],"replies":[{"embeddable":true,"href":"https:\/\/www.africa-press.net\/mali\/wp-json\/wp\/v2\/comments?post=30664"}],"version-history":[{"count":0,"href":"https:\/\/www.africa-press.net\/mali\/wp-json\/wp\/v2\/posts\/30664\/revisions"}],"wp:featuredmedia":[{"embeddable":true,"href":"https:\/\/www.africa-press.net\/mali\/wp-json\/wp\/v2\/media\/30663"}],"wp:attachment":[{"href":"https:\/\/www.africa-press.net\/mali\/wp-json\/wp\/v2\/media?parent=30664"}],"wp:term":[{"taxonomy":"category","embeddable":true,"href":"https:\/\/www.africa-press.net\/mali\/wp-json\/wp\/v2\/categories?post=30664"},{"taxonomy":"post_tag","embeddable":true,"href":"https:\/\/www.africa-press.net\/mali\/wp-json\/wp\/v2\/tags?post=30664"}],"curies":[{"name":"wp","href":"https:\/\/api.w.org\/{rel}","templated":true}]}}