{"id":30684,"date":"2023-02-15T11:08:31","date_gmt":"2023-02-15T11:08:31","guid":{"rendered":"https:\/\/www.africa-press.net\/mali\/politique\/la-russie-dans-le-sahel-le-pre-carre-francais-plus-que-jamais-menace"},"modified":"2023-02-15T11:47:50","modified_gmt":"2023-02-15T11:47:50","slug":"la-russie-dans-le-sahel-le-pre-carre-francais-plus-que-jamais-menace","status":"publish","type":"post","link":"https:\/\/www.africa-press.net\/mali\/politique\/la-russie-dans-le-sahel-le-pre-carre-francais-plus-que-jamais-menace","title":{"rendered":"La Russie dans le Sahel : Le pr\u00e9-carr\u00e9 fran\u00e7ais plus que jamais menac\u00e9\u2026"},"content":{"rendered":"<p><span style=\"color: #ff6600\"><strong>Africa-Press &#8211; Mali. <\/strong><\/span>Quel avenir pour la France dans ses anciennes colonies ? C\u2019est la question que se posent les observateurs les plus avise\u0301s apre\u0300s l\u2019irruption a\u0300 peine surprenante de la Russie et le re\u0301veil brutal des cellules dormantes du nationalisme dans cette zone garde\u0301e jalousement par les pouvoirs franc\u0327ais d\u2019apre\u0300s inde\u0301pendance. En effet, apre\u0300s plus d\u2019un demi-sie\u0300cle de pre\u0301sence sans partage sur cette partie de l\u2019Afrique, la France est sur le point d\u2019e\u0302tre de\u0301tro\u0302ne\u0301e, si c\u0327a n\u2019est de\u0301ja\u0300 fait. Et avec cette visite du chef de la diplomatie russe, rien ne sera plus comme avant au Sahel ou\u0300 des pays \u2013 dont le Mali \u2013 semblent avoir franchi le point de retour. Mais comment en est-on arrive\u0301-la\u0300 ? Tout semble parti d\u2019une appre\u0301ciation a\u0300 ge\u0301ome\u0301trie variable de la France des quatre coups d\u2019Etat survenus courant 2020, notamment au Mali, Tchad, Burkina-Faso et en Guine\u0301e. Alors que le fils d\u2019Idriss Deby a e\u0301te\u0301 adoube\u0301, les colonels putschistes du Mali n\u2019ont eu droit qu\u2019a\u0300 des sanctions tous azimuts. Et au me\u0302me moment, le colonel Doumbouya de la Guine\u0301e a e\u0301te\u0301 caresse\u0301 dans le sens du poil, pour des raisons que seul Paris peut expliquer. Quant au Burkina-Faso, sans be\u0301ne\u0301ficier les me\u0302mes traitements re\u0301serve\u0301s au Tchad et a\u0300 la Guine\u0301e, il a e\u0301te\u0301 e\u0301pargne\u0301 de sanctions, du moins de l\u2019ampleur de celles qu\u2019a\u0300 connues son voisin le Mali apre\u0300s son deuxie\u0300me putsch dit de rectification de la Transition. Et, pour Bamako, les de\u0301cisions de la Cedeao e\u0301taient dicte\u0301es par la France.<\/p>\n<p>A\u0300 ces coups d\u2019Etat s\u2019ajoute le troisie\u0300me mandat d\u2019Alassane Dramane Ouattara, cautionne\u0301 par la France, a\u0300 en juger par ses se\u0301jours a\u0300 l\u2019Elyse\u0301e depuis sa re\u0301e\u0301lection controverse\u0301e. Conse\u0301quences : dans la plupart des ex-colonies, le sentiment anti-franc\u0327ais ne cesse de grandir au profit d\u2019un partenariat avec la Russie. En tout cas, aux dires du ministre des Affaires E\u0301trange\u0300res de la Russie en visite au Mali, son pays est pre\u0302t a\u0300 apporter son aide a\u0300 tous les pays de la sous-re\u0301gion qui en expriment le besoin.<\/p>\n<p><strong>Pour plus d&rsquo;informations et d&rsquo;analyses sur la <a href=\"https:\/\/www.africa-press.net\/mali\">Mali<\/a>, suivez <a href=\"https:\/\/www.africa-press.net\/\">Africa-Press<\/a><\/strong><\/p>\n","protected":false},"excerpt":{"rendered":"<p>Africa-Press &#8211; Mali. Quel avenir pour la France dans ses anciennes colonies ? C\u2019est la question que se posent les observateurs les plus avise\u0301s apre\u0300s l\u2019irruption a\u0300 peine surprenante de la Russie et le re\u0301veil brutal des cellules dormantes du nationalisme dans cette zone garde\u0301e jalousement par les pouvoirs franc\u0327ais d\u2019apre\u0300s inde\u0301pendance. En effet, apre\u0300s [&hellip;]<\/p>\n","protected":false},"author":82,"featured_media":30683,"comment_status":"open","ping_status":"closed","sticky":false,"template":"","format":"standard","meta":{"footnotes":""},"categories":[7,17],"tags":[76,86,19],"class_list":["post-30684","post","type-post","status-publish","format-standard","has-post-thumbnail","hentry","category-politique","category-toutes-les-actualites","tag-africa-press","tag-africa-press-mali","tag-mali"],"yoast_head":"<!-- This site is optimized with the Yoast SEO Premium plugin v26.1 (Yoast SEO v27.0) - https:\/\/yoast.com\/product\/yoast-seo-premium-wordpress\/ -->\n<title>La Russie dans le Sahel : Le pr\u00e9-carr\u00e9 fran\u00e7ais plus que jamais menac\u00e9\u2026 - Mali<\/title>\n<meta name=\"description\" content=\"Quel avenir pour la France dans ses anciennes colonies ? C\u2019est la question que se posent les observateurs les plus avise ...\" \/>\n<meta name=\"robots\" content=\"index, follow, max-snippet:-1, max-image-preview:large, max-video-preview:-1\" \/>\n<link rel=\"canonical\" href=\"https:\/\/www.africa-press.net\/mali\/politique\/la-russie-dans-le-sahel-le-pre-carre-francais-plus-que-jamais-menace\" \/>\n<meta property=\"og:locale\" content=\"fr_FR\" \/>\n<meta property=\"og:type\" content=\"article\" \/>\n<meta property=\"og:title\" content=\"La Russie dans le Sahel : Le pr\u00e9-carr\u00e9 fran\u00e7ais plus que jamais menac\u00e9\u2026\" \/>\n<meta property=\"og:description\" content=\"Quel avenir pour la France dans ses anciennes colonies ? C\u2019est la question que se posent les observateurs les plus avise ...\" \/>\n<meta property=\"og:url\" content=\"https:\/\/www.africa-press.net\/mali\/politique\/la-russie-dans-le-sahel-le-pre-carre-francais-plus-que-jamais-menace\" \/>\n<meta property=\"og:site_name\" content=\"Mali\" \/>\n<meta property=\"article:publisher\" content=\"https:\/\/www.facebook.com\/AfricaPressTunisiaa\" \/>\n<meta property=\"article:published_time\" content=\"2023-02-15T11:08:31+00:00\" \/>\n<meta property=\"article:modified_time\" content=\"2023-02-15T11:47:50+00:00\" \/>\n<meta property=\"og:image\" content=\"https:\/\/static.africa-press.net\/mali\/sites\/21\/2023\/02\/postQueueImg_1676446720.55.jpg\" \/>\n\t<meta property=\"og:image:width\" content=\"720\" \/>\n\t<meta property=\"og:image:height\" content=\"405\" \/>\n\t<meta property=\"og:image:type\" content=\"image\/jpeg\" \/>\n<meta name=\"author\" content=\"cfeditorfr\" \/>\n<meta name=\"twitter:card\" content=\"summary_large_image\" \/>\n<meta name=\"twitter:label1\" content=\"\u00c9crit par\" \/>\n\t<meta name=\"twitter:data1\" content=\"cfeditorfr\" \/>\n\t<meta name=\"twitter:label2\" content=\"Dur\u00e9e de lecture estim\u00e9e\" \/>\n\t<meta name=\"twitter:data2\" content=\"2 minutes\" \/>\n<script type=\"application\/ld+json\" class=\"yoast-schema-graph\">{\"@context\":\"https:\/\/schema.org\",\"@graph\":[{\"@type\":\"Article\",\"@id\":\"https:\/\/www.africa-press.net\/mali\/politique\/la-russie-dans-le-sahel-le-pre-carre-francais-plus-que-jamais-menace#article\",\"isPartOf\":{\"@id\":\"https:\/\/www.africa-press.net\/mali\/politique\/la-russie-dans-le-sahel-le-pre-carre-francais-plus-que-jamais-menace\"},\"author\":{\"name\":\"cfeditorfr\",\"@id\":\"https:\/\/www.africa-press.net\/mali\/#\/schema\/person\/2b1cf3cd81a31e3cd26889ca66d677f1\"},\"headline\":\"La Russie dans le Sahel : Le pr\u00e9-carr\u00e9 fran\u00e7ais plus que jamais menac\u00e9\u2026\",\"datePublished\":\"2023-02-15T11:08:31+00:00\",\"dateModified\":\"2023-02-15T11:47:50+00:00\",\"mainEntityOfPage\":{\"@id\":\"https:\/\/www.africa-press.net\/mali\/politique\/la-russie-dans-le-sahel-le-pre-carre-francais-plus-que-jamais-menace\"},\"wordCount\":423,\"commentCount\":0,\"image\":{\"@id\":\"https:\/\/www.africa-press.net\/mali\/politique\/la-russie-dans-le-sahel-le-pre-carre-francais-plus-que-jamais-menace#primaryimage\"},\"thumbnailUrl\":\"https:\/\/static.africa-press.net\/mali\/sites\/21\/2023\/02\/postQueueImg_1676446720.55.jpg\",\"keywords\":[\"Africa Press\",\"Africa Press-Mali\",\"mali\"],\"articleSection\":[\"Politique\",\"Toutes les actualit\u00e9s\"],\"inLanguage\":\"fr-FR\",\"potentialAction\":[{\"@type\":\"CommentAction\",\"name\":\"Comment\",\"target\":[\"https:\/\/www.africa-press.net\/mali\/politique\/la-russie-dans-le-sahel-le-pre-carre-francais-plus-que-jamais-menace#respond\"]}]},{\"@type\":\"WebPage\",\"@id\":\"https:\/\/www.africa-press.net\/mali\/politique\/la-russie-dans-le-sahel-le-pre-carre-francais-plus-que-jamais-menace\",\"url\":\"https:\/\/www.africa-press.net\/mali\/politique\/la-russie-dans-le-sahel-le-pre-carre-francais-plus-que-jamais-menace\",\"name\":\"La Russie dans le Sahel : Le pr\u00e9-carr\u00e9 fran\u00e7ais plus que jamais menac\u00e9\u2026 - Mali\",\"isPartOf\":{\"@id\":\"https:\/\/www.africa-press.net\/mali\/#website\"},\"primaryImageOfPage\":{\"@id\":\"https:\/\/www.africa-press.net\/mali\/politique\/la-russie-dans-le-sahel-le-pre-carre-francais-plus-que-jamais-menace#primaryimage\"},\"image\":{\"@id\":\"https:\/\/www.africa-press.net\/mali\/politique\/la-russie-dans-le-sahel-le-pre-carre-francais-plus-que-jamais-menace#primaryimage\"},\"thumbnailUrl\":\"https:\/\/static.africa-press.net\/mali\/sites\/21\/2023\/02\/postQueueImg_1676446720.55.jpg\",\"datePublished\":\"2023-02-15T11:08:31+00:00\",\"dateModified\":\"2023-02-15T11:47:50+00:00\",\"author\":{\"@id\":\"https:\/\/www.africa-press.net\/mali\/#\/schema\/person\/2b1cf3cd81a31e3cd26889ca66d677f1\"},\"description\":\"Quel avenir pour la France dans ses anciennes colonies ? C\u2019est la question que se posent les observateurs les plus avise ...\",\"breadcrumb\":{\"@id\":\"https:\/\/www.africa-press.net\/mali\/politique\/la-russie-dans-le-sahel-le-pre-carre-francais-plus-que-jamais-menace#breadcrumb\"},\"inLanguage\":\"fr-FR\",\"potentialAction\":[{\"@type\":\"ReadAction\",\"target\":[\"https:\/\/www.africa-press.net\/mali\/politique\/la-russie-dans-le-sahel-le-pre-carre-francais-plus-que-jamais-menace\"]}]},{\"@type\":\"ImageObject\",\"inLanguage\":\"fr-FR\",\"@id\":\"https:\/\/www.africa-press.net\/mali\/politique\/la-russie-dans-le-sahel-le-pre-carre-francais-plus-que-jamais-menace#primaryimage\",\"url\":\"https:\/\/static.africa-press.net\/mali\/sites\/21\/2023\/02\/postQueueImg_1676446720.55.jpg\",\"contentUrl\":\"https:\/\/static.africa-press.net\/mali\/sites\/21\/2023\/02\/postQueueImg_1676446720.55.jpg\",\"width\":720,\"height\":405,\"caption\":\"La Russie dans le Sahel : Le pr\u00e9-carr\u00e9 fran\u00e7ais plus que jamais menac\u00e9\u2026\"},{\"@type\":\"BreadcrumbList\",\"@id\":\"https:\/\/www.africa-press.net\/mali\/politique\/la-russie-dans-le-sahel-le-pre-carre-francais-plus-que-jamais-menace#breadcrumb\",\"itemListElement\":[{\"@type\":\"ListItem\",\"position\":1,\"name\":\"Home\",\"item\":\"https:\/\/www.africa-press.net\/mali\/\"},{\"@type\":\"ListItem\",\"position\":2,\"name\":\"La Russie dans le Sahel : Le pr\u00e9-carr\u00e9 fran\u00e7ais plus que jamais menac\u00e9\u2026\"}]},{\"@type\":\"WebSite\",\"@id\":\"https:\/\/www.africa-press.net\/mali\/#website\",\"url\":\"https:\/\/www.africa-press.net\/mali\/\",\"name\":\"Mali\",\"description\":\"Just another Africa News Agency Sites site\",\"potentialAction\":[{\"@type\":\"SearchAction\",\"target\":{\"@type\":\"EntryPoint\",\"urlTemplate\":\"https:\/\/www.africa-press.net\/mali\/?s={search_term_string}\"},\"query-input\":{\"@type\":\"PropertyValueSpecification\",\"valueRequired\":true,\"valueName\":\"search_term_string\"}}],\"inLanguage\":\"fr-FR\"},{\"@type\":\"Person\",\"@id\":\"https:\/\/www.africa-press.net\/mali\/#\/schema\/person\/2b1cf3cd81a31e3cd26889ca66d677f1\",\"name\":\"cfeditorfr\"}]}<\/script>\n<!-- \/ Yoast SEO Premium plugin. -->","yoast_head_json":{"title":"La Russie dans le Sahel : Le pr\u00e9-carr\u00e9 fran\u00e7ais plus que jamais menac\u00e9\u2026 - Mali","description":"Quel avenir pour la France dans ses anciennes colonies ? C\u2019est la question que se posent les observateurs les plus avise ...","robots":{"index":"index","follow":"follow","max-snippet":"max-snippet:-1","max-image-preview":"max-image-preview:large","max-video-preview":"max-video-preview:-1"},"canonical":"https:\/\/www.africa-press.net\/mali\/politique\/la-russie-dans-le-sahel-le-pre-carre-francais-plus-que-jamais-menace","og_locale":"fr_FR","og_type":"article","og_title":"La Russie dans le Sahel : Le pr\u00e9-carr\u00e9 fran\u00e7ais plus que jamais menac\u00e9\u2026","og_description":"Quel avenir pour la France dans ses anciennes colonies ? C\u2019est la question que se posent les observateurs les plus avise ...","og_url":"https:\/\/www.africa-press.net\/mali\/politique\/la-russie-dans-le-sahel-le-pre-carre-francais-plus-que-jamais-menace","og_site_name":"Mali","article_publisher":"https:\/\/www.facebook.com\/AfricaPressTunisiaa","article_published_time":"2023-02-15T11:08:31+00:00","article_modified_time":"2023-02-15T11:47:50+00:00","og_image":[{"width":720,"height":405,"url":"https:\/\/static.africa-press.net\/mali\/sites\/21\/2023\/02\/postQueueImg_1676446720.55.jpg","type":"image\/jpeg"}],"author":"cfeditorfr","twitter_card":"summary_large_image","twitter_misc":{"\u00c9crit par":"cfeditorfr","Dur\u00e9e de lecture estim\u00e9e":"2 minutes"},"schema":{"@context":"https:\/\/schema.org","@graph":[{"@type":"Article","@id":"https:\/\/www.africa-press.net\/mali\/politique\/la-russie-dans-le-sahel-le-pre-carre-francais-plus-que-jamais-menace#article","isPartOf":{"@id":"https:\/\/www.africa-press.net\/mali\/politique\/la-russie-dans-le-sahel-le-pre-carre-francais-plus-que-jamais-menace"},"author":{"name":"cfeditorfr","@id":"https:\/\/www.africa-press.net\/mali\/#\/schema\/person\/2b1cf3cd81a31e3cd26889ca66d677f1"},"headline":"La Russie dans le Sahel : Le pr\u00e9-carr\u00e9 fran\u00e7ais plus que jamais menac\u00e9\u2026","datePublished":"2023-02-15T11:08:31+00:00","dateModified":"2023-02-15T11:47:50+00:00","mainEntityOfPage":{"@id":"https:\/\/www.africa-press.net\/mali\/politique\/la-russie-dans-le-sahel-le-pre-carre-francais-plus-que-jamais-menace"},"wordCount":423,"commentCount":0,"image":{"@id":"https:\/\/www.africa-press.net\/mali\/politique\/la-russie-dans-le-sahel-le-pre-carre-francais-plus-que-jamais-menace#primaryimage"},"thumbnailUrl":"https:\/\/static.africa-press.net\/mali\/sites\/21\/2023\/02\/postQueueImg_1676446720.55.jpg","keywords":["Africa Press","Africa Press-Mali","mali"],"articleSection":["Politique","Toutes les actualit\u00e9s"],"inLanguage":"fr-FR","potentialAction":[{"@type":"CommentAction","name":"Comment","target":["https:\/\/www.africa-press.net\/mali\/politique\/la-russie-dans-le-sahel-le-pre-carre-francais-plus-que-jamais-menace#respond"]}]},{"@type":"WebPage","@id":"https:\/\/www.africa-press.net\/mali\/politique\/la-russie-dans-le-sahel-le-pre-carre-francais-plus-que-jamais-menace","url":"https:\/\/www.africa-press.net\/mali\/politique\/la-russie-dans-le-sahel-le-pre-carre-francais-plus-que-jamais-menace","name":"La Russie dans le Sahel : Le pr\u00e9-carr\u00e9 fran\u00e7ais plus que jamais menac\u00e9\u2026 - Mali","isPartOf":{"@id":"https:\/\/www.africa-press.net\/mali\/#website"},"primaryImageOfPage":{"@id":"https:\/\/www.africa-press.net\/mali\/politique\/la-russie-dans-le-sahel-le-pre-carre-francais-plus-que-jamais-menace#primaryimage"},"image":{"@id":"https:\/\/www.africa-press.net\/mali\/politique\/la-russie-dans-le-sahel-le-pre-carre-francais-plus-que-jamais-menace#primaryimage"},"thumbnailUrl":"https:\/\/static.africa-press.net\/mali\/sites\/21\/2023\/02\/postQueueImg_1676446720.55.jpg","datePublished":"2023-02-15T11:08:31+00:00","dateModified":"2023-02-15T11:47:50+00:00","author":{"@id":"https:\/\/www.africa-press.net\/mali\/#\/schema\/person\/2b1cf3cd81a31e3cd26889ca66d677f1"},"description":"Quel avenir pour la France dans ses anciennes colonies ? C\u2019est la question que se posent les observateurs les plus avise ...","breadcrumb":{"@id":"https:\/\/www.africa-press.net\/mali\/politique\/la-russie-dans-le-sahel-le-pre-carre-francais-plus-que-jamais-menace#breadcrumb"},"inLanguage":"fr-FR","potentialAction":[{"@type":"ReadAction","target":["https:\/\/www.africa-press.net\/mali\/politique\/la-russie-dans-le-sahel-le-pre-carre-francais-plus-que-jamais-menace"]}]},{"@type":"ImageObject","inLanguage":"fr-FR","@id":"https:\/\/www.africa-press.net\/mali\/politique\/la-russie-dans-le-sahel-le-pre-carre-francais-plus-que-jamais-menace#primaryimage","url":"https:\/\/static.africa-press.net\/mali\/sites\/21\/2023\/02\/postQueueImg_1676446720.55.jpg","contentUrl":"https:\/\/static.africa-press.net\/mali\/sites\/21\/2023\/02\/postQueueImg_1676446720.55.jpg","width":720,"height":405,"caption":"La Russie dans le Sahel : Le pr\u00e9-carr\u00e9 fran\u00e7ais plus que jamais menac\u00e9\u2026"},{"@type":"BreadcrumbList","@id":"https:\/\/www.africa-press.net\/mali\/politique\/la-russie-dans-le-sahel-le-pre-carre-francais-plus-que-jamais-menace#breadcrumb","itemListElement":[{"@type":"ListItem","position":1,"name":"Home","item":"https:\/\/www.africa-press.net\/mali\/"},{"@type":"ListItem","position":2,"name":"La Russie dans le Sahel : Le pr\u00e9-carr\u00e9 fran\u00e7ais plus que jamais menac\u00e9\u2026"}]},{"@type":"WebSite","@id":"https:\/\/www.africa-press.net\/mali\/#website","url":"https:\/\/www.africa-press.net\/mali\/","name":"Mali","description":"Just another Africa News Agency Sites site","potentialAction":[{"@type":"SearchAction","target":{"@type":"EntryPoint","urlTemplate":"https:\/\/www.africa-press.net\/mali\/?s={search_term_string}"},"query-input":{"@type":"PropertyValueSpecification","valueRequired":true,"valueName":"search_term_string"}}],"inLanguage":"fr-FR"},{"@type":"Person","@id":"https:\/\/www.africa-press.net\/mali\/#\/schema\/person\/2b1cf3cd81a31e3cd26889ca66d677f1","name":"cfeditorfr"}]}},"_links":{"self":[{"href":"https:\/\/www.africa-press.net\/mali\/wp-json\/wp\/v2\/posts\/30684","targetHints":{"allow":["GET"]}}],"collection":[{"href":"https:\/\/www.africa-press.net\/mali\/wp-json\/wp\/v2\/posts"}],"about":[{"href":"https:\/\/www.africa-press.net\/mali\/wp-json\/wp\/v2\/types\/post"}],"author":[{"embeddable":true,"href":"https:\/\/www.africa-press.net\/mali\/wp-json\/wp\/v2\/users\/82"}],"replies":[{"embeddable":true,"href":"https:\/\/www.africa-press.net\/mali\/wp-json\/wp\/v2\/comments?post=30684"}],"version-history":[{"count":0,"href":"https:\/\/www.africa-press.net\/mali\/wp-json\/wp\/v2\/posts\/30684\/revisions"}],"wp:featuredmedia":[{"embeddable":true,"href":"https:\/\/www.africa-press.net\/mali\/wp-json\/wp\/v2\/media\/30683"}],"wp:attachment":[{"href":"https:\/\/www.africa-press.net\/mali\/wp-json\/wp\/v2\/media?parent=30684"}],"wp:term":[{"taxonomy":"category","embeddable":true,"href":"https:\/\/www.africa-press.net\/mali\/wp-json\/wp\/v2\/categories?post=30684"},{"taxonomy":"post_tag","embeddable":true,"href":"https:\/\/www.africa-press.net\/mali\/wp-json\/wp\/v2\/tags?post=30684"}],"curies":[{"name":"wp","href":"https:\/\/api.w.org\/{rel}","templated":true}]}}