{"id":30690,"date":"2023-02-15T11:14:45","date_gmt":"2023-02-15T11:14:45","guid":{"rendered":"https:\/\/www.africa-press.net\/mali\/politique\/transfert-a-la-carte-nationale-didentite-biometrique-au-mali-le-gouvernement-invite-a-la-mise-a-jour-des-donnees-nina"},"modified":"2023-02-15T11:50:22","modified_gmt":"2023-02-15T11:50:22","slug":"transfert-a-la-carte-nationale-didentite-biometrique-au-mali-le-gouvernement-invite-a-la-mise-a-jour-des-donnees-nina","status":"publish","type":"post","link":"https:\/\/www.africa-press.net\/mali\/communaute\/transfert-a-la-carte-nationale-didentite-biometrique-au-mali-le-gouvernement-invite-a-la-mise-a-jour-des-donnees-nina","title":{"rendered":"Transfert \u00e0 la carte Nationale d\u2019Identit\u00e9 Biom\u00e9trique au Mali : Le gouvernement invite \u00e0 la mise \u00e0 jour des donn\u00e9es NINA"},"content":{"rendered":"<p><span style=\"color: #ff6600\"><strong>Africa-Press &#8211; Mali. <\/strong><\/span>Dans un communique\u0301 publie\u0301 hier mardi 14 fe\u0301vrier 2023, le Ministe\u0300re de la Se\u0301curite\u0301 et de la Protection Civile a invite\u0301 les citoyens maliens a\u0300 proce\u0301der rapidement a\u0300 la mise a\u0300 jour de leurs donne\u0301es NINA avant la fin de la campagne pre\u0301vue pour le 31 mars 2023. Le ministe\u0300re rappelle que passer ce de\u0301lai, il sera proce\u0301de\u0301, syste\u0301matiquement, a\u0300 l\u2019impression de ladite carte a\u0300 partir des donne\u0301es de\u0301ja\u0300 existantes du RAVEC, alors que la premie\u0300re mise de cette Carte Nationale d\u2019Identite\u0301 Biome\u0301trique Se\u0301curise\u0301e est gratuite pour tous.<\/p>\n<p>Dans le cadre de sa politique de passer a\u0300 un syste\u0300me de Carte Nationale d\u2019Identite\u0301 Biome\u0301trique Se\u0301curise\u0301e au Mali, le gouvernement, a\u0300 travers le Ministe\u0300re de la Se\u0301curite\u0301 et de la Protection Civile, a lance\u0301, depuis le 09 janvier dernier, une ope\u0301ration de mise a\u0300 jour des donne\u0301es NINA. Mais a\u0300 ce jour, on constate une faible mobilisation des citoyens maliens malgre\u0301 la forte campagne mobilisation autour du sujet. C\u2019est pourquoi, dans un communique\u0301, hier mardi 14 fe\u0301vrier 2023, le ministe\u0300re a une fois de plus invite\u0301 les citoyens maliens a\u0300 proce\u0301der rapidement a\u0300 la mise a\u0300 jour de leurs donne\u0301es NINA au cours de cette campagne qui demeure jusqu\u2019au 31 mars 2023.<\/p>\n<p>Passe\u0301 ce de\u0301lai, selon le communique\u0301, il sera proce\u0301de\u0301, syste\u0301matiquement, a\u0300 l\u2019impression de ladite carte a\u0300 partir des donne\u0301es de\u0301ja\u0300 existantes du RAVEC. En effet, il souligne des contraintes lie\u0301es au respect du chronogramme de production et de remise de ladite Carte Nationale d\u2019Identite\u0301 Biome\u0301trique Se\u0301curise\u0301e.<\/p>\n<p>Aussi rappelle ce communique\u0301 que la premie\u0300re mise de cette Carte Nationale d\u2019Identite\u0301 Biome\u0301trique Se\u0301curise\u0301e e\u0301tant gratuite pour tous et tout renouvellement de ladite Carte sera payant. Ce qui signifie donc que tous ceux qui ne sont pas dans ce premier lot seront oblige\u0301s de payer pour le renouvellement de leur Carte.<\/p>\n<p>Afin de prendre en charge un maximum de citoyens maliens, le ministe\u0300re a invite\u0301 a\u0300 une mobilisation ge\u0301ne\u0301rale de tous avant cette date butoir qui est le 31 mars 2023.<\/p>\n<p><strong>Pour plus d&rsquo;informations et d&rsquo;analyses sur la <a href=\"https:\/\/www.africa-press.net\/mali\">Mali<\/a>, suivez <a href=\"https:\/\/www.africa-press.net\/\">Africa-Press<\/a><\/strong><\/p>\n","protected":false},"excerpt":{"rendered":"<p>Africa-Press &#8211; Mali. Dans un communique\u0301 publie\u0301 hier mardi 14 fe\u0301vrier 2023, le Ministe\u0300re de la Se\u0301curite\u0301 et de la Protection Civile a invite\u0301 les citoyens maliens a\u0300 proce\u0301der rapidement a\u0300 la mise a\u0300 jour de leurs donne\u0301es NINA avant la fin de la campagne pre\u0301vue pour le 31 mars 2023. Le ministe\u0300re rappelle que [&hellip;]<\/p>\n","protected":false},"author":82,"featured_media":30688,"comment_status":"open","ping_status":"closed","sticky":false,"template":"","format":"standard","meta":{"footnotes":""},"categories":[4,17],"tags":[76,86,19],"class_list":["post-30690","post","type-post","status-publish","format-standard","has-post-thumbnail","hentry","category-communaute","category-toutes-les-actualites","tag-africa-press","tag-africa-press-mali","tag-mali"],"yoast_head":"<!-- This site is optimized with the Yoast SEO Premium plugin v26.1 (Yoast SEO v27.0) - https:\/\/yoast.com\/product\/yoast-seo-premium-wordpress\/ -->\n<title>Transfert \u00e0 la carte Nationale d\u2019Identit\u00e9 Biom\u00e9trique au Mali : Le gouvernement invite \u00e0 la mise \u00e0 jour des donn\u00e9es NINA - Mali<\/title>\n<meta name=\"description\" content=\"Dans un communique\u0301 publie\u0301 hier mardi 14 fe\u0301vrier 2023, le Ministe\u0300re de la Se\u0301curite\u0301 et de la Protection Civile a inv ...\" \/>\n<meta name=\"robots\" content=\"index, follow, max-snippet:-1, max-image-preview:large, max-video-preview:-1\" \/>\n<link rel=\"canonical\" href=\"https:\/\/www.africa-press.net\/mali\/communaute\/transfert-a-la-carte-nationale-didentite-biometrique-au-mali-le-gouvernement-invite-a-la-mise-a-jour-des-donnees-nina\" \/>\n<meta property=\"og:locale\" content=\"fr_FR\" \/>\n<meta property=\"og:type\" content=\"article\" \/>\n<meta property=\"og:title\" content=\"Transfert \u00e0 la carte Nationale d\u2019Identit\u00e9 Biom\u00e9trique au Mali : Le gouvernement invite \u00e0 la mise \u00e0 jour des donn\u00e9es NINA\" \/>\n<meta property=\"og:description\" content=\"Dans un communique\u0301 publie\u0301 hier mardi 14 fe\u0301vrier 2023, le Ministe\u0300re de la Se\u0301curite\u0301 et de la Protection Civile a inv ...\" \/>\n<meta property=\"og:url\" content=\"https:\/\/www.africa-press.net\/mali\/communaute\/transfert-a-la-carte-nationale-didentite-biometrique-au-mali-le-gouvernement-invite-a-la-mise-a-jour-des-donnees-nina\" \/>\n<meta property=\"og:site_name\" content=\"Mali\" \/>\n<meta property=\"article:publisher\" content=\"https:\/\/www.facebook.com\/AfricaPressTunisiaa\" \/>\n<meta property=\"article:published_time\" content=\"2023-02-15T11:14:45+00:00\" \/>\n<meta property=\"article:modified_time\" content=\"2023-02-15T11:50:22+00:00\" \/>\n<meta property=\"og:image\" content=\"https:\/\/static.africa-press.net\/mali\/sites\/21\/2023\/02\/postQueueImg_1676447371.32.jpg\" \/>\n\t<meta property=\"og:image:width\" content=\"1000\" \/>\n\t<meta property=\"og:image:height\" content=\"450\" \/>\n\t<meta property=\"og:image:type\" content=\"image\/jpeg\" \/>\n<meta name=\"author\" content=\"cfeditorfr\" \/>\n<meta name=\"twitter:card\" content=\"summary_large_image\" \/>\n<meta name=\"twitter:label1\" content=\"\u00c9crit par\" \/>\n\t<meta name=\"twitter:data1\" content=\"cfeditorfr\" \/>\n\t<meta name=\"twitter:label2\" content=\"Dur\u00e9e de lecture estim\u00e9e\" \/>\n\t<meta name=\"twitter:data2\" content=\"2 minutes\" \/>\n<script type=\"application\/ld+json\" class=\"yoast-schema-graph\">{\"@context\":\"https:\/\/schema.org\",\"@graph\":[{\"@type\":\"Article\",\"@id\":\"https:\/\/www.africa-press.net\/mali\/communaute\/transfert-a-la-carte-nationale-didentite-biometrique-au-mali-le-gouvernement-invite-a-la-mise-a-jour-des-donnees-nina#article\",\"isPartOf\":{\"@id\":\"https:\/\/www.africa-press.net\/mali\/communaute\/transfert-a-la-carte-nationale-didentite-biometrique-au-mali-le-gouvernement-invite-a-la-mise-a-jour-des-donnees-nina\"},\"author\":{\"name\":\"cfeditorfr\",\"@id\":\"https:\/\/www.africa-press.net\/mali\/#\/schema\/person\/2b1cf3cd81a31e3cd26889ca66d677f1\"},\"headline\":\"Transfert \u00e0 la carte Nationale d\u2019Identit\u00e9 Biom\u00e9trique au Mali : Le gouvernement invite \u00e0 la mise \u00e0 jour des donn\u00e9es NINA\",\"datePublished\":\"2023-02-15T11:14:45+00:00\",\"dateModified\":\"2023-02-15T11:50:22+00:00\",\"mainEntityOfPage\":{\"@id\":\"https:\/\/www.africa-press.net\/mali\/communaute\/transfert-a-la-carte-nationale-didentite-biometrique-au-mali-le-gouvernement-invite-a-la-mise-a-jour-des-donnees-nina\"},\"wordCount\":407,\"commentCount\":0,\"image\":{\"@id\":\"https:\/\/www.africa-press.net\/mali\/communaute\/transfert-a-la-carte-nationale-didentite-biometrique-au-mali-le-gouvernement-invite-a-la-mise-a-jour-des-donnees-nina#primaryimage\"},\"thumbnailUrl\":\"https:\/\/static.africa-press.net\/mali\/sites\/21\/2023\/02\/postQueueImg_1676447371.32.jpg\",\"keywords\":[\"Africa Press\",\"Africa Press-Mali\",\"mali\"],\"articleSection\":[\"Communaut\u00e9\",\"Toutes les actualit\u00e9s\"],\"inLanguage\":\"fr-FR\",\"potentialAction\":[{\"@type\":\"CommentAction\",\"name\":\"Comment\",\"target\":[\"https:\/\/www.africa-press.net\/mali\/communaute\/transfert-a-la-carte-nationale-didentite-biometrique-au-mali-le-gouvernement-invite-a-la-mise-a-jour-des-donnees-nina#respond\"]}]},{\"@type\":\"WebPage\",\"@id\":\"https:\/\/www.africa-press.net\/mali\/communaute\/transfert-a-la-carte-nationale-didentite-biometrique-au-mali-le-gouvernement-invite-a-la-mise-a-jour-des-donnees-nina\",\"url\":\"https:\/\/www.africa-press.net\/mali\/communaute\/transfert-a-la-carte-nationale-didentite-biometrique-au-mali-le-gouvernement-invite-a-la-mise-a-jour-des-donnees-nina\",\"name\":\"Transfert \u00e0 la carte Nationale d\u2019Identit\u00e9 Biom\u00e9trique au Mali : Le gouvernement invite \u00e0 la mise \u00e0 jour des donn\u00e9es NINA - Mali\",\"isPartOf\":{\"@id\":\"https:\/\/www.africa-press.net\/mali\/#website\"},\"primaryImageOfPage\":{\"@id\":\"https:\/\/www.africa-press.net\/mali\/communaute\/transfert-a-la-carte-nationale-didentite-biometrique-au-mali-le-gouvernement-invite-a-la-mise-a-jour-des-donnees-nina#primaryimage\"},\"image\":{\"@id\":\"https:\/\/www.africa-press.net\/mali\/communaute\/transfert-a-la-carte-nationale-didentite-biometrique-au-mali-le-gouvernement-invite-a-la-mise-a-jour-des-donnees-nina#primaryimage\"},\"thumbnailUrl\":\"https:\/\/static.africa-press.net\/mali\/sites\/21\/2023\/02\/postQueueImg_1676447371.32.jpg\",\"datePublished\":\"2023-02-15T11:14:45+00:00\",\"dateModified\":\"2023-02-15T11:50:22+00:00\",\"author\":{\"@id\":\"https:\/\/www.africa-press.net\/mali\/#\/schema\/person\/2b1cf3cd81a31e3cd26889ca66d677f1\"},\"description\":\"Dans un communique\u0301 publie\u0301 hier mardi 14 fe\u0301vrier 2023, le Ministe\u0300re de la Se\u0301curite\u0301 et de la Protection Civile a inv ...\",\"breadcrumb\":{\"@id\":\"https:\/\/www.africa-press.net\/mali\/communaute\/transfert-a-la-carte-nationale-didentite-biometrique-au-mali-le-gouvernement-invite-a-la-mise-a-jour-des-donnees-nina#breadcrumb\"},\"inLanguage\":\"fr-FR\",\"potentialAction\":[{\"@type\":\"ReadAction\",\"target\":[\"https:\/\/www.africa-press.net\/mali\/communaute\/transfert-a-la-carte-nationale-didentite-biometrique-au-mali-le-gouvernement-invite-a-la-mise-a-jour-des-donnees-nina\"]}]},{\"@type\":\"ImageObject\",\"inLanguage\":\"fr-FR\",\"@id\":\"https:\/\/www.africa-press.net\/mali\/communaute\/transfert-a-la-carte-nationale-didentite-biometrique-au-mali-le-gouvernement-invite-a-la-mise-a-jour-des-donnees-nina#primaryimage\",\"url\":\"https:\/\/static.africa-press.net\/mali\/sites\/21\/2023\/02\/postQueueImg_1676447371.32.jpg\",\"contentUrl\":\"https:\/\/static.africa-press.net\/mali\/sites\/21\/2023\/02\/postQueueImg_1676447371.32.jpg\",\"width\":1000,\"height\":450,\"caption\":\"Transfert \u00e0 la carte Nationale d\u2019Identit\u00e9 Biom\u00e9trique au Mali : Le gouvernement invite \u00e0 la mise \u00e0 jour des donn\u00e9es NINA\"},{\"@type\":\"BreadcrumbList\",\"@id\":\"https:\/\/www.africa-press.net\/mali\/communaute\/transfert-a-la-carte-nationale-didentite-biometrique-au-mali-le-gouvernement-invite-a-la-mise-a-jour-des-donnees-nina#breadcrumb\",\"itemListElement\":[{\"@type\":\"ListItem\",\"position\":1,\"name\":\"Home\",\"item\":\"https:\/\/www.africa-press.net\/mali\/\"},{\"@type\":\"ListItem\",\"position\":2,\"name\":\"Transfert \u00e0 la carte Nationale d\u2019Identit\u00e9 Biom\u00e9trique au Mali : Le gouvernement invite \u00e0 la mise \u00e0 jour des donn\u00e9es NINA\"}]},{\"@type\":\"WebSite\",\"@id\":\"https:\/\/www.africa-press.net\/mali\/#website\",\"url\":\"https:\/\/www.africa-press.net\/mali\/\",\"name\":\"Mali\",\"description\":\"Just another Africa News Agency Sites site\",\"potentialAction\":[{\"@type\":\"SearchAction\",\"target\":{\"@type\":\"EntryPoint\",\"urlTemplate\":\"https:\/\/www.africa-press.net\/mali\/?s={search_term_string}\"},\"query-input\":{\"@type\":\"PropertyValueSpecification\",\"valueRequired\":true,\"valueName\":\"search_term_string\"}}],\"inLanguage\":\"fr-FR\"},{\"@type\":\"Person\",\"@id\":\"https:\/\/www.africa-press.net\/mali\/#\/schema\/person\/2b1cf3cd81a31e3cd26889ca66d677f1\",\"name\":\"cfeditorfr\"}]}<\/script>\n<!-- \/ Yoast SEO Premium plugin. -->","yoast_head_json":{"title":"Transfert \u00e0 la carte Nationale d\u2019Identit\u00e9 Biom\u00e9trique au Mali : Le gouvernement invite \u00e0 la mise \u00e0 jour des donn\u00e9es NINA - Mali","description":"Dans un communique\u0301 publie\u0301 hier mardi 14 fe\u0301vrier 2023, le Ministe\u0300re de la Se\u0301curite\u0301 et de la Protection Civile a inv ...","robots":{"index":"index","follow":"follow","max-snippet":"max-snippet:-1","max-image-preview":"max-image-preview:large","max-video-preview":"max-video-preview:-1"},"canonical":"https:\/\/www.africa-press.net\/mali\/communaute\/transfert-a-la-carte-nationale-didentite-biometrique-au-mali-le-gouvernement-invite-a-la-mise-a-jour-des-donnees-nina","og_locale":"fr_FR","og_type":"article","og_title":"Transfert \u00e0 la carte Nationale d\u2019Identit\u00e9 Biom\u00e9trique au Mali : Le gouvernement invite \u00e0 la mise \u00e0 jour des donn\u00e9es NINA","og_description":"Dans un communique\u0301 publie\u0301 hier mardi 14 fe\u0301vrier 2023, le Ministe\u0300re de la Se\u0301curite\u0301 et de la Protection Civile a inv ...","og_url":"https:\/\/www.africa-press.net\/mali\/communaute\/transfert-a-la-carte-nationale-didentite-biometrique-au-mali-le-gouvernement-invite-a-la-mise-a-jour-des-donnees-nina","og_site_name":"Mali","article_publisher":"https:\/\/www.facebook.com\/AfricaPressTunisiaa","article_published_time":"2023-02-15T11:14:45+00:00","article_modified_time":"2023-02-15T11:50:22+00:00","og_image":[{"width":1000,"height":450,"url":"https:\/\/static.africa-press.net\/mali\/sites\/21\/2023\/02\/postQueueImg_1676447371.32.jpg","type":"image\/jpeg"}],"author":"cfeditorfr","twitter_card":"summary_large_image","twitter_misc":{"\u00c9crit par":"cfeditorfr","Dur\u00e9e de lecture estim\u00e9e":"2 minutes"},"schema":{"@context":"https:\/\/schema.org","@graph":[{"@type":"Article","@id":"https:\/\/www.africa-press.net\/mali\/communaute\/transfert-a-la-carte-nationale-didentite-biometrique-au-mali-le-gouvernement-invite-a-la-mise-a-jour-des-donnees-nina#article","isPartOf":{"@id":"https:\/\/www.africa-press.net\/mali\/communaute\/transfert-a-la-carte-nationale-didentite-biometrique-au-mali-le-gouvernement-invite-a-la-mise-a-jour-des-donnees-nina"},"author":{"name":"cfeditorfr","@id":"https:\/\/www.africa-press.net\/mali\/#\/schema\/person\/2b1cf3cd81a31e3cd26889ca66d677f1"},"headline":"Transfert \u00e0 la carte Nationale d\u2019Identit\u00e9 Biom\u00e9trique au Mali : Le gouvernement invite \u00e0 la mise \u00e0 jour des donn\u00e9es NINA","datePublished":"2023-02-15T11:14:45+00:00","dateModified":"2023-02-15T11:50:22+00:00","mainEntityOfPage":{"@id":"https:\/\/www.africa-press.net\/mali\/communaute\/transfert-a-la-carte-nationale-didentite-biometrique-au-mali-le-gouvernement-invite-a-la-mise-a-jour-des-donnees-nina"},"wordCount":407,"commentCount":0,"image":{"@id":"https:\/\/www.africa-press.net\/mali\/communaute\/transfert-a-la-carte-nationale-didentite-biometrique-au-mali-le-gouvernement-invite-a-la-mise-a-jour-des-donnees-nina#primaryimage"},"thumbnailUrl":"https:\/\/static.africa-press.net\/mali\/sites\/21\/2023\/02\/postQueueImg_1676447371.32.jpg","keywords":["Africa Press","Africa Press-Mali","mali"],"articleSection":["Communaut\u00e9","Toutes les actualit\u00e9s"],"inLanguage":"fr-FR","potentialAction":[{"@type":"CommentAction","name":"Comment","target":["https:\/\/www.africa-press.net\/mali\/communaute\/transfert-a-la-carte-nationale-didentite-biometrique-au-mali-le-gouvernement-invite-a-la-mise-a-jour-des-donnees-nina#respond"]}]},{"@type":"WebPage","@id":"https:\/\/www.africa-press.net\/mali\/communaute\/transfert-a-la-carte-nationale-didentite-biometrique-au-mali-le-gouvernement-invite-a-la-mise-a-jour-des-donnees-nina","url":"https:\/\/www.africa-press.net\/mali\/communaute\/transfert-a-la-carte-nationale-didentite-biometrique-au-mali-le-gouvernement-invite-a-la-mise-a-jour-des-donnees-nina","name":"Transfert \u00e0 la carte Nationale d\u2019Identit\u00e9 Biom\u00e9trique au Mali : Le gouvernement invite \u00e0 la mise \u00e0 jour des donn\u00e9es NINA - Mali","isPartOf":{"@id":"https:\/\/www.africa-press.net\/mali\/#website"},"primaryImageOfPage":{"@id":"https:\/\/www.africa-press.net\/mali\/communaute\/transfert-a-la-carte-nationale-didentite-biometrique-au-mali-le-gouvernement-invite-a-la-mise-a-jour-des-donnees-nina#primaryimage"},"image":{"@id":"https:\/\/www.africa-press.net\/mali\/communaute\/transfert-a-la-carte-nationale-didentite-biometrique-au-mali-le-gouvernement-invite-a-la-mise-a-jour-des-donnees-nina#primaryimage"},"thumbnailUrl":"https:\/\/static.africa-press.net\/mali\/sites\/21\/2023\/02\/postQueueImg_1676447371.32.jpg","datePublished":"2023-02-15T11:14:45+00:00","dateModified":"2023-02-15T11:50:22+00:00","author":{"@id":"https:\/\/www.africa-press.net\/mali\/#\/schema\/person\/2b1cf3cd81a31e3cd26889ca66d677f1"},"description":"Dans un communique\u0301 publie\u0301 hier mardi 14 fe\u0301vrier 2023, le Ministe\u0300re de la Se\u0301curite\u0301 et de la Protection Civile a inv ...","breadcrumb":{"@id":"https:\/\/www.africa-press.net\/mali\/communaute\/transfert-a-la-carte-nationale-didentite-biometrique-au-mali-le-gouvernement-invite-a-la-mise-a-jour-des-donnees-nina#breadcrumb"},"inLanguage":"fr-FR","potentialAction":[{"@type":"ReadAction","target":["https:\/\/www.africa-press.net\/mali\/communaute\/transfert-a-la-carte-nationale-didentite-biometrique-au-mali-le-gouvernement-invite-a-la-mise-a-jour-des-donnees-nina"]}]},{"@type":"ImageObject","inLanguage":"fr-FR","@id":"https:\/\/www.africa-press.net\/mali\/communaute\/transfert-a-la-carte-nationale-didentite-biometrique-au-mali-le-gouvernement-invite-a-la-mise-a-jour-des-donnees-nina#primaryimage","url":"https:\/\/static.africa-press.net\/mali\/sites\/21\/2023\/02\/postQueueImg_1676447371.32.jpg","contentUrl":"https:\/\/static.africa-press.net\/mali\/sites\/21\/2023\/02\/postQueueImg_1676447371.32.jpg","width":1000,"height":450,"caption":"Transfert \u00e0 la carte Nationale d\u2019Identit\u00e9 Biom\u00e9trique au Mali : Le gouvernement invite \u00e0 la mise \u00e0 jour des donn\u00e9es NINA"},{"@type":"BreadcrumbList","@id":"https:\/\/www.africa-press.net\/mali\/communaute\/transfert-a-la-carte-nationale-didentite-biometrique-au-mali-le-gouvernement-invite-a-la-mise-a-jour-des-donnees-nina#breadcrumb","itemListElement":[{"@type":"ListItem","position":1,"name":"Home","item":"https:\/\/www.africa-press.net\/mali\/"},{"@type":"ListItem","position":2,"name":"Transfert \u00e0 la carte Nationale d\u2019Identit\u00e9 Biom\u00e9trique au Mali : Le gouvernement invite \u00e0 la mise \u00e0 jour des donn\u00e9es NINA"}]},{"@type":"WebSite","@id":"https:\/\/www.africa-press.net\/mali\/#website","url":"https:\/\/www.africa-press.net\/mali\/","name":"Mali","description":"Just another Africa News Agency Sites site","potentialAction":[{"@type":"SearchAction","target":{"@type":"EntryPoint","urlTemplate":"https:\/\/www.africa-press.net\/mali\/?s={search_term_string}"},"query-input":{"@type":"PropertyValueSpecification","valueRequired":true,"valueName":"search_term_string"}}],"inLanguage":"fr-FR"},{"@type":"Person","@id":"https:\/\/www.africa-press.net\/mali\/#\/schema\/person\/2b1cf3cd81a31e3cd26889ca66d677f1","name":"cfeditorfr"}]}},"_links":{"self":[{"href":"https:\/\/www.africa-press.net\/mali\/wp-json\/wp\/v2\/posts\/30690","targetHints":{"allow":["GET"]}}],"collection":[{"href":"https:\/\/www.africa-press.net\/mali\/wp-json\/wp\/v2\/posts"}],"about":[{"href":"https:\/\/www.africa-press.net\/mali\/wp-json\/wp\/v2\/types\/post"}],"author":[{"embeddable":true,"href":"https:\/\/www.africa-press.net\/mali\/wp-json\/wp\/v2\/users\/82"}],"replies":[{"embeddable":true,"href":"https:\/\/www.africa-press.net\/mali\/wp-json\/wp\/v2\/comments?post=30690"}],"version-history":[{"count":0,"href":"https:\/\/www.africa-press.net\/mali\/wp-json\/wp\/v2\/posts\/30690\/revisions"}],"wp:featuredmedia":[{"embeddable":true,"href":"https:\/\/www.africa-press.net\/mali\/wp-json\/wp\/v2\/media\/30688"}],"wp:attachment":[{"href":"https:\/\/www.africa-press.net\/mali\/wp-json\/wp\/v2\/media?parent=30690"}],"wp:term":[{"taxonomy":"category","embeddable":true,"href":"https:\/\/www.africa-press.net\/mali\/wp-json\/wp\/v2\/categories?post=30690"},{"taxonomy":"post_tag","embeddable":true,"href":"https:\/\/www.africa-press.net\/mali\/wp-json\/wp\/v2\/tags?post=30690"}],"curies":[{"name":"wp","href":"https:\/\/api.w.org\/{rel}","templated":true}]}}