{"id":30699,"date":"2023-02-15T11:53:40","date_gmt":"2023-02-15T11:53:40","guid":{"rendered":"https:\/\/www.africa-press.net\/mali\/politique\/entre-bamako-et-la-coordination-des-mouvements-de-lazawad-la-tension-va-croissant"},"modified":"2023-02-15T12:02:19","modified_gmt":"2023-02-15T12:02:19","slug":"entre-bamako-et-la-coordination-des-mouvements-de-lazawad-la-tension-va-croissant","status":"publish","type":"post","link":"https:\/\/www.africa-press.net\/mali\/politique\/entre-bamako-et-la-coordination-des-mouvements-de-lazawad-la-tension-va-croissant","title":{"rendered":"entre Bamako et la Coordination des mouvements de l\u2019Azawad, la tension va croissant"},"content":{"rendered":"<p><b>par<br \/>\nChristian Eboul\u00e9<\/b><\/p>\n<p><span style=\"color: #ff6600\"><strong>Africa-Press &#8211; Mali. <\/strong><\/span>La tension est encore monte\u0301e d\u2019un cran entre le pouvoir central de Bamako et la CMA, la Coordination des mouvements de l\u2019Azawad, une alliance de groupes touareg et nationalistes arabes du Nord du pays, signataires de l\u2019accord de paix d\u2019Alger en 2015. Amadou Albert Mai\u0308ga, membre du Conseil national de transition, a en effet diffuse\u0301 le 10 fe\u0301vrier une vide\u0301o dans laquelle il pre\u0301dit une guerre entre les forces maliennes et les groupes arme\u0301s signataires. Ces derniers ont vivement condamne\u0301 ces propos.<\/p>\n<p>Dans une vide\u0301o publie\u0301e vendredi 10 fe\u0301vrier 2023 sur sa page Facebook, Amadou Albert Mai\u0308ga, membre du Conseil national de transition (CNT), organe le\u0301gislatif de la transition malienne, de\u0301clare que \u00ab la guerre est ine\u0301vitable \u00bb entre les forces arme\u0301es maliennes et les mouvements regroupe\u0301s au sein de la CMA.<\/p>\n<p><b>Une de\u0301claration va-t\u2019en guerre<\/b><\/p>\n<p>Des propos imme\u0301diatement de\u0301nonce\u0301s sur les re\u0301seaux sociaux par Mohamed Elmaouloud Ramadane, membre du directoire de la CMA qui e\u0301crit : \u00ab Nous condamnons cette de\u0301claration va-t\u2019en guerre venant d\u2019un responsable de l\u2019une des premie\u0300res institutions de la Re\u0301publique, en l\u2019occurrence l\u2019organe le\u0301gislatif du Mali, et nous prenons la communaute\u0301 internationale a\u0300 te\u0301moin de tels agissements. Nous prenons cette de\u0301claration au se\u0301rieux, car apparemment, cela a e\u0301te\u0301 fait suite a\u0300 sa sortie d\u2019une audience que le pre\u0301sident de la transition lui avait accorde\u0301e. \u00bb<\/p>\n<p>Toujours sur la page Facebook d\u2019Amadou Albert Mai\u0308ga, l\u2019on voit en effet une photo non date\u0301e sur laquelle il pose aux co\u0302te\u0301s du pre\u0301sident de la transition, le colonel Assimi Goi\u0308ta, dans une tenue identique a\u0300 celle qu\u2019il arbore dans sa vide\u0301o. Enregistre\u0301e en franc\u0327ais et en bambara, langue la plus parle\u0301e au Mali, cette sortie belliqueuse d\u2019Amadou Albert Mai\u0308ga apparai\u0302t donc aux yeux de la Coordination des mouvements de l\u2019Azawad comme une initiative de la pre\u0301sidence malienne.<\/p>\n<p>Depuis l\u2019insurrection malienne de 2012, au cours de laquelle l\u2019arme\u0301e s\u2019est oppose\u0301e dans le Nord du pays aux rebelles touareg et aux salafistes d\u2019Ansar Dine, les pouvoirs maliens successifs de\u0301fendent la souverainete\u0301 du Mali et son inte\u0301grite\u0301 territoriale. A l\u2019e\u0301poque, des organisations telles que le MNLA, le Mouvement national de libe\u0301ration de l\u2019Azawad, revendiquent l\u2019inde\u0301pendance de l\u2019Azawad qui selon eux correspond aux trois re\u0301gions septentrionales de Kidal, Tombouctou et Gao.<\/p>\n<p>Aujourd\u2019hui encore, Kidal, situe\u0301e dans le nord-est du pays, a\u0300 plus d\u2019une journe\u0301e de route de Bamako, reste sous contro\u0302le de la CMA qui regroupe quelques-unes des organisations ayant participe\u0301 a\u0300 la re\u0301bellion avant la signature d\u2019un accord de paix en 2015. D\u2019ailleurs, dans son monologue qui dure un peu moins d\u2019une douzaine de minutes, Amadou Albert Mai\u0308ga reprend a\u0300 son compte l\u2019argument selon lequel la France aurait permis a\u0300 la Coordination des mouvements de l\u2019Azawad de s\u2019assurer le contro\u0302le de Kidal. Evoquant la fin de l\u2019ope\u0301ration Barkhane et le de\u0301part des troupes franc\u0327aises du Mali, Amadou Albert Mai\u0308ga affirme : \u00ab Elle (la France) est partie sans pour autant partir, parce qu\u2019elle a ses repre\u0301sentants au Nord du Mali qui sont ces groupes arme\u0301s. \u00bb Autrement dit, la France continue de soutenir les groupes qui composent la CMA et qui viennent d\u2019annoncer leur fusion.<\/p>\n<p><b>Le bras de fer se poursuit<\/b><\/p>\n<p>Le 8 fe\u0301vrier dernier en effet, au cours d\u2019une ce\u0301re\u0301monie qui s\u2019est de\u0301roule\u0301e a\u0300 Kidal, trois groupes arme\u0301s ayant combattu l\u2019Etat central et regroupe\u0301s jusque-la\u0300 au sein de la CMA ont fusionne\u0301. Il s\u2019agit d\u2019une part des autonomistes du Haut conseil pour l\u2019unite\u0301 de l\u2019Azawad (HCUA) et du Mouvement arabe de l\u2019Azawad (MAA), et d\u2019autre part des inde\u0301pendantistes du MNLA, le Mouvement national pour la libe\u0301ration de l\u2019Azawad.<\/p>\n<p>Dans une de\u0301claration d\u2019une page envoye\u0301e a\u0300 nos confre\u0300res de l\u2019AFP et authentifie\u0301e par les signataires, ces trois organisations ont \u00ab de\u0301cide\u0301 de fusionner les mouvements qui composent la CMA en une seule entite\u0301 politique et militaire. \u00bb Si les signataires de cette de\u0301claration invoquent \u00ab la volonte\u0301 des populations de l\u2019Azawad (le nord du Mali) d\u2019unir leurs efforts pour faire face a\u0300 tous les de\u0301fis \u00bb, il s\u2019agit aussi pour eux de peser davantage face au gouvernement malien.<\/p>\n<p>Entre Bamako et la CMA, les sujets de discorde sont en effet nombreux, a\u0300 l&rsquo;instar des inquie\u0301tudes exprime\u0301es de\u0300s le de\u0301part par la CMA sur le groupe russe Wagner. En de\u0301cembre dernier, la Coordination des mouvements de l\u2019Azawad a suspendu sa participation aux me\u0301canismes de mise en \u0153uvre de l\u2019accord de paix d\u2019Alger. Signe\u0301 en 2015, cet accord pre\u0301voit notamment l\u2019inte\u0301gration dans l\u2019arme\u0301e des anciens rebelles, ainsi qu\u2019une de\u0301centralisation du pouvoir dans les re\u0301gions du Nord. Sur le terrain, l\u2019un des points de blocage dans la mise en \u0153uvre de cet accord concerne l\u2019e\u0301pineuse question de la chai\u0302ne de commandement dans la nouvelle arme\u0301e reconstitue\u0301e.<\/p>\n<p>En suspendant sa participation aux me\u0301canismes de suivi de l\u2019accord de paix d\u2019Alger, la CMA entend de\u0301noncer \u00ab l\u2019absence persistante de volonte\u0301 politique des autorite\u0301s de transition a\u0300 appliquer l\u2019accord \u00bb et \u00ab l\u2019inertie de celles-ci face aux de\u0301fis se\u0301curitaires ayant occasionne\u0301 des centaines de morts. \u00bb Et me\u0302me le me\u0301diateur alge\u0301rien ne parvient pas pour l\u2019instant a\u0300 rapprocher les points de vue.<\/p>\n<p>En visite a\u0300 Bamako le 9 janvier dernier, le ministre alge\u0301rien des Affaires e\u0301trange\u0300res Lamtane Lamamra s\u2019est en effet heurte\u0301 au refus des autorite\u0301s maliennes de se re\u0301unir en terrain neutre comme le re\u0301clament les ex-rebelles du Nord. Depuis, le bras de fer se poursuit, en particulier avec cette autre de\u0301cision de la Coordination des mouvements de l\u2019Azawad qui indique dans un communique\u0301 date\u0301 du 27 janvier et transmis a\u0300 l\u2019AFP le lendemain 28 janvier, \u00ab qu\u2019elle ne prendra pas part a\u0300 la commission charge\u0301e de la finalisation du projet de Constitution \u00bb. Ce projet de nouvelle Constitution apparai\u0302t pourtant comme l\u2019un des e\u0301le\u0301ments les plus importants du vaste chantier invoque\u0301 par la junte pour se maintenir au pouvoir jusqu\u2019en 2024. En de\u0301cidant de ne pas sie\u0301ger au sein de la commission charge\u0301e de finaliser le projet de nouvelle Constitution, les ex-rebelles de la CMA re\u0301ite\u0300rent leurs critiques a\u0300 l\u2019encontre du gouvernement, tout en continuant de re\u0301clamer une re\u0301union bilate\u0301rale en terrain neutre.<\/p>\n<p>Dans son dernier rapport sur la situation au Mali, publie\u0301 le 6 janvier 2023, la MINUSMA, la Mission multidimensionnelle inte\u0301gre\u0301e des Nations Unies pour la stabilisation au Mali, indique que \u00ab les conditions de se\u0301curite\u0301 dans le pays restent complexes, notamment dans le centre et la zone frontalie\u0300re entre le Burkina Faso, le Mali et le Niger. \u00bb Dans de nombreuses re\u0301gions, les groupes djihadistes tels que le JNIM (Jama\u2019a Nusrat ul-Islam wa al-Muslimin &#8211; Groupe de soutien a\u0300 l\u2019islam et aux musulmans) et l\u2019EIGS (l\u2019E\u0301tat islamique dans le Grand Sahara) continuent de semer la terreur, tout en tirant profit des conflits intercommunautaires pour e\u0301tendre leur influence et attirer de nouvelles recrues dans le centre du pays. Par ailleurs, les affrontements entre le JNIM et l\u2019EIGS dans les re\u0301gions de Gao et Me\u0301naka, situe\u0301es dans le nord du pays, ont cause\u0301 la mort de nombreux civils et des de\u0301placements de populations.<\/p>\n<p><strong>Pour plus d&rsquo;informations et d&rsquo;analyses sur la <a href=\"https:\/\/www.africa-press.net\/mali\">Mali<\/a>, suivez <a href=\"https:\/\/www.africa-press.net\/\">Africa-Press<\/a><\/strong><\/p>\n","protected":false},"excerpt":{"rendered":"<p>par Christian Eboul\u00e9 Africa-Press &#8211; Mali. La tension est encore monte\u0301e d\u2019un cran entre le pouvoir central de Bamako et la CMA, la Coordination des mouvements de l\u2019Azawad, une alliance de groupes touareg et nationalistes arabes du Nord du pays, signataires de l\u2019accord de paix d\u2019Alger en 2015. Amadou Albert Mai\u0308ga, membre du Conseil national [&hellip;]<\/p>\n","protected":false},"author":82,"featured_media":30698,"comment_status":"open","ping_status":"closed","sticky":false,"template":"","format":"standard","meta":{"footnotes":""},"categories":[13,7,17],"tags":[76,86,19],"class_list":["post-30699","post","type-post","status-publish","format-standard","has-post-thumbnail","hentry","category-dossiers","category-politique","category-toutes-les-actualites","tag-africa-press","tag-africa-press-mali","tag-mali"],"yoast_head":"<!-- This site is optimized with the Yoast SEO Premium plugin v26.1 (Yoast SEO v27.0) - https:\/\/yoast.com\/product\/yoast-seo-premium-wordpress\/ -->\n<title>entre Bamako et la Coordination des mouvements de l\u2019Azawad, la tension va croissant - Mali<\/title>\n<meta name=\"description\" content=\"La tension est encore monte\u0301e d\u2019un cran entre le pouvoir central de Bamako et la CMA, la Coordination des mouvements de ...\" \/>\n<meta name=\"robots\" content=\"index, follow, max-snippet:-1, max-image-preview:large, max-video-preview:-1\" \/>\n<link rel=\"canonical\" href=\"https:\/\/www.africa-press.net\/mali\/politique\/entre-bamako-et-la-coordination-des-mouvements-de-lazawad-la-tension-va-croissant\" \/>\n<meta property=\"og:locale\" content=\"fr_FR\" \/>\n<meta property=\"og:type\" content=\"article\" \/>\n<meta property=\"og:title\" content=\"entre Bamako et la Coordination des mouvements de l\u2019Azawad, la tension va croissant\" \/>\n<meta property=\"og:description\" content=\"La tension est encore monte\u0301e d\u2019un cran entre le pouvoir central de Bamako et la CMA, la Coordination des mouvements de ...\" \/>\n<meta property=\"og:url\" content=\"https:\/\/www.africa-press.net\/mali\/politique\/entre-bamako-et-la-coordination-des-mouvements-de-lazawad-la-tension-va-croissant\" \/>\n<meta property=\"og:site_name\" content=\"Mali\" \/>\n<meta property=\"article:publisher\" content=\"https:\/\/www.facebook.com\/AfricaPressTunisiaa\" \/>\n<meta property=\"article:published_time\" content=\"2023-02-15T11:53:40+00:00\" \/>\n<meta property=\"article:modified_time\" content=\"2023-02-15T12:02:19+00:00\" \/>\n<meta property=\"og:image\" content=\"https:\/\/static.africa-press.net\/mali\/sites\/21\/2023\/02\/postQueueImg_1676449622.59.jpg\" \/>\n\t<meta property=\"og:image:width\" content=\"770\" \/>\n\t<meta property=\"og:image:height\" content=\"513\" \/>\n\t<meta property=\"og:image:type\" content=\"image\/jpeg\" \/>\n<meta name=\"author\" content=\"cfeditorfr\" \/>\n<meta name=\"twitter:card\" content=\"summary_large_image\" \/>\n<meta name=\"twitter:label1\" content=\"\u00c9crit par\" \/>\n\t<meta name=\"twitter:data1\" content=\"cfeditorfr\" \/>\n\t<meta name=\"twitter:label2\" content=\"Dur\u00e9e de lecture estim\u00e9e\" \/>\n\t<meta name=\"twitter:data2\" content=\"6 minutes\" \/>\n<script type=\"application\/ld+json\" class=\"yoast-schema-graph\">{\"@context\":\"https:\/\/schema.org\",\"@graph\":[{\"@type\":\"Article\",\"@id\":\"https:\/\/www.africa-press.net\/mali\/politique\/entre-bamako-et-la-coordination-des-mouvements-de-lazawad-la-tension-va-croissant#article\",\"isPartOf\":{\"@id\":\"https:\/\/www.africa-press.net\/mali\/politique\/entre-bamako-et-la-coordination-des-mouvements-de-lazawad-la-tension-va-croissant\"},\"author\":{\"name\":\"cfeditorfr\",\"@id\":\"https:\/\/www.africa-press.net\/mali\/#\/schema\/person\/2b1cf3cd81a31e3cd26889ca66d677f1\"},\"headline\":\"entre Bamako et la Coordination des mouvements de l\u2019Azawad, la tension va croissant\",\"datePublished\":\"2023-02-15T11:53:40+00:00\",\"dateModified\":\"2023-02-15T12:02:19+00:00\",\"mainEntityOfPage\":{\"@id\":\"https:\/\/www.africa-press.net\/mali\/politique\/entre-bamako-et-la-coordination-des-mouvements-de-lazawad-la-tension-va-croissant\"},\"wordCount\":1356,\"commentCount\":0,\"image\":{\"@id\":\"https:\/\/www.africa-press.net\/mali\/politique\/entre-bamako-et-la-coordination-des-mouvements-de-lazawad-la-tension-va-croissant#primaryimage\"},\"thumbnailUrl\":\"https:\/\/static.africa-press.net\/mali\/sites\/21\/2023\/02\/postQueueImg_1676449622.59.jpg\",\"keywords\":[\"Africa Press\",\"Africa Press-Mali\",\"mali\"],\"articleSection\":[\"Dossiers\",\"Politique\",\"Toutes les actualit\u00e9s\"],\"inLanguage\":\"fr-FR\",\"potentialAction\":[{\"@type\":\"CommentAction\",\"name\":\"Comment\",\"target\":[\"https:\/\/www.africa-press.net\/mali\/politique\/entre-bamako-et-la-coordination-des-mouvements-de-lazawad-la-tension-va-croissant#respond\"]}]},{\"@type\":\"WebPage\",\"@id\":\"https:\/\/www.africa-press.net\/mali\/politique\/entre-bamako-et-la-coordination-des-mouvements-de-lazawad-la-tension-va-croissant\",\"url\":\"https:\/\/www.africa-press.net\/mali\/politique\/entre-bamako-et-la-coordination-des-mouvements-de-lazawad-la-tension-va-croissant\",\"name\":\"entre Bamako et la Coordination des mouvements de l\u2019Azawad, la tension va croissant - Mali\",\"isPartOf\":{\"@id\":\"https:\/\/www.africa-press.net\/mali\/#website\"},\"primaryImageOfPage\":{\"@id\":\"https:\/\/www.africa-press.net\/mali\/politique\/entre-bamako-et-la-coordination-des-mouvements-de-lazawad-la-tension-va-croissant#primaryimage\"},\"image\":{\"@id\":\"https:\/\/www.africa-press.net\/mali\/politique\/entre-bamako-et-la-coordination-des-mouvements-de-lazawad-la-tension-va-croissant#primaryimage\"},\"thumbnailUrl\":\"https:\/\/static.africa-press.net\/mali\/sites\/21\/2023\/02\/postQueueImg_1676449622.59.jpg\",\"datePublished\":\"2023-02-15T11:53:40+00:00\",\"dateModified\":\"2023-02-15T12:02:19+00:00\",\"author\":{\"@id\":\"https:\/\/www.africa-press.net\/mali\/#\/schema\/person\/2b1cf3cd81a31e3cd26889ca66d677f1\"},\"description\":\"La tension est encore monte\u0301e d\u2019un cran entre le pouvoir central de Bamako et la CMA, la Coordination des mouvements de ...\",\"breadcrumb\":{\"@id\":\"https:\/\/www.africa-press.net\/mali\/politique\/entre-bamako-et-la-coordination-des-mouvements-de-lazawad-la-tension-va-croissant#breadcrumb\"},\"inLanguage\":\"fr-FR\",\"potentialAction\":[{\"@type\":\"ReadAction\",\"target\":[\"https:\/\/www.africa-press.net\/mali\/politique\/entre-bamako-et-la-coordination-des-mouvements-de-lazawad-la-tension-va-croissant\"]}]},{\"@type\":\"ImageObject\",\"inLanguage\":\"fr-FR\",\"@id\":\"https:\/\/www.africa-press.net\/mali\/politique\/entre-bamako-et-la-coordination-des-mouvements-de-lazawad-la-tension-va-croissant#primaryimage\",\"url\":\"https:\/\/static.africa-press.net\/mali\/sites\/21\/2023\/02\/postQueueImg_1676449622.59.jpg\",\"contentUrl\":\"https:\/\/static.africa-press.net\/mali\/sites\/21\/2023\/02\/postQueueImg_1676449622.59.jpg\",\"width\":770,\"height\":513,\"caption\":\"entre Bamako et la Coordination des mouvements de l\u2019Azawad, la tension va croissant\"},{\"@type\":\"BreadcrumbList\",\"@id\":\"https:\/\/www.africa-press.net\/mali\/politique\/entre-bamako-et-la-coordination-des-mouvements-de-lazawad-la-tension-va-croissant#breadcrumb\",\"itemListElement\":[{\"@type\":\"ListItem\",\"position\":1,\"name\":\"Home\",\"item\":\"https:\/\/www.africa-press.net\/mali\/\"},{\"@type\":\"ListItem\",\"position\":2,\"name\":\"entre Bamako et la Coordination des mouvements de l\u2019Azawad, la tension va croissant\"}]},{\"@type\":\"WebSite\",\"@id\":\"https:\/\/www.africa-press.net\/mali\/#website\",\"url\":\"https:\/\/www.africa-press.net\/mali\/\",\"name\":\"Mali\",\"description\":\"Just another Africa News Agency Sites site\",\"potentialAction\":[{\"@type\":\"SearchAction\",\"target\":{\"@type\":\"EntryPoint\",\"urlTemplate\":\"https:\/\/www.africa-press.net\/mali\/?s={search_term_string}\"},\"query-input\":{\"@type\":\"PropertyValueSpecification\",\"valueRequired\":true,\"valueName\":\"search_term_string\"}}],\"inLanguage\":\"fr-FR\"},{\"@type\":\"Person\",\"@id\":\"https:\/\/www.africa-press.net\/mali\/#\/schema\/person\/2b1cf3cd81a31e3cd26889ca66d677f1\",\"name\":\"cfeditorfr\"}]}<\/script>\n<!-- \/ Yoast SEO Premium plugin. -->","yoast_head_json":{"title":"entre Bamako et la Coordination des mouvements de l\u2019Azawad, la tension va croissant - Mali","description":"La tension est encore monte\u0301e d\u2019un cran entre le pouvoir central de Bamako et la CMA, la Coordination des mouvements de ...","robots":{"index":"index","follow":"follow","max-snippet":"max-snippet:-1","max-image-preview":"max-image-preview:large","max-video-preview":"max-video-preview:-1"},"canonical":"https:\/\/www.africa-press.net\/mali\/politique\/entre-bamako-et-la-coordination-des-mouvements-de-lazawad-la-tension-va-croissant","og_locale":"fr_FR","og_type":"article","og_title":"entre Bamako et la Coordination des mouvements de l\u2019Azawad, la tension va croissant","og_description":"La tension est encore monte\u0301e d\u2019un cran entre le pouvoir central de Bamako et la CMA, la Coordination des mouvements de ...","og_url":"https:\/\/www.africa-press.net\/mali\/politique\/entre-bamako-et-la-coordination-des-mouvements-de-lazawad-la-tension-va-croissant","og_site_name":"Mali","article_publisher":"https:\/\/www.facebook.com\/AfricaPressTunisiaa","article_published_time":"2023-02-15T11:53:40+00:00","article_modified_time":"2023-02-15T12:02:19+00:00","og_image":[{"width":770,"height":513,"url":"https:\/\/static.africa-press.net\/mali\/sites\/21\/2023\/02\/postQueueImg_1676449622.59.jpg","type":"image\/jpeg"}],"author":"cfeditorfr","twitter_card":"summary_large_image","twitter_misc":{"\u00c9crit par":"cfeditorfr","Dur\u00e9e de lecture estim\u00e9e":"6 minutes"},"schema":{"@context":"https:\/\/schema.org","@graph":[{"@type":"Article","@id":"https:\/\/www.africa-press.net\/mali\/politique\/entre-bamako-et-la-coordination-des-mouvements-de-lazawad-la-tension-va-croissant#article","isPartOf":{"@id":"https:\/\/www.africa-press.net\/mali\/politique\/entre-bamako-et-la-coordination-des-mouvements-de-lazawad-la-tension-va-croissant"},"author":{"name":"cfeditorfr","@id":"https:\/\/www.africa-press.net\/mali\/#\/schema\/person\/2b1cf3cd81a31e3cd26889ca66d677f1"},"headline":"entre Bamako et la Coordination des mouvements de l\u2019Azawad, la tension va croissant","datePublished":"2023-02-15T11:53:40+00:00","dateModified":"2023-02-15T12:02:19+00:00","mainEntityOfPage":{"@id":"https:\/\/www.africa-press.net\/mali\/politique\/entre-bamako-et-la-coordination-des-mouvements-de-lazawad-la-tension-va-croissant"},"wordCount":1356,"commentCount":0,"image":{"@id":"https:\/\/www.africa-press.net\/mali\/politique\/entre-bamako-et-la-coordination-des-mouvements-de-lazawad-la-tension-va-croissant#primaryimage"},"thumbnailUrl":"https:\/\/static.africa-press.net\/mali\/sites\/21\/2023\/02\/postQueueImg_1676449622.59.jpg","keywords":["Africa Press","Africa Press-Mali","mali"],"articleSection":["Dossiers","Politique","Toutes les actualit\u00e9s"],"inLanguage":"fr-FR","potentialAction":[{"@type":"CommentAction","name":"Comment","target":["https:\/\/www.africa-press.net\/mali\/politique\/entre-bamako-et-la-coordination-des-mouvements-de-lazawad-la-tension-va-croissant#respond"]}]},{"@type":"WebPage","@id":"https:\/\/www.africa-press.net\/mali\/politique\/entre-bamako-et-la-coordination-des-mouvements-de-lazawad-la-tension-va-croissant","url":"https:\/\/www.africa-press.net\/mali\/politique\/entre-bamako-et-la-coordination-des-mouvements-de-lazawad-la-tension-va-croissant","name":"entre Bamako et la Coordination des mouvements de l\u2019Azawad, la tension va croissant - Mali","isPartOf":{"@id":"https:\/\/www.africa-press.net\/mali\/#website"},"primaryImageOfPage":{"@id":"https:\/\/www.africa-press.net\/mali\/politique\/entre-bamako-et-la-coordination-des-mouvements-de-lazawad-la-tension-va-croissant#primaryimage"},"image":{"@id":"https:\/\/www.africa-press.net\/mali\/politique\/entre-bamako-et-la-coordination-des-mouvements-de-lazawad-la-tension-va-croissant#primaryimage"},"thumbnailUrl":"https:\/\/static.africa-press.net\/mali\/sites\/21\/2023\/02\/postQueueImg_1676449622.59.jpg","datePublished":"2023-02-15T11:53:40+00:00","dateModified":"2023-02-15T12:02:19+00:00","author":{"@id":"https:\/\/www.africa-press.net\/mali\/#\/schema\/person\/2b1cf3cd81a31e3cd26889ca66d677f1"},"description":"La tension est encore monte\u0301e d\u2019un cran entre le pouvoir central de Bamako et la CMA, la Coordination des mouvements de ...","breadcrumb":{"@id":"https:\/\/www.africa-press.net\/mali\/politique\/entre-bamako-et-la-coordination-des-mouvements-de-lazawad-la-tension-va-croissant#breadcrumb"},"inLanguage":"fr-FR","potentialAction":[{"@type":"ReadAction","target":["https:\/\/www.africa-press.net\/mali\/politique\/entre-bamako-et-la-coordination-des-mouvements-de-lazawad-la-tension-va-croissant"]}]},{"@type":"ImageObject","inLanguage":"fr-FR","@id":"https:\/\/www.africa-press.net\/mali\/politique\/entre-bamako-et-la-coordination-des-mouvements-de-lazawad-la-tension-va-croissant#primaryimage","url":"https:\/\/static.africa-press.net\/mali\/sites\/21\/2023\/02\/postQueueImg_1676449622.59.jpg","contentUrl":"https:\/\/static.africa-press.net\/mali\/sites\/21\/2023\/02\/postQueueImg_1676449622.59.jpg","width":770,"height":513,"caption":"entre Bamako et la Coordination des mouvements de l\u2019Azawad, la tension va croissant"},{"@type":"BreadcrumbList","@id":"https:\/\/www.africa-press.net\/mali\/politique\/entre-bamako-et-la-coordination-des-mouvements-de-lazawad-la-tension-va-croissant#breadcrumb","itemListElement":[{"@type":"ListItem","position":1,"name":"Home","item":"https:\/\/www.africa-press.net\/mali\/"},{"@type":"ListItem","position":2,"name":"entre Bamako et la Coordination des mouvements de l\u2019Azawad, la tension va croissant"}]},{"@type":"WebSite","@id":"https:\/\/www.africa-press.net\/mali\/#website","url":"https:\/\/www.africa-press.net\/mali\/","name":"Mali","description":"Just another Africa News Agency Sites site","potentialAction":[{"@type":"SearchAction","target":{"@type":"EntryPoint","urlTemplate":"https:\/\/www.africa-press.net\/mali\/?s={search_term_string}"},"query-input":{"@type":"PropertyValueSpecification","valueRequired":true,"valueName":"search_term_string"}}],"inLanguage":"fr-FR"},{"@type":"Person","@id":"https:\/\/www.africa-press.net\/mali\/#\/schema\/person\/2b1cf3cd81a31e3cd26889ca66d677f1","name":"cfeditorfr"}]}},"_links":{"self":[{"href":"https:\/\/www.africa-press.net\/mali\/wp-json\/wp\/v2\/posts\/30699","targetHints":{"allow":["GET"]}}],"collection":[{"href":"https:\/\/www.africa-press.net\/mali\/wp-json\/wp\/v2\/posts"}],"about":[{"href":"https:\/\/www.africa-press.net\/mali\/wp-json\/wp\/v2\/types\/post"}],"author":[{"embeddable":true,"href":"https:\/\/www.africa-press.net\/mali\/wp-json\/wp\/v2\/users\/82"}],"replies":[{"embeddable":true,"href":"https:\/\/www.africa-press.net\/mali\/wp-json\/wp\/v2\/comments?post=30699"}],"version-history":[{"count":0,"href":"https:\/\/www.africa-press.net\/mali\/wp-json\/wp\/v2\/posts\/30699\/revisions"}],"wp:featuredmedia":[{"embeddable":true,"href":"https:\/\/www.africa-press.net\/mali\/wp-json\/wp\/v2\/media\/30698"}],"wp:attachment":[{"href":"https:\/\/www.africa-press.net\/mali\/wp-json\/wp\/v2\/media?parent=30699"}],"wp:term":[{"taxonomy":"category","embeddable":true,"href":"https:\/\/www.africa-press.net\/mali\/wp-json\/wp\/v2\/categories?post=30699"},{"taxonomy":"post_tag","embeddable":true,"href":"https:\/\/www.africa-press.net\/mali\/wp-json\/wp\/v2\/tags?post=30699"}],"curies":[{"name":"wp","href":"https:\/\/api.w.org\/{rel}","templated":true}]}}