{"id":30702,"date":"2023-02-15T11:57:02","date_gmt":"2023-02-15T11:57:02","guid":{"rendered":"https:\/\/www.africa-press.net\/mali\/politique\/operation-meurtriere-de-larmee-malienne-et-de-ses-suppletifs-russes-a-soumouni"},"modified":"2023-02-15T12:03:17","modified_gmt":"2023-02-15T12:03:17","slug":"operation-meurtriere-de-larmee-malienne-et-de-ses-suppletifs-russes-a-soumouni","status":"publish","type":"post","link":"https:\/\/www.africa-press.net\/mali\/politique\/operation-meurtriere-de-larmee-malienne-et-de-ses-suppletifs-russes-a-soumouni","title":{"rendered":"Op\u00e9ration meurtri\u00e8re de l&rsquo;arm\u00e9e malienne et de ses suppl\u00e9tifs russes \u00e0 Soumouni"},"content":{"rendered":"<p><span style=\"color: #ff6600\"><strong>Africa-Press &#8211; Mali. <\/strong><\/span>Selon les informations de RFI, cinq civils ont e\u0301te\u0301 tue\u0301s, lundi 13 fe\u0301vrier au matin, et d&rsquo;autres gravement blesse\u0301s dans ce village du cercle de Macina, re\u0301gion de Se\u0301gou, dans le centre du pays.<\/p>\n<p>Les soldats maliens et leurs supple\u0301tifs russes se positionnent de\u0300s dimanche soir pre\u0300s du village de Soumouni. Ils soupc\u0327onnent la pre\u0301sence de jihadistes de la katiba Macina du Jnim (Groupe de soutien a\u0300 l&rsquo;islam et aux musulmans), lie\u0301s a\u0300 al-Qai\u0308da.<\/p>\n<p>Il faut dire que, depuis plusieurs mois, de nombreux villages de la zone, dont celui de Soumouni, ont du\u0302 se re\u0301soudre a\u0300 passer des accords avec les jihadistes. Afin de pouvoir circuler librement et cultiver leurs champs, les villageois acceptent de se soumettre aux re\u0300gles impose\u0301es par les jihadistes, comme les obligations vestimentaires ou le versement de l&rsquo;impo\u0302t.<\/p>\n<p>Lundi matin, tre\u0300s to\u0302t, les soldats maliens et leurs supple\u0301tifs russes entrent dans Soumouni et ouvrent le feu. Cinq hommes sont tue\u0301s sur le coup : quatre cultivateurs et le directeur de l&rsquo;e\u0301cole du village, qui te\u0301le\u0301phonait devant sa maison. Les quatre cultivateurs, natifs de Soumouni, seront enterre\u0301s sur place. Le corps de l&rsquo;enseignant, originaire de San, passe la nuit a\u0300 Macina avant d&rsquo;e\u0302tre transporte\u0301 le lendemain matin vers sa ville natale pour y e\u0302tre inhume\u0301.<\/p>\n<p>Quatre a\u0300 sept autres personnes, selon les sources, ont e\u0301te\u0301 blesse\u0301es au cours de l&rsquo;ope\u0301ration et e\u0301vacue\u0301es par l&rsquo;arme\u0301e malienne elle-me\u0302me. Les trois cas les plus graves ont e\u0301te\u0301 dirige\u0301s vers l&rsquo;ho\u0302pital re\u0301gional de Se\u0301gou. Ces informations ont e\u0301te\u0301 obtenues et recoupe\u0301es par RFI aupre\u0300s de nombreuses sources locales.<\/p>\n<p>L&rsquo;une d&rsquo;entre elle explique qu&rsquo;apre\u0300s avoir ouvert le feu, les militaires maliens et leurs supple\u0301tifs russes ont rassemble\u0301 les habitants de Soumouni : \u00ab Ils ont explique\u0301 qu&rsquo;ils venaient combattre les jihadistes et leurs complices, et qu&rsquo;ils avaient me\u0302me les moyens de savoir qui avait une arme ou qui en avait manipule\u0301 re\u0301cemment. Puis, ils sont repartis. \u00bb<\/p>\n<p>Les autorite\u0301s maliennes de transition de\u0301mentent, depuis plus d&rsquo;un an, la pre\u0301sence de mercenaires du groupe Wagner et continuent d&rsquo;affirmer que seuls des instructeurs russes soutiennent l&rsquo;arme\u0301e nationale, et qu&rsquo;ils ne participent pas aux ope\u0301rations de terrain.<\/p>\n<p><strong>Pour plus d&rsquo;informations et d&rsquo;analyses sur la <a href=\"https:\/\/www.africa-press.net\/mali\">Mali<\/a>, suivez <a href=\"https:\/\/www.africa-press.net\/\">Africa-Press<\/a><\/strong><\/p>\n","protected":false},"excerpt":{"rendered":"<p>Africa-Press &#8211; Mali. Selon les informations de RFI, cinq civils ont e\u0301te\u0301 tue\u0301s, lundi 13 fe\u0301vrier au matin, et d&rsquo;autres gravement blesse\u0301s dans ce village du cercle de Macina, re\u0301gion de Se\u0301gou, dans le centre du pays. Les soldats maliens et leurs supple\u0301tifs russes se positionnent de\u0300s dimanche soir pre\u0300s du village de Soumouni. Ils [&hellip;]<\/p>\n","protected":false},"author":82,"featured_media":30701,"comment_status":"open","ping_status":"closed","sticky":false,"template":"","format":"standard","meta":{"footnotes":""},"categories":[7,17],"tags":[76,86,19],"class_list":["post-30702","post","type-post","status-publish","format-standard","has-post-thumbnail","hentry","category-politique","category-toutes-les-actualites","tag-africa-press","tag-africa-press-mali","tag-mali"],"yoast_head":"<!-- This site is optimized with the Yoast SEO Premium plugin v26.1 (Yoast SEO v27.0) - https:\/\/yoast.com\/product\/yoast-seo-premium-wordpress\/ -->\n<title>Op\u00e9ration meurtri\u00e8re de l&#039;arm\u00e9e malienne et de ses suppl\u00e9tifs russes \u00e0 Soumouni - Mali<\/title>\n<meta name=\"robots\" content=\"index, follow, max-snippet:-1, max-image-preview:large, max-video-preview:-1\" \/>\n<link rel=\"canonical\" href=\"https:\/\/www.africa-press.net\/mali\/politique\/operation-meurtriere-de-larmee-malienne-et-de-ses-suppletifs-russes-a-soumouni\" \/>\n<meta property=\"og:locale\" content=\"fr_FR\" \/>\n<meta property=\"og:type\" content=\"article\" \/>\n<meta property=\"og:title\" content=\"Op\u00e9ration meurtri\u00e8re de l&#039;arm\u00e9e malienne et de ses suppl\u00e9tifs russes \u00e0 Soumouni\" \/>\n<meta property=\"og:description\" content=\"Africa-Press &#8211; Mali. Selon les informations de RFI, cinq civils ont e\u0301te\u0301 tue\u0301s, lundi 13 fe\u0301vrier au matin, et d&rsquo;autres gravement blesse\u0301s dans ce village du cercle de Macina, re\u0301gion de Se\u0301gou, dans le centre du pays. Les soldats maliens et leurs supple\u0301tifs russes se positionnent de\u0300s dimanche soir pre\u0300s du village de Soumouni. Ils [&hellip;]\" \/>\n<meta property=\"og:url\" content=\"https:\/\/www.africa-press.net\/mali\/politique\/operation-meurtriere-de-larmee-malienne-et-de-ses-suppletifs-russes-a-soumouni\" \/>\n<meta property=\"og:site_name\" content=\"Mali\" \/>\n<meta property=\"article:publisher\" content=\"https:\/\/www.facebook.com\/AfricaPressTunisiaa\" \/>\n<meta property=\"article:published_time\" content=\"2023-02-15T11:57:02+00:00\" \/>\n<meta property=\"article:modified_time\" content=\"2023-02-15T12:03:17+00:00\" \/>\n<meta name=\"author\" content=\"cfeditorfr\" \/>\n<meta name=\"twitter:card\" content=\"summary_large_image\" \/>\n<meta name=\"twitter:label1\" content=\"\u00c9crit par\" \/>\n\t<meta name=\"twitter:data1\" content=\"cfeditorfr\" \/>\n\t<meta name=\"twitter:label2\" content=\"Dur\u00e9e de lecture estim\u00e9e\" \/>\n\t<meta name=\"twitter:data2\" content=\"2 minutes\" \/>\n<script type=\"application\/ld+json\" class=\"yoast-schema-graph\">{\"@context\":\"https:\/\/schema.org\",\"@graph\":[{\"@type\":\"Article\",\"@id\":\"https:\/\/www.africa-press.net\/mali\/politique\/operation-meurtriere-de-larmee-malienne-et-de-ses-suppletifs-russes-a-soumouni#article\",\"isPartOf\":{\"@id\":\"https:\/\/www.africa-press.net\/mali\/politique\/operation-meurtriere-de-larmee-malienne-et-de-ses-suppletifs-russes-a-soumouni\"},\"author\":{\"name\":\"cfeditorfr\",\"@id\":\"https:\/\/www.africa-press.net\/mali\/#\/schema\/person\/2b1cf3cd81a31e3cd26889ca66d677f1\"},\"headline\":\"Op\u00e9ration meurtri\u00e8re de l&rsquo;arm\u00e9e malienne et de ses suppl\u00e9tifs russes \u00e0 Soumouni\",\"datePublished\":\"2023-02-15T11:57:02+00:00\",\"dateModified\":\"2023-02-15T12:03:17+00:00\",\"mainEntityOfPage\":{\"@id\":\"https:\/\/www.africa-press.net\/mali\/politique\/operation-meurtriere-de-larmee-malienne-et-de-ses-suppletifs-russes-a-soumouni\"},\"wordCount\":447,\"commentCount\":0,\"image\":{\"@id\":\"https:\/\/www.africa-press.net\/mali\/politique\/operation-meurtriere-de-larmee-malienne-et-de-ses-suppletifs-russes-a-soumouni#primaryimage\"},\"thumbnailUrl\":\"https:\/\/static.africa-press.net\/mali\/sites\/21\/2023\/02\/postQueueImg_1676449784.46.jpg\",\"keywords\":[\"Africa Press\",\"Africa Press-Mali\",\"mali\"],\"articleSection\":[\"Politique\",\"Toutes les actualit\u00e9s\"],\"inLanguage\":\"fr-FR\",\"potentialAction\":[{\"@type\":\"CommentAction\",\"name\":\"Comment\",\"target\":[\"https:\/\/www.africa-press.net\/mali\/politique\/operation-meurtriere-de-larmee-malienne-et-de-ses-suppletifs-russes-a-soumouni#respond\"]}]},{\"@type\":\"WebPage\",\"@id\":\"https:\/\/www.africa-press.net\/mali\/politique\/operation-meurtriere-de-larmee-malienne-et-de-ses-suppletifs-russes-a-soumouni\",\"url\":\"https:\/\/www.africa-press.net\/mali\/politique\/operation-meurtriere-de-larmee-malienne-et-de-ses-suppletifs-russes-a-soumouni\",\"name\":\"Op\u00e9ration meurtri\u00e8re de l'arm\u00e9e malienne et de ses suppl\u00e9tifs russes \u00e0 Soumouni - Mali\",\"isPartOf\":{\"@id\":\"https:\/\/www.africa-press.net\/mali\/#website\"},\"primaryImageOfPage\":{\"@id\":\"https:\/\/www.africa-press.net\/mali\/politique\/operation-meurtriere-de-larmee-malienne-et-de-ses-suppletifs-russes-a-soumouni#primaryimage\"},\"image\":{\"@id\":\"https:\/\/www.africa-press.net\/mali\/politique\/operation-meurtriere-de-larmee-malienne-et-de-ses-suppletifs-russes-a-soumouni#primaryimage\"},\"thumbnailUrl\":\"https:\/\/static.africa-press.net\/mali\/sites\/21\/2023\/02\/postQueueImg_1676449784.46.jpg\",\"datePublished\":\"2023-02-15T11:57:02+00:00\",\"dateModified\":\"2023-02-15T12:03:17+00:00\",\"author\":{\"@id\":\"https:\/\/www.africa-press.net\/mali\/#\/schema\/person\/2b1cf3cd81a31e3cd26889ca66d677f1\"},\"breadcrumb\":{\"@id\":\"https:\/\/www.africa-press.net\/mali\/politique\/operation-meurtriere-de-larmee-malienne-et-de-ses-suppletifs-russes-a-soumouni#breadcrumb\"},\"inLanguage\":\"fr-FR\",\"potentialAction\":[{\"@type\":\"ReadAction\",\"target\":[\"https:\/\/www.africa-press.net\/mali\/politique\/operation-meurtriere-de-larmee-malienne-et-de-ses-suppletifs-russes-a-soumouni\"]}]},{\"@type\":\"ImageObject\",\"inLanguage\":\"fr-FR\",\"@id\":\"https:\/\/www.africa-press.net\/mali\/politique\/operation-meurtriere-de-larmee-malienne-et-de-ses-suppletifs-russes-a-soumouni#primaryimage\",\"url\":\"https:\/\/static.africa-press.net\/mali\/sites\/21\/2023\/02\/postQueueImg_1676449784.46.jpg\",\"contentUrl\":\"https:\/\/static.africa-press.net\/mali\/sites\/21\/2023\/02\/postQueueImg_1676449784.46.jpg\",\"width\":980,\"height\":551,\"caption\":\"Op\u00e9ration meurtri\u00e8re de l'arm\u00e9e malienne et de ses suppl\u00e9tifs russes \u00e0 Soumouni\"},{\"@type\":\"BreadcrumbList\",\"@id\":\"https:\/\/www.africa-press.net\/mali\/politique\/operation-meurtriere-de-larmee-malienne-et-de-ses-suppletifs-russes-a-soumouni#breadcrumb\",\"itemListElement\":[{\"@type\":\"ListItem\",\"position\":1,\"name\":\"Home\",\"item\":\"https:\/\/www.africa-press.net\/mali\/\"},{\"@type\":\"ListItem\",\"position\":2,\"name\":\"Op\u00e9ration meurtri\u00e8re de l&rsquo;arm\u00e9e malienne et de ses suppl\u00e9tifs russes \u00e0 Soumouni\"}]},{\"@type\":\"WebSite\",\"@id\":\"https:\/\/www.africa-press.net\/mali\/#website\",\"url\":\"https:\/\/www.africa-press.net\/mali\/\",\"name\":\"Mali\",\"description\":\"Just another Africa News Agency Sites site\",\"potentialAction\":[{\"@type\":\"SearchAction\",\"target\":{\"@type\":\"EntryPoint\",\"urlTemplate\":\"https:\/\/www.africa-press.net\/mali\/?s={search_term_string}\"},\"query-input\":{\"@type\":\"PropertyValueSpecification\",\"valueRequired\":true,\"valueName\":\"search_term_string\"}}],\"inLanguage\":\"fr-FR\"},{\"@type\":\"Person\",\"@id\":\"https:\/\/www.africa-press.net\/mali\/#\/schema\/person\/2b1cf3cd81a31e3cd26889ca66d677f1\",\"name\":\"cfeditorfr\"}]}<\/script>\n<!-- \/ Yoast SEO Premium plugin. -->","yoast_head_json":{"title":"Op\u00e9ration meurtri\u00e8re de l'arm\u00e9e malienne et de ses suppl\u00e9tifs russes \u00e0 Soumouni - Mali","robots":{"index":"index","follow":"follow","max-snippet":"max-snippet:-1","max-image-preview":"max-image-preview:large","max-video-preview":"max-video-preview:-1"},"canonical":"https:\/\/www.africa-press.net\/mali\/politique\/operation-meurtriere-de-larmee-malienne-et-de-ses-suppletifs-russes-a-soumouni","og_locale":"fr_FR","og_type":"article","og_title":"Op\u00e9ration meurtri\u00e8re de l'arm\u00e9e malienne et de ses suppl\u00e9tifs russes \u00e0 Soumouni","og_description":"Africa-Press &#8211; Mali. Selon les informations de RFI, cinq civils ont e\u0301te\u0301 tue\u0301s, lundi 13 fe\u0301vrier au matin, et d&rsquo;autres gravement blesse\u0301s dans ce village du cercle de Macina, re\u0301gion de Se\u0301gou, dans le centre du pays. Les soldats maliens et leurs supple\u0301tifs russes se positionnent de\u0300s dimanche soir pre\u0300s du village de Soumouni. Ils [&hellip;]","og_url":"https:\/\/www.africa-press.net\/mali\/politique\/operation-meurtriere-de-larmee-malienne-et-de-ses-suppletifs-russes-a-soumouni","og_site_name":"Mali","article_publisher":"https:\/\/www.facebook.com\/AfricaPressTunisiaa","article_published_time":"2023-02-15T11:57:02+00:00","article_modified_time":"2023-02-15T12:03:17+00:00","author":"cfeditorfr","twitter_card":"summary_large_image","twitter_misc":{"\u00c9crit par":"cfeditorfr","Dur\u00e9e de lecture estim\u00e9e":"2 minutes"},"schema":{"@context":"https:\/\/schema.org","@graph":[{"@type":"Article","@id":"https:\/\/www.africa-press.net\/mali\/politique\/operation-meurtriere-de-larmee-malienne-et-de-ses-suppletifs-russes-a-soumouni#article","isPartOf":{"@id":"https:\/\/www.africa-press.net\/mali\/politique\/operation-meurtriere-de-larmee-malienne-et-de-ses-suppletifs-russes-a-soumouni"},"author":{"name":"cfeditorfr","@id":"https:\/\/www.africa-press.net\/mali\/#\/schema\/person\/2b1cf3cd81a31e3cd26889ca66d677f1"},"headline":"Op\u00e9ration meurtri\u00e8re de l&rsquo;arm\u00e9e malienne et de ses suppl\u00e9tifs russes \u00e0 Soumouni","datePublished":"2023-02-15T11:57:02+00:00","dateModified":"2023-02-15T12:03:17+00:00","mainEntityOfPage":{"@id":"https:\/\/www.africa-press.net\/mali\/politique\/operation-meurtriere-de-larmee-malienne-et-de-ses-suppletifs-russes-a-soumouni"},"wordCount":447,"commentCount":0,"image":{"@id":"https:\/\/www.africa-press.net\/mali\/politique\/operation-meurtriere-de-larmee-malienne-et-de-ses-suppletifs-russes-a-soumouni#primaryimage"},"thumbnailUrl":"https:\/\/static.africa-press.net\/mali\/sites\/21\/2023\/02\/postQueueImg_1676449784.46.jpg","keywords":["Africa Press","Africa Press-Mali","mali"],"articleSection":["Politique","Toutes les actualit\u00e9s"],"inLanguage":"fr-FR","potentialAction":[{"@type":"CommentAction","name":"Comment","target":["https:\/\/www.africa-press.net\/mali\/politique\/operation-meurtriere-de-larmee-malienne-et-de-ses-suppletifs-russes-a-soumouni#respond"]}]},{"@type":"WebPage","@id":"https:\/\/www.africa-press.net\/mali\/politique\/operation-meurtriere-de-larmee-malienne-et-de-ses-suppletifs-russes-a-soumouni","url":"https:\/\/www.africa-press.net\/mali\/politique\/operation-meurtriere-de-larmee-malienne-et-de-ses-suppletifs-russes-a-soumouni","name":"Op\u00e9ration meurtri\u00e8re de l'arm\u00e9e malienne et de ses suppl\u00e9tifs russes \u00e0 Soumouni - Mali","isPartOf":{"@id":"https:\/\/www.africa-press.net\/mali\/#website"},"primaryImageOfPage":{"@id":"https:\/\/www.africa-press.net\/mali\/politique\/operation-meurtriere-de-larmee-malienne-et-de-ses-suppletifs-russes-a-soumouni#primaryimage"},"image":{"@id":"https:\/\/www.africa-press.net\/mali\/politique\/operation-meurtriere-de-larmee-malienne-et-de-ses-suppletifs-russes-a-soumouni#primaryimage"},"thumbnailUrl":"https:\/\/static.africa-press.net\/mali\/sites\/21\/2023\/02\/postQueueImg_1676449784.46.jpg","datePublished":"2023-02-15T11:57:02+00:00","dateModified":"2023-02-15T12:03:17+00:00","author":{"@id":"https:\/\/www.africa-press.net\/mali\/#\/schema\/person\/2b1cf3cd81a31e3cd26889ca66d677f1"},"breadcrumb":{"@id":"https:\/\/www.africa-press.net\/mali\/politique\/operation-meurtriere-de-larmee-malienne-et-de-ses-suppletifs-russes-a-soumouni#breadcrumb"},"inLanguage":"fr-FR","potentialAction":[{"@type":"ReadAction","target":["https:\/\/www.africa-press.net\/mali\/politique\/operation-meurtriere-de-larmee-malienne-et-de-ses-suppletifs-russes-a-soumouni"]}]},{"@type":"ImageObject","inLanguage":"fr-FR","@id":"https:\/\/www.africa-press.net\/mali\/politique\/operation-meurtriere-de-larmee-malienne-et-de-ses-suppletifs-russes-a-soumouni#primaryimage","url":"https:\/\/static.africa-press.net\/mali\/sites\/21\/2023\/02\/postQueueImg_1676449784.46.jpg","contentUrl":"https:\/\/static.africa-press.net\/mali\/sites\/21\/2023\/02\/postQueueImg_1676449784.46.jpg","width":980,"height":551,"caption":"Op\u00e9ration meurtri\u00e8re de l'arm\u00e9e malienne et de ses suppl\u00e9tifs russes \u00e0 Soumouni"},{"@type":"BreadcrumbList","@id":"https:\/\/www.africa-press.net\/mali\/politique\/operation-meurtriere-de-larmee-malienne-et-de-ses-suppletifs-russes-a-soumouni#breadcrumb","itemListElement":[{"@type":"ListItem","position":1,"name":"Home","item":"https:\/\/www.africa-press.net\/mali\/"},{"@type":"ListItem","position":2,"name":"Op\u00e9ration meurtri\u00e8re de l&rsquo;arm\u00e9e malienne et de ses suppl\u00e9tifs russes \u00e0 Soumouni"}]},{"@type":"WebSite","@id":"https:\/\/www.africa-press.net\/mali\/#website","url":"https:\/\/www.africa-press.net\/mali\/","name":"Mali","description":"Just another Africa News Agency Sites site","potentialAction":[{"@type":"SearchAction","target":{"@type":"EntryPoint","urlTemplate":"https:\/\/www.africa-press.net\/mali\/?s={search_term_string}"},"query-input":{"@type":"PropertyValueSpecification","valueRequired":true,"valueName":"search_term_string"}}],"inLanguage":"fr-FR"},{"@type":"Person","@id":"https:\/\/www.africa-press.net\/mali\/#\/schema\/person\/2b1cf3cd81a31e3cd26889ca66d677f1","name":"cfeditorfr"}]}},"_links":{"self":[{"href":"https:\/\/www.africa-press.net\/mali\/wp-json\/wp\/v2\/posts\/30702","targetHints":{"allow":["GET"]}}],"collection":[{"href":"https:\/\/www.africa-press.net\/mali\/wp-json\/wp\/v2\/posts"}],"about":[{"href":"https:\/\/www.africa-press.net\/mali\/wp-json\/wp\/v2\/types\/post"}],"author":[{"embeddable":true,"href":"https:\/\/www.africa-press.net\/mali\/wp-json\/wp\/v2\/users\/82"}],"replies":[{"embeddable":true,"href":"https:\/\/www.africa-press.net\/mali\/wp-json\/wp\/v2\/comments?post=30702"}],"version-history":[{"count":0,"href":"https:\/\/www.africa-press.net\/mali\/wp-json\/wp\/v2\/posts\/30702\/revisions"}],"wp:featuredmedia":[{"embeddable":true,"href":"https:\/\/www.africa-press.net\/mali\/wp-json\/wp\/v2\/media\/30701"}],"wp:attachment":[{"href":"https:\/\/www.africa-press.net\/mali\/wp-json\/wp\/v2\/media?parent=30702"}],"wp:term":[{"taxonomy":"category","embeddable":true,"href":"https:\/\/www.africa-press.net\/mali\/wp-json\/wp\/v2\/categories?post=30702"},{"taxonomy":"post_tag","embeddable":true,"href":"https:\/\/www.africa-press.net\/mali\/wp-json\/wp\/v2\/tags?post=30702"}],"curies":[{"name":"wp","href":"https:\/\/api.w.org\/{rel}","templated":true}]}}