{"id":30728,"date":"2023-02-16T17:49:52","date_gmt":"2023-02-16T17:49:52","guid":{"rendered":"https:\/\/www.africa-press.net\/mali\/politique\/serguei-lavrov-au-mali-et-ailleurs-sur-fond-dindifference-edifiante"},"modified":"2023-02-16T17:49:52","modified_gmt":"2023-02-16T17:49:52","slug":"serguei-lavrov-au-mali-et-ailleurs-sur-fond-dindifference-edifiante","status":"publish","type":"post","link":"https:\/\/www.africa-press.net\/mali\/politique\/serguei-lavrov-au-mali-et-ailleurs-sur-fond-dindifference-edifiante","title":{"rendered":"Sergue\u00ef Lavrov au Mali et ailleurs : Sur fond d\u2019indiff\u00e9rence \u00e9difiante"},"content":{"rendered":"<p><span style=\"color: #ff6600\"><strong>Africa-Press &#8211; Mali. <\/strong><\/span>La visite tant annonce\u0301e du ministre russe des Affaires E\u0301trange\u0300res en Afrique de l\u2019Ouest a ve\u0301cu. Elle n\u2019aura dure\u0301 cependant que le temps d\u2019un feu de paille au Mali ou\u0300 les e\u0301pisodes du bref se\u0301jour de Monsieur Lavrov ont inspire\u0301 a\u0300 la presse locale les titres les plus ronflants. On en trouve me\u0302me dans la langue maternelle du visiteur comme pour mieux l\u2019assurer de la rupture vis-a\u0300-vis des partenaires traditionnels du pays d\u2019accueil. Peut-e\u0302tre pour si peu de dividendes, et pour cause : la visite historique du ministre russe n\u2019a visiblement rien apporte\u0301 de plus impressionnant que le flou encore entretenu autour de certains aspects de la nouvelle coope\u0301ration russo-malienne au nombre desquels les e\u0301normes sacrifices budge\u0301taires au prix desquels la lutte antiterroriste est mene\u0301e avec des armes russes dans la partie sahe\u0301lienne du Mali.<\/p>\n<p>Accueilli sur le tarmac de l\u2019Ae\u0301roport Senou par son homologue malien avec beaucoup moins d\u2019engouement qu\u2019attendu, Serguei\u0308 Lavrov s\u2019est limite\u0301 au strict minimum a\u0300 Bamako : un te\u0302te a\u0300 te\u0302te avec son principal ho\u0302te pre\u0301sente\u0301 sous les traits entretien de travail sans doute pour en voiler la teneur formaliste.<\/p>\n<p>En tout cas, le point de presse organise\u0301 a\u0300 l\u2019issue de leurs e\u0301changes n\u2019a pas permis d\u2019e\u0301difier sur une visite dont l\u2019exceptionnalite\u0301 est largement disproportionne\u0301e aux fruits re\u0301colte\u0301s. Pas d\u2019annonces de signature de contrats de re\u0301alisations d\u2019infrastructures, pas de traditionnelles promesses de grands projets de de\u0301veloppement, etc. Par la voix de Serguei\u0308 Lavrov, des assurances ont e\u0301te\u0301 donne\u0301es en revanche sur l\u2019accompagnement de Moscou dans la lutte contre le terrorisme, un domaine ou\u0300 les parties se re\u0301jouissent de re\u0301sultats engrange\u0301s gra\u0302ce par leur coope\u0301ration militaire. Le se\u0301jour de Lavrov n\u2019aura par contre gue\u0300re permis de lever les e\u0301quivoques sur la nature re\u0301elle de cette coope\u0301ration, mais il est loisible de comprendre qu\u2019allusion est faite, vraisemblablement, aux e\u0301quipements militaires russes qui inondent l\u2019arme\u0301e malienne et sur l\u2019acquisition desquels demeure le me\u0302me myste\u0300re que la pre\u0301sence d\u2019e\u0301le\u0301ments russes sur le territoire malien. En clair, le bref passage du ministre russe des Affaires E\u0301trange\u0300res ainsi que la restriction de sa couverture me\u0301diatique a\u0300 une presse trie\u0301e sur le volet n\u2019e\u0301tait point de nature a\u0300 ouvrir des bre\u0300ches dans le myste\u0300re de la lancinante question des e\u0301le\u0301ments de Wagner, souvent pre\u0301sente\u0301s par les autorite\u0301s de Transition comme des instructeurs russes. La proble\u0301matique avait pourtant bru\u0302le\u0301 les le\u0300vres bien avant sa visite, sur fond de dissonances criantes entre Moscou et Bamako. La premie\u0300re contradiction est venue de Serguei\u0308 Lavrov lui me\u0302me. Abordant le sujet au sortir d\u2019une assemble\u0301e ge\u0301ne\u0301rale des Nations \u2013 Unies avec des me\u0301dias e\u0301trangers, le ministre russe avait ressasse\u0301 a\u0300 l\u2019envi que le Mali ne traite pas dans son pays avec la Russie officielle mais avec une socie\u0301te\u0301 paramilitaire prive\u0301e, tout en justifiant cette option par l\u2019e\u0301chec du partenaire franc\u0327ais a\u0300 venir a\u0300 bout du terrorisme. Il est revenu plus tard au pre\u0301sident de la Fe\u0301de\u0301ration de Russie en personne, Vladimir Poutine, de lui emboi\u0302ter le pas, lors d\u2019une confe\u0301rence conjointe avec le pre\u0301sident franc\u0327ais, en insistant notamment sur la souverainete\u0301 des autorite\u0301s de Transition dans le choix des partenaires avec qui contracter.<\/p>\n<p>On comprend de\u0300s lors l\u2019indiffe\u0301rence que l\u2019affiche\u0301e par l\u2019illustre visiteurs vis-a\u0300-vis de ses compatriotes qui \u0153uvrent aux co\u0302te\u0301s des forces maliennes dans leur lutte contre le terrorisme. Ce faisant, Serguei\u0308 Lavrov est reste\u0301 \u00abdroit dans ses bottes\u00bb en refusant d\u2019associer le nom et la responsabilite\u0301 de la Russie officielle aux exploits mitige\u0301s des \u00abinstructions russes\u00bb par la moindre visite de courtoisie. Il est pourtant d\u2019usage que les officiels en visite dans les pays d\u2019accueil de leurs troupes sacrifie\u0301 a\u0300 cette tradition.<\/p>\n<p><strong>Pour plus d&rsquo;informations et d&rsquo;analyses sur la <a href=\"https:\/\/www.africa-press.net\/mali\">Mali<\/a>, suivez <a href=\"https:\/\/www.africa-press.net\/\">Africa-Press<\/a><\/strong><\/p>\n","protected":false},"excerpt":{"rendered":"<p>Africa-Press &#8211; Mali. La visite tant annonce\u0301e du ministre russe des Affaires E\u0301trange\u0300res en Afrique de l\u2019Ouest a ve\u0301cu. Elle n\u2019aura dure\u0301 cependant que le temps d\u2019un feu de paille au Mali ou\u0300 les e\u0301pisodes du bref se\u0301jour de Monsieur Lavrov ont inspire\u0301 a\u0300 la presse locale les titres les plus ronflants. On en trouve [&hellip;]<\/p>\n","protected":false},"author":82,"featured_media":30727,"comment_status":"open","ping_status":"closed","sticky":false,"template":"","format":"standard","meta":{"footnotes":""},"categories":[7,17],"tags":[76,86,19],"class_list":["post-30728","post","type-post","status-publish","format-standard","has-post-thumbnail","hentry","category-politique","category-toutes-les-actualites","tag-africa-press","tag-africa-press-mali","tag-mali"],"yoast_head":"<!-- This site is optimized with the Yoast SEO Premium plugin v26.1 (Yoast SEO v27.0) - https:\/\/yoast.com\/product\/yoast-seo-premium-wordpress\/ -->\n<title>Sergue\u00ef Lavrov au Mali et ailleurs : Sur fond d\u2019indiff\u00e9rence \u00e9difiante - Mali<\/title>\n<meta name=\"robots\" content=\"index, follow, max-snippet:-1, max-image-preview:large, max-video-preview:-1\" \/>\n<link rel=\"canonical\" href=\"https:\/\/www.africa-press.net\/mali\/politique\/serguei-lavrov-au-mali-et-ailleurs-sur-fond-dindifference-edifiante\" \/>\n<meta property=\"og:locale\" content=\"fr_FR\" \/>\n<meta property=\"og:type\" content=\"article\" \/>\n<meta property=\"og:title\" content=\"Sergue\u00ef Lavrov au Mali et ailleurs : Sur fond d\u2019indiff\u00e9rence \u00e9difiante\" \/>\n<meta property=\"og:description\" content=\"Africa-Press &#8211; Mali. La visite tant annonce\u0301e du ministre russe des Affaires E\u0301trange\u0300res en Afrique de l\u2019Ouest a ve\u0301cu. Elle n\u2019aura dure\u0301 cependant que le temps d\u2019un feu de paille au Mali ou\u0300 les e\u0301pisodes du bref se\u0301jour de Monsieur Lavrov ont inspire\u0301 a\u0300 la presse locale les titres les plus ronflants. On en trouve [&hellip;]\" \/>\n<meta property=\"og:url\" content=\"https:\/\/www.africa-press.net\/mali\/politique\/serguei-lavrov-au-mali-et-ailleurs-sur-fond-dindifference-edifiante\" \/>\n<meta property=\"og:site_name\" content=\"Mali\" \/>\n<meta property=\"article:publisher\" content=\"https:\/\/www.facebook.com\/AfricaPressTunisiaa\" \/>\n<meta property=\"article:published_time\" content=\"2023-02-16T17:49:52+00:00\" \/>\n<meta name=\"author\" content=\"cfeditorfr\" \/>\n<meta name=\"twitter:card\" content=\"summary_large_image\" \/>\n<meta name=\"twitter:label1\" content=\"\u00c9crit par\" \/>\n\t<meta name=\"twitter:data1\" content=\"cfeditorfr\" \/>\n\t<meta name=\"twitter:label2\" content=\"Dur\u00e9e de lecture estim\u00e9e\" \/>\n\t<meta name=\"twitter:data2\" content=\"4 minutes\" \/>\n<script type=\"application\/ld+json\" class=\"yoast-schema-graph\">{\"@context\":\"https:\/\/schema.org\",\"@graph\":[{\"@type\":\"Article\",\"@id\":\"https:\/\/www.africa-press.net\/mali\/politique\/serguei-lavrov-au-mali-et-ailleurs-sur-fond-dindifference-edifiante#article\",\"isPartOf\":{\"@id\":\"https:\/\/www.africa-press.net\/mali\/politique\/serguei-lavrov-au-mali-et-ailleurs-sur-fond-dindifference-edifiante\"},\"author\":{\"name\":\"cfeditorfr\",\"@id\":\"https:\/\/www.africa-press.net\/mali\/#\/schema\/person\/2b1cf3cd81a31e3cd26889ca66d677f1\"},\"headline\":\"Sergue\u00ef Lavrov au Mali et ailleurs : Sur fond d\u2019indiff\u00e9rence \u00e9difiante\",\"datePublished\":\"2023-02-16T17:49:52+00:00\",\"mainEntityOfPage\":{\"@id\":\"https:\/\/www.africa-press.net\/mali\/politique\/serguei-lavrov-au-mali-et-ailleurs-sur-fond-dindifference-edifiante\"},\"wordCount\":739,\"commentCount\":0,\"image\":{\"@id\":\"https:\/\/www.africa-press.net\/mali\/politique\/serguei-lavrov-au-mali-et-ailleurs-sur-fond-dindifference-edifiante#primaryimage\"},\"thumbnailUrl\":\"https:\/\/static.africa-press.net\/mali\/sites\/21\/2023\/02\/postQueueImg_1676557208.49.jpg\",\"keywords\":[\"Africa Press\",\"Africa Press-Mali\",\"mali\"],\"articleSection\":[\"Politique\",\"Toutes les actualit\u00e9s\"],\"inLanguage\":\"fr-FR\",\"potentialAction\":[{\"@type\":\"CommentAction\",\"name\":\"Comment\",\"target\":[\"https:\/\/www.africa-press.net\/mali\/politique\/serguei-lavrov-au-mali-et-ailleurs-sur-fond-dindifference-edifiante#respond\"]}]},{\"@type\":\"WebPage\",\"@id\":\"https:\/\/www.africa-press.net\/mali\/politique\/serguei-lavrov-au-mali-et-ailleurs-sur-fond-dindifference-edifiante\",\"url\":\"https:\/\/www.africa-press.net\/mali\/politique\/serguei-lavrov-au-mali-et-ailleurs-sur-fond-dindifference-edifiante\",\"name\":\"Sergue\u00ef Lavrov au Mali et ailleurs : Sur fond d\u2019indiff\u00e9rence \u00e9difiante - Mali\",\"isPartOf\":{\"@id\":\"https:\/\/www.africa-press.net\/mali\/#website\"},\"primaryImageOfPage\":{\"@id\":\"https:\/\/www.africa-press.net\/mali\/politique\/serguei-lavrov-au-mali-et-ailleurs-sur-fond-dindifference-edifiante#primaryimage\"},\"image\":{\"@id\":\"https:\/\/www.africa-press.net\/mali\/politique\/serguei-lavrov-au-mali-et-ailleurs-sur-fond-dindifference-edifiante#primaryimage\"},\"thumbnailUrl\":\"https:\/\/static.africa-press.net\/mali\/sites\/21\/2023\/02\/postQueueImg_1676557208.49.jpg\",\"datePublished\":\"2023-02-16T17:49:52+00:00\",\"author\":{\"@id\":\"https:\/\/www.africa-press.net\/mali\/#\/schema\/person\/2b1cf3cd81a31e3cd26889ca66d677f1\"},\"breadcrumb\":{\"@id\":\"https:\/\/www.africa-press.net\/mali\/politique\/serguei-lavrov-au-mali-et-ailleurs-sur-fond-dindifference-edifiante#breadcrumb\"},\"inLanguage\":\"fr-FR\",\"potentialAction\":[{\"@type\":\"ReadAction\",\"target\":[\"https:\/\/www.africa-press.net\/mali\/politique\/serguei-lavrov-au-mali-et-ailleurs-sur-fond-dindifference-edifiante\"]}]},{\"@type\":\"ImageObject\",\"inLanguage\":\"fr-FR\",\"@id\":\"https:\/\/www.africa-press.net\/mali\/politique\/serguei-lavrov-au-mali-et-ailleurs-sur-fond-dindifference-edifiante#primaryimage\",\"url\":\"https:\/\/static.africa-press.net\/mali\/sites\/21\/2023\/02\/postQueueImg_1676557208.49.jpg\",\"contentUrl\":\"https:\/\/static.africa-press.net\/mali\/sites\/21\/2023\/02\/postQueueImg_1676557208.49.jpg\",\"width\":720,\"height\":480,\"caption\":\"Sergue\u00ef Lavrov au Mali et ailleurs : Sur fond d\u2019indiff\u00e9rence \u00e9difiante\"},{\"@type\":\"BreadcrumbList\",\"@id\":\"https:\/\/www.africa-press.net\/mali\/politique\/serguei-lavrov-au-mali-et-ailleurs-sur-fond-dindifference-edifiante#breadcrumb\",\"itemListElement\":[{\"@type\":\"ListItem\",\"position\":1,\"name\":\"Home\",\"item\":\"https:\/\/www.africa-press.net\/mali\/\"},{\"@type\":\"ListItem\",\"position\":2,\"name\":\"Sergue\u00ef Lavrov au Mali et ailleurs : Sur fond d\u2019indiff\u00e9rence \u00e9difiante\"}]},{\"@type\":\"WebSite\",\"@id\":\"https:\/\/www.africa-press.net\/mali\/#website\",\"url\":\"https:\/\/www.africa-press.net\/mali\/\",\"name\":\"Mali\",\"description\":\"Just another Africa News Agency Sites site\",\"potentialAction\":[{\"@type\":\"SearchAction\",\"target\":{\"@type\":\"EntryPoint\",\"urlTemplate\":\"https:\/\/www.africa-press.net\/mali\/?s={search_term_string}\"},\"query-input\":{\"@type\":\"PropertyValueSpecification\",\"valueRequired\":true,\"valueName\":\"search_term_string\"}}],\"inLanguage\":\"fr-FR\"},{\"@type\":\"Person\",\"@id\":\"https:\/\/www.africa-press.net\/mali\/#\/schema\/person\/2b1cf3cd81a31e3cd26889ca66d677f1\",\"name\":\"cfeditorfr\"}]}<\/script>\n<!-- \/ Yoast SEO Premium plugin. -->","yoast_head_json":{"title":"Sergue\u00ef Lavrov au Mali et ailleurs : Sur fond d\u2019indiff\u00e9rence \u00e9difiante - Mali","robots":{"index":"index","follow":"follow","max-snippet":"max-snippet:-1","max-image-preview":"max-image-preview:large","max-video-preview":"max-video-preview:-1"},"canonical":"https:\/\/www.africa-press.net\/mali\/politique\/serguei-lavrov-au-mali-et-ailleurs-sur-fond-dindifference-edifiante","og_locale":"fr_FR","og_type":"article","og_title":"Sergue\u00ef Lavrov au Mali et ailleurs : Sur fond d\u2019indiff\u00e9rence \u00e9difiante","og_description":"Africa-Press &#8211; Mali. La visite tant annonce\u0301e du ministre russe des Affaires E\u0301trange\u0300res en Afrique de l\u2019Ouest a ve\u0301cu. Elle n\u2019aura dure\u0301 cependant que le temps d\u2019un feu de paille au Mali ou\u0300 les e\u0301pisodes du bref se\u0301jour de Monsieur Lavrov ont inspire\u0301 a\u0300 la presse locale les titres les plus ronflants. On en trouve [&hellip;]","og_url":"https:\/\/www.africa-press.net\/mali\/politique\/serguei-lavrov-au-mali-et-ailleurs-sur-fond-dindifference-edifiante","og_site_name":"Mali","article_publisher":"https:\/\/www.facebook.com\/AfricaPressTunisiaa","article_published_time":"2023-02-16T17:49:52+00:00","author":"cfeditorfr","twitter_card":"summary_large_image","twitter_misc":{"\u00c9crit par":"cfeditorfr","Dur\u00e9e de lecture estim\u00e9e":"4 minutes"},"schema":{"@context":"https:\/\/schema.org","@graph":[{"@type":"Article","@id":"https:\/\/www.africa-press.net\/mali\/politique\/serguei-lavrov-au-mali-et-ailleurs-sur-fond-dindifference-edifiante#article","isPartOf":{"@id":"https:\/\/www.africa-press.net\/mali\/politique\/serguei-lavrov-au-mali-et-ailleurs-sur-fond-dindifference-edifiante"},"author":{"name":"cfeditorfr","@id":"https:\/\/www.africa-press.net\/mali\/#\/schema\/person\/2b1cf3cd81a31e3cd26889ca66d677f1"},"headline":"Sergue\u00ef Lavrov au Mali et ailleurs : Sur fond d\u2019indiff\u00e9rence \u00e9difiante","datePublished":"2023-02-16T17:49:52+00:00","mainEntityOfPage":{"@id":"https:\/\/www.africa-press.net\/mali\/politique\/serguei-lavrov-au-mali-et-ailleurs-sur-fond-dindifference-edifiante"},"wordCount":739,"commentCount":0,"image":{"@id":"https:\/\/www.africa-press.net\/mali\/politique\/serguei-lavrov-au-mali-et-ailleurs-sur-fond-dindifference-edifiante#primaryimage"},"thumbnailUrl":"https:\/\/static.africa-press.net\/mali\/sites\/21\/2023\/02\/postQueueImg_1676557208.49.jpg","keywords":["Africa Press","Africa Press-Mali","mali"],"articleSection":["Politique","Toutes les actualit\u00e9s"],"inLanguage":"fr-FR","potentialAction":[{"@type":"CommentAction","name":"Comment","target":["https:\/\/www.africa-press.net\/mali\/politique\/serguei-lavrov-au-mali-et-ailleurs-sur-fond-dindifference-edifiante#respond"]}]},{"@type":"WebPage","@id":"https:\/\/www.africa-press.net\/mali\/politique\/serguei-lavrov-au-mali-et-ailleurs-sur-fond-dindifference-edifiante","url":"https:\/\/www.africa-press.net\/mali\/politique\/serguei-lavrov-au-mali-et-ailleurs-sur-fond-dindifference-edifiante","name":"Sergue\u00ef Lavrov au Mali et ailleurs : Sur fond d\u2019indiff\u00e9rence \u00e9difiante - Mali","isPartOf":{"@id":"https:\/\/www.africa-press.net\/mali\/#website"},"primaryImageOfPage":{"@id":"https:\/\/www.africa-press.net\/mali\/politique\/serguei-lavrov-au-mali-et-ailleurs-sur-fond-dindifference-edifiante#primaryimage"},"image":{"@id":"https:\/\/www.africa-press.net\/mali\/politique\/serguei-lavrov-au-mali-et-ailleurs-sur-fond-dindifference-edifiante#primaryimage"},"thumbnailUrl":"https:\/\/static.africa-press.net\/mali\/sites\/21\/2023\/02\/postQueueImg_1676557208.49.jpg","datePublished":"2023-02-16T17:49:52+00:00","author":{"@id":"https:\/\/www.africa-press.net\/mali\/#\/schema\/person\/2b1cf3cd81a31e3cd26889ca66d677f1"},"breadcrumb":{"@id":"https:\/\/www.africa-press.net\/mali\/politique\/serguei-lavrov-au-mali-et-ailleurs-sur-fond-dindifference-edifiante#breadcrumb"},"inLanguage":"fr-FR","potentialAction":[{"@type":"ReadAction","target":["https:\/\/www.africa-press.net\/mali\/politique\/serguei-lavrov-au-mali-et-ailleurs-sur-fond-dindifference-edifiante"]}]},{"@type":"ImageObject","inLanguage":"fr-FR","@id":"https:\/\/www.africa-press.net\/mali\/politique\/serguei-lavrov-au-mali-et-ailleurs-sur-fond-dindifference-edifiante#primaryimage","url":"https:\/\/static.africa-press.net\/mali\/sites\/21\/2023\/02\/postQueueImg_1676557208.49.jpg","contentUrl":"https:\/\/static.africa-press.net\/mali\/sites\/21\/2023\/02\/postQueueImg_1676557208.49.jpg","width":720,"height":480,"caption":"Sergue\u00ef Lavrov au Mali et ailleurs : Sur fond d\u2019indiff\u00e9rence \u00e9difiante"},{"@type":"BreadcrumbList","@id":"https:\/\/www.africa-press.net\/mali\/politique\/serguei-lavrov-au-mali-et-ailleurs-sur-fond-dindifference-edifiante#breadcrumb","itemListElement":[{"@type":"ListItem","position":1,"name":"Home","item":"https:\/\/www.africa-press.net\/mali\/"},{"@type":"ListItem","position":2,"name":"Sergue\u00ef Lavrov au Mali et ailleurs : Sur fond d\u2019indiff\u00e9rence \u00e9difiante"}]},{"@type":"WebSite","@id":"https:\/\/www.africa-press.net\/mali\/#website","url":"https:\/\/www.africa-press.net\/mali\/","name":"Mali","description":"Just another Africa News Agency Sites site","potentialAction":[{"@type":"SearchAction","target":{"@type":"EntryPoint","urlTemplate":"https:\/\/www.africa-press.net\/mali\/?s={search_term_string}"},"query-input":{"@type":"PropertyValueSpecification","valueRequired":true,"valueName":"search_term_string"}}],"inLanguage":"fr-FR"},{"@type":"Person","@id":"https:\/\/www.africa-press.net\/mali\/#\/schema\/person\/2b1cf3cd81a31e3cd26889ca66d677f1","name":"cfeditorfr"}]}},"_links":{"self":[{"href":"https:\/\/www.africa-press.net\/mali\/wp-json\/wp\/v2\/posts\/30728","targetHints":{"allow":["GET"]}}],"collection":[{"href":"https:\/\/www.africa-press.net\/mali\/wp-json\/wp\/v2\/posts"}],"about":[{"href":"https:\/\/www.africa-press.net\/mali\/wp-json\/wp\/v2\/types\/post"}],"author":[{"embeddable":true,"href":"https:\/\/www.africa-press.net\/mali\/wp-json\/wp\/v2\/users\/82"}],"replies":[{"embeddable":true,"href":"https:\/\/www.africa-press.net\/mali\/wp-json\/wp\/v2\/comments?post=30728"}],"version-history":[{"count":0,"href":"https:\/\/www.africa-press.net\/mali\/wp-json\/wp\/v2\/posts\/30728\/revisions"}],"wp:featuredmedia":[{"embeddable":true,"href":"https:\/\/www.africa-press.net\/mali\/wp-json\/wp\/v2\/media\/30727"}],"wp:attachment":[{"href":"https:\/\/www.africa-press.net\/mali\/wp-json\/wp\/v2\/media?parent=30728"}],"wp:term":[{"taxonomy":"category","embeddable":true,"href":"https:\/\/www.africa-press.net\/mali\/wp-json\/wp\/v2\/categories?post=30728"},{"taxonomy":"post_tag","embeddable":true,"href":"https:\/\/www.africa-press.net\/mali\/wp-json\/wp\/v2\/tags?post=30728"}],"curies":[{"name":"wp","href":"https:\/\/api.w.org\/{rel}","templated":true}]}}