{"id":30732,"date":"2023-02-16T17:53:14","date_gmt":"2023-02-16T17:53:14","guid":{"rendered":"https:\/\/www.africa-press.net\/mali\/politique\/charte-dethique-et-des-valeurs-du-mali-le-mali-se-dote-dun-document-referentiel-authentique"},"modified":"2023-02-16T17:53:14","modified_gmt":"2023-02-16T17:53:14","slug":"charte-dethique-et-des-valeurs-du-mali-le-mali-se-dote-dun-document-referentiel-authentique","status":"publish","type":"post","link":"https:\/\/www.africa-press.net\/mali\/communaute\/charte-dethique-et-des-valeurs-du-mali-le-mali-se-dote-dun-document-referentiel-authentique","title":{"rendered":"Charte d\u2019\u00e9thique et des valeurs du Mali : Le Mali se dote d\u2019un document r\u00e9f\u00e9rentiel authentique"},"content":{"rendered":"<p><span style=\"color: #ff6600\"><strong>Africa-Press &#8211; Mali. <\/strong><\/span>Sous la conduite du ministre de l\u2019artisanat, de la culture, de l\u2019industrie ho\u0302telie\u0300re et du tourisme, Andogoly Guindo, le comite\u0301 de pilotage de la Charte d\u2019e\u0301thique et des valeurs du Mali s\u2019est re\u0301uni le lundi 13 fe\u0301vrier 2023 au Centre International de Confe\u0301rences de Bamako. Le document final valide\u0301 se fonde sur des valeurs et principes cardinaux du Mali d\u2019hier. Une re\u0301fe\u0301rence et une boussole pour le Mali nouveau.<\/p>\n<p>Depuis 2012, le Mali traverse une crise multidimensionnelle qui secoue le vivre ensemble, e\u0301branle la cohe\u0301sion sociale et fait faillir les instituions : l\u2019Etat, la famille, l\u2019e\u0301cole, la religion&#8230; Pour renverser cette spirale ge\u0302nante, le comite\u0301 de pilotage, investi de la ta\u0302che d\u2019e\u0301laborer la \u00ab charte d\u2019e\u0301thique et des valeurs du Mali \u00bb, revient avec le fruit de son travail. Il a peaufine\u0301 et finalise\u0301 \u00ab un document important pour le Mali \u00bb, selon le ministre de l\u2019artisanat, de la culture, de l\u2019industrie ho\u0302telie\u0300re et du tourisme, Andogoly Guindo.<\/p>\n<p>Se fondant sur les bases et les valeurs du Mali authentique, le comite\u0301 de pilotage, compose\u0301 d\u2019experts, d\u2019un comite\u0301 scientifique pre\u0301side\u0301 par Famagan-Oule\u0301 Konate\u0301, a valide\u0301 ladite charte qui servira de bre\u0301viaire et de socle pour le Malikoura. Avec la bienveillance du ministre Andogoly Guindo, le comite\u0301 a, apre\u0300s formulation de quelques recommandations, approuve\u0301 le document final.<\/p>\n<p>\u00ab Le pre\u0301sent document est le fruit d\u2019un travail minutieux et acharne\u0301 accompli par un comite\u0301 scientifique, pluridisciplinaire, sous l\u2019e\u0301gide du comite\u0301 de pilotage \u00bb, a souligne\u0301 le ministre Guindo. Confiant du contenu instructif de la charte, le ministre en charge de la culture rasssure que \u00ab le document sera verse\u0301 dans le syste\u0300me e\u0301ducatif malien \u00bb.<\/p>\n<p>Son e\u0301laboration a respecte\u0301 un ordre bien e\u0301tabli et harmonise\u0301, a appuye\u0301 pour sa part le pre\u0301sident du comite\u0301 de pilotage, a\u0300 travers notamment, la re\u0301alisation d\u2019une enque\u0302te quantitative sur un e\u0301chantillon national de 480 citoyens, dont 50% de femmes. La re\u0301alisation d\u2019une enque\u0302te qualitative sur un e\u0301chantillon de 60 repre\u0301sentants des diffe\u0301rentes aires culturelles du Mali.<\/p>\n<p>\u00ab L\u2019enque\u0302te quantitative a re\u0301ve\u0301le\u0301 que les 480 citoyens interroge\u0301s approuvent les valeurs inscrites dans la charte, dans une proportion de 70% a\u0300 100% \u00bb, a re\u0301ve\u0301le\u0301 le pre\u0301sident du comite\u0301 de pilotage, Famagan-Oule\u0301 Konate\u0301. Et de poursuivre : \u00ab la me\u0302me enque\u0302te conclut que la culture malienne, les traditions et coutumes des communaute\u0301s regorgent de nombreuses valeurs positives qu\u2019il suffit de revisiter \u00bb.<\/p>\n<p>Cette charte prend en compte plusieurs aspects importants, a\u0300 savoir la codification des normes, mode\u0300les et syste\u0300mes devant re\u0301gir la vie de la socie\u0301te\u0301, la reconnaissance de l\u2019autorite\u0301 parentale et de la socie\u0301te\u0301, entre autres.<\/p>\n<p><strong>Pour plus d&rsquo;informations et d&rsquo;analyses sur la <a href=\"https:\/\/www.africa-press.net\/mali\">Mali<\/a>, suivez <a href=\"https:\/\/www.africa-press.net\/\">Africa-Press<\/a><\/strong><\/p>\n","protected":false},"excerpt":{"rendered":"<p>Africa-Press &#8211; Mali. Sous la conduite du ministre de l\u2019artisanat, de la culture, de l\u2019industrie ho\u0302telie\u0300re et du tourisme, Andogoly Guindo, le comite\u0301 de pilotage de la Charte d\u2019e\u0301thique et des valeurs du Mali s\u2019est re\u0301uni le lundi 13 fe\u0301vrier 2023 au Centre International de Confe\u0301rences de Bamako. Le document final valide\u0301 se fonde sur [&hellip;]<\/p>\n","protected":false},"author":82,"featured_media":30731,"comment_status":"open","ping_status":"closed","sticky":false,"template":"","format":"standard","meta":{"footnotes":""},"categories":[4,17],"tags":[76,86,19],"class_list":["post-30732","post","type-post","status-publish","format-standard","has-post-thumbnail","hentry","category-communaute","category-toutes-les-actualites","tag-africa-press","tag-africa-press-mali","tag-mali"],"yoast_head":"<!-- This site is optimized with the Yoast SEO Premium plugin v26.1 (Yoast SEO v27.0) - https:\/\/yoast.com\/product\/yoast-seo-premium-wordpress\/ -->\n<title>Charte d\u2019\u00e9thique et des valeurs du Mali : Le Mali se dote d\u2019un document r\u00e9f\u00e9rentiel authentique - Mali<\/title>\n<meta name=\"robots\" content=\"index, follow, max-snippet:-1, max-image-preview:large, max-video-preview:-1\" \/>\n<link rel=\"canonical\" href=\"https:\/\/www.africa-press.net\/mali\/politique\/charte-dethique-et-des-valeurs-du-mali-le-mali-se-dote-dun-document-referentiel-authentique\" \/>\n<meta property=\"og:locale\" content=\"fr_FR\" \/>\n<meta property=\"og:type\" content=\"article\" \/>\n<meta property=\"og:title\" content=\"Charte d\u2019\u00e9thique et des valeurs du Mali : Le Mali se dote d\u2019un document r\u00e9f\u00e9rentiel authentique\" \/>\n<meta property=\"og:description\" content=\"Africa-Press &#8211; Mali. Sous la conduite du ministre de l\u2019artisanat, de la culture, de l\u2019industrie ho\u0302telie\u0300re et du tourisme, Andogoly Guindo, le comite\u0301 de pilotage de la Charte d\u2019e\u0301thique et des valeurs du Mali s\u2019est re\u0301uni le lundi 13 fe\u0301vrier 2023 au Centre International de Confe\u0301rences de Bamako. Le document final valide\u0301 se fonde sur [&hellip;]\" \/>\n<meta property=\"og:url\" content=\"https:\/\/www.africa-press.net\/mali\/politique\/charte-dethique-et-des-valeurs-du-mali-le-mali-se-dote-dun-document-referentiel-authentique\" \/>\n<meta property=\"og:site_name\" content=\"Mali\" \/>\n<meta property=\"article:publisher\" content=\"https:\/\/www.facebook.com\/AfricaPressTunisiaa\" \/>\n<meta property=\"article:published_time\" content=\"2023-02-16T17:53:14+00:00\" \/>\n<meta name=\"author\" content=\"cfeditorfr\" \/>\n<meta name=\"twitter:card\" content=\"summary_large_image\" \/>\n<meta name=\"twitter:label1\" content=\"\u00c9crit par\" \/>\n\t<meta name=\"twitter:data1\" content=\"cfeditorfr\" \/>\n\t<meta name=\"twitter:label2\" content=\"Dur\u00e9e de lecture estim\u00e9e\" \/>\n\t<meta name=\"twitter:data2\" content=\"2 minutes\" \/>\n<script type=\"application\/ld+json\" class=\"yoast-schema-graph\">{\"@context\":\"https:\/\/schema.org\",\"@graph\":[{\"@type\":\"Article\",\"@id\":\"https:\/\/www.africa-press.net\/mali\/politique\/charte-dethique-et-des-valeurs-du-mali-le-mali-se-dote-dun-document-referentiel-authentique#article\",\"isPartOf\":{\"@id\":\"https:\/\/www.africa-press.net\/mali\/politique\/charte-dethique-et-des-valeurs-du-mali-le-mali-se-dote-dun-document-referentiel-authentique\"},\"author\":{\"name\":\"cfeditorfr\",\"@id\":\"https:\/\/www.africa-press.net\/mali\/#\/schema\/person\/2b1cf3cd81a31e3cd26889ca66d677f1\"},\"headline\":\"Charte d\u2019\u00e9thique et des valeurs du Mali : Le Mali se dote d\u2019un document r\u00e9f\u00e9rentiel authentique\",\"datePublished\":\"2023-02-16T17:53:14+00:00\",\"mainEntityOfPage\":{\"@id\":\"https:\/\/www.africa-press.net\/mali\/politique\/charte-dethique-et-des-valeurs-du-mali-le-mali-se-dote-dun-document-referentiel-authentique\"},\"wordCount\":509,\"commentCount\":0,\"image\":{\"@id\":\"https:\/\/www.africa-press.net\/mali\/politique\/charte-dethique-et-des-valeurs-du-mali-le-mali-se-dote-dun-document-referentiel-authentique#primaryimage\"},\"thumbnailUrl\":\"https:\/\/static.africa-press.net\/mali\/sites\/21\/2023\/02\/postQueueImg_1676557415.66.jpg\",\"keywords\":[\"Africa Press\",\"Africa Press-Mali\",\"mali\"],\"articleSection\":[\"Communaut\u00e9\",\"Toutes les actualit\u00e9s\"],\"inLanguage\":\"fr-FR\",\"potentialAction\":[{\"@type\":\"CommentAction\",\"name\":\"Comment\",\"target\":[\"https:\/\/www.africa-press.net\/mali\/politique\/charte-dethique-et-des-valeurs-du-mali-le-mali-se-dote-dun-document-referentiel-authentique#respond\"]}]},{\"@type\":\"WebPage\",\"@id\":\"https:\/\/www.africa-press.net\/mali\/politique\/charte-dethique-et-des-valeurs-du-mali-le-mali-se-dote-dun-document-referentiel-authentique\",\"url\":\"https:\/\/www.africa-press.net\/mali\/politique\/charte-dethique-et-des-valeurs-du-mali-le-mali-se-dote-dun-document-referentiel-authentique\",\"name\":\"Charte d\u2019\u00e9thique et des valeurs du Mali : Le Mali se dote d\u2019un document r\u00e9f\u00e9rentiel authentique - Mali\",\"isPartOf\":{\"@id\":\"https:\/\/www.africa-press.net\/mali\/#website\"},\"primaryImageOfPage\":{\"@id\":\"https:\/\/www.africa-press.net\/mali\/politique\/charte-dethique-et-des-valeurs-du-mali-le-mali-se-dote-dun-document-referentiel-authentique#primaryimage\"},\"image\":{\"@id\":\"https:\/\/www.africa-press.net\/mali\/politique\/charte-dethique-et-des-valeurs-du-mali-le-mali-se-dote-dun-document-referentiel-authentique#primaryimage\"},\"thumbnailUrl\":\"https:\/\/static.africa-press.net\/mali\/sites\/21\/2023\/02\/postQueueImg_1676557415.66.jpg\",\"datePublished\":\"2023-02-16T17:53:14+00:00\",\"author\":{\"@id\":\"https:\/\/www.africa-press.net\/mali\/#\/schema\/person\/2b1cf3cd81a31e3cd26889ca66d677f1\"},\"breadcrumb\":{\"@id\":\"https:\/\/www.africa-press.net\/mali\/politique\/charte-dethique-et-des-valeurs-du-mali-le-mali-se-dote-dun-document-referentiel-authentique#breadcrumb\"},\"inLanguage\":\"fr-FR\",\"potentialAction\":[{\"@type\":\"ReadAction\",\"target\":[\"https:\/\/www.africa-press.net\/mali\/politique\/charte-dethique-et-des-valeurs-du-mali-le-mali-se-dote-dun-document-referentiel-authentique\"]}]},{\"@type\":\"ImageObject\",\"inLanguage\":\"fr-FR\",\"@id\":\"https:\/\/www.africa-press.net\/mali\/politique\/charte-dethique-et-des-valeurs-du-mali-le-mali-se-dote-dun-document-referentiel-authentique#primaryimage\",\"url\":\"https:\/\/static.africa-press.net\/mali\/sites\/21\/2023\/02\/postQueueImg_1676557415.66.jpg\",\"contentUrl\":\"https:\/\/static.africa-press.net\/mali\/sites\/21\/2023\/02\/postQueueImg_1676557415.66.jpg\",\"width\":720,\"height\":360,\"caption\":\"Charte d\u2019\u00e9thique et des valeurs du Mali : Le Mali se dote d\u2019un document r\u00e9f\u00e9rentiel authentique\"},{\"@type\":\"BreadcrumbList\",\"@id\":\"https:\/\/www.africa-press.net\/mali\/politique\/charte-dethique-et-des-valeurs-du-mali-le-mali-se-dote-dun-document-referentiel-authentique#breadcrumb\",\"itemListElement\":[{\"@type\":\"ListItem\",\"position\":1,\"name\":\"Home\",\"item\":\"https:\/\/www.africa-press.net\/mali\/\"},{\"@type\":\"ListItem\",\"position\":2,\"name\":\"Charte d\u2019\u00e9thique et des valeurs du Mali : Le Mali se dote d\u2019un document r\u00e9f\u00e9rentiel authentique\"}]},{\"@type\":\"WebSite\",\"@id\":\"https:\/\/www.africa-press.net\/mali\/#website\",\"url\":\"https:\/\/www.africa-press.net\/mali\/\",\"name\":\"Mali\",\"description\":\"Just another Africa News Agency Sites site\",\"potentialAction\":[{\"@type\":\"SearchAction\",\"target\":{\"@type\":\"EntryPoint\",\"urlTemplate\":\"https:\/\/www.africa-press.net\/mali\/?s={search_term_string}\"},\"query-input\":{\"@type\":\"PropertyValueSpecification\",\"valueRequired\":true,\"valueName\":\"search_term_string\"}}],\"inLanguage\":\"fr-FR\"},{\"@type\":\"Person\",\"@id\":\"https:\/\/www.africa-press.net\/mali\/#\/schema\/person\/2b1cf3cd81a31e3cd26889ca66d677f1\",\"name\":\"cfeditorfr\"}]}<\/script>\n<!-- \/ Yoast SEO Premium plugin. -->","yoast_head_json":{"title":"Charte d\u2019\u00e9thique et des valeurs du Mali : Le Mali se dote d\u2019un document r\u00e9f\u00e9rentiel authentique - Mali","robots":{"index":"index","follow":"follow","max-snippet":"max-snippet:-1","max-image-preview":"max-image-preview:large","max-video-preview":"max-video-preview:-1"},"canonical":"https:\/\/www.africa-press.net\/mali\/politique\/charte-dethique-et-des-valeurs-du-mali-le-mali-se-dote-dun-document-referentiel-authentique","og_locale":"fr_FR","og_type":"article","og_title":"Charte d\u2019\u00e9thique et des valeurs du Mali : Le Mali se dote d\u2019un document r\u00e9f\u00e9rentiel authentique","og_description":"Africa-Press &#8211; Mali. Sous la conduite du ministre de l\u2019artisanat, de la culture, de l\u2019industrie ho\u0302telie\u0300re et du tourisme, Andogoly Guindo, le comite\u0301 de pilotage de la Charte d\u2019e\u0301thique et des valeurs du Mali s\u2019est re\u0301uni le lundi 13 fe\u0301vrier 2023 au Centre International de Confe\u0301rences de Bamako. Le document final valide\u0301 se fonde sur [&hellip;]","og_url":"https:\/\/www.africa-press.net\/mali\/politique\/charte-dethique-et-des-valeurs-du-mali-le-mali-se-dote-dun-document-referentiel-authentique","og_site_name":"Mali","article_publisher":"https:\/\/www.facebook.com\/AfricaPressTunisiaa","article_published_time":"2023-02-16T17:53:14+00:00","author":"cfeditorfr","twitter_card":"summary_large_image","twitter_misc":{"\u00c9crit par":"cfeditorfr","Dur\u00e9e de lecture estim\u00e9e":"2 minutes"},"schema":{"@context":"https:\/\/schema.org","@graph":[{"@type":"Article","@id":"https:\/\/www.africa-press.net\/mali\/politique\/charte-dethique-et-des-valeurs-du-mali-le-mali-se-dote-dun-document-referentiel-authentique#article","isPartOf":{"@id":"https:\/\/www.africa-press.net\/mali\/politique\/charte-dethique-et-des-valeurs-du-mali-le-mali-se-dote-dun-document-referentiel-authentique"},"author":{"name":"cfeditorfr","@id":"https:\/\/www.africa-press.net\/mali\/#\/schema\/person\/2b1cf3cd81a31e3cd26889ca66d677f1"},"headline":"Charte d\u2019\u00e9thique et des valeurs du Mali : Le Mali se dote d\u2019un document r\u00e9f\u00e9rentiel authentique","datePublished":"2023-02-16T17:53:14+00:00","mainEntityOfPage":{"@id":"https:\/\/www.africa-press.net\/mali\/politique\/charte-dethique-et-des-valeurs-du-mali-le-mali-se-dote-dun-document-referentiel-authentique"},"wordCount":509,"commentCount":0,"image":{"@id":"https:\/\/www.africa-press.net\/mali\/politique\/charte-dethique-et-des-valeurs-du-mali-le-mali-se-dote-dun-document-referentiel-authentique#primaryimage"},"thumbnailUrl":"https:\/\/static.africa-press.net\/mali\/sites\/21\/2023\/02\/postQueueImg_1676557415.66.jpg","keywords":["Africa Press","Africa Press-Mali","mali"],"articleSection":["Communaut\u00e9","Toutes les actualit\u00e9s"],"inLanguage":"fr-FR","potentialAction":[{"@type":"CommentAction","name":"Comment","target":["https:\/\/www.africa-press.net\/mali\/politique\/charte-dethique-et-des-valeurs-du-mali-le-mali-se-dote-dun-document-referentiel-authentique#respond"]}]},{"@type":"WebPage","@id":"https:\/\/www.africa-press.net\/mali\/politique\/charte-dethique-et-des-valeurs-du-mali-le-mali-se-dote-dun-document-referentiel-authentique","url":"https:\/\/www.africa-press.net\/mali\/politique\/charte-dethique-et-des-valeurs-du-mali-le-mali-se-dote-dun-document-referentiel-authentique","name":"Charte d\u2019\u00e9thique et des valeurs du Mali : Le Mali se dote d\u2019un document r\u00e9f\u00e9rentiel authentique - Mali","isPartOf":{"@id":"https:\/\/www.africa-press.net\/mali\/#website"},"primaryImageOfPage":{"@id":"https:\/\/www.africa-press.net\/mali\/politique\/charte-dethique-et-des-valeurs-du-mali-le-mali-se-dote-dun-document-referentiel-authentique#primaryimage"},"image":{"@id":"https:\/\/www.africa-press.net\/mali\/politique\/charte-dethique-et-des-valeurs-du-mali-le-mali-se-dote-dun-document-referentiel-authentique#primaryimage"},"thumbnailUrl":"https:\/\/static.africa-press.net\/mali\/sites\/21\/2023\/02\/postQueueImg_1676557415.66.jpg","datePublished":"2023-02-16T17:53:14+00:00","author":{"@id":"https:\/\/www.africa-press.net\/mali\/#\/schema\/person\/2b1cf3cd81a31e3cd26889ca66d677f1"},"breadcrumb":{"@id":"https:\/\/www.africa-press.net\/mali\/politique\/charte-dethique-et-des-valeurs-du-mali-le-mali-se-dote-dun-document-referentiel-authentique#breadcrumb"},"inLanguage":"fr-FR","potentialAction":[{"@type":"ReadAction","target":["https:\/\/www.africa-press.net\/mali\/politique\/charte-dethique-et-des-valeurs-du-mali-le-mali-se-dote-dun-document-referentiel-authentique"]}]},{"@type":"ImageObject","inLanguage":"fr-FR","@id":"https:\/\/www.africa-press.net\/mali\/politique\/charte-dethique-et-des-valeurs-du-mali-le-mali-se-dote-dun-document-referentiel-authentique#primaryimage","url":"https:\/\/static.africa-press.net\/mali\/sites\/21\/2023\/02\/postQueueImg_1676557415.66.jpg","contentUrl":"https:\/\/static.africa-press.net\/mali\/sites\/21\/2023\/02\/postQueueImg_1676557415.66.jpg","width":720,"height":360,"caption":"Charte d\u2019\u00e9thique et des valeurs du Mali : Le Mali se dote d\u2019un document r\u00e9f\u00e9rentiel authentique"},{"@type":"BreadcrumbList","@id":"https:\/\/www.africa-press.net\/mali\/politique\/charte-dethique-et-des-valeurs-du-mali-le-mali-se-dote-dun-document-referentiel-authentique#breadcrumb","itemListElement":[{"@type":"ListItem","position":1,"name":"Home","item":"https:\/\/www.africa-press.net\/mali\/"},{"@type":"ListItem","position":2,"name":"Charte d\u2019\u00e9thique et des valeurs du Mali : Le Mali se dote d\u2019un document r\u00e9f\u00e9rentiel authentique"}]},{"@type":"WebSite","@id":"https:\/\/www.africa-press.net\/mali\/#website","url":"https:\/\/www.africa-press.net\/mali\/","name":"Mali","description":"Just another Africa News Agency Sites site","potentialAction":[{"@type":"SearchAction","target":{"@type":"EntryPoint","urlTemplate":"https:\/\/www.africa-press.net\/mali\/?s={search_term_string}"},"query-input":{"@type":"PropertyValueSpecification","valueRequired":true,"valueName":"search_term_string"}}],"inLanguage":"fr-FR"},{"@type":"Person","@id":"https:\/\/www.africa-press.net\/mali\/#\/schema\/person\/2b1cf3cd81a31e3cd26889ca66d677f1","name":"cfeditorfr"}]}},"_links":{"self":[{"href":"https:\/\/www.africa-press.net\/mali\/wp-json\/wp\/v2\/posts\/30732","targetHints":{"allow":["GET"]}}],"collection":[{"href":"https:\/\/www.africa-press.net\/mali\/wp-json\/wp\/v2\/posts"}],"about":[{"href":"https:\/\/www.africa-press.net\/mali\/wp-json\/wp\/v2\/types\/post"}],"author":[{"embeddable":true,"href":"https:\/\/www.africa-press.net\/mali\/wp-json\/wp\/v2\/users\/82"}],"replies":[{"embeddable":true,"href":"https:\/\/www.africa-press.net\/mali\/wp-json\/wp\/v2\/comments?post=30732"}],"version-history":[{"count":0,"href":"https:\/\/www.africa-press.net\/mali\/wp-json\/wp\/v2\/posts\/30732\/revisions"}],"wp:featuredmedia":[{"embeddable":true,"href":"https:\/\/www.africa-press.net\/mali\/wp-json\/wp\/v2\/media\/30731"}],"wp:attachment":[{"href":"https:\/\/www.africa-press.net\/mali\/wp-json\/wp\/v2\/media?parent=30732"}],"wp:term":[{"taxonomy":"category","embeddable":true,"href":"https:\/\/www.africa-press.net\/mali\/wp-json\/wp\/v2\/categories?post=30732"},{"taxonomy":"post_tag","embeddable":true,"href":"https:\/\/www.africa-press.net\/mali\/wp-json\/wp\/v2\/tags?post=30732"}],"curies":[{"name":"wp","href":"https:\/\/api.w.org\/{rel}","templated":true}]}}