{"id":30737,"date":"2023-02-16T18:04:13","date_gmt":"2023-02-16T18:04:13","guid":{"rendered":"https:\/\/www.africa-press.net\/mali\/politique\/nouvel-an-le-colonel-assimi-goita-rappelle-aux-diplomates-les-principes-fondamentaux-du-partenariat-avec-le-mali"},"modified":"2023-02-16T18:04:13","modified_gmt":"2023-02-16T18:04:13","slug":"nouvel-an-le-colonel-assimi-goita-rappelle-aux-diplomates-les-principes-fondamentaux-du-partenariat-avec-le-mali","status":"publish","type":"post","link":"https:\/\/www.africa-press.net\/mali\/politique\/nouvel-an-le-colonel-assimi-goita-rappelle-aux-diplomates-les-principes-fondamentaux-du-partenariat-avec-le-mali","title":{"rendered":"Nouvel An : Le Colonel Assimi Go\u00efta rappelle aux diplomates les principes fondamentaux du partenariat avec le Mali"},"content":{"rendered":"<p><span style=\"color: #ff6600\"><strong>Africa-Press &#8211; Mali. <\/strong><\/span>Le pre\u0301sident Assimi Goi\u0308ta a rec\u0327u les v\u0153ux du nouvel an du Corps diplomatique accre\u0301dite\u0301 aupre\u0300s de la Re\u0301publique du Mali jeudi dernier (9 fe\u0301vrier 2023). Une belle occasion mise a\u0300 profit pour e\u0301valuer la situation sociopolitique et se\u0301curitaire du pays.<\/p>\n<p>Le doyen du Corps diplomatique a salue\u0301 le retour progressif de la se\u0301curite\u0301 au Mali ainsi que les progre\u0300s re\u0301alise\u0301s dans le cadre de la relance e\u0301conomique et de la protection sociale sans oublier les progre\u0300s enregistre\u0301s en matie\u0300re de re\u0301formes politiques et institutionnelles.<\/p>\n<p>Quant au Colonel Assimi Goi\u0308ta, il a abonde\u0301 dans le sens du constat du Corps diplomatique en rappelant que la lutte contre le terrorisme ne\u0301cessite des efforts convergents, y compris de la communaute\u0301 internationale. C\u2019est pourquoi, a-t-il martele\u0301, \u00ab dans cette action commune, le Mali demeure de\u0301termine\u0301 a\u0300 honorer sa part, toute sa part de l\u2019effort collectif afin de re\u0301duire la menace des attaques terroristes et obscurantistes \u00bb.<\/p>\n<p>Le pre\u0301sident de la Transition n\u2019a pas manque\u0301 de rappeler aux diplomates l\u2019attachement du Mali a\u0300 sa souverainete\u0301, a\u0300 travers notamment les trois principes qui guident de\u0301sormais l\u2019action publique dans notre pays. Il s\u2019agit du respect de la souverainete\u0301 du Mali, du respect de ses choix strate\u0301giques et du choix de ses partenaires et la prise en compte des inte\u0301re\u0302ts vitaux du peuple malien dans les de\u0301cisions prises.<\/p>\n<p>\u00ab L\u2019anne\u0301e 2023 sera celle de la consolidation des acquis politiques et institutionnels enregistre\u0301s durant la pre\u0301ce\u0301dente \u00bb, a-t-il assure\u0301 en invitant les ambassadeurs accre\u0301dite\u0301s aupre\u0300s de la Re\u0301publique du Mali a\u0300 \u00ab davantage de compre\u0301hension et de soutien face au v\u0153u ardent de changement du peuple malien, de\u0301sormais porte\u0301 par le vent de la souverainete\u0301 retrouve\u0301e et a\u0300 laquelle il accorde une importance de premier plan \u00bb !<\/p>\n<p><strong>Pour plus d&rsquo;informations et d&rsquo;analyses sur la <a href=\"https:\/\/www.africa-press.net\/mali\">Mali<\/a>, suivez <a href=\"https:\/\/www.africa-press.net\/\">Africa-Press<\/a><\/strong><\/p>\n","protected":false},"excerpt":{"rendered":"<p>Africa-Press &#8211; Mali. Le pre\u0301sident Assimi Goi\u0308ta a rec\u0327u les v\u0153ux du nouvel an du Corps diplomatique accre\u0301dite\u0301 aupre\u0300s de la Re\u0301publique du Mali jeudi dernier (9 fe\u0301vrier 2023). Une belle occasion mise a\u0300 profit pour e\u0301valuer la situation sociopolitique et se\u0301curitaire du pays. Le doyen du Corps diplomatique a salue\u0301 le retour progressif de [&hellip;]<\/p>\n","protected":false},"author":82,"featured_media":30736,"comment_status":"open","ping_status":"closed","sticky":false,"template":"","format":"standard","meta":{"footnotes":""},"categories":[7,17],"tags":[76,86,19],"class_list":["post-30737","post","type-post","status-publish","format-standard","has-post-thumbnail","hentry","category-politique","category-toutes-les-actualites","tag-africa-press","tag-africa-press-mali","tag-mali"],"yoast_head":"<!-- This site is optimized with the Yoast SEO Premium plugin v26.1 (Yoast SEO v27.0) - https:\/\/yoast.com\/product\/yoast-seo-premium-wordpress\/ -->\n<title>Nouvel An : Le Colonel Assimi Go\u00efta rappelle aux diplomates les principes fondamentaux du partenariat avec le Mali - Mali<\/title>\n<meta name=\"robots\" content=\"index, follow, max-snippet:-1, max-image-preview:large, max-video-preview:-1\" \/>\n<link rel=\"canonical\" href=\"https:\/\/www.africa-press.net\/mali\/politique\/nouvel-an-le-colonel-assimi-goita-rappelle-aux-diplomates-les-principes-fondamentaux-du-partenariat-avec-le-mali\" \/>\n<meta property=\"og:locale\" content=\"fr_FR\" \/>\n<meta property=\"og:type\" content=\"article\" \/>\n<meta property=\"og:title\" content=\"Nouvel An : Le Colonel Assimi Go\u00efta rappelle aux diplomates les principes fondamentaux du partenariat avec le Mali\" \/>\n<meta property=\"og:description\" content=\"Africa-Press &#8211; Mali. Le pre\u0301sident Assimi Goi\u0308ta a rec\u0327u les v\u0153ux du nouvel an du Corps diplomatique accre\u0301dite\u0301 aupre\u0300s de la Re\u0301publique du Mali jeudi dernier (9 fe\u0301vrier 2023). Une belle occasion mise a\u0300 profit pour e\u0301valuer la situation sociopolitique et se\u0301curitaire du pays. Le doyen du Corps diplomatique a salue\u0301 le retour progressif de [&hellip;]\" \/>\n<meta property=\"og:url\" content=\"https:\/\/www.africa-press.net\/mali\/politique\/nouvel-an-le-colonel-assimi-goita-rappelle-aux-diplomates-les-principes-fondamentaux-du-partenariat-avec-le-mali\" \/>\n<meta property=\"og:site_name\" content=\"Mali\" \/>\n<meta property=\"article:publisher\" content=\"https:\/\/www.facebook.com\/AfricaPressTunisiaa\" \/>\n<meta property=\"article:published_time\" content=\"2023-02-16T18:04:13+00:00\" \/>\n<meta name=\"author\" content=\"cfeditorfr\" \/>\n<meta name=\"twitter:card\" content=\"summary_large_image\" \/>\n<meta name=\"twitter:label1\" content=\"\u00c9crit par\" \/>\n\t<meta name=\"twitter:data1\" content=\"cfeditorfr\" \/>\n\t<meta name=\"twitter:label2\" content=\"Dur\u00e9e de lecture estim\u00e9e\" \/>\n\t<meta name=\"twitter:data2\" content=\"2 minutes\" \/>\n<script type=\"application\/ld+json\" class=\"yoast-schema-graph\">{\"@context\":\"https:\/\/schema.org\",\"@graph\":[{\"@type\":\"Article\",\"@id\":\"https:\/\/www.africa-press.net\/mali\/politique\/nouvel-an-le-colonel-assimi-goita-rappelle-aux-diplomates-les-principes-fondamentaux-du-partenariat-avec-le-mali#article\",\"isPartOf\":{\"@id\":\"https:\/\/www.africa-press.net\/mali\/politique\/nouvel-an-le-colonel-assimi-goita-rappelle-aux-diplomates-les-principes-fondamentaux-du-partenariat-avec-le-mali\"},\"author\":{\"name\":\"cfeditorfr\",\"@id\":\"https:\/\/www.africa-press.net\/mali\/#\/schema\/person\/2b1cf3cd81a31e3cd26889ca66d677f1\"},\"headline\":\"Nouvel An : Le Colonel Assimi Go\u00efta rappelle aux diplomates les principes fondamentaux du partenariat avec le Mali\",\"datePublished\":\"2023-02-16T18:04:13+00:00\",\"mainEntityOfPage\":{\"@id\":\"https:\/\/www.africa-press.net\/mali\/politique\/nouvel-an-le-colonel-assimi-goita-rappelle-aux-diplomates-les-principes-fondamentaux-du-partenariat-avec-le-mali\"},\"wordCount\":361,\"commentCount\":0,\"image\":{\"@id\":\"https:\/\/www.africa-press.net\/mali\/politique\/nouvel-an-le-colonel-assimi-goita-rappelle-aux-diplomates-les-principes-fondamentaux-du-partenariat-avec-le-mali#primaryimage\"},\"thumbnailUrl\":\"https:\/\/static.africa-press.net\/mali\/sites\/21\/2023\/02\/postQueueImg_1676558061.42.jpg\",\"keywords\":[\"Africa Press\",\"Africa Press-Mali\",\"mali\"],\"articleSection\":[\"Politique\",\"Toutes les actualit\u00e9s\"],\"inLanguage\":\"fr-FR\",\"potentialAction\":[{\"@type\":\"CommentAction\",\"name\":\"Comment\",\"target\":[\"https:\/\/www.africa-press.net\/mali\/politique\/nouvel-an-le-colonel-assimi-goita-rappelle-aux-diplomates-les-principes-fondamentaux-du-partenariat-avec-le-mali#respond\"]}]},{\"@type\":\"WebPage\",\"@id\":\"https:\/\/www.africa-press.net\/mali\/politique\/nouvel-an-le-colonel-assimi-goita-rappelle-aux-diplomates-les-principes-fondamentaux-du-partenariat-avec-le-mali\",\"url\":\"https:\/\/www.africa-press.net\/mali\/politique\/nouvel-an-le-colonel-assimi-goita-rappelle-aux-diplomates-les-principes-fondamentaux-du-partenariat-avec-le-mali\",\"name\":\"Nouvel An : Le Colonel Assimi Go\u00efta rappelle aux diplomates les principes fondamentaux du partenariat avec le Mali - Mali\",\"isPartOf\":{\"@id\":\"https:\/\/www.africa-press.net\/mali\/#website\"},\"primaryImageOfPage\":{\"@id\":\"https:\/\/www.africa-press.net\/mali\/politique\/nouvel-an-le-colonel-assimi-goita-rappelle-aux-diplomates-les-principes-fondamentaux-du-partenariat-avec-le-mali#primaryimage\"},\"image\":{\"@id\":\"https:\/\/www.africa-press.net\/mali\/politique\/nouvel-an-le-colonel-assimi-goita-rappelle-aux-diplomates-les-principes-fondamentaux-du-partenariat-avec-le-mali#primaryimage\"},\"thumbnailUrl\":\"https:\/\/static.africa-press.net\/mali\/sites\/21\/2023\/02\/postQueueImg_1676558061.42.jpg\",\"datePublished\":\"2023-02-16T18:04:13+00:00\",\"author\":{\"@id\":\"https:\/\/www.africa-press.net\/mali\/#\/schema\/person\/2b1cf3cd81a31e3cd26889ca66d677f1\"},\"breadcrumb\":{\"@id\":\"https:\/\/www.africa-press.net\/mali\/politique\/nouvel-an-le-colonel-assimi-goita-rappelle-aux-diplomates-les-principes-fondamentaux-du-partenariat-avec-le-mali#breadcrumb\"},\"inLanguage\":\"fr-FR\",\"potentialAction\":[{\"@type\":\"ReadAction\",\"target\":[\"https:\/\/www.africa-press.net\/mali\/politique\/nouvel-an-le-colonel-assimi-goita-rappelle-aux-diplomates-les-principes-fondamentaux-du-partenariat-avec-le-mali\"]}]},{\"@type\":\"ImageObject\",\"inLanguage\":\"fr-FR\",\"@id\":\"https:\/\/www.africa-press.net\/mali\/politique\/nouvel-an-le-colonel-assimi-goita-rappelle-aux-diplomates-les-principes-fondamentaux-du-partenariat-avec-le-mali#primaryimage\",\"url\":\"https:\/\/static.africa-press.net\/mali\/sites\/21\/2023\/02\/postQueueImg_1676558061.42.jpg\",\"contentUrl\":\"https:\/\/static.africa-press.net\/mali\/sites\/21\/2023\/02\/postQueueImg_1676558061.42.jpg\",\"width\":720,\"height\":479,\"caption\":\"Nouvel An : Le Colonel Assimi Go\u00efta rappelle aux diplomates les principes fondamentaux du partenariat avec le Mali\"},{\"@type\":\"BreadcrumbList\",\"@id\":\"https:\/\/www.africa-press.net\/mali\/politique\/nouvel-an-le-colonel-assimi-goita-rappelle-aux-diplomates-les-principes-fondamentaux-du-partenariat-avec-le-mali#breadcrumb\",\"itemListElement\":[{\"@type\":\"ListItem\",\"position\":1,\"name\":\"Home\",\"item\":\"https:\/\/www.africa-press.net\/mali\/\"},{\"@type\":\"ListItem\",\"position\":2,\"name\":\"Nouvel An : Le Colonel Assimi Go\u00efta rappelle aux diplomates les principes fondamentaux du partenariat avec le Mali\"}]},{\"@type\":\"WebSite\",\"@id\":\"https:\/\/www.africa-press.net\/mali\/#website\",\"url\":\"https:\/\/www.africa-press.net\/mali\/\",\"name\":\"Mali\",\"description\":\"Just another Africa News Agency Sites site\",\"potentialAction\":[{\"@type\":\"SearchAction\",\"target\":{\"@type\":\"EntryPoint\",\"urlTemplate\":\"https:\/\/www.africa-press.net\/mali\/?s={search_term_string}\"},\"query-input\":{\"@type\":\"PropertyValueSpecification\",\"valueRequired\":true,\"valueName\":\"search_term_string\"}}],\"inLanguage\":\"fr-FR\"},{\"@type\":\"Person\",\"@id\":\"https:\/\/www.africa-press.net\/mali\/#\/schema\/person\/2b1cf3cd81a31e3cd26889ca66d677f1\",\"name\":\"cfeditorfr\"}]}<\/script>\n<!-- \/ Yoast SEO Premium plugin. -->","yoast_head_json":{"title":"Nouvel An : Le Colonel Assimi Go\u00efta rappelle aux diplomates les principes fondamentaux du partenariat avec le Mali - Mali","robots":{"index":"index","follow":"follow","max-snippet":"max-snippet:-1","max-image-preview":"max-image-preview:large","max-video-preview":"max-video-preview:-1"},"canonical":"https:\/\/www.africa-press.net\/mali\/politique\/nouvel-an-le-colonel-assimi-goita-rappelle-aux-diplomates-les-principes-fondamentaux-du-partenariat-avec-le-mali","og_locale":"fr_FR","og_type":"article","og_title":"Nouvel An : Le Colonel Assimi Go\u00efta rappelle aux diplomates les principes fondamentaux du partenariat avec le Mali","og_description":"Africa-Press &#8211; Mali. Le pre\u0301sident Assimi Goi\u0308ta a rec\u0327u les v\u0153ux du nouvel an du Corps diplomatique accre\u0301dite\u0301 aupre\u0300s de la Re\u0301publique du Mali jeudi dernier (9 fe\u0301vrier 2023). Une belle occasion mise a\u0300 profit pour e\u0301valuer la situation sociopolitique et se\u0301curitaire du pays. Le doyen du Corps diplomatique a salue\u0301 le retour progressif de [&hellip;]","og_url":"https:\/\/www.africa-press.net\/mali\/politique\/nouvel-an-le-colonel-assimi-goita-rappelle-aux-diplomates-les-principes-fondamentaux-du-partenariat-avec-le-mali","og_site_name":"Mali","article_publisher":"https:\/\/www.facebook.com\/AfricaPressTunisiaa","article_published_time":"2023-02-16T18:04:13+00:00","author":"cfeditorfr","twitter_card":"summary_large_image","twitter_misc":{"\u00c9crit par":"cfeditorfr","Dur\u00e9e de lecture estim\u00e9e":"2 minutes"},"schema":{"@context":"https:\/\/schema.org","@graph":[{"@type":"Article","@id":"https:\/\/www.africa-press.net\/mali\/politique\/nouvel-an-le-colonel-assimi-goita-rappelle-aux-diplomates-les-principes-fondamentaux-du-partenariat-avec-le-mali#article","isPartOf":{"@id":"https:\/\/www.africa-press.net\/mali\/politique\/nouvel-an-le-colonel-assimi-goita-rappelle-aux-diplomates-les-principes-fondamentaux-du-partenariat-avec-le-mali"},"author":{"name":"cfeditorfr","@id":"https:\/\/www.africa-press.net\/mali\/#\/schema\/person\/2b1cf3cd81a31e3cd26889ca66d677f1"},"headline":"Nouvel An : Le Colonel Assimi Go\u00efta rappelle aux diplomates les principes fondamentaux du partenariat avec le Mali","datePublished":"2023-02-16T18:04:13+00:00","mainEntityOfPage":{"@id":"https:\/\/www.africa-press.net\/mali\/politique\/nouvel-an-le-colonel-assimi-goita-rappelle-aux-diplomates-les-principes-fondamentaux-du-partenariat-avec-le-mali"},"wordCount":361,"commentCount":0,"image":{"@id":"https:\/\/www.africa-press.net\/mali\/politique\/nouvel-an-le-colonel-assimi-goita-rappelle-aux-diplomates-les-principes-fondamentaux-du-partenariat-avec-le-mali#primaryimage"},"thumbnailUrl":"https:\/\/static.africa-press.net\/mali\/sites\/21\/2023\/02\/postQueueImg_1676558061.42.jpg","keywords":["Africa Press","Africa Press-Mali","mali"],"articleSection":["Politique","Toutes les actualit\u00e9s"],"inLanguage":"fr-FR","potentialAction":[{"@type":"CommentAction","name":"Comment","target":["https:\/\/www.africa-press.net\/mali\/politique\/nouvel-an-le-colonel-assimi-goita-rappelle-aux-diplomates-les-principes-fondamentaux-du-partenariat-avec-le-mali#respond"]}]},{"@type":"WebPage","@id":"https:\/\/www.africa-press.net\/mali\/politique\/nouvel-an-le-colonel-assimi-goita-rappelle-aux-diplomates-les-principes-fondamentaux-du-partenariat-avec-le-mali","url":"https:\/\/www.africa-press.net\/mali\/politique\/nouvel-an-le-colonel-assimi-goita-rappelle-aux-diplomates-les-principes-fondamentaux-du-partenariat-avec-le-mali","name":"Nouvel An : Le Colonel Assimi Go\u00efta rappelle aux diplomates les principes fondamentaux du partenariat avec le Mali - Mali","isPartOf":{"@id":"https:\/\/www.africa-press.net\/mali\/#website"},"primaryImageOfPage":{"@id":"https:\/\/www.africa-press.net\/mali\/politique\/nouvel-an-le-colonel-assimi-goita-rappelle-aux-diplomates-les-principes-fondamentaux-du-partenariat-avec-le-mali#primaryimage"},"image":{"@id":"https:\/\/www.africa-press.net\/mali\/politique\/nouvel-an-le-colonel-assimi-goita-rappelle-aux-diplomates-les-principes-fondamentaux-du-partenariat-avec-le-mali#primaryimage"},"thumbnailUrl":"https:\/\/static.africa-press.net\/mali\/sites\/21\/2023\/02\/postQueueImg_1676558061.42.jpg","datePublished":"2023-02-16T18:04:13+00:00","author":{"@id":"https:\/\/www.africa-press.net\/mali\/#\/schema\/person\/2b1cf3cd81a31e3cd26889ca66d677f1"},"breadcrumb":{"@id":"https:\/\/www.africa-press.net\/mali\/politique\/nouvel-an-le-colonel-assimi-goita-rappelle-aux-diplomates-les-principes-fondamentaux-du-partenariat-avec-le-mali#breadcrumb"},"inLanguage":"fr-FR","potentialAction":[{"@type":"ReadAction","target":["https:\/\/www.africa-press.net\/mali\/politique\/nouvel-an-le-colonel-assimi-goita-rappelle-aux-diplomates-les-principes-fondamentaux-du-partenariat-avec-le-mali"]}]},{"@type":"ImageObject","inLanguage":"fr-FR","@id":"https:\/\/www.africa-press.net\/mali\/politique\/nouvel-an-le-colonel-assimi-goita-rappelle-aux-diplomates-les-principes-fondamentaux-du-partenariat-avec-le-mali#primaryimage","url":"https:\/\/static.africa-press.net\/mali\/sites\/21\/2023\/02\/postQueueImg_1676558061.42.jpg","contentUrl":"https:\/\/static.africa-press.net\/mali\/sites\/21\/2023\/02\/postQueueImg_1676558061.42.jpg","width":720,"height":479,"caption":"Nouvel An : Le Colonel Assimi Go\u00efta rappelle aux diplomates les principes fondamentaux du partenariat avec le Mali"},{"@type":"BreadcrumbList","@id":"https:\/\/www.africa-press.net\/mali\/politique\/nouvel-an-le-colonel-assimi-goita-rappelle-aux-diplomates-les-principes-fondamentaux-du-partenariat-avec-le-mali#breadcrumb","itemListElement":[{"@type":"ListItem","position":1,"name":"Home","item":"https:\/\/www.africa-press.net\/mali\/"},{"@type":"ListItem","position":2,"name":"Nouvel An : Le Colonel Assimi Go\u00efta rappelle aux diplomates les principes fondamentaux du partenariat avec le Mali"}]},{"@type":"WebSite","@id":"https:\/\/www.africa-press.net\/mali\/#website","url":"https:\/\/www.africa-press.net\/mali\/","name":"Mali","description":"Just another Africa News Agency Sites site","potentialAction":[{"@type":"SearchAction","target":{"@type":"EntryPoint","urlTemplate":"https:\/\/www.africa-press.net\/mali\/?s={search_term_string}"},"query-input":{"@type":"PropertyValueSpecification","valueRequired":true,"valueName":"search_term_string"}}],"inLanguage":"fr-FR"},{"@type":"Person","@id":"https:\/\/www.africa-press.net\/mali\/#\/schema\/person\/2b1cf3cd81a31e3cd26889ca66d677f1","name":"cfeditorfr"}]}},"_links":{"self":[{"href":"https:\/\/www.africa-press.net\/mali\/wp-json\/wp\/v2\/posts\/30737","targetHints":{"allow":["GET"]}}],"collection":[{"href":"https:\/\/www.africa-press.net\/mali\/wp-json\/wp\/v2\/posts"}],"about":[{"href":"https:\/\/www.africa-press.net\/mali\/wp-json\/wp\/v2\/types\/post"}],"author":[{"embeddable":true,"href":"https:\/\/www.africa-press.net\/mali\/wp-json\/wp\/v2\/users\/82"}],"replies":[{"embeddable":true,"href":"https:\/\/www.africa-press.net\/mali\/wp-json\/wp\/v2\/comments?post=30737"}],"version-history":[{"count":0,"href":"https:\/\/www.africa-press.net\/mali\/wp-json\/wp\/v2\/posts\/30737\/revisions"}],"wp:featuredmedia":[{"embeddable":true,"href":"https:\/\/www.africa-press.net\/mali\/wp-json\/wp\/v2\/media\/30736"}],"wp:attachment":[{"href":"https:\/\/www.africa-press.net\/mali\/wp-json\/wp\/v2\/media?parent=30737"}],"wp:term":[{"taxonomy":"category","embeddable":true,"href":"https:\/\/www.africa-press.net\/mali\/wp-json\/wp\/v2\/categories?post=30737"},{"taxonomy":"post_tag","embeddable":true,"href":"https:\/\/www.africa-press.net\/mali\/wp-json\/wp\/v2\/tags?post=30737"}],"curies":[{"name":"wp","href":"https:\/\/api.w.org\/{rel}","templated":true}]}}