{"id":30742,"date":"2023-02-16T18:07:23","date_gmt":"2023-02-16T18:07:23","guid":{"rendered":"https:\/\/www.africa-press.net\/mali\/politique\/entre-nous-le-colonel-et-les-chants-de-sirene"},"modified":"2023-02-16T18:54:23","modified_gmt":"2023-02-16T18:54:23","slug":"entre-nous-le-colonel-et-les-chants-de-sirene","status":"publish","type":"post","link":"https:\/\/www.africa-press.net\/mali\/dossiers\/entre-nous-le-colonel-et-les-chants-de-sirene","title":{"rendered":"Entre Nous : Le Colonel et les chants de sir\u00e8ne"},"content":{"rendered":"<p><b>Par Chiaka Doumbia<\/b><\/p>\n<p><span style=\"color: #ff6600\"><strong>Africa-Press &#8211; Mali. <\/strong><\/span>Une de\u0301le\u0301gation venue de Se\u0301gou e\u0301tait le week-end dernier a\u0300 Nioro du Sahel pour e\u0301voquer avec le Che\u0301rif Bouye\u0301, la candidature du Colonel Assimi Goi\u0308ta a\u0300 la prochaine e\u0301lection pre\u0301sidentielle. Le Collectif pour la refondation du Mali (COREMA) appelle a\u0300 travers de nombreuses sorties publiques de son porte-parole, Aboubacar Sidiki Fomba, la candidature du Pre\u0301sident de la Transition. Un autre mouvement politique en l\u2019occurrence l\u2019AREMA ne me\u0301nage pas ses efforts dans ce sens. Il dispose d\u2019un sie\u0300ge digne d\u2019un quartier ge\u0301ne\u0301ral de campagne.<\/p>\n<p>Le Colonel Assimi Goi\u0308ta fait face aux chants de sire\u0300ne. Que fera donc l\u2019officier supe\u0301rieur ? Dansera-t-il au son de ces chants ? Difficile d\u2019y re\u0301pondre.<\/p>\n<p>Le Pre\u0301sident du Mouvement Anko-Mali, Mohamed Mamata Toure\u0301 commente : \u00ab Aujourd\u2019hui Assimi Goita est la solution parce qu\u2019il de\u0301tient tous les avantages du pouvoir et beaucoup profitent sinon cherchent a\u0300 profiter aupre\u0300s de lui. L\u2019histoire suit son cours et est toujours la me\u0302me, aucun changement, aucune e\u0301volution, la pense\u0301e, les me\u0302mes erreurs, la me\u0302me re\u0301pe\u0301tition. \u00bb Il lance un cri de c\u0153ur : \u00ab N\u2019envoyez pas le Colonel Assimi Goi\u0308ta a\u0300 l\u2019abattoir comme vous l\u2019aviez fait a\u0300 ses pre\u0301de\u0301cesseurs. \u00bb<\/p>\n<p>Pour fermenter son argumentaire, Mohamed Mamata Toure\u0301 cite les cas de feu Amadou Toumani Toure\u0301 et feu Ibrahim Boubacar Ke\u0301i\u0308ta. Selon lui, Amadou Toumani Toure\u0301, \u00ab le soldat de la de\u0301mocratie \u00bb, \u00ab le patriote \u00bb, \u00ab la solution \u00bb a e\u0301te\u0301 chasse\u0301 apre\u0300s dix (10) \u00ab comme un vulgaire de\u0301linquant qui n\u2019a jamais rien fait de bien pour le Mali par les me\u0302mes te\u0302tes \u00bb. L\u2019exemple de Feu ATT est le plus frappant et constitue une lec\u0327on d\u2019histoire. Les gens criaient ici : \u00ab nous allons mourir derrie\u0300re toi \u00bb mais il n\u2019a vu personne quand les canons des mutins du capitaine Amadou Haya Sanogo pleuvaient sur le palais de Koulouba. Si certains de ses soutiens se sont oppose\u0301s au coup de force militaire sans re\u0301clamer son retour aux affaires, d\u2019autres ont rapidement pris la direction du Camp Soundiata pour faire alle\u0301geance aux nouveaux mai\u0302tres.<\/p>\n<p>\u00ab Les calculs et les positionnements furent a\u0300 ge\u0301ome\u0301trie variable en fonction des circonstances. Nombreux furent ceux qui de\u0301file\u0300rent a\u0300 Kati ou\u0300 ils firent alle\u0301geance \u00bb, e\u0301crit Pr Issa Ndiaye dans sa tribune \u00ab Faut-il de\u0301sespe\u0301rer du Mali d\u2019IBK \u00bb.<\/p>\n<p>Le jour ou\u0300 ATT prenait l\u2019avion de commandement du Pre\u0301sident Malick Sall du Se\u0301ne\u0301gal pour rejoindre ses terres d\u2019exil dakarois, personne n\u2019e\u0301tait a\u0300 l\u2019ae\u0301roport.<\/p>\n<p>Le Pre\u0301sident du Mouvement Anko-Mali cite le cas de Feu Ibrahim Boubacar Ke\u0301i\u0308ta. \u00ab Chasse\u0301 lui aussi comme son pre\u0301de\u0301cesseur perdant tous les honneurs, lynche\u0301 et traite\u0301 de tout, comme si ce n\u2019e\u0301tait pas ce digne descendant de Soundiata Keita, le Massa du grand empire du Mali qui e\u0301tait tant aime\u0301 et che\u0301ri de tous avec un record historique jamais e\u0301gale\u0301 dans les e\u0301lections pre\u0301sidentielles maliennes \u00bb.<\/p>\n<p>A la suite de Mohamed Mamata Toure\u0301, on serait tente\u0301 de dire au Colonel Pre\u0301sident de la Transition de se me\u0301fier des chants de sire\u0300ne. Ils veulent se servir a\u0300 volonte\u0301. Ils changent de position en plein jour afin de jouir des avantages. Aujourd\u2019hui, ceux qui crient Assimi Goi\u0308ta sont les me\u0302mes qui scandaient ATT ou IBK. Demain, ils crieront a\u0300 la gloire d\u2019un autre comme si le Mali n\u2019a jamais connu Assimi Goi\u0308ta.<\/p>\n<p>Si feu Amadou Seydou Traore\u0301 dit Amadou Djicoroni nous enseigne qu\u2019il n\u2019y a pas d\u2019homme providentiel, Amadou Hampa\u0302te\u0301 Ba nous rappelle que \u00ab le pouvoir est une drogue \u00bb. Que Dieu pre\u0301serve le Mali !!!<\/p>\n<p><strong>Pour plus d&rsquo;informations et d&rsquo;analyses sur la <a href=\"https:\/\/www.africa-press.net\/mali\">Mali<\/a>, suivez <a href=\"https:\/\/www.africa-press.net\/\">Africa-Press<\/a><\/strong><\/p>\n","protected":false},"excerpt":{"rendered":"<p>Par Chiaka Doumbia Africa-Press &#8211; Mali. Une de\u0301le\u0301gation venue de Se\u0301gou e\u0301tait le week-end dernier a\u0300 Nioro du Sahel pour e\u0301voquer avec le Che\u0301rif Bouye\u0301, la candidature du Colonel Assimi Goi\u0308ta a\u0300 la prochaine e\u0301lection pre\u0301sidentielle. Le Collectif pour la refondation du Mali (COREMA) appelle a\u0300 travers de nombreuses sorties publiques de son porte-parole, Aboubacar [&hellip;]<\/p>\n","protected":false},"author":82,"featured_media":30741,"comment_status":"open","ping_status":"closed","sticky":false,"template":"","format":"standard","meta":{"footnotes":""},"categories":[13,17],"tags":[76,86,19],"class_list":["post-30742","post","type-post","status-publish","format-standard","has-post-thumbnail","hentry","category-dossiers","category-toutes-les-actualites","tag-africa-press","tag-africa-press-mali","tag-mali"],"yoast_head":"<!-- This site is optimized with the Yoast SEO Premium plugin v26.1 (Yoast SEO v27.0) - https:\/\/yoast.com\/product\/yoast-seo-premium-wordpress\/ -->\n<title>Entre Nous : Le Colonel et les chants de sir\u00e8ne - Mali<\/title>\n<meta name=\"description\" content=\"Une de\u0301le\u0301gation venue de Se\u0301gou e\u0301tait le week-end dernier a\u0300 Nioro du Sahel pour e\u0301voquer avec le Che\u0301rif Bouye\u0301, la c ...\" \/>\n<meta name=\"robots\" content=\"index, follow, max-snippet:-1, max-image-preview:large, max-video-preview:-1\" \/>\n<link rel=\"canonical\" href=\"https:\/\/www.africa-press.net\/mali\/dossiers\/entre-nous-le-colonel-et-les-chants-de-sirene\" \/>\n<meta property=\"og:locale\" content=\"fr_FR\" \/>\n<meta property=\"og:type\" content=\"article\" \/>\n<meta property=\"og:title\" content=\"Entre Nous : Le Colonel et les chants de sir\u00e8ne\" \/>\n<meta property=\"og:description\" content=\"Une de\u0301le\u0301gation venue de Se\u0301gou e\u0301tait le week-end dernier a\u0300 Nioro du Sahel pour e\u0301voquer avec le Che\u0301rif Bouye\u0301, la c ...\" \/>\n<meta property=\"og:url\" content=\"https:\/\/www.africa-press.net\/mali\/dossiers\/entre-nous-le-colonel-et-les-chants-de-sirene\" \/>\n<meta property=\"og:site_name\" content=\"Mali\" \/>\n<meta property=\"article:publisher\" content=\"https:\/\/www.facebook.com\/AfricaPressTunisiaa\" \/>\n<meta property=\"article:published_time\" content=\"2023-02-16T18:07:23+00:00\" \/>\n<meta property=\"article:modified_time\" content=\"2023-02-16T18:54:23+00:00\" \/>\n<meta property=\"og:image\" content=\"https:\/\/static.africa-press.net\/mali\/sites\/21\/2023\/02\/postQueueImg_1676558435.12.jpg\" \/>\n\t<meta property=\"og:image:width\" content=\"542\" \/>\n\t<meta property=\"og:image:height\" content=\"367\" \/>\n\t<meta property=\"og:image:type\" content=\"image\/jpeg\" \/>\n<meta name=\"author\" content=\"cfeditorfr\" \/>\n<meta name=\"twitter:card\" content=\"summary_large_image\" \/>\n<meta name=\"twitter:label1\" content=\"\u00c9crit par\" \/>\n\t<meta name=\"twitter:data1\" content=\"cfeditorfr\" \/>\n\t<meta name=\"twitter:label2\" content=\"Dur\u00e9e de lecture estim\u00e9e\" \/>\n\t<meta name=\"twitter:data2\" content=\"3 minutes\" \/>\n<script type=\"application\/ld+json\" class=\"yoast-schema-graph\">{\"@context\":\"https:\/\/schema.org\",\"@graph\":[{\"@type\":\"Article\",\"@id\":\"https:\/\/www.africa-press.net\/mali\/dossiers\/entre-nous-le-colonel-et-les-chants-de-sirene#article\",\"isPartOf\":{\"@id\":\"https:\/\/www.africa-press.net\/mali\/dossiers\/entre-nous-le-colonel-et-les-chants-de-sirene\"},\"author\":{\"name\":\"cfeditorfr\",\"@id\":\"https:\/\/www.africa-press.net\/mali\/#\/schema\/person\/2b1cf3cd81a31e3cd26889ca66d677f1\"},\"headline\":\"Entre Nous : Le Colonel et les chants de sir\u00e8ne\",\"datePublished\":\"2023-02-16T18:07:23+00:00\",\"dateModified\":\"2023-02-16T18:54:23+00:00\",\"mainEntityOfPage\":{\"@id\":\"https:\/\/www.africa-press.net\/mali\/dossiers\/entre-nous-le-colonel-et-les-chants-de-sirene\"},\"wordCount\":682,\"commentCount\":0,\"image\":{\"@id\":\"https:\/\/www.africa-press.net\/mali\/dossiers\/entre-nous-le-colonel-et-les-chants-de-sirene#primaryimage\"},\"thumbnailUrl\":\"https:\/\/static.africa-press.net\/mali\/sites\/21\/2023\/02\/postQueueImg_1676558435.12.jpg\",\"keywords\":[\"Africa Press\",\"Africa Press-Mali\",\"mali\"],\"articleSection\":[\"Dossiers\",\"Toutes les actualit\u00e9s\"],\"inLanguage\":\"fr-FR\",\"potentialAction\":[{\"@type\":\"CommentAction\",\"name\":\"Comment\",\"target\":[\"https:\/\/www.africa-press.net\/mali\/dossiers\/entre-nous-le-colonel-et-les-chants-de-sirene#respond\"]}]},{\"@type\":\"WebPage\",\"@id\":\"https:\/\/www.africa-press.net\/mali\/dossiers\/entre-nous-le-colonel-et-les-chants-de-sirene\",\"url\":\"https:\/\/www.africa-press.net\/mali\/dossiers\/entre-nous-le-colonel-et-les-chants-de-sirene\",\"name\":\"Entre Nous : Le Colonel et les chants de sir\u00e8ne - Mali\",\"isPartOf\":{\"@id\":\"https:\/\/www.africa-press.net\/mali\/#website\"},\"primaryImageOfPage\":{\"@id\":\"https:\/\/www.africa-press.net\/mali\/dossiers\/entre-nous-le-colonel-et-les-chants-de-sirene#primaryimage\"},\"image\":{\"@id\":\"https:\/\/www.africa-press.net\/mali\/dossiers\/entre-nous-le-colonel-et-les-chants-de-sirene#primaryimage\"},\"thumbnailUrl\":\"https:\/\/static.africa-press.net\/mali\/sites\/21\/2023\/02\/postQueueImg_1676558435.12.jpg\",\"datePublished\":\"2023-02-16T18:07:23+00:00\",\"dateModified\":\"2023-02-16T18:54:23+00:00\",\"author\":{\"@id\":\"https:\/\/www.africa-press.net\/mali\/#\/schema\/person\/2b1cf3cd81a31e3cd26889ca66d677f1\"},\"description\":\"Une de\u0301le\u0301gation venue de Se\u0301gou e\u0301tait le week-end dernier a\u0300 Nioro du Sahel pour e\u0301voquer avec le Che\u0301rif Bouye\u0301, la c ...\",\"breadcrumb\":{\"@id\":\"https:\/\/www.africa-press.net\/mali\/dossiers\/entre-nous-le-colonel-et-les-chants-de-sirene#breadcrumb\"},\"inLanguage\":\"fr-FR\",\"potentialAction\":[{\"@type\":\"ReadAction\",\"target\":[\"https:\/\/www.africa-press.net\/mali\/dossiers\/entre-nous-le-colonel-et-les-chants-de-sirene\"]}]},{\"@type\":\"ImageObject\",\"inLanguage\":\"fr-FR\",\"@id\":\"https:\/\/www.africa-press.net\/mali\/dossiers\/entre-nous-le-colonel-et-les-chants-de-sirene#primaryimage\",\"url\":\"https:\/\/static.africa-press.net\/mali\/sites\/21\/2023\/02\/postQueueImg_1676558435.12.jpg\",\"contentUrl\":\"https:\/\/static.africa-press.net\/mali\/sites\/21\/2023\/02\/postQueueImg_1676558435.12.jpg\",\"width\":542,\"height\":367,\"caption\":\"Entre Nous : Le Colonel et les chants de sir\u00e8ne\"},{\"@type\":\"BreadcrumbList\",\"@id\":\"https:\/\/www.africa-press.net\/mali\/dossiers\/entre-nous-le-colonel-et-les-chants-de-sirene#breadcrumb\",\"itemListElement\":[{\"@type\":\"ListItem\",\"position\":1,\"name\":\"Home\",\"item\":\"https:\/\/www.africa-press.net\/mali\/\"},{\"@type\":\"ListItem\",\"position\":2,\"name\":\"Entre Nous : Le Colonel et les chants de sir\u00e8ne\"}]},{\"@type\":\"WebSite\",\"@id\":\"https:\/\/www.africa-press.net\/mali\/#website\",\"url\":\"https:\/\/www.africa-press.net\/mali\/\",\"name\":\"Mali\",\"description\":\"Just another Africa News Agency Sites site\",\"potentialAction\":[{\"@type\":\"SearchAction\",\"target\":{\"@type\":\"EntryPoint\",\"urlTemplate\":\"https:\/\/www.africa-press.net\/mali\/?s={search_term_string}\"},\"query-input\":{\"@type\":\"PropertyValueSpecification\",\"valueRequired\":true,\"valueName\":\"search_term_string\"}}],\"inLanguage\":\"fr-FR\"},{\"@type\":\"Person\",\"@id\":\"https:\/\/www.africa-press.net\/mali\/#\/schema\/person\/2b1cf3cd81a31e3cd26889ca66d677f1\",\"name\":\"cfeditorfr\"}]}<\/script>\n<!-- \/ Yoast SEO Premium plugin. -->","yoast_head_json":{"title":"Entre Nous : Le Colonel et les chants de sir\u00e8ne - Mali","description":"Une de\u0301le\u0301gation venue de Se\u0301gou e\u0301tait le week-end dernier a\u0300 Nioro du Sahel pour e\u0301voquer avec le Che\u0301rif Bouye\u0301, la c ...","robots":{"index":"index","follow":"follow","max-snippet":"max-snippet:-1","max-image-preview":"max-image-preview:large","max-video-preview":"max-video-preview:-1"},"canonical":"https:\/\/www.africa-press.net\/mali\/dossiers\/entre-nous-le-colonel-et-les-chants-de-sirene","og_locale":"fr_FR","og_type":"article","og_title":"Entre Nous : Le Colonel et les chants de sir\u00e8ne","og_description":"Une de\u0301le\u0301gation venue de Se\u0301gou e\u0301tait le week-end dernier a\u0300 Nioro du Sahel pour e\u0301voquer avec le Che\u0301rif Bouye\u0301, la c ...","og_url":"https:\/\/www.africa-press.net\/mali\/dossiers\/entre-nous-le-colonel-et-les-chants-de-sirene","og_site_name":"Mali","article_publisher":"https:\/\/www.facebook.com\/AfricaPressTunisiaa","article_published_time":"2023-02-16T18:07:23+00:00","article_modified_time":"2023-02-16T18:54:23+00:00","og_image":[{"width":542,"height":367,"url":"https:\/\/static.africa-press.net\/mali\/sites\/21\/2023\/02\/postQueueImg_1676558435.12.jpg","type":"image\/jpeg"}],"author":"cfeditorfr","twitter_card":"summary_large_image","twitter_misc":{"\u00c9crit par":"cfeditorfr","Dur\u00e9e de lecture estim\u00e9e":"3 minutes"},"schema":{"@context":"https:\/\/schema.org","@graph":[{"@type":"Article","@id":"https:\/\/www.africa-press.net\/mali\/dossiers\/entre-nous-le-colonel-et-les-chants-de-sirene#article","isPartOf":{"@id":"https:\/\/www.africa-press.net\/mali\/dossiers\/entre-nous-le-colonel-et-les-chants-de-sirene"},"author":{"name":"cfeditorfr","@id":"https:\/\/www.africa-press.net\/mali\/#\/schema\/person\/2b1cf3cd81a31e3cd26889ca66d677f1"},"headline":"Entre Nous : Le Colonel et les chants de sir\u00e8ne","datePublished":"2023-02-16T18:07:23+00:00","dateModified":"2023-02-16T18:54:23+00:00","mainEntityOfPage":{"@id":"https:\/\/www.africa-press.net\/mali\/dossiers\/entre-nous-le-colonel-et-les-chants-de-sirene"},"wordCount":682,"commentCount":0,"image":{"@id":"https:\/\/www.africa-press.net\/mali\/dossiers\/entre-nous-le-colonel-et-les-chants-de-sirene#primaryimage"},"thumbnailUrl":"https:\/\/static.africa-press.net\/mali\/sites\/21\/2023\/02\/postQueueImg_1676558435.12.jpg","keywords":["Africa Press","Africa Press-Mali","mali"],"articleSection":["Dossiers","Toutes les actualit\u00e9s"],"inLanguage":"fr-FR","potentialAction":[{"@type":"CommentAction","name":"Comment","target":["https:\/\/www.africa-press.net\/mali\/dossiers\/entre-nous-le-colonel-et-les-chants-de-sirene#respond"]}]},{"@type":"WebPage","@id":"https:\/\/www.africa-press.net\/mali\/dossiers\/entre-nous-le-colonel-et-les-chants-de-sirene","url":"https:\/\/www.africa-press.net\/mali\/dossiers\/entre-nous-le-colonel-et-les-chants-de-sirene","name":"Entre Nous : Le Colonel et les chants de sir\u00e8ne - Mali","isPartOf":{"@id":"https:\/\/www.africa-press.net\/mali\/#website"},"primaryImageOfPage":{"@id":"https:\/\/www.africa-press.net\/mali\/dossiers\/entre-nous-le-colonel-et-les-chants-de-sirene#primaryimage"},"image":{"@id":"https:\/\/www.africa-press.net\/mali\/dossiers\/entre-nous-le-colonel-et-les-chants-de-sirene#primaryimage"},"thumbnailUrl":"https:\/\/static.africa-press.net\/mali\/sites\/21\/2023\/02\/postQueueImg_1676558435.12.jpg","datePublished":"2023-02-16T18:07:23+00:00","dateModified":"2023-02-16T18:54:23+00:00","author":{"@id":"https:\/\/www.africa-press.net\/mali\/#\/schema\/person\/2b1cf3cd81a31e3cd26889ca66d677f1"},"description":"Une de\u0301le\u0301gation venue de Se\u0301gou e\u0301tait le week-end dernier a\u0300 Nioro du Sahel pour e\u0301voquer avec le Che\u0301rif Bouye\u0301, la c ...","breadcrumb":{"@id":"https:\/\/www.africa-press.net\/mali\/dossiers\/entre-nous-le-colonel-et-les-chants-de-sirene#breadcrumb"},"inLanguage":"fr-FR","potentialAction":[{"@type":"ReadAction","target":["https:\/\/www.africa-press.net\/mali\/dossiers\/entre-nous-le-colonel-et-les-chants-de-sirene"]}]},{"@type":"ImageObject","inLanguage":"fr-FR","@id":"https:\/\/www.africa-press.net\/mali\/dossiers\/entre-nous-le-colonel-et-les-chants-de-sirene#primaryimage","url":"https:\/\/static.africa-press.net\/mali\/sites\/21\/2023\/02\/postQueueImg_1676558435.12.jpg","contentUrl":"https:\/\/static.africa-press.net\/mali\/sites\/21\/2023\/02\/postQueueImg_1676558435.12.jpg","width":542,"height":367,"caption":"Entre Nous : Le Colonel et les chants de sir\u00e8ne"},{"@type":"BreadcrumbList","@id":"https:\/\/www.africa-press.net\/mali\/dossiers\/entre-nous-le-colonel-et-les-chants-de-sirene#breadcrumb","itemListElement":[{"@type":"ListItem","position":1,"name":"Home","item":"https:\/\/www.africa-press.net\/mali\/"},{"@type":"ListItem","position":2,"name":"Entre Nous : Le Colonel et les chants de sir\u00e8ne"}]},{"@type":"WebSite","@id":"https:\/\/www.africa-press.net\/mali\/#website","url":"https:\/\/www.africa-press.net\/mali\/","name":"Mali","description":"Just another Africa News Agency Sites site","potentialAction":[{"@type":"SearchAction","target":{"@type":"EntryPoint","urlTemplate":"https:\/\/www.africa-press.net\/mali\/?s={search_term_string}"},"query-input":{"@type":"PropertyValueSpecification","valueRequired":true,"valueName":"search_term_string"}}],"inLanguage":"fr-FR"},{"@type":"Person","@id":"https:\/\/www.africa-press.net\/mali\/#\/schema\/person\/2b1cf3cd81a31e3cd26889ca66d677f1","name":"cfeditorfr"}]}},"_links":{"self":[{"href":"https:\/\/www.africa-press.net\/mali\/wp-json\/wp\/v2\/posts\/30742","targetHints":{"allow":["GET"]}}],"collection":[{"href":"https:\/\/www.africa-press.net\/mali\/wp-json\/wp\/v2\/posts"}],"about":[{"href":"https:\/\/www.africa-press.net\/mali\/wp-json\/wp\/v2\/types\/post"}],"author":[{"embeddable":true,"href":"https:\/\/www.africa-press.net\/mali\/wp-json\/wp\/v2\/users\/82"}],"replies":[{"embeddable":true,"href":"https:\/\/www.africa-press.net\/mali\/wp-json\/wp\/v2\/comments?post=30742"}],"version-history":[{"count":0,"href":"https:\/\/www.africa-press.net\/mali\/wp-json\/wp\/v2\/posts\/30742\/revisions"}],"wp:featuredmedia":[{"embeddable":true,"href":"https:\/\/www.africa-press.net\/mali\/wp-json\/wp\/v2\/media\/30741"}],"wp:attachment":[{"href":"https:\/\/www.africa-press.net\/mali\/wp-json\/wp\/v2\/media?parent=30742"}],"wp:term":[{"taxonomy":"category","embeddable":true,"href":"https:\/\/www.africa-press.net\/mali\/wp-json\/wp\/v2\/categories?post=30742"},{"taxonomy":"post_tag","embeddable":true,"href":"https:\/\/www.africa-press.net\/mali\/wp-json\/wp\/v2\/tags?post=30742"}],"curies":[{"name":"wp","href":"https:\/\/api.w.org\/{rel}","templated":true}]}}