{"id":31078,"date":"2023-02-24T11:28:33","date_gmt":"2023-02-24T11:28:33","guid":{"rendered":"https:\/\/www.africa-press.net\/mali\/politique\/can-u20-sans-lequipe-nationale-mais-avec-deux-arbitres-maliens"},"modified":"2023-02-24T11:56:24","modified_gmt":"2023-02-24T11:56:24","slug":"can-u20-sans-lequipe-nationale-mais-avec-deux-arbitres-maliens","status":"publish","type":"post","link":"https:\/\/www.africa-press.net\/mali\/sports\/can-u20-sans-lequipe-nationale-mais-avec-deux-arbitres-maliens","title":{"rendered":"CAN U20 : Sans l\u2019\u00e9quipe nationale, mais avec deux arbitres maliens"},"content":{"rendered":"<p><span style=\"color: #ff6600\"><strong>Africa-Press &#8211; Mali. <\/strong><\/span>Pre\u0301vue du 19 fe\u0301vrier au 11 mars, la Coupe d\u2019Afrique des nations des moins de 20 ans se de\u0301roule en Egypte. Vainqueur de l\u2019e\u0301dition 2019, le Mali ne participe pas a\u0300 la pre\u0301sente e\u0301dition a\u0300 l\u2019issue de laquelle les 4 demi-finalistes se qualifient pour la phase finale de la Coupe du monde Juniors. En revanche, deux arbitres maliens ont e\u0301te\u0301 se\u0301lectionne\u0301s pour officier le tournoi.<\/p>\n<p>Champion d\u2019Afrique juniors 2019, il y a tout juste 4 ans (le 17 fe\u0301vrier), le Mali manquera pour la deuxie\u0300me fois de suite la phase finale de la compe\u0301tition apre\u0300s avoir e\u0301te\u0301 e\u0301limine\u0301 par la Gambie lors du tournoi qualificatif. Si l\u2019e\u0301quipe nationale va briller par son absence, le sifflet malien en revanche retentira dans les stades e\u0301gyptiens.<\/p>\n<p>Pour cette 23e e\u0301dition de la Can, la Caf a fait appel aux services de deux arbitres du championnat malien. Il s\u2019agit de l\u2019arbitre central Sory Ibrahima Ke\u0301ita et de la juge de touche, Fanta Idrissa Kone\u0301 : deux e\u0301toiles montantes de l\u2019arbitrage malien.<\/p>\n<p>Grande vitrine pour les jeunes footballeurs, la Can des moins de 20 est aussi un tremplin pour rallier la Coupe du monde de la me\u0302me cate\u0301gorie. En outre, elle aura permis l\u2019e\u0301closion de plusieurs talents. \u201cLa Coupe d\u2019Afrique des nations U20 a re\u0301ve\u0301le\u0301 quelques-uns des plus grands talents que compte l\u2019Afrique et pour nous a\u0300 la Caf, il s\u2019inscrit dans une grande de\u0301marche qui vise a\u0300 construire un chemin pour la jeunesse. Du championnat des e\u0301coles aux diffe\u0301rentes cate\u0301gories d\u2019a\u0302ge U17, U20, U23, la Caf est pleinement investie a\u0300 offrir des opportunite\u0301s aux jeunes de\u0301sormais invite\u0301s a\u0300 re\u0302ver grand\u201c, a de\u0301clare\u0301 Abi Ijasanmi, directrice des ope\u0301rations de la Caf.<\/p>\n<p>A la recherche de renforts pour leur effectif, plusieurs clubs, surtout europe\u0301ens, ont de\u0301ja\u0300 envoye\u0301 des e\u0301missaires en Egypte en vue de pouvoir de\u0301nicher de jeunes talents. Dans une publication, la Caf indique qu\u2019elle a e\u0301te\u0301 inonde\u0301e par une demande incroyable d\u2019accre\u0301ditations par les recruteurs.<\/p>\n<p>\u201cL\u2019inte\u0301re\u0302t des scouts et du public international est vraiment incroyable. Mais cela ne devrait pas e\u0302tre une surprise pour nous et pour l\u2019administration de la Caf, car nous savons que le football africain est en pleine ascension. Le talent est ici, en Afrique, et la Coupe d\u2019Afrique des nations U20 est une plateforme parfaite pour mettre en valeur ce talent. Nous faisons de notre mieux pour re\u0301pondre aux demandes des recruteurs\u201d, a promis le secre\u0301taire ge\u0301ne\u0301ral de la Caf.<\/p>\n<p>Pour Veron Mosengo-Omba, \u201cle but ultime est de garder les meilleurs talents africains en Afrique dans un avenir pas si lointain, c\u2019est pourquoi il est important que le pre\u0301sident de la Caf, Dr. Motsepe, et le comite\u0301 exe\u0301cutif prennent des mesures pour augmenter les prix et poursuivre l\u2019ide\u0301e d\u2019une Super Ligue africaine\u201d.<\/p>\n<p>A titre de rappel, l\u2019instance dirigeante du football continental indique que le tournoi a e\u0301te\u0301 un vivier de stars africaines qui ont ensuite brille\u0301 sur la sce\u0300ne mondiale. \u201cDes joueurs comme Seydou Ke\u0301ita (Mali), Mohamad Salah (Egypte), Yaya Toure (Co\u0302te d\u2019Ivoire), Patson Daka (Zambie) et Mido (Egypte) sont des produits de la Can U20\u201d, peut-on lire.<\/p>\n<p>A la pre\u0301sente e\u0301dition de la Can juniors, 12 e\u0301quipes prennent part : l\u2019Egypte, le Se\u0301ne\u0301gal, le Nigeria, le Mozambique, l\u2019Ouganda, la Re\u0301publique centrafricaine, le Soudan du Sud, le Congo, la Gambie, la Tunisie, le Be\u0301nin et la Zambie. Les e\u0301quipes qui atteindront les demi-finales seront automatiquement qualifie\u0301es pour la Coupe du monde U-20 de la Fifa pre\u0301vue en Indone\u0301sie du 20 mai au 11 juin 2023. En ouverture de la compe\u0301tition, l\u2019Egypte a e\u0301te\u0301 accroche\u0301e par le Mozambique (0-0) et le Se\u0301ne\u0301gal a battu le Nigeria (1-0).<\/p>\n<p><strong>Pour plus d&rsquo;informations et d&rsquo;analyses sur la <a href=\"https:\/\/www.africa-press.net\/mali\">Mali<\/a>, suivez <a href=\"https:\/\/www.africa-press.net\/\">Africa-Press<\/a><\/strong><\/p>\n","protected":false},"excerpt":{"rendered":"<p>Africa-Press &#8211; Mali. Pre\u0301vue du 19 fe\u0301vrier au 11 mars, la Coupe d\u2019Afrique des nations des moins de 20 ans se de\u0301roule en Egypte. Vainqueur de l\u2019e\u0301dition 2019, le Mali ne participe pas a\u0300 la pre\u0301sente e\u0301dition a\u0300 l\u2019issue de laquelle les 4 demi-finalistes se qualifient pour la phase finale de la Coupe du monde [&hellip;]<\/p>\n","protected":false},"author":82,"featured_media":31077,"comment_status":"open","ping_status":"closed","sticky":false,"template":"","format":"standard","meta":{"footnotes":""},"categories":[6,17],"tags":[76,86,19],"class_list":["post-31078","post","type-post","status-publish","format-standard","has-post-thumbnail","hentry","category-sports","category-toutes-les-actualites","tag-africa-press","tag-africa-press-mali","tag-mali"],"yoast_head":"<!-- This site is optimized with the Yoast SEO Premium plugin v26.1 (Yoast SEO v27.0) - https:\/\/yoast.com\/product\/yoast-seo-premium-wordpress\/ -->\n<title>CAN U20 : Sans l\u2019\u00e9quipe nationale, mais avec deux arbitres maliens - Mali<\/title>\n<meta name=\"description\" content=\"Pre\u0301vue du 19 fe\u0301vrier au 11 mars, la Coupe d\u2019Afrique des nations des moins de 20 ans se de\u0301roule en Egypte. Vainqueur d ...\" \/>\n<meta name=\"robots\" content=\"index, follow, max-snippet:-1, max-image-preview:large, max-video-preview:-1\" \/>\n<link rel=\"canonical\" href=\"https:\/\/www.africa-press.net\/mali\/sports\/can-u20-sans-lequipe-nationale-mais-avec-deux-arbitres-maliens\" \/>\n<meta property=\"og:locale\" content=\"fr_FR\" \/>\n<meta property=\"og:type\" content=\"article\" \/>\n<meta property=\"og:title\" content=\"CAN U20 : Sans l\u2019\u00e9quipe nationale, mais avec deux arbitres maliens\" \/>\n<meta property=\"og:description\" content=\"Pre\u0301vue du 19 fe\u0301vrier au 11 mars, la Coupe d\u2019Afrique des nations des moins de 20 ans se de\u0301roule en Egypte. Vainqueur d ...\" \/>\n<meta property=\"og:url\" content=\"https:\/\/www.africa-press.net\/mali\/sports\/can-u20-sans-lequipe-nationale-mais-avec-deux-arbitres-maliens\" \/>\n<meta property=\"og:site_name\" content=\"Mali\" \/>\n<meta property=\"article:publisher\" content=\"https:\/\/www.facebook.com\/AfricaPressTunisiaa\" \/>\n<meta property=\"article:published_time\" content=\"2023-02-24T11:28:33+00:00\" \/>\n<meta property=\"article:modified_time\" content=\"2023-02-24T11:56:24+00:00\" \/>\n<meta property=\"og:image\" content=\"https:\/\/static.africa-press.net\/mali\/sites\/21\/2023\/02\/postQueueImg_1677225523.95.jpg\" \/>\n\t<meta property=\"og:image:width\" content=\"720\" \/>\n\t<meta property=\"og:image:height\" content=\"492\" \/>\n\t<meta property=\"og:image:type\" content=\"image\/jpeg\" \/>\n<meta name=\"author\" content=\"cfeditorfr\" \/>\n<meta name=\"twitter:card\" content=\"summary_large_image\" \/>\n<meta name=\"twitter:label1\" content=\"\u00c9crit par\" \/>\n\t<meta name=\"twitter:data1\" content=\"cfeditorfr\" \/>\n\t<meta name=\"twitter:label2\" content=\"Dur\u00e9e de lecture estim\u00e9e\" \/>\n\t<meta name=\"twitter:data2\" content=\"3 minutes\" \/>\n<script type=\"application\/ld+json\" class=\"yoast-schema-graph\">{\"@context\":\"https:\/\/schema.org\",\"@graph\":[{\"@type\":\"Article\",\"@id\":\"https:\/\/www.africa-press.net\/mali\/sports\/can-u20-sans-lequipe-nationale-mais-avec-deux-arbitres-maliens#article\",\"isPartOf\":{\"@id\":\"https:\/\/www.africa-press.net\/mali\/sports\/can-u20-sans-lequipe-nationale-mais-avec-deux-arbitres-maliens\"},\"author\":{\"name\":\"cfeditorfr\",\"@id\":\"https:\/\/www.africa-press.net\/mali\/#\/schema\/person\/2b1cf3cd81a31e3cd26889ca66d677f1\"},\"headline\":\"CAN U20 : Sans l\u2019\u00e9quipe nationale, mais avec deux arbitres maliens\",\"datePublished\":\"2023-02-24T11:28:33+00:00\",\"dateModified\":\"2023-02-24T11:56:24+00:00\",\"mainEntityOfPage\":{\"@id\":\"https:\/\/www.africa-press.net\/mali\/sports\/can-u20-sans-lequipe-nationale-mais-avec-deux-arbitres-maliens\"},\"wordCount\":706,\"commentCount\":0,\"image\":{\"@id\":\"https:\/\/www.africa-press.net\/mali\/sports\/can-u20-sans-lequipe-nationale-mais-avec-deux-arbitres-maliens#primaryimage\"},\"thumbnailUrl\":\"https:\/\/static.africa-press.net\/mali\/sites\/21\/2023\/02\/postQueueImg_1677225523.95.jpg\",\"keywords\":[\"Africa Press\",\"Africa Press-Mali\",\"mali\"],\"articleSection\":[\"Sports\",\"Toutes les actualit\u00e9s\"],\"inLanguage\":\"fr-FR\",\"potentialAction\":[{\"@type\":\"CommentAction\",\"name\":\"Comment\",\"target\":[\"https:\/\/www.africa-press.net\/mali\/sports\/can-u20-sans-lequipe-nationale-mais-avec-deux-arbitres-maliens#respond\"]}]},{\"@type\":\"WebPage\",\"@id\":\"https:\/\/www.africa-press.net\/mali\/sports\/can-u20-sans-lequipe-nationale-mais-avec-deux-arbitres-maliens\",\"url\":\"https:\/\/www.africa-press.net\/mali\/sports\/can-u20-sans-lequipe-nationale-mais-avec-deux-arbitres-maliens\",\"name\":\"CAN U20 : Sans l\u2019\u00e9quipe nationale, mais avec deux arbitres maliens - Mali\",\"isPartOf\":{\"@id\":\"https:\/\/www.africa-press.net\/mali\/#website\"},\"primaryImageOfPage\":{\"@id\":\"https:\/\/www.africa-press.net\/mali\/sports\/can-u20-sans-lequipe-nationale-mais-avec-deux-arbitres-maliens#primaryimage\"},\"image\":{\"@id\":\"https:\/\/www.africa-press.net\/mali\/sports\/can-u20-sans-lequipe-nationale-mais-avec-deux-arbitres-maliens#primaryimage\"},\"thumbnailUrl\":\"https:\/\/static.africa-press.net\/mali\/sites\/21\/2023\/02\/postQueueImg_1677225523.95.jpg\",\"datePublished\":\"2023-02-24T11:28:33+00:00\",\"dateModified\":\"2023-02-24T11:56:24+00:00\",\"author\":{\"@id\":\"https:\/\/www.africa-press.net\/mali\/#\/schema\/person\/2b1cf3cd81a31e3cd26889ca66d677f1\"},\"description\":\"Pre\u0301vue du 19 fe\u0301vrier au 11 mars, la Coupe d\u2019Afrique des nations des moins de 20 ans se de\u0301roule en Egypte. Vainqueur d ...\",\"breadcrumb\":{\"@id\":\"https:\/\/www.africa-press.net\/mali\/sports\/can-u20-sans-lequipe-nationale-mais-avec-deux-arbitres-maliens#breadcrumb\"},\"inLanguage\":\"fr-FR\",\"potentialAction\":[{\"@type\":\"ReadAction\",\"target\":[\"https:\/\/www.africa-press.net\/mali\/sports\/can-u20-sans-lequipe-nationale-mais-avec-deux-arbitres-maliens\"]}]},{\"@type\":\"ImageObject\",\"inLanguage\":\"fr-FR\",\"@id\":\"https:\/\/www.africa-press.net\/mali\/sports\/can-u20-sans-lequipe-nationale-mais-avec-deux-arbitres-maliens#primaryimage\",\"url\":\"https:\/\/static.africa-press.net\/mali\/sites\/21\/2023\/02\/postQueueImg_1677225523.95.jpg\",\"contentUrl\":\"https:\/\/static.africa-press.net\/mali\/sites\/21\/2023\/02\/postQueueImg_1677225523.95.jpg\",\"width\":720,\"height\":492,\"caption\":\"CAN U20 : Sans l\u2019\u00e9quipe nationale, mais avec deux arbitres maliens\"},{\"@type\":\"BreadcrumbList\",\"@id\":\"https:\/\/www.africa-press.net\/mali\/sports\/can-u20-sans-lequipe-nationale-mais-avec-deux-arbitres-maliens#breadcrumb\",\"itemListElement\":[{\"@type\":\"ListItem\",\"position\":1,\"name\":\"Home\",\"item\":\"https:\/\/www.africa-press.net\/mali\/\"},{\"@type\":\"ListItem\",\"position\":2,\"name\":\"CAN U20 : Sans l\u2019\u00e9quipe nationale, mais avec deux arbitres maliens\"}]},{\"@type\":\"WebSite\",\"@id\":\"https:\/\/www.africa-press.net\/mali\/#website\",\"url\":\"https:\/\/www.africa-press.net\/mali\/\",\"name\":\"Mali\",\"description\":\"Just another Africa News Agency Sites site\",\"potentialAction\":[{\"@type\":\"SearchAction\",\"target\":{\"@type\":\"EntryPoint\",\"urlTemplate\":\"https:\/\/www.africa-press.net\/mali\/?s={search_term_string}\"},\"query-input\":{\"@type\":\"PropertyValueSpecification\",\"valueRequired\":true,\"valueName\":\"search_term_string\"}}],\"inLanguage\":\"fr-FR\"},{\"@type\":\"Person\",\"@id\":\"https:\/\/www.africa-press.net\/mali\/#\/schema\/person\/2b1cf3cd81a31e3cd26889ca66d677f1\",\"name\":\"cfeditorfr\"}]}<\/script>\n<!-- \/ Yoast SEO Premium plugin. -->","yoast_head_json":{"title":"CAN U20 : Sans l\u2019\u00e9quipe nationale, mais avec deux arbitres maliens - Mali","description":"Pre\u0301vue du 19 fe\u0301vrier au 11 mars, la Coupe d\u2019Afrique des nations des moins de 20 ans se de\u0301roule en Egypte. Vainqueur d ...","robots":{"index":"index","follow":"follow","max-snippet":"max-snippet:-1","max-image-preview":"max-image-preview:large","max-video-preview":"max-video-preview:-1"},"canonical":"https:\/\/www.africa-press.net\/mali\/sports\/can-u20-sans-lequipe-nationale-mais-avec-deux-arbitres-maliens","og_locale":"fr_FR","og_type":"article","og_title":"CAN U20 : Sans l\u2019\u00e9quipe nationale, mais avec deux arbitres maliens","og_description":"Pre\u0301vue du 19 fe\u0301vrier au 11 mars, la Coupe d\u2019Afrique des nations des moins de 20 ans se de\u0301roule en Egypte. Vainqueur d ...","og_url":"https:\/\/www.africa-press.net\/mali\/sports\/can-u20-sans-lequipe-nationale-mais-avec-deux-arbitres-maliens","og_site_name":"Mali","article_publisher":"https:\/\/www.facebook.com\/AfricaPressTunisiaa","article_published_time":"2023-02-24T11:28:33+00:00","article_modified_time":"2023-02-24T11:56:24+00:00","og_image":[{"width":720,"height":492,"url":"https:\/\/static.africa-press.net\/mali\/sites\/21\/2023\/02\/postQueueImg_1677225523.95.jpg","type":"image\/jpeg"}],"author":"cfeditorfr","twitter_card":"summary_large_image","twitter_misc":{"\u00c9crit par":"cfeditorfr","Dur\u00e9e de lecture estim\u00e9e":"3 minutes"},"schema":{"@context":"https:\/\/schema.org","@graph":[{"@type":"Article","@id":"https:\/\/www.africa-press.net\/mali\/sports\/can-u20-sans-lequipe-nationale-mais-avec-deux-arbitres-maliens#article","isPartOf":{"@id":"https:\/\/www.africa-press.net\/mali\/sports\/can-u20-sans-lequipe-nationale-mais-avec-deux-arbitres-maliens"},"author":{"name":"cfeditorfr","@id":"https:\/\/www.africa-press.net\/mali\/#\/schema\/person\/2b1cf3cd81a31e3cd26889ca66d677f1"},"headline":"CAN U20 : Sans l\u2019\u00e9quipe nationale, mais avec deux arbitres maliens","datePublished":"2023-02-24T11:28:33+00:00","dateModified":"2023-02-24T11:56:24+00:00","mainEntityOfPage":{"@id":"https:\/\/www.africa-press.net\/mali\/sports\/can-u20-sans-lequipe-nationale-mais-avec-deux-arbitres-maliens"},"wordCount":706,"commentCount":0,"image":{"@id":"https:\/\/www.africa-press.net\/mali\/sports\/can-u20-sans-lequipe-nationale-mais-avec-deux-arbitres-maliens#primaryimage"},"thumbnailUrl":"https:\/\/static.africa-press.net\/mali\/sites\/21\/2023\/02\/postQueueImg_1677225523.95.jpg","keywords":["Africa Press","Africa Press-Mali","mali"],"articleSection":["Sports","Toutes les actualit\u00e9s"],"inLanguage":"fr-FR","potentialAction":[{"@type":"CommentAction","name":"Comment","target":["https:\/\/www.africa-press.net\/mali\/sports\/can-u20-sans-lequipe-nationale-mais-avec-deux-arbitres-maliens#respond"]}]},{"@type":"WebPage","@id":"https:\/\/www.africa-press.net\/mali\/sports\/can-u20-sans-lequipe-nationale-mais-avec-deux-arbitres-maliens","url":"https:\/\/www.africa-press.net\/mali\/sports\/can-u20-sans-lequipe-nationale-mais-avec-deux-arbitres-maliens","name":"CAN U20 : Sans l\u2019\u00e9quipe nationale, mais avec deux arbitres maliens - Mali","isPartOf":{"@id":"https:\/\/www.africa-press.net\/mali\/#website"},"primaryImageOfPage":{"@id":"https:\/\/www.africa-press.net\/mali\/sports\/can-u20-sans-lequipe-nationale-mais-avec-deux-arbitres-maliens#primaryimage"},"image":{"@id":"https:\/\/www.africa-press.net\/mali\/sports\/can-u20-sans-lequipe-nationale-mais-avec-deux-arbitres-maliens#primaryimage"},"thumbnailUrl":"https:\/\/static.africa-press.net\/mali\/sites\/21\/2023\/02\/postQueueImg_1677225523.95.jpg","datePublished":"2023-02-24T11:28:33+00:00","dateModified":"2023-02-24T11:56:24+00:00","author":{"@id":"https:\/\/www.africa-press.net\/mali\/#\/schema\/person\/2b1cf3cd81a31e3cd26889ca66d677f1"},"description":"Pre\u0301vue du 19 fe\u0301vrier au 11 mars, la Coupe d\u2019Afrique des nations des moins de 20 ans se de\u0301roule en Egypte. Vainqueur d ...","breadcrumb":{"@id":"https:\/\/www.africa-press.net\/mali\/sports\/can-u20-sans-lequipe-nationale-mais-avec-deux-arbitres-maliens#breadcrumb"},"inLanguage":"fr-FR","potentialAction":[{"@type":"ReadAction","target":["https:\/\/www.africa-press.net\/mali\/sports\/can-u20-sans-lequipe-nationale-mais-avec-deux-arbitres-maliens"]}]},{"@type":"ImageObject","inLanguage":"fr-FR","@id":"https:\/\/www.africa-press.net\/mali\/sports\/can-u20-sans-lequipe-nationale-mais-avec-deux-arbitres-maliens#primaryimage","url":"https:\/\/static.africa-press.net\/mali\/sites\/21\/2023\/02\/postQueueImg_1677225523.95.jpg","contentUrl":"https:\/\/static.africa-press.net\/mali\/sites\/21\/2023\/02\/postQueueImg_1677225523.95.jpg","width":720,"height":492,"caption":"CAN U20 : Sans l\u2019\u00e9quipe nationale, mais avec deux arbitres maliens"},{"@type":"BreadcrumbList","@id":"https:\/\/www.africa-press.net\/mali\/sports\/can-u20-sans-lequipe-nationale-mais-avec-deux-arbitres-maliens#breadcrumb","itemListElement":[{"@type":"ListItem","position":1,"name":"Home","item":"https:\/\/www.africa-press.net\/mali\/"},{"@type":"ListItem","position":2,"name":"CAN U20 : Sans l\u2019\u00e9quipe nationale, mais avec deux arbitres maliens"}]},{"@type":"WebSite","@id":"https:\/\/www.africa-press.net\/mali\/#website","url":"https:\/\/www.africa-press.net\/mali\/","name":"Mali","description":"Just another Africa News Agency Sites site","potentialAction":[{"@type":"SearchAction","target":{"@type":"EntryPoint","urlTemplate":"https:\/\/www.africa-press.net\/mali\/?s={search_term_string}"},"query-input":{"@type":"PropertyValueSpecification","valueRequired":true,"valueName":"search_term_string"}}],"inLanguage":"fr-FR"},{"@type":"Person","@id":"https:\/\/www.africa-press.net\/mali\/#\/schema\/person\/2b1cf3cd81a31e3cd26889ca66d677f1","name":"cfeditorfr"}]}},"_links":{"self":[{"href":"https:\/\/www.africa-press.net\/mali\/wp-json\/wp\/v2\/posts\/31078","targetHints":{"allow":["GET"]}}],"collection":[{"href":"https:\/\/www.africa-press.net\/mali\/wp-json\/wp\/v2\/posts"}],"about":[{"href":"https:\/\/www.africa-press.net\/mali\/wp-json\/wp\/v2\/types\/post"}],"author":[{"embeddable":true,"href":"https:\/\/www.africa-press.net\/mali\/wp-json\/wp\/v2\/users\/82"}],"replies":[{"embeddable":true,"href":"https:\/\/www.africa-press.net\/mali\/wp-json\/wp\/v2\/comments?post=31078"}],"version-history":[{"count":0,"href":"https:\/\/www.africa-press.net\/mali\/wp-json\/wp\/v2\/posts\/31078\/revisions"}],"wp:featuredmedia":[{"embeddable":true,"href":"https:\/\/www.africa-press.net\/mali\/wp-json\/wp\/v2\/media\/31077"}],"wp:attachment":[{"href":"https:\/\/www.africa-press.net\/mali\/wp-json\/wp\/v2\/media?parent=31078"}],"wp:term":[{"taxonomy":"category","embeddable":true,"href":"https:\/\/www.africa-press.net\/mali\/wp-json\/wp\/v2\/categories?post=31078"},{"taxonomy":"post_tag","embeddable":true,"href":"https:\/\/www.africa-press.net\/mali\/wp-json\/wp\/v2\/tags?post=31078"}],"curies":[{"name":"wp","href":"https:\/\/api.w.org\/{rel}","templated":true}]}}