{"id":31200,"date":"2023-02-26T19:40:59","date_gmt":"2023-02-26T19:40:59","guid":{"rendered":"https:\/\/www.africa-press.net\/mali\/politique\/le-burkina-faso-et-le-mali-veulent-faire-de-laxe-bamako-ouagadougou-un-modele-reussi-dintegration-sous-regionale-et-de-cooperation-sud-sud"},"modified":"2023-02-26T19:40:59","modified_gmt":"2023-02-26T19:40:59","slug":"le-burkina-faso-et-le-mali-veulent-faire-de-laxe-bamako-ouagadougou-un-modele-reussi-dintegration-sous-regionale-et-de-cooperation-sud-sud","status":"publish","type":"post","link":"https:\/\/www.africa-press.net\/mali\/top-nouvelles\/le-burkina-faso-et-le-mali-veulent-faire-de-laxe-bamako-ouagadougou-un-modele-reussi-dintegration-sous-regionale-et-de-cooperation-sud-sud","title":{"rendered":"Le Burkina Faso et le Mali veulent faire de l\u2019Axe Bamako-Ouagadougou un mod\u00e8le r\u00e9ussi d\u2019int\u00e9gration sous-r\u00e9gionale et de coop\u00e9ration Sud-Sud"},"content":{"rendered":"<p><span style=\"color: #ff6600\"><strong>Africa-Press &#8211; Mali. <\/strong><\/span>Le communique\u0301 conjoint issu de la visite d\u2019amitie\u0301 et de travail du Premier ministre malien, Choguel Kokalla MAIGA au Burkina Faso a e\u0301te\u0301 signe\u0301 ce 26 fe\u0301vrier 2023.<\/p>\n<p>Au cours de son sejour, Son Excellence Monsieur Choguel Kokalla MAIGA, Premier Ministre, Chef du Gouvernement de la Re\u0301publique du Mali, accompagne\u0301 de sa de\u0301le\u0301gation, a e\u0301te\u0301 rec\u0327u en audience par Son Excellence Le Capitaine Ibrahim TRAORE, Pre\u0301sident de la Transition, Chef de l\u2019Etat du Burkina Faso, a\u0300 qui il a transmis le message l\u2019amitie\u0301, de fraternite\u0301 et de coope\u0301ration de Son Excellence Le Colonel Assimi GOITA, Pre\u0301sident de la Transition, Chef de l\u2019Etat de la Re\u0301publique du Mali.<\/p>\n<p>A l\u2019ouverture des travaux du Conseil Conjoint de Gouvernements, les deux Premiers Ministres se sont re\u0301jouis de la tenue effective de ce cadre de concertation bilate\u0301rale et ont souhaite\u0301 qu\u2019il soit institutionnalise\u0301 avec une pe\u0301riodicite\u0301 de six (06) mois pour sa tenue et de fac\u0327on alterne\u0301e.<\/p>\n<p>Les deux Premiers Ministres ont re\u0301affirme\u0301 le ferme engagement de Leurs Excellences Le Capitaine Ibrahim TRAORE, Pre\u0301sident de la Transition, Chef de l\u2019Etat du Burkina Faso et Le Colonel Assimi GOITA, Pre\u0301sident de la Transition, Chef de l\u2019Etat de la Re\u0301publique du Mali, de faire de l\u2019Axe Bamako-Ouagadougou un mode\u0300le re\u0301ussi d\u2019inte\u0301gration sous-re\u0301gionale et de coope\u0301ration Sud-Sud.<\/p>\n<p>Le Chef de la de\u0301le\u0301gation malienne a, au nom du Pre\u0301sident de la Transition du Mali, de son Gouvernement et du peuple malien, ainsi qu\u2019a\u0300 son nom propre, salue\u0301 la me\u0301moire des vaillantes Forces de De\u0301fense et de Se\u0301curite\u0301 tombe\u0301es sur le champ d\u2019honneur lors de l\u2019attaque terroriste la\u0302che du 17 fe\u0301vrier 2023 sur l\u2019axe Oursi-De\u0301ou.<\/p>\n<p><strong>Pour plus d&rsquo;informations et d&rsquo;analyses sur la <a href=\"https:\/\/www.africa-press.net\/mali\">Mali<\/a>, suivez <a href=\"https:\/\/www.africa-press.net\/\">Africa-Press<\/a><\/strong><\/p>\n","protected":false},"excerpt":{"rendered":"<p>Africa-Press &#8211; Mali. Le communique\u0301 conjoint issu de la visite d\u2019amitie\u0301 et de travail du Premier ministre malien, Choguel Kokalla MAIGA au Burkina Faso a e\u0301te\u0301 signe\u0301 ce 26 fe\u0301vrier 2023. Au cours de son sejour, Son Excellence Monsieur Choguel Kokalla MAIGA, Premier Ministre, Chef du Gouvernement de la Re\u0301publique du Mali, accompagne\u0301 de sa [&hellip;]<\/p>\n","protected":false},"author":82,"featured_media":31199,"comment_status":"open","ping_status":"closed","sticky":false,"template":"","format":"standard","meta":{"footnotes":""},"categories":[7,5,17],"tags":[76,86,19],"class_list":["post-31200","post","type-post","status-publish","format-standard","has-post-thumbnail","hentry","category-politique","category-top-nouvelles","category-toutes-les-actualites","tag-africa-press","tag-africa-press-mali","tag-mali"],"yoast_head":"<!-- This site is optimized with the Yoast SEO Premium plugin v26.1 (Yoast SEO v27.0) - https:\/\/yoast.com\/product\/yoast-seo-premium-wordpress\/ -->\n<title>Le Burkina Faso et le Mali veulent faire de l\u2019Axe Bamako-Ouagadougou un mod\u00e8le r\u00e9ussi d\u2019int\u00e9gration sous-r\u00e9gionale et de coop\u00e9ration Sud-Sud - Mali<\/title>\n<meta name=\"robots\" content=\"index, follow, max-snippet:-1, max-image-preview:large, max-video-preview:-1\" \/>\n<link rel=\"canonical\" href=\"https:\/\/www.africa-press.net\/mali\/politique\/le-burkina-faso-et-le-mali-veulent-faire-de-laxe-bamako-ouagadougou-un-modele-reussi-dintegration-sous-regionale-et-de-cooperation-sud-sud\" \/>\n<meta property=\"og:locale\" content=\"fr_FR\" \/>\n<meta property=\"og:type\" content=\"article\" \/>\n<meta property=\"og:title\" content=\"Le Burkina Faso et le Mali veulent faire de l\u2019Axe Bamako-Ouagadougou un mod\u00e8le r\u00e9ussi d\u2019int\u00e9gration sous-r\u00e9gionale et de coop\u00e9ration Sud-Sud\" \/>\n<meta property=\"og:description\" content=\"Africa-Press &#8211; Mali. Le communique\u0301 conjoint issu de la visite d\u2019amitie\u0301 et de travail du Premier ministre malien, Choguel Kokalla MAIGA au Burkina Faso a e\u0301te\u0301 signe\u0301 ce 26 fe\u0301vrier 2023. Au cours de son sejour, Son Excellence Monsieur Choguel Kokalla MAIGA, Premier Ministre, Chef du Gouvernement de la Re\u0301publique du Mali, accompagne\u0301 de sa [&hellip;]\" \/>\n<meta property=\"og:url\" content=\"https:\/\/www.africa-press.net\/mali\/politique\/le-burkina-faso-et-le-mali-veulent-faire-de-laxe-bamako-ouagadougou-un-modele-reussi-dintegration-sous-regionale-et-de-cooperation-sud-sud\" \/>\n<meta property=\"og:site_name\" content=\"Mali\" \/>\n<meta property=\"article:publisher\" content=\"https:\/\/www.facebook.com\/AfricaPressTunisiaa\" \/>\n<meta property=\"article:published_time\" content=\"2023-02-26T19:40:59+00:00\" \/>\n<meta name=\"author\" content=\"cfeditorfr\" \/>\n<meta name=\"twitter:card\" content=\"summary_large_image\" \/>\n<meta name=\"twitter:label1\" content=\"\u00c9crit par\" \/>\n\t<meta name=\"twitter:data1\" content=\"cfeditorfr\" \/>\n\t<meta name=\"twitter:label2\" content=\"Dur\u00e9e de lecture estim\u00e9e\" \/>\n\t<meta name=\"twitter:data2\" content=\"2 minutes\" \/>\n<script type=\"application\/ld+json\" class=\"yoast-schema-graph\">{\"@context\":\"https:\/\/schema.org\",\"@graph\":[{\"@type\":\"Article\",\"@id\":\"https:\/\/www.africa-press.net\/mali\/politique\/le-burkina-faso-et-le-mali-veulent-faire-de-laxe-bamako-ouagadougou-un-modele-reussi-dintegration-sous-regionale-et-de-cooperation-sud-sud#article\",\"isPartOf\":{\"@id\":\"https:\/\/www.africa-press.net\/mali\/politique\/le-burkina-faso-et-le-mali-veulent-faire-de-laxe-bamako-ouagadougou-un-modele-reussi-dintegration-sous-regionale-et-de-cooperation-sud-sud\"},\"author\":{\"name\":\"cfeditorfr\",\"@id\":\"https:\/\/www.africa-press.net\/mali\/#\/schema\/person\/2b1cf3cd81a31e3cd26889ca66d677f1\"},\"headline\":\"Le Burkina Faso et le Mali veulent faire de l\u2019Axe Bamako-Ouagadougou un mod\u00e8le r\u00e9ussi d\u2019int\u00e9gration sous-r\u00e9gionale et de coop\u00e9ration Sud-Sud\",\"datePublished\":\"2023-02-26T19:40:59+00:00\",\"mainEntityOfPage\":{\"@id\":\"https:\/\/www.africa-press.net\/mali\/politique\/le-burkina-faso-et-le-mali-veulent-faire-de-laxe-bamako-ouagadougou-un-modele-reussi-dintegration-sous-regionale-et-de-cooperation-sud-sud\"},\"wordCount\":352,\"commentCount\":0,\"image\":{\"@id\":\"https:\/\/www.africa-press.net\/mali\/politique\/le-burkina-faso-et-le-mali-veulent-faire-de-laxe-bamako-ouagadougou-un-modele-reussi-dintegration-sous-regionale-et-de-cooperation-sud-sud#primaryimage\"},\"thumbnailUrl\":\"https:\/\/static.africa-press.net\/mali\/sites\/21\/2023\/02\/postQueueImg_1677427935.53.jpg\",\"keywords\":[\"Africa Press\",\"Africa Press-Mali\",\"mali\"],\"articleSection\":[\"Politique\",\"Top Nouvelles\",\"Toutes les actualit\u00e9s\"],\"inLanguage\":\"fr-FR\",\"potentialAction\":[{\"@type\":\"CommentAction\",\"name\":\"Comment\",\"target\":[\"https:\/\/www.africa-press.net\/mali\/politique\/le-burkina-faso-et-le-mali-veulent-faire-de-laxe-bamako-ouagadougou-un-modele-reussi-dintegration-sous-regionale-et-de-cooperation-sud-sud#respond\"]}]},{\"@type\":\"WebPage\",\"@id\":\"https:\/\/www.africa-press.net\/mali\/politique\/le-burkina-faso-et-le-mali-veulent-faire-de-laxe-bamako-ouagadougou-un-modele-reussi-dintegration-sous-regionale-et-de-cooperation-sud-sud\",\"url\":\"https:\/\/www.africa-press.net\/mali\/politique\/le-burkina-faso-et-le-mali-veulent-faire-de-laxe-bamako-ouagadougou-un-modele-reussi-dintegration-sous-regionale-et-de-cooperation-sud-sud\",\"name\":\"Le Burkina Faso et le Mali veulent faire de l\u2019Axe Bamako-Ouagadougou un mod\u00e8le r\u00e9ussi d\u2019int\u00e9gration sous-r\u00e9gionale et de coop\u00e9ration Sud-Sud - Mali\",\"isPartOf\":{\"@id\":\"https:\/\/www.africa-press.net\/mali\/#website\"},\"primaryImageOfPage\":{\"@id\":\"https:\/\/www.africa-press.net\/mali\/politique\/le-burkina-faso-et-le-mali-veulent-faire-de-laxe-bamako-ouagadougou-un-modele-reussi-dintegration-sous-regionale-et-de-cooperation-sud-sud#primaryimage\"},\"image\":{\"@id\":\"https:\/\/www.africa-press.net\/mali\/politique\/le-burkina-faso-et-le-mali-veulent-faire-de-laxe-bamako-ouagadougou-un-modele-reussi-dintegration-sous-regionale-et-de-cooperation-sud-sud#primaryimage\"},\"thumbnailUrl\":\"https:\/\/static.africa-press.net\/mali\/sites\/21\/2023\/02\/postQueueImg_1677427935.53.jpg\",\"datePublished\":\"2023-02-26T19:40:59+00:00\",\"author\":{\"@id\":\"https:\/\/www.africa-press.net\/mali\/#\/schema\/person\/2b1cf3cd81a31e3cd26889ca66d677f1\"},\"breadcrumb\":{\"@id\":\"https:\/\/www.africa-press.net\/mali\/politique\/le-burkina-faso-et-le-mali-veulent-faire-de-laxe-bamako-ouagadougou-un-modele-reussi-dintegration-sous-regionale-et-de-cooperation-sud-sud#breadcrumb\"},\"inLanguage\":\"fr-FR\",\"potentialAction\":[{\"@type\":\"ReadAction\",\"target\":[\"https:\/\/www.africa-press.net\/mali\/politique\/le-burkina-faso-et-le-mali-veulent-faire-de-laxe-bamako-ouagadougou-un-modele-reussi-dintegration-sous-regionale-et-de-cooperation-sud-sud\"]}]},{\"@type\":\"ImageObject\",\"inLanguage\":\"fr-FR\",\"@id\":\"https:\/\/www.africa-press.net\/mali\/politique\/le-burkina-faso-et-le-mali-veulent-faire-de-laxe-bamako-ouagadougou-un-modele-reussi-dintegration-sous-regionale-et-de-cooperation-sud-sud#primaryimage\",\"url\":\"https:\/\/static.africa-press.net\/mali\/sites\/21\/2023\/02\/postQueueImg_1677427935.53.jpg\",\"contentUrl\":\"https:\/\/static.africa-press.net\/mali\/sites\/21\/2023\/02\/postQueueImg_1677427935.53.jpg\",\"width\":613,\"height\":460,\"caption\":\"Le Burkina Faso et le Mali veulent faire de l\u2019Axe Bamako-Ouagadougou un mod\u00e8le r\u00e9ussi d\u2019int\u00e9gration sous-r\u00e9gionale et de coop\u00e9ration Sud-Sud\"},{\"@type\":\"BreadcrumbList\",\"@id\":\"https:\/\/www.africa-press.net\/mali\/politique\/le-burkina-faso-et-le-mali-veulent-faire-de-laxe-bamako-ouagadougou-un-modele-reussi-dintegration-sous-regionale-et-de-cooperation-sud-sud#breadcrumb\",\"itemListElement\":[{\"@type\":\"ListItem\",\"position\":1,\"name\":\"Home\",\"item\":\"https:\/\/www.africa-press.net\/mali\/\"},{\"@type\":\"ListItem\",\"position\":2,\"name\":\"Le Burkina Faso et le Mali veulent faire de l\u2019Axe Bamako-Ouagadougou un mod\u00e8le r\u00e9ussi d\u2019int\u00e9gration sous-r\u00e9gionale et de coop\u00e9ration Sud-Sud\"}]},{\"@type\":\"WebSite\",\"@id\":\"https:\/\/www.africa-press.net\/mali\/#website\",\"url\":\"https:\/\/www.africa-press.net\/mali\/\",\"name\":\"Mali\",\"description\":\"Just another Africa News Agency Sites site\",\"potentialAction\":[{\"@type\":\"SearchAction\",\"target\":{\"@type\":\"EntryPoint\",\"urlTemplate\":\"https:\/\/www.africa-press.net\/mali\/?s={search_term_string}\"},\"query-input\":{\"@type\":\"PropertyValueSpecification\",\"valueRequired\":true,\"valueName\":\"search_term_string\"}}],\"inLanguage\":\"fr-FR\"},{\"@type\":\"Person\",\"@id\":\"https:\/\/www.africa-press.net\/mali\/#\/schema\/person\/2b1cf3cd81a31e3cd26889ca66d677f1\",\"name\":\"cfeditorfr\"}]}<\/script>\n<!-- \/ Yoast SEO Premium plugin. -->","yoast_head_json":{"title":"Le Burkina Faso et le Mali veulent faire de l\u2019Axe Bamako-Ouagadougou un mod\u00e8le r\u00e9ussi d\u2019int\u00e9gration sous-r\u00e9gionale et de coop\u00e9ration Sud-Sud - Mali","robots":{"index":"index","follow":"follow","max-snippet":"max-snippet:-1","max-image-preview":"max-image-preview:large","max-video-preview":"max-video-preview:-1"},"canonical":"https:\/\/www.africa-press.net\/mali\/politique\/le-burkina-faso-et-le-mali-veulent-faire-de-laxe-bamako-ouagadougou-un-modele-reussi-dintegration-sous-regionale-et-de-cooperation-sud-sud","og_locale":"fr_FR","og_type":"article","og_title":"Le Burkina Faso et le Mali veulent faire de l\u2019Axe Bamako-Ouagadougou un mod\u00e8le r\u00e9ussi d\u2019int\u00e9gration sous-r\u00e9gionale et de coop\u00e9ration Sud-Sud","og_description":"Africa-Press &#8211; Mali. Le communique\u0301 conjoint issu de la visite d\u2019amitie\u0301 et de travail du Premier ministre malien, Choguel Kokalla MAIGA au Burkina Faso a e\u0301te\u0301 signe\u0301 ce 26 fe\u0301vrier 2023. Au cours de son sejour, Son Excellence Monsieur Choguel Kokalla MAIGA, Premier Ministre, Chef du Gouvernement de la Re\u0301publique du Mali, accompagne\u0301 de sa [&hellip;]","og_url":"https:\/\/www.africa-press.net\/mali\/politique\/le-burkina-faso-et-le-mali-veulent-faire-de-laxe-bamako-ouagadougou-un-modele-reussi-dintegration-sous-regionale-et-de-cooperation-sud-sud","og_site_name":"Mali","article_publisher":"https:\/\/www.facebook.com\/AfricaPressTunisiaa","article_published_time":"2023-02-26T19:40:59+00:00","author":"cfeditorfr","twitter_card":"summary_large_image","twitter_misc":{"\u00c9crit par":"cfeditorfr","Dur\u00e9e de lecture estim\u00e9e":"2 minutes"},"schema":{"@context":"https:\/\/schema.org","@graph":[{"@type":"Article","@id":"https:\/\/www.africa-press.net\/mali\/politique\/le-burkina-faso-et-le-mali-veulent-faire-de-laxe-bamako-ouagadougou-un-modele-reussi-dintegration-sous-regionale-et-de-cooperation-sud-sud#article","isPartOf":{"@id":"https:\/\/www.africa-press.net\/mali\/politique\/le-burkina-faso-et-le-mali-veulent-faire-de-laxe-bamako-ouagadougou-un-modele-reussi-dintegration-sous-regionale-et-de-cooperation-sud-sud"},"author":{"name":"cfeditorfr","@id":"https:\/\/www.africa-press.net\/mali\/#\/schema\/person\/2b1cf3cd81a31e3cd26889ca66d677f1"},"headline":"Le Burkina Faso et le Mali veulent faire de l\u2019Axe Bamako-Ouagadougou un mod\u00e8le r\u00e9ussi d\u2019int\u00e9gration sous-r\u00e9gionale et de coop\u00e9ration Sud-Sud","datePublished":"2023-02-26T19:40:59+00:00","mainEntityOfPage":{"@id":"https:\/\/www.africa-press.net\/mali\/politique\/le-burkina-faso-et-le-mali-veulent-faire-de-laxe-bamako-ouagadougou-un-modele-reussi-dintegration-sous-regionale-et-de-cooperation-sud-sud"},"wordCount":352,"commentCount":0,"image":{"@id":"https:\/\/www.africa-press.net\/mali\/politique\/le-burkina-faso-et-le-mali-veulent-faire-de-laxe-bamako-ouagadougou-un-modele-reussi-dintegration-sous-regionale-et-de-cooperation-sud-sud#primaryimage"},"thumbnailUrl":"https:\/\/static.africa-press.net\/mali\/sites\/21\/2023\/02\/postQueueImg_1677427935.53.jpg","keywords":["Africa Press","Africa Press-Mali","mali"],"articleSection":["Politique","Top Nouvelles","Toutes les actualit\u00e9s"],"inLanguage":"fr-FR","potentialAction":[{"@type":"CommentAction","name":"Comment","target":["https:\/\/www.africa-press.net\/mali\/politique\/le-burkina-faso-et-le-mali-veulent-faire-de-laxe-bamako-ouagadougou-un-modele-reussi-dintegration-sous-regionale-et-de-cooperation-sud-sud#respond"]}]},{"@type":"WebPage","@id":"https:\/\/www.africa-press.net\/mali\/politique\/le-burkina-faso-et-le-mali-veulent-faire-de-laxe-bamako-ouagadougou-un-modele-reussi-dintegration-sous-regionale-et-de-cooperation-sud-sud","url":"https:\/\/www.africa-press.net\/mali\/politique\/le-burkina-faso-et-le-mali-veulent-faire-de-laxe-bamako-ouagadougou-un-modele-reussi-dintegration-sous-regionale-et-de-cooperation-sud-sud","name":"Le Burkina Faso et le Mali veulent faire de l\u2019Axe Bamako-Ouagadougou un mod\u00e8le r\u00e9ussi d\u2019int\u00e9gration sous-r\u00e9gionale et de coop\u00e9ration Sud-Sud - Mali","isPartOf":{"@id":"https:\/\/www.africa-press.net\/mali\/#website"},"primaryImageOfPage":{"@id":"https:\/\/www.africa-press.net\/mali\/politique\/le-burkina-faso-et-le-mali-veulent-faire-de-laxe-bamako-ouagadougou-un-modele-reussi-dintegration-sous-regionale-et-de-cooperation-sud-sud#primaryimage"},"image":{"@id":"https:\/\/www.africa-press.net\/mali\/politique\/le-burkina-faso-et-le-mali-veulent-faire-de-laxe-bamako-ouagadougou-un-modele-reussi-dintegration-sous-regionale-et-de-cooperation-sud-sud#primaryimage"},"thumbnailUrl":"https:\/\/static.africa-press.net\/mali\/sites\/21\/2023\/02\/postQueueImg_1677427935.53.jpg","datePublished":"2023-02-26T19:40:59+00:00","author":{"@id":"https:\/\/www.africa-press.net\/mali\/#\/schema\/person\/2b1cf3cd81a31e3cd26889ca66d677f1"},"breadcrumb":{"@id":"https:\/\/www.africa-press.net\/mali\/politique\/le-burkina-faso-et-le-mali-veulent-faire-de-laxe-bamako-ouagadougou-un-modele-reussi-dintegration-sous-regionale-et-de-cooperation-sud-sud#breadcrumb"},"inLanguage":"fr-FR","potentialAction":[{"@type":"ReadAction","target":["https:\/\/www.africa-press.net\/mali\/politique\/le-burkina-faso-et-le-mali-veulent-faire-de-laxe-bamako-ouagadougou-un-modele-reussi-dintegration-sous-regionale-et-de-cooperation-sud-sud"]}]},{"@type":"ImageObject","inLanguage":"fr-FR","@id":"https:\/\/www.africa-press.net\/mali\/politique\/le-burkina-faso-et-le-mali-veulent-faire-de-laxe-bamako-ouagadougou-un-modele-reussi-dintegration-sous-regionale-et-de-cooperation-sud-sud#primaryimage","url":"https:\/\/static.africa-press.net\/mali\/sites\/21\/2023\/02\/postQueueImg_1677427935.53.jpg","contentUrl":"https:\/\/static.africa-press.net\/mali\/sites\/21\/2023\/02\/postQueueImg_1677427935.53.jpg","width":613,"height":460,"caption":"Le Burkina Faso et le Mali veulent faire de l\u2019Axe Bamako-Ouagadougou un mod\u00e8le r\u00e9ussi d\u2019int\u00e9gration sous-r\u00e9gionale et de coop\u00e9ration Sud-Sud"},{"@type":"BreadcrumbList","@id":"https:\/\/www.africa-press.net\/mali\/politique\/le-burkina-faso-et-le-mali-veulent-faire-de-laxe-bamako-ouagadougou-un-modele-reussi-dintegration-sous-regionale-et-de-cooperation-sud-sud#breadcrumb","itemListElement":[{"@type":"ListItem","position":1,"name":"Home","item":"https:\/\/www.africa-press.net\/mali\/"},{"@type":"ListItem","position":2,"name":"Le Burkina Faso et le Mali veulent faire de l\u2019Axe Bamako-Ouagadougou un mod\u00e8le r\u00e9ussi d\u2019int\u00e9gration sous-r\u00e9gionale et de coop\u00e9ration Sud-Sud"}]},{"@type":"WebSite","@id":"https:\/\/www.africa-press.net\/mali\/#website","url":"https:\/\/www.africa-press.net\/mali\/","name":"Mali","description":"Just another Africa News Agency Sites site","potentialAction":[{"@type":"SearchAction","target":{"@type":"EntryPoint","urlTemplate":"https:\/\/www.africa-press.net\/mali\/?s={search_term_string}"},"query-input":{"@type":"PropertyValueSpecification","valueRequired":true,"valueName":"search_term_string"}}],"inLanguage":"fr-FR"},{"@type":"Person","@id":"https:\/\/www.africa-press.net\/mali\/#\/schema\/person\/2b1cf3cd81a31e3cd26889ca66d677f1","name":"cfeditorfr"}]}},"_links":{"self":[{"href":"https:\/\/www.africa-press.net\/mali\/wp-json\/wp\/v2\/posts\/31200","targetHints":{"allow":["GET"]}}],"collection":[{"href":"https:\/\/www.africa-press.net\/mali\/wp-json\/wp\/v2\/posts"}],"about":[{"href":"https:\/\/www.africa-press.net\/mali\/wp-json\/wp\/v2\/types\/post"}],"author":[{"embeddable":true,"href":"https:\/\/www.africa-press.net\/mali\/wp-json\/wp\/v2\/users\/82"}],"replies":[{"embeddable":true,"href":"https:\/\/www.africa-press.net\/mali\/wp-json\/wp\/v2\/comments?post=31200"}],"version-history":[{"count":0,"href":"https:\/\/www.africa-press.net\/mali\/wp-json\/wp\/v2\/posts\/31200\/revisions"}],"wp:featuredmedia":[{"embeddable":true,"href":"https:\/\/www.africa-press.net\/mali\/wp-json\/wp\/v2\/media\/31199"}],"wp:attachment":[{"href":"https:\/\/www.africa-press.net\/mali\/wp-json\/wp\/v2\/media?parent=31200"}],"wp:term":[{"taxonomy":"category","embeddable":true,"href":"https:\/\/www.africa-press.net\/mali\/wp-json\/wp\/v2\/categories?post=31200"},{"taxonomy":"post_tag","embeddable":true,"href":"https:\/\/www.africa-press.net\/mali\/wp-json\/wp\/v2\/tags?post=31200"}],"curies":[{"name":"wp","href":"https:\/\/api.w.org\/{rel}","templated":true}]}}