{"id":31202,"date":"2023-02-26T19:42:15","date_gmt":"2023-02-26T19:42:15","guid":{"rendered":"https:\/\/www.africa-press.net\/mali\/politique\/incertitudes-autour-du-calendrier-electoral"},"modified":"2023-02-26T19:42:15","modified_gmt":"2023-02-26T19:42:15","slug":"incertitudes-autour-du-calendrier-electoral","status":"publish","type":"post","link":"https:\/\/www.africa-press.net\/mali\/top-nouvelles\/incertitudes-autour-du-calendrier-electoral","title":{"rendered":"incertitudes autour du calendrier \u00e9lectoral"},"content":{"rendered":"<p><span style=\"color: #ff6600\"><strong>Africa-Press &#8211; Mali. <\/strong><\/span>Le Me\u0301diateur de la Communaute\u0301 e\u0301conomique des Etats de l\u2019Afrique de l\u2019Ouest (Ce\u0301de\u0301ao) pour le Mali, l\u2019ancien pre\u0301sident nige\u0301rian Goodluck Jonathan a clo\u0302ture\u0301 le mercredi 22 fe\u0301vrier dernier, une visite de 72 heures a\u0300 Bamako.<\/p>\n<p>Au Mali, Goodluck Jonathan s\u2019impre\u0301gnait de l\u2019e\u0301tat d\u2019avancement du processus de transition cense\u0301 prendre fin en mars 2023. Mais le moins que l\u2019on puisse dire, c\u2019est que de re\u0301elles incertitudes demeurent quant au respect de la dure\u0301e de transition.<\/p>\n<p>De nombreux observateurs e\u0301mettent de se\u0301rieux doute sur la capacite\u0301 des autorite\u0301s maliennes a\u0300 respecter le programme de la transition fixe\u0301 d\u2019un commun accord avec la Communaute\u0301 e\u0301conomique des Etats de l\u2019Afrique de l\u2019Ouest (Ce\u0301de\u0301ao). De nombreuses conditions ne sont pas encore re\u0301unies pour tenir tous les scrutins pre\u0301vus cette anne\u0301e en pre\u0301lude de la pre\u0301sidentielle de 2024 cense\u0301e consacre\u0301e le retour a\u0300 l\u2019ordre constitutionnel a\u0300 travers le transfert du pouvoir aux civils. Il n\u2019y a pas encore de la lisibilite\u0301 sur le processus e\u0301lectoral. La premie\u0300re e\u0301lection que le Mali doit organiser cette anne\u0301e, c\u2019est le re\u0301fe\u0301rendum constitutionnel pre\u0301vu le 19 mars prochain.<\/p>\n<p>A ce jour, la nouvelle Constitution n\u2019a toujours pas e\u0301te\u0301 pre\u0301sente\u0301e au pre\u0301sident de la Transition, le colonel Assimi Goi\u0308ta, bien que la commission en charge de sa finalisation a termine\u0301 ses travaux, depuis le mercredi 22 fe\u0301vrier 2023.<\/p>\n<p>Ce processus a commence\u0301 par la re\u0301daction d\u2019un avant-projet par une commission mise en place pour une dure\u0301e de trois mois depuis juin 2022. Ce n\u2019est qu\u2019en octobre dernier que ce document sera finalement pre\u0301sente\u0301 au pre\u0301sident de la transition. Comme s\u2019il n\u2019e\u0301tait pas entie\u0300rement satisfait de ce travail, ce dernier a mis en place en de\u0301cembre, une nouvelle commission pour 15 jours charge\u0301e de finaliser la re\u0301daction de la nouvelle Constitution. Aux dernie\u0300res nouvelles, il nous revient que ce document sera pre\u0301sente\u0301 au chef de l\u2019Etat, le lundi 27 fe\u0301vrier prochain. Apre\u0300s cette e\u0301tape, il restera sa promulgation. Tout cela se de\u0301roule alors que la Constitution de mars 1992 n\u2019a toujours pas e\u0301te\u0301 suspendue ou abroge\u0301e. Ce qui pousse certains acteurs a\u0300 e\u0301voquer l\u2019\u00ab ille\u0301galite\u0301 \u00bb de la de\u0301marche en cours. D\u2019apre\u0300s nos informations, ce document une fois promulgue\u0301 par le pre\u0301sident de la transition, ne passera pas par le Conseil National de Transition (CNT), l\u2019organe le\u0301gislatif. Il sera soumis directement au re\u0301fe\u0301rendum.<\/p>\n<p><b>Des conditions toujours pas re\u0301unies<\/b><\/p>\n<p>Pour le re\u0301fe\u0301rendum, il convient de reconnaitre que l\u2019Autorite\u0301 Inde\u0301pendante pour la Gestion des Elections (AIGE) n\u2019a toujours pas finalise\u0301 le processus de mise en place de ses de\u0301membrements. Pourtant, dans les textes, cet organe devrait avoir un de\u0301lai de six mois pour ge\u0301rer un scrutin. Mieux, la Carte nationale d\u2019identite\u0301 biome\u0301trique qui fait e\u0301galement office de carte d\u2019e\u0301lecteur n\u2019a toujours pas commence\u0301 a\u0300 e\u0302tre produite. Le processus d\u2019enro\u0302lement des citoyens maliens peine a\u0300 atteindre sa vitesse de croisie\u0300re. Par ailleurs, le colle\u0300ge e\u0301lectoral qui devrait e\u0302tre convoque\u0301 depuis le 17 fe\u0301vrier dernier, soit un mois avant le re\u0301fe\u0301rendum du 19 mars n\u2019a toujours pas e\u0301te\u0301 fait.<\/p>\n<p>Ce n\u2019est que le lundi 20 fe\u0301vrier dernier que le Conseil National de Transition (CNT) a adopte\u0301 le texte sur la re\u0301organisation territoriale et administrative sur la base duquel se tiendront les futures e\u0301che\u0301ances e\u0301lectorales. De\u0301sormais, selon les textes, le Mali compte 19 re\u0301gions, 156 cercles, 819 communes et 466 arrondissements. L\u2019autre de\u0301fi qui reste a\u0300 relever, c\u2019est surtout l\u2019ope\u0301rationnalisation de toutes ces nouvelles circonscriptions e\u0301lectorales, car parmi les anciennes circonscriptions, certaines peinent a\u0300 e\u0302tre pleinement ope\u0301rationnelles.<\/p>\n<p>Mais la principale difficulte\u0301 pour le respect du calendrier e\u0301lectoral, c\u2019est surtout son financement. Re\u0301cemment, dans une sortie quasiment ine\u0301dite, le pre\u0301sident de la Cour Constitutionnelle, Amadou Ousmane Toure\u0301 de\u0301clarait que s\u2019agissant des e\u0301lections, \u00ab si c\u2019est pour demain, nous ne sommes pas pre\u0302ts et me\u0302me dans quelques mois nous ne le serons pas \u00bb. Poursuivant, il avait lance\u0301 aux repre\u0301sentants des partis politiques : \u00ab Si vous voulez marcher demain pour dire de donner les moyens a\u0300 la Cour, il faut marcher et j\u2019en prendrai la te\u0302te \u00bb.<\/p>\n<p><b>L\u2019e\u0301quation de la se\u0301curisation<\/b><\/p>\n<p>Au-dela\u0300, de toutes ces questions d\u2019ordre politique et logistique, il y a l\u2019inse\u0301curite\u0301 qui atteint des proportions inquie\u0301tantes dans plusieurs localite\u0301s du pays. Et cela, en de\u0301pit du lancement par le chef de l\u2019Etat, le 20 janvier dernier, d\u2019une ope\u0301ration de se\u0301curisation du processus e\u0301lectoral baptise\u0301e \u00ab Tile\u0301 Koura \u00bb (Jour ou soleil nouveau). Malgre\u0301 cela, les attaques terroristes se poursuivent encore.<\/p>\n<p>Le processus de paix continue de trai\u0302ner, poussant certains citoyens a\u0300 craindre une reprise des hostilite\u0301s entre les parties signataires de l\u2019Accord de paix de 2015. Outre les appels incessants vers une confrontation arme\u0301e avec les mouvements du Nord Mali, ces derniers ont lance\u0301 le mardi 21 fe\u0301vrier dernier, leur ope\u0301ration de se\u0301curisation des localite\u0301s septentrionales du pays sans concertation avec les autorite\u0301s de la transition.<\/p>\n<p>Cette situation prouve a\u0300 suffisance qu\u2019il sera difficile de respecter le programme de transition fixe\u0301 d\u2019un commun accord avec la Ce\u0301de\u0301ao. Re\u0301unis en marge des travaux du 36e sommet de l\u2019Union africaine (UA), le dimanche 19 fe\u0301vrier dernier, les chefs de l\u2019Etat de cette organisation sous-re\u0301gionale ont de\u0301cide\u0301 de maintenir les sanctions contre certaines personnalite\u0301s des Etats membres qui sont sous le coup d\u2019une transition, a\u0300 savoir le Mali, le Burkina Faso et la Guine\u0301e. D\u2019aucuns e\u0301voquent la possibilite\u0301 d\u2019un e\u0301largissement de ces sanctions a\u0300 des volets touchant l\u2019e\u0301conomie et le de\u0301veloppement au cas ou\u0300 les calendriers e\u0301lectoraux pre\u0301alablement fixe\u0301s ne seront pas respecte\u0301s.<\/p>\n<p>En janvier 2022, la Ce\u0301de\u0301ao avait impose\u0301 des sanctions e\u0301conomiques et financie\u0300res au Mali qui ont dure\u0301 six mois et n\u2019ont e\u0301te\u0301 leve\u0301es qu\u2019en juillet dernier, apre\u0300s la pre\u0301sentation d\u2019un nouvel agenda de 24 mois pour la fin de la transition.<\/p>\n<p><strong>Pour plus d&rsquo;informations et d&rsquo;analyses sur la <a href=\"https:\/\/www.africa-press.net\/mali\">Mali<\/a>, suivez <a href=\"https:\/\/www.africa-press.net\/\">Africa-Press<\/a><\/strong><\/p>\n","protected":false},"excerpt":{"rendered":"<p>Africa-Press &#8211; Mali. Le Me\u0301diateur de la Communaute\u0301 e\u0301conomique des Etats de l\u2019Afrique de l\u2019Ouest (Ce\u0301de\u0301ao) pour le Mali, l\u2019ancien pre\u0301sident nige\u0301rian Goodluck Jonathan a clo\u0302ture\u0301 le mercredi 22 fe\u0301vrier dernier, une visite de 72 heures a\u0300 Bamako. Au Mali, Goodluck Jonathan s\u2019impre\u0301gnait de l\u2019e\u0301tat d\u2019avancement du processus de transition cense\u0301 prendre fin en mars [&hellip;]<\/p>\n","protected":false},"author":82,"featured_media":31201,"comment_status":"open","ping_status":"closed","sticky":false,"template":"","format":"standard","meta":{"footnotes":""},"categories":[7,5,17],"tags":[76,86,19],"class_list":["post-31202","post","type-post","status-publish","format-standard","has-post-thumbnail","hentry","category-politique","category-top-nouvelles","category-toutes-les-actualites","tag-africa-press","tag-africa-press-mali","tag-mali"],"yoast_head":"<!-- This site is optimized with the Yoast SEO Premium plugin v26.1 (Yoast SEO v27.0) - https:\/\/yoast.com\/product\/yoast-seo-premium-wordpress\/ -->\n<title>incertitudes autour du calendrier \u00e9lectoral - Mali<\/title>\n<meta name=\"robots\" content=\"index, follow, max-snippet:-1, max-image-preview:large, max-video-preview:-1\" \/>\n<link rel=\"canonical\" href=\"https:\/\/www.africa-press.net\/mali\/politique\/incertitudes-autour-du-calendrier-electoral\" \/>\n<meta property=\"og:locale\" content=\"fr_FR\" \/>\n<meta property=\"og:type\" content=\"article\" \/>\n<meta property=\"og:title\" content=\"incertitudes autour du calendrier \u00e9lectoral\" \/>\n<meta property=\"og:description\" content=\"Africa-Press &#8211; Mali. Le Me\u0301diateur de la Communaute\u0301 e\u0301conomique des Etats de l\u2019Afrique de l\u2019Ouest (Ce\u0301de\u0301ao) pour le Mali, l\u2019ancien pre\u0301sident nige\u0301rian Goodluck Jonathan a clo\u0302ture\u0301 le mercredi 22 fe\u0301vrier dernier, une visite de 72 heures a\u0300 Bamako. Au Mali, Goodluck Jonathan s\u2019impre\u0301gnait de l\u2019e\u0301tat d\u2019avancement du processus de transition cense\u0301 prendre fin en mars [&hellip;]\" \/>\n<meta property=\"og:url\" content=\"https:\/\/www.africa-press.net\/mali\/politique\/incertitudes-autour-du-calendrier-electoral\" \/>\n<meta property=\"og:site_name\" content=\"Mali\" \/>\n<meta property=\"article:publisher\" content=\"https:\/\/www.facebook.com\/AfricaPressTunisiaa\" \/>\n<meta property=\"article:published_time\" content=\"2023-02-26T19:42:15+00:00\" \/>\n<meta name=\"author\" content=\"cfeditorfr\" \/>\n<meta name=\"twitter:card\" content=\"summary_large_image\" \/>\n<meta name=\"twitter:label1\" content=\"\u00c9crit par\" \/>\n\t<meta name=\"twitter:data1\" content=\"cfeditorfr\" \/>\n\t<meta name=\"twitter:label2\" content=\"Dur\u00e9e de lecture estim\u00e9e\" \/>\n\t<meta name=\"twitter:data2\" content=\"6 minutes\" \/>\n<script type=\"application\/ld+json\" class=\"yoast-schema-graph\">{\"@context\":\"https:\/\/schema.org\",\"@graph\":[{\"@type\":\"Article\",\"@id\":\"https:\/\/www.africa-press.net\/mali\/politique\/incertitudes-autour-du-calendrier-electoral#article\",\"isPartOf\":{\"@id\":\"https:\/\/www.africa-press.net\/mali\/politique\/incertitudes-autour-du-calendrier-electoral\"},\"author\":{\"name\":\"cfeditorfr\",\"@id\":\"https:\/\/www.africa-press.net\/mali\/#\/schema\/person\/2b1cf3cd81a31e3cd26889ca66d677f1\"},\"headline\":\"incertitudes autour du calendrier \u00e9lectoral\",\"datePublished\":\"2023-02-26T19:42:15+00:00\",\"mainEntityOfPage\":{\"@id\":\"https:\/\/www.africa-press.net\/mali\/politique\/incertitudes-autour-du-calendrier-electoral\"},\"wordCount\":1127,\"commentCount\":0,\"image\":{\"@id\":\"https:\/\/www.africa-press.net\/mali\/politique\/incertitudes-autour-du-calendrier-electoral#primaryimage\"},\"thumbnailUrl\":\"https:\/\/static.africa-press.net\/mali\/sites\/21\/2023\/02\/postQueueImg_1677428053.66.jpg\",\"keywords\":[\"Africa Press\",\"Africa Press-Mali\",\"mali\"],\"articleSection\":[\"Politique\",\"Top Nouvelles\",\"Toutes les actualit\u00e9s\"],\"inLanguage\":\"fr-FR\",\"potentialAction\":[{\"@type\":\"CommentAction\",\"name\":\"Comment\",\"target\":[\"https:\/\/www.africa-press.net\/mali\/politique\/incertitudes-autour-du-calendrier-electoral#respond\"]}]},{\"@type\":\"WebPage\",\"@id\":\"https:\/\/www.africa-press.net\/mali\/politique\/incertitudes-autour-du-calendrier-electoral\",\"url\":\"https:\/\/www.africa-press.net\/mali\/politique\/incertitudes-autour-du-calendrier-electoral\",\"name\":\"incertitudes autour du calendrier \u00e9lectoral - Mali\",\"isPartOf\":{\"@id\":\"https:\/\/www.africa-press.net\/mali\/#website\"},\"primaryImageOfPage\":{\"@id\":\"https:\/\/www.africa-press.net\/mali\/politique\/incertitudes-autour-du-calendrier-electoral#primaryimage\"},\"image\":{\"@id\":\"https:\/\/www.africa-press.net\/mali\/politique\/incertitudes-autour-du-calendrier-electoral#primaryimage\"},\"thumbnailUrl\":\"https:\/\/static.africa-press.net\/mali\/sites\/21\/2023\/02\/postQueueImg_1677428053.66.jpg\",\"datePublished\":\"2023-02-26T19:42:15+00:00\",\"author\":{\"@id\":\"https:\/\/www.africa-press.net\/mali\/#\/schema\/person\/2b1cf3cd81a31e3cd26889ca66d677f1\"},\"breadcrumb\":{\"@id\":\"https:\/\/www.africa-press.net\/mali\/politique\/incertitudes-autour-du-calendrier-electoral#breadcrumb\"},\"inLanguage\":\"fr-FR\",\"potentialAction\":[{\"@type\":\"ReadAction\",\"target\":[\"https:\/\/www.africa-press.net\/mali\/politique\/incertitudes-autour-du-calendrier-electoral\"]}]},{\"@type\":\"ImageObject\",\"inLanguage\":\"fr-FR\",\"@id\":\"https:\/\/www.africa-press.net\/mali\/politique\/incertitudes-autour-du-calendrier-electoral#primaryimage\",\"url\":\"https:\/\/static.africa-press.net\/mali\/sites\/21\/2023\/02\/postQueueImg_1677428053.66.jpg\",\"contentUrl\":\"https:\/\/static.africa-press.net\/mali\/sites\/21\/2023\/02\/postQueueImg_1677428053.66.jpg\",\"width\":924,\"height\":510,\"caption\":\"incertitudes autour du calendrier \u00e9lectoral\"},{\"@type\":\"BreadcrumbList\",\"@id\":\"https:\/\/www.africa-press.net\/mali\/politique\/incertitudes-autour-du-calendrier-electoral#breadcrumb\",\"itemListElement\":[{\"@type\":\"ListItem\",\"position\":1,\"name\":\"Home\",\"item\":\"https:\/\/www.africa-press.net\/mali\/\"},{\"@type\":\"ListItem\",\"position\":2,\"name\":\"incertitudes autour du calendrier \u00e9lectoral\"}]},{\"@type\":\"WebSite\",\"@id\":\"https:\/\/www.africa-press.net\/mali\/#website\",\"url\":\"https:\/\/www.africa-press.net\/mali\/\",\"name\":\"Mali\",\"description\":\"Just another Africa News Agency Sites site\",\"potentialAction\":[{\"@type\":\"SearchAction\",\"target\":{\"@type\":\"EntryPoint\",\"urlTemplate\":\"https:\/\/www.africa-press.net\/mali\/?s={search_term_string}\"},\"query-input\":{\"@type\":\"PropertyValueSpecification\",\"valueRequired\":true,\"valueName\":\"search_term_string\"}}],\"inLanguage\":\"fr-FR\"},{\"@type\":\"Person\",\"@id\":\"https:\/\/www.africa-press.net\/mali\/#\/schema\/person\/2b1cf3cd81a31e3cd26889ca66d677f1\",\"name\":\"cfeditorfr\"}]}<\/script>\n<!-- \/ Yoast SEO Premium plugin. -->","yoast_head_json":{"title":"incertitudes autour du calendrier \u00e9lectoral - Mali","robots":{"index":"index","follow":"follow","max-snippet":"max-snippet:-1","max-image-preview":"max-image-preview:large","max-video-preview":"max-video-preview:-1"},"canonical":"https:\/\/www.africa-press.net\/mali\/politique\/incertitudes-autour-du-calendrier-electoral","og_locale":"fr_FR","og_type":"article","og_title":"incertitudes autour du calendrier \u00e9lectoral","og_description":"Africa-Press &#8211; Mali. Le Me\u0301diateur de la Communaute\u0301 e\u0301conomique des Etats de l\u2019Afrique de l\u2019Ouest (Ce\u0301de\u0301ao) pour le Mali, l\u2019ancien pre\u0301sident nige\u0301rian Goodluck Jonathan a clo\u0302ture\u0301 le mercredi 22 fe\u0301vrier dernier, une visite de 72 heures a\u0300 Bamako. Au Mali, Goodluck Jonathan s\u2019impre\u0301gnait de l\u2019e\u0301tat d\u2019avancement du processus de transition cense\u0301 prendre fin en mars [&hellip;]","og_url":"https:\/\/www.africa-press.net\/mali\/politique\/incertitudes-autour-du-calendrier-electoral","og_site_name":"Mali","article_publisher":"https:\/\/www.facebook.com\/AfricaPressTunisiaa","article_published_time":"2023-02-26T19:42:15+00:00","author":"cfeditorfr","twitter_card":"summary_large_image","twitter_misc":{"\u00c9crit par":"cfeditorfr","Dur\u00e9e de lecture estim\u00e9e":"6 minutes"},"schema":{"@context":"https:\/\/schema.org","@graph":[{"@type":"Article","@id":"https:\/\/www.africa-press.net\/mali\/politique\/incertitudes-autour-du-calendrier-electoral#article","isPartOf":{"@id":"https:\/\/www.africa-press.net\/mali\/politique\/incertitudes-autour-du-calendrier-electoral"},"author":{"name":"cfeditorfr","@id":"https:\/\/www.africa-press.net\/mali\/#\/schema\/person\/2b1cf3cd81a31e3cd26889ca66d677f1"},"headline":"incertitudes autour du calendrier \u00e9lectoral","datePublished":"2023-02-26T19:42:15+00:00","mainEntityOfPage":{"@id":"https:\/\/www.africa-press.net\/mali\/politique\/incertitudes-autour-du-calendrier-electoral"},"wordCount":1127,"commentCount":0,"image":{"@id":"https:\/\/www.africa-press.net\/mali\/politique\/incertitudes-autour-du-calendrier-electoral#primaryimage"},"thumbnailUrl":"https:\/\/static.africa-press.net\/mali\/sites\/21\/2023\/02\/postQueueImg_1677428053.66.jpg","keywords":["Africa Press","Africa Press-Mali","mali"],"articleSection":["Politique","Top Nouvelles","Toutes les actualit\u00e9s"],"inLanguage":"fr-FR","potentialAction":[{"@type":"CommentAction","name":"Comment","target":["https:\/\/www.africa-press.net\/mali\/politique\/incertitudes-autour-du-calendrier-electoral#respond"]}]},{"@type":"WebPage","@id":"https:\/\/www.africa-press.net\/mali\/politique\/incertitudes-autour-du-calendrier-electoral","url":"https:\/\/www.africa-press.net\/mali\/politique\/incertitudes-autour-du-calendrier-electoral","name":"incertitudes autour du calendrier \u00e9lectoral - Mali","isPartOf":{"@id":"https:\/\/www.africa-press.net\/mali\/#website"},"primaryImageOfPage":{"@id":"https:\/\/www.africa-press.net\/mali\/politique\/incertitudes-autour-du-calendrier-electoral#primaryimage"},"image":{"@id":"https:\/\/www.africa-press.net\/mali\/politique\/incertitudes-autour-du-calendrier-electoral#primaryimage"},"thumbnailUrl":"https:\/\/static.africa-press.net\/mali\/sites\/21\/2023\/02\/postQueueImg_1677428053.66.jpg","datePublished":"2023-02-26T19:42:15+00:00","author":{"@id":"https:\/\/www.africa-press.net\/mali\/#\/schema\/person\/2b1cf3cd81a31e3cd26889ca66d677f1"},"breadcrumb":{"@id":"https:\/\/www.africa-press.net\/mali\/politique\/incertitudes-autour-du-calendrier-electoral#breadcrumb"},"inLanguage":"fr-FR","potentialAction":[{"@type":"ReadAction","target":["https:\/\/www.africa-press.net\/mali\/politique\/incertitudes-autour-du-calendrier-electoral"]}]},{"@type":"ImageObject","inLanguage":"fr-FR","@id":"https:\/\/www.africa-press.net\/mali\/politique\/incertitudes-autour-du-calendrier-electoral#primaryimage","url":"https:\/\/static.africa-press.net\/mali\/sites\/21\/2023\/02\/postQueueImg_1677428053.66.jpg","contentUrl":"https:\/\/static.africa-press.net\/mali\/sites\/21\/2023\/02\/postQueueImg_1677428053.66.jpg","width":924,"height":510,"caption":"incertitudes autour du calendrier \u00e9lectoral"},{"@type":"BreadcrumbList","@id":"https:\/\/www.africa-press.net\/mali\/politique\/incertitudes-autour-du-calendrier-electoral#breadcrumb","itemListElement":[{"@type":"ListItem","position":1,"name":"Home","item":"https:\/\/www.africa-press.net\/mali\/"},{"@type":"ListItem","position":2,"name":"incertitudes autour du calendrier \u00e9lectoral"}]},{"@type":"WebSite","@id":"https:\/\/www.africa-press.net\/mali\/#website","url":"https:\/\/www.africa-press.net\/mali\/","name":"Mali","description":"Just another Africa News Agency Sites site","potentialAction":[{"@type":"SearchAction","target":{"@type":"EntryPoint","urlTemplate":"https:\/\/www.africa-press.net\/mali\/?s={search_term_string}"},"query-input":{"@type":"PropertyValueSpecification","valueRequired":true,"valueName":"search_term_string"}}],"inLanguage":"fr-FR"},{"@type":"Person","@id":"https:\/\/www.africa-press.net\/mali\/#\/schema\/person\/2b1cf3cd81a31e3cd26889ca66d677f1","name":"cfeditorfr"}]}},"_links":{"self":[{"href":"https:\/\/www.africa-press.net\/mali\/wp-json\/wp\/v2\/posts\/31202","targetHints":{"allow":["GET"]}}],"collection":[{"href":"https:\/\/www.africa-press.net\/mali\/wp-json\/wp\/v2\/posts"}],"about":[{"href":"https:\/\/www.africa-press.net\/mali\/wp-json\/wp\/v2\/types\/post"}],"author":[{"embeddable":true,"href":"https:\/\/www.africa-press.net\/mali\/wp-json\/wp\/v2\/users\/82"}],"replies":[{"embeddable":true,"href":"https:\/\/www.africa-press.net\/mali\/wp-json\/wp\/v2\/comments?post=31202"}],"version-history":[{"count":0,"href":"https:\/\/www.africa-press.net\/mali\/wp-json\/wp\/v2\/posts\/31202\/revisions"}],"wp:featuredmedia":[{"embeddable":true,"href":"https:\/\/www.africa-press.net\/mali\/wp-json\/wp\/v2\/media\/31201"}],"wp:attachment":[{"href":"https:\/\/www.africa-press.net\/mali\/wp-json\/wp\/v2\/media?parent=31202"}],"wp:term":[{"taxonomy":"category","embeddable":true,"href":"https:\/\/www.africa-press.net\/mali\/wp-json\/wp\/v2\/categories?post=31202"},{"taxonomy":"post_tag","embeddable":true,"href":"https:\/\/www.africa-press.net\/mali\/wp-json\/wp\/v2\/tags?post=31202"}],"curies":[{"name":"wp","href":"https:\/\/api.w.org\/{rel}","templated":true}]}}