{"id":31206,"date":"2023-02-26T18:49:53","date_gmt":"2023-02-26T18:49:53","guid":{"rendered":"https:\/\/www.africa-press.net\/mali\/politique\/mali-centrafrique-wagner-sanctionne-par-lunion-europeenne-3"},"modified":"2023-02-26T20:00:59","modified_gmt":"2023-02-26T20:00:59","slug":"mali-centrafrique-wagner-sanctionne-par-lunion-europeenne-3","status":"publish","type":"post","link":"https:\/\/www.africa-press.net\/mali\/top-nouvelles\/mali-centrafrique-wagner-sanctionne-par-lunion-europeenne-3","title":{"rendered":"Mali, Centrafrique: Wagner sanctionn\u00e9 par l\u2019Union europ\u00e9enne"},"content":{"rendered":"<p><span style=\"color: #ff6600\"><strong>Africa-Press &#8211; Mali. <\/strong><\/span>L&rsquo;UE conside\u0300re le groupe Wagner comme une menace pour les populations des pays dans lesquels il ope\u0300re, pour l&rsquo;ensemble de la re\u0301gion et pour l&rsquo;Union europe\u0301enne elle-me\u0302me. Cette dernie\u0300re est de\u0301termine\u0301e a\u0300 prendre des mesures concre\u0300tes contre toutes les violations du droit international et a\u0300 de\u0301fendre les droits de l&rsquo;homme partout dans le monde. \u00bb<\/p>\n<p>L&rsquo;Union europe\u0301enne (UE) a re\u0301cemment annonce\u0301 de nouvelles sanctions contre le groupe Wagner, une organisation militaire prive\u0301e russe. Cette mesure intervient dans le cadre du dixie\u0300me train de sanctions de l&rsquo;UE, qui comprend onze individus et sept organisations lie\u0301s au groupe Wagner. Le groupe Wagner est actif dans plusieurs pays du monde entier, y compris en Syrie, en Libye et en Re\u0301publique centrafricaine. Il est accuse\u0301 de violations flagrantes des droits de l&rsquo;homme et de la loi internationale, notamment de crimes de guerre et de crimes contre l&rsquo;humanite\u0301.<\/p>\n<p>L&rsquo;UE conside\u0300re le groupe Wagner comme une menace pour les populations des pays dans lesquels il ope\u0300re, pour l&rsquo;ensemble de la re\u0301gion et pour l&rsquo;Union europe\u0301enne elle-me\u0302me. Cette dernie\u0300re est de\u0301termine\u0301e a\u0300 prendre des mesures concre\u0300tes contre toutes les violations du droit international et a\u0300 de\u0301fendre les droits de l&rsquo;homme partout dans le monde.<\/p>\n<p>La liste des sanctions comprend plusieurs individus cle\u0301s associe\u0301s au groupe Wagner, tels que Maxim Chougalei\u0308, pre\u0301sident de la Fondation pour la de\u0301fense des valeurs nationales, Ivan Maslov, chef du groupe Wagner au Mali, et Alexandre Ivanov, porte-parole du groupe Wagner en Re\u0301publique centrafricaine. Les sanctions ont e\u0301galement e\u0301te\u0301 impose\u0301es a\u0300 plusieurs organisations, dont la Fondation pour la de\u0301fense des valeurs nationales, la station de radio centrafricaine Lengo Sengo, Meroe Gold et M-Invest, qui sont accuse\u0301s d&rsquo;avoir collabore\u0301 avec le groupe Wagner.<\/p>\n<p>Les sanctions comprennent le gel des avoirs et une interdiction de voyager dans l&rsquo;UE pour les personnes concerne\u0301es. Les organisations vise\u0301es seront e\u0301galement interdites de transactions financie\u0300res avec des entite\u0301s de l&rsquo;UE. En prenant ces mesures concre\u0300tes, l&rsquo;UE veut envoyer un message clair a\u0300 l&rsquo;organisation russe et a\u0300 la Russie : il y aura des conse\u0301quences.<\/p>\n<p><strong>Pour plus d&rsquo;informations et d&rsquo;analyses sur la <a href=\"https:\/\/www.africa-press.net\/mali\">Mali<\/a>, suivez <a href=\"https:\/\/www.africa-press.net\/\">Africa-Press<\/a><\/strong><\/p>\n","protected":false},"excerpt":{"rendered":"<p>Africa-Press &#8211; Mali. L&rsquo;UE conside\u0300re le groupe Wagner comme une menace pour les populations des pays dans lesquels il ope\u0300re, pour l&rsquo;ensemble de la re\u0301gion et pour l&rsquo;Union europe\u0301enne elle-me\u0302me. Cette dernie\u0300re est de\u0301termine\u0301e a\u0300 prendre des mesures concre\u0300tes contre toutes les violations du droit international et a\u0300 de\u0301fendre les droits de l&rsquo;homme partout dans [&hellip;]<\/p>\n","protected":false},"author":82,"featured_media":31205,"comment_status":"open","ping_status":"closed","sticky":false,"template":"","format":"standard","meta":{"footnotes":""},"categories":[7,5,17],"tags":[76,86,19],"class_list":["post-31206","post","type-post","status-publish","format-standard","has-post-thumbnail","hentry","category-politique","category-top-nouvelles","category-toutes-les-actualites","tag-africa-press","tag-africa-press-mali","tag-mali"],"yoast_head":"<!-- This site is optimized with the Yoast SEO Premium plugin v26.1 (Yoast SEO v27.0) - https:\/\/yoast.com\/product\/yoast-seo-premium-wordpress\/ -->\n<title>Mali, Centrafrique: Wagner sanctionn\u00e9 par l\u2019Union europ\u00e9enne - Mali<\/title>\n<meta name=\"robots\" content=\"index, follow, max-snippet:-1, max-image-preview:large, max-video-preview:-1\" \/>\n<link rel=\"canonical\" href=\"https:\/\/www.africa-press.net\/mali\/politique\/mali-centrafrique-wagner-sanctionne-par-lunion-europeenne-3\" \/>\n<meta property=\"og:locale\" content=\"fr_FR\" \/>\n<meta property=\"og:type\" content=\"article\" \/>\n<meta property=\"og:title\" content=\"Mali, Centrafrique: Wagner sanctionn\u00e9 par l\u2019Union europ\u00e9enne\" \/>\n<meta property=\"og:description\" content=\"Africa-Press &#8211; Mali. L&rsquo;UE conside\u0300re le groupe Wagner comme une menace pour les populations des pays dans lesquels il ope\u0300re, pour l&rsquo;ensemble de la re\u0301gion et pour l&rsquo;Union europe\u0301enne elle-me\u0302me. Cette dernie\u0300re est de\u0301termine\u0301e a\u0300 prendre des mesures concre\u0300tes contre toutes les violations du droit international et a\u0300 de\u0301fendre les droits de l&rsquo;homme partout dans [&hellip;]\" \/>\n<meta property=\"og:url\" content=\"https:\/\/www.africa-press.net\/mali\/politique\/mali-centrafrique-wagner-sanctionne-par-lunion-europeenne-3\" \/>\n<meta property=\"og:site_name\" content=\"Mali\" \/>\n<meta property=\"article:publisher\" content=\"https:\/\/www.facebook.com\/AfricaPressTunisiaa\" \/>\n<meta property=\"article:published_time\" content=\"2023-02-26T18:49:53+00:00\" \/>\n<meta property=\"article:modified_time\" content=\"2023-02-26T20:00:59+00:00\" \/>\n<meta name=\"author\" content=\"cfeditorfr\" \/>\n<meta name=\"twitter:card\" content=\"summary_large_image\" \/>\n<meta name=\"twitter:label1\" content=\"\u00c9crit par\" \/>\n\t<meta name=\"twitter:data1\" content=\"cfeditorfr\" \/>\n\t<meta name=\"twitter:label2\" content=\"Dur\u00e9e de lecture estim\u00e9e\" \/>\n\t<meta name=\"twitter:data2\" content=\"2 minutes\" \/>\n<script type=\"application\/ld+json\" class=\"yoast-schema-graph\">{\"@context\":\"https:\/\/schema.org\",\"@graph\":[{\"@type\":\"Article\",\"@id\":\"https:\/\/www.africa-press.net\/mali\/politique\/mali-centrafrique-wagner-sanctionne-par-lunion-europeenne-3#article\",\"isPartOf\":{\"@id\":\"https:\/\/www.africa-press.net\/mali\/politique\/mali-centrafrique-wagner-sanctionne-par-lunion-europeenne-3\"},\"author\":{\"name\":\"cfeditorfr\",\"@id\":\"https:\/\/www.africa-press.net\/mali\/#\/schema\/person\/2b1cf3cd81a31e3cd26889ca66d677f1\"},\"headline\":\"Mali, Centrafrique: Wagner sanctionn\u00e9 par l\u2019Union europ\u00e9enne\",\"datePublished\":\"2023-02-26T18:49:53+00:00\",\"dateModified\":\"2023-02-26T20:00:59+00:00\",\"mainEntityOfPage\":{\"@id\":\"https:\/\/www.africa-press.net\/mali\/politique\/mali-centrafrique-wagner-sanctionne-par-lunion-europeenne-3\"},\"wordCount\":417,\"commentCount\":0,\"image\":{\"@id\":\"https:\/\/www.africa-press.net\/mali\/politique\/mali-centrafrique-wagner-sanctionne-par-lunion-europeenne-3#primaryimage\"},\"thumbnailUrl\":\"https:\/\/static.africa-press.net\/mali\/sites\/21\/2023\/02\/postQueueImg_1677428956.47.jpg\",\"keywords\":[\"Africa Press\",\"Africa Press-Mali\",\"mali\"],\"articleSection\":[\"Politique\",\"Top Nouvelles\",\"Toutes les actualit\u00e9s\"],\"inLanguage\":\"fr-FR\",\"potentialAction\":[{\"@type\":\"CommentAction\",\"name\":\"Comment\",\"target\":[\"https:\/\/www.africa-press.net\/mali\/politique\/mali-centrafrique-wagner-sanctionne-par-lunion-europeenne-3#respond\"]}]},{\"@type\":\"WebPage\",\"@id\":\"https:\/\/www.africa-press.net\/mali\/politique\/mali-centrafrique-wagner-sanctionne-par-lunion-europeenne-3\",\"url\":\"https:\/\/www.africa-press.net\/mali\/politique\/mali-centrafrique-wagner-sanctionne-par-lunion-europeenne-3\",\"name\":\"Mali, Centrafrique: Wagner sanctionn\u00e9 par l\u2019Union europ\u00e9enne - Mali\",\"isPartOf\":{\"@id\":\"https:\/\/www.africa-press.net\/mali\/#website\"},\"primaryImageOfPage\":{\"@id\":\"https:\/\/www.africa-press.net\/mali\/politique\/mali-centrafrique-wagner-sanctionne-par-lunion-europeenne-3#primaryimage\"},\"image\":{\"@id\":\"https:\/\/www.africa-press.net\/mali\/politique\/mali-centrafrique-wagner-sanctionne-par-lunion-europeenne-3#primaryimage\"},\"thumbnailUrl\":\"https:\/\/static.africa-press.net\/mali\/sites\/21\/2023\/02\/postQueueImg_1677428956.47.jpg\",\"datePublished\":\"2023-02-26T18:49:53+00:00\",\"dateModified\":\"2023-02-26T20:00:59+00:00\",\"author\":{\"@id\":\"https:\/\/www.africa-press.net\/mali\/#\/schema\/person\/2b1cf3cd81a31e3cd26889ca66d677f1\"},\"breadcrumb\":{\"@id\":\"https:\/\/www.africa-press.net\/mali\/politique\/mali-centrafrique-wagner-sanctionne-par-lunion-europeenne-3#breadcrumb\"},\"inLanguage\":\"fr-FR\",\"potentialAction\":[{\"@type\":\"ReadAction\",\"target\":[\"https:\/\/www.africa-press.net\/mali\/politique\/mali-centrafrique-wagner-sanctionne-par-lunion-europeenne-3\"]}]},{\"@type\":\"ImageObject\",\"inLanguage\":\"fr-FR\",\"@id\":\"https:\/\/www.africa-press.net\/mali\/politique\/mali-centrafrique-wagner-sanctionne-par-lunion-europeenne-3#primaryimage\",\"url\":\"https:\/\/static.africa-press.net\/mali\/sites\/21\/2023\/02\/postQueueImg_1677428956.47.jpg\",\"contentUrl\":\"https:\/\/static.africa-press.net\/mali\/sites\/21\/2023\/02\/postQueueImg_1677428956.47.jpg\",\"width\":750,\"height\":375,\"caption\":\"Mali, Centrafrique: Wagner sanctionn\u00e9 par l\u2019Union europ\u00e9enne\"},{\"@type\":\"BreadcrumbList\",\"@id\":\"https:\/\/www.africa-press.net\/mali\/politique\/mali-centrafrique-wagner-sanctionne-par-lunion-europeenne-3#breadcrumb\",\"itemListElement\":[{\"@type\":\"ListItem\",\"position\":1,\"name\":\"Home\",\"item\":\"https:\/\/www.africa-press.net\/mali\/\"},{\"@type\":\"ListItem\",\"position\":2,\"name\":\"Mali, Centrafrique: Wagner sanctionn\u00e9 par l\u2019Union europ\u00e9enne\"}]},{\"@type\":\"WebSite\",\"@id\":\"https:\/\/www.africa-press.net\/mali\/#website\",\"url\":\"https:\/\/www.africa-press.net\/mali\/\",\"name\":\"Mali\",\"description\":\"Just another Africa News Agency Sites site\",\"potentialAction\":[{\"@type\":\"SearchAction\",\"target\":{\"@type\":\"EntryPoint\",\"urlTemplate\":\"https:\/\/www.africa-press.net\/mali\/?s={search_term_string}\"},\"query-input\":{\"@type\":\"PropertyValueSpecification\",\"valueRequired\":true,\"valueName\":\"search_term_string\"}}],\"inLanguage\":\"fr-FR\"},{\"@type\":\"Person\",\"@id\":\"https:\/\/www.africa-press.net\/mali\/#\/schema\/person\/2b1cf3cd81a31e3cd26889ca66d677f1\",\"name\":\"cfeditorfr\"}]}<\/script>\n<!-- \/ Yoast SEO Premium plugin. -->","yoast_head_json":{"title":"Mali, Centrafrique: Wagner sanctionn\u00e9 par l\u2019Union europ\u00e9enne - Mali","robots":{"index":"index","follow":"follow","max-snippet":"max-snippet:-1","max-image-preview":"max-image-preview:large","max-video-preview":"max-video-preview:-1"},"canonical":"https:\/\/www.africa-press.net\/mali\/politique\/mali-centrafrique-wagner-sanctionne-par-lunion-europeenne-3","og_locale":"fr_FR","og_type":"article","og_title":"Mali, Centrafrique: Wagner sanctionn\u00e9 par l\u2019Union europ\u00e9enne","og_description":"Africa-Press &#8211; Mali. L&rsquo;UE conside\u0300re le groupe Wagner comme une menace pour les populations des pays dans lesquels il ope\u0300re, pour l&rsquo;ensemble de la re\u0301gion et pour l&rsquo;Union europe\u0301enne elle-me\u0302me. Cette dernie\u0300re est de\u0301termine\u0301e a\u0300 prendre des mesures concre\u0300tes contre toutes les violations du droit international et a\u0300 de\u0301fendre les droits de l&rsquo;homme partout dans [&hellip;]","og_url":"https:\/\/www.africa-press.net\/mali\/politique\/mali-centrafrique-wagner-sanctionne-par-lunion-europeenne-3","og_site_name":"Mali","article_publisher":"https:\/\/www.facebook.com\/AfricaPressTunisiaa","article_published_time":"2023-02-26T18:49:53+00:00","article_modified_time":"2023-02-26T20:00:59+00:00","author":"cfeditorfr","twitter_card":"summary_large_image","twitter_misc":{"\u00c9crit par":"cfeditorfr","Dur\u00e9e de lecture estim\u00e9e":"2 minutes"},"schema":{"@context":"https:\/\/schema.org","@graph":[{"@type":"Article","@id":"https:\/\/www.africa-press.net\/mali\/politique\/mali-centrafrique-wagner-sanctionne-par-lunion-europeenne-3#article","isPartOf":{"@id":"https:\/\/www.africa-press.net\/mali\/politique\/mali-centrafrique-wagner-sanctionne-par-lunion-europeenne-3"},"author":{"name":"cfeditorfr","@id":"https:\/\/www.africa-press.net\/mali\/#\/schema\/person\/2b1cf3cd81a31e3cd26889ca66d677f1"},"headline":"Mali, Centrafrique: Wagner sanctionn\u00e9 par l\u2019Union europ\u00e9enne","datePublished":"2023-02-26T18:49:53+00:00","dateModified":"2023-02-26T20:00:59+00:00","mainEntityOfPage":{"@id":"https:\/\/www.africa-press.net\/mali\/politique\/mali-centrafrique-wagner-sanctionne-par-lunion-europeenne-3"},"wordCount":417,"commentCount":0,"image":{"@id":"https:\/\/www.africa-press.net\/mali\/politique\/mali-centrafrique-wagner-sanctionne-par-lunion-europeenne-3#primaryimage"},"thumbnailUrl":"https:\/\/static.africa-press.net\/mali\/sites\/21\/2023\/02\/postQueueImg_1677428956.47.jpg","keywords":["Africa Press","Africa Press-Mali","mali"],"articleSection":["Politique","Top Nouvelles","Toutes les actualit\u00e9s"],"inLanguage":"fr-FR","potentialAction":[{"@type":"CommentAction","name":"Comment","target":["https:\/\/www.africa-press.net\/mali\/politique\/mali-centrafrique-wagner-sanctionne-par-lunion-europeenne-3#respond"]}]},{"@type":"WebPage","@id":"https:\/\/www.africa-press.net\/mali\/politique\/mali-centrafrique-wagner-sanctionne-par-lunion-europeenne-3","url":"https:\/\/www.africa-press.net\/mali\/politique\/mali-centrafrique-wagner-sanctionne-par-lunion-europeenne-3","name":"Mali, Centrafrique: Wagner sanctionn\u00e9 par l\u2019Union europ\u00e9enne - Mali","isPartOf":{"@id":"https:\/\/www.africa-press.net\/mali\/#website"},"primaryImageOfPage":{"@id":"https:\/\/www.africa-press.net\/mali\/politique\/mali-centrafrique-wagner-sanctionne-par-lunion-europeenne-3#primaryimage"},"image":{"@id":"https:\/\/www.africa-press.net\/mali\/politique\/mali-centrafrique-wagner-sanctionne-par-lunion-europeenne-3#primaryimage"},"thumbnailUrl":"https:\/\/static.africa-press.net\/mali\/sites\/21\/2023\/02\/postQueueImg_1677428956.47.jpg","datePublished":"2023-02-26T18:49:53+00:00","dateModified":"2023-02-26T20:00:59+00:00","author":{"@id":"https:\/\/www.africa-press.net\/mali\/#\/schema\/person\/2b1cf3cd81a31e3cd26889ca66d677f1"},"breadcrumb":{"@id":"https:\/\/www.africa-press.net\/mali\/politique\/mali-centrafrique-wagner-sanctionne-par-lunion-europeenne-3#breadcrumb"},"inLanguage":"fr-FR","potentialAction":[{"@type":"ReadAction","target":["https:\/\/www.africa-press.net\/mali\/politique\/mali-centrafrique-wagner-sanctionne-par-lunion-europeenne-3"]}]},{"@type":"ImageObject","inLanguage":"fr-FR","@id":"https:\/\/www.africa-press.net\/mali\/politique\/mali-centrafrique-wagner-sanctionne-par-lunion-europeenne-3#primaryimage","url":"https:\/\/static.africa-press.net\/mali\/sites\/21\/2023\/02\/postQueueImg_1677428956.47.jpg","contentUrl":"https:\/\/static.africa-press.net\/mali\/sites\/21\/2023\/02\/postQueueImg_1677428956.47.jpg","width":750,"height":375,"caption":"Mali, Centrafrique: Wagner sanctionn\u00e9 par l\u2019Union europ\u00e9enne"},{"@type":"BreadcrumbList","@id":"https:\/\/www.africa-press.net\/mali\/politique\/mali-centrafrique-wagner-sanctionne-par-lunion-europeenne-3#breadcrumb","itemListElement":[{"@type":"ListItem","position":1,"name":"Home","item":"https:\/\/www.africa-press.net\/mali\/"},{"@type":"ListItem","position":2,"name":"Mali, Centrafrique: Wagner sanctionn\u00e9 par l\u2019Union europ\u00e9enne"}]},{"@type":"WebSite","@id":"https:\/\/www.africa-press.net\/mali\/#website","url":"https:\/\/www.africa-press.net\/mali\/","name":"Mali","description":"Just another Africa News Agency Sites site","potentialAction":[{"@type":"SearchAction","target":{"@type":"EntryPoint","urlTemplate":"https:\/\/www.africa-press.net\/mali\/?s={search_term_string}"},"query-input":{"@type":"PropertyValueSpecification","valueRequired":true,"valueName":"search_term_string"}}],"inLanguage":"fr-FR"},{"@type":"Person","@id":"https:\/\/www.africa-press.net\/mali\/#\/schema\/person\/2b1cf3cd81a31e3cd26889ca66d677f1","name":"cfeditorfr"}]}},"_links":{"self":[{"href":"https:\/\/www.africa-press.net\/mali\/wp-json\/wp\/v2\/posts\/31206","targetHints":{"allow":["GET"]}}],"collection":[{"href":"https:\/\/www.africa-press.net\/mali\/wp-json\/wp\/v2\/posts"}],"about":[{"href":"https:\/\/www.africa-press.net\/mali\/wp-json\/wp\/v2\/types\/post"}],"author":[{"embeddable":true,"href":"https:\/\/www.africa-press.net\/mali\/wp-json\/wp\/v2\/users\/82"}],"replies":[{"embeddable":true,"href":"https:\/\/www.africa-press.net\/mali\/wp-json\/wp\/v2\/comments?post=31206"}],"version-history":[{"count":0,"href":"https:\/\/www.africa-press.net\/mali\/wp-json\/wp\/v2\/posts\/31206\/revisions"}],"wp:featuredmedia":[{"embeddable":true,"href":"https:\/\/www.africa-press.net\/mali\/wp-json\/wp\/v2\/media\/31205"}],"wp:attachment":[{"href":"https:\/\/www.africa-press.net\/mali\/wp-json\/wp\/v2\/media?parent=31206"}],"wp:term":[{"taxonomy":"category","embeddable":true,"href":"https:\/\/www.africa-press.net\/mali\/wp-json\/wp\/v2\/categories?post=31206"},{"taxonomy":"post_tag","embeddable":true,"href":"https:\/\/www.africa-press.net\/mali\/wp-json\/wp\/v2\/tags?post=31206"}],"curies":[{"name":"wp","href":"https:\/\/api.w.org\/{rel}","templated":true}]}}