{"id":31208,"date":"2023-02-27T14:16:51","date_gmt":"2023-02-27T14:16:51","guid":{"rendered":"https:\/\/www.africa-press.net\/mali\/politique\/le-mali-et-le-burkina-faso-sengagent-pour-un-modele-dintegration-reussi"},"modified":"2023-02-27T15:16:27","modified_gmt":"2023-02-27T15:16:27","slug":"le-mali-et-le-burkina-faso-sengagent-pour-un-modele-dintegration-reussi","status":"publish","type":"post","link":"https:\/\/www.africa-press.net\/mali\/top-nouvelles\/le-mali-et-le-burkina-faso-sengagent-pour-un-modele-dintegration-reussi","title":{"rendered":"Le Mali et le Burkina Faso s&rsquo;engagent pour un mod\u00e8le d&rsquo;int\u00e9gration r\u00e9ussi"},"content":{"rendered":"<p><span style=\"color: #ff6600\"><strong>Africa-Press &#8211; Mali. <\/strong><\/span>Le Mali et le Burkina se sont engage\u0301s, dimanche, a\u0300 faire de l\u2019axe Bamako-Ouagadougou un mode\u0300le re\u0301ussi d\u2019inte\u0301gration sous-re\u0301gionale et de coope\u0301ration Sud-Sud.<\/p>\n<p>C&rsquo;est ce qui ressort d&rsquo;un communique\u0301 conjoint rendu public a\u0300 l&rsquo;issue de la visite du Premier ministre malien, Choguel Kokalla Mai\u0308ga, a\u0300 la te\u0302te d\u2019une forte de\u0301le\u0301gation ministe\u0301rielle, au Burkina Faso, du 23 au 26 fe\u0301vrier 2023.<\/p>\n<p>Les deux de\u0301le\u0301gations se sont re\u0301jouies de la tenue du Conseil conjoint de gouvernement avant de souhaiter que ce cadre de concertation bilate\u0301rale soit institutionnalise\u0301 avec une pe\u0301riodicite\u0301 de 6 mois pour sa tenue et de fac\u0327on alterne\u0301e.<\/p>\n<p>Les deux parties ont, en outre, \u00ab re\u0301affirme\u0301 leur engagement a\u0300 faire de l\u2019axe Bamako-Ouagadougou un mode\u0300le re\u0301ussi d\u2019inte\u0301gration sous-re\u0301gionale et de coope\u0301ration Sud-Sud \u00bb.<\/p>\n<p>\u00ab Le Conseil conjoint de gouvernements a proce\u0301de\u0301 a\u0300 l\u2019examen de questions spe\u0301cifiques telles les processus de transition des deux pays, les questions se\u0301curitaires et de lutte contre le terrorisme, les questions humanitaires, la coope\u0301ration re\u0301gionale et les sanctions communautaires a\u0300 l\u2019encontre des deux pays, le renforcement de l\u2019axe Bamako-Ouagadougou et le projet de fe\u0301de\u0301ration \u00bb, poursuit le communique\u0301 conjoint consulte\u0301 par Anadolu.<\/p>\n<p>Concernant la lutte contre le terrorisme, le Burkina Faso et le Mali \u00ab ont releve\u0301 la ne\u0301cessite\u0301 de conjuguer leurs efforts avec ceux des autres pays de la sous-re\u0301gion pour faire face a\u0300 ce fle\u0301au et, appellent a\u0300 une synergie d\u2019actions au niveau re\u0301gional pour l\u2019endiguer \u00bb.<\/p>\n<p>Sur le projet de fe\u0301de\u0301ration entre le Burkina Faso et le Mali, le document souligne que \u00ab les deux parties ont convenu de renforcer les re\u0301flexions sur la question \u00bb.<\/p>\n<p>\u00ab Abordant la question de la coope\u0301ration au sein des instances sous-re\u0301gionales, re\u0301gionales et internationales, les chefs de de\u0301le\u0301gation ont salue\u0301 la convergence des vues des chefs d&rsquo;Etat sur les questions d&rsquo;inte\u0301re\u0302t commun et de\u0301plore\u0301 le maintien et le durcissement des sanctions de la CEDEAO a\u0300 l&rsquo;encontre des trois pays en transition, a\u0300 savoir le Burkina Faso, la Re\u0301publique du Mali et celle de la Guine\u0301e, en de\u0301pit de leur plaidoyer pour la leve\u0301e des desdites sanctions \u00bb, lit-on dans le communique\u0301 conjoint.<\/p>\n<p>Ils ont e\u0301galement releve\u0301 que ces \u00ab sanctions impose\u0301es de fac\u0327on me\u0301canique, dont l&rsquo;impact touche les populations des Etats concerne\u0301s, ne tiennent pas en compte souvent des causes profondes et complexes des changements politiques et appellent la communaute\u0301 internationale a\u0300 un changement de paradigme dans son appre\u0301ciation \u00bb.<\/p>\n<p>Enfin, le Premier ministre du Mali, Choguel Kokalla Mai\u0308ga, a invite\u0301 \u00ab son homologue a\u0300 effectuer une visite d&rsquo;amitie\u0301 et de travail en Re\u0301publique du Mali \u00bb, indique le communique\u0301.<\/p>\n<p><strong>Pour plus d&rsquo;informations et d&rsquo;analyses sur la <a href=\"https:\/\/www.africa-press.net\/mali\">Mali<\/a>, suivez <a href=\"https:\/\/www.africa-press.net\/\">Africa-Press<\/a><\/strong><\/p>\n","protected":false},"excerpt":{"rendered":"<p>Africa-Press &#8211; Mali. Le Mali et le Burkina se sont engage\u0301s, dimanche, a\u0300 faire de l\u2019axe Bamako-Ouagadougou un mode\u0300le re\u0301ussi d\u2019inte\u0301gration sous-re\u0301gionale et de coope\u0301ration Sud-Sud. C&rsquo;est ce qui ressort d&rsquo;un communique\u0301 conjoint rendu public a\u0300 l&rsquo;issue de la visite du Premier ministre malien, Choguel Kokalla Mai\u0308ga, a\u0300 la te\u0302te d\u2019une forte de\u0301le\u0301gation ministe\u0301rielle, au [&hellip;]<\/p>\n","protected":false},"author":82,"featured_media":31207,"comment_status":"open","ping_status":"closed","sticky":false,"template":"","format":"standard","meta":{"footnotes":""},"categories":[7,88,5,17],"tags":[76,86,19],"class_list":["post-31208","post","type-post","status-publish","format-standard","has-post-thumbnail","hentry","category-politique","category-to-homepage","category-top-nouvelles","category-toutes-les-actualites","tag-africa-press","tag-africa-press-mali","tag-mali"],"yoast_head":"<!-- This site is optimized with the Yoast SEO Premium plugin v26.1 (Yoast SEO v27.0) - https:\/\/yoast.com\/product\/yoast-seo-premium-wordpress\/ -->\n<title>Le Mali et le Burkina Faso s&#039;engagent pour un mod\u00e8le d&#039;int\u00e9gration r\u00e9ussi - Mali<\/title>\n<meta name=\"description\" content=\"Le Mali et le Burkina se sont engage\u0301s, dimanche, a\u0300 faire de l\u2019axe Bamako-Ouagadougou un mode\u0300le re\u0301ussi d\u2019inte\u0301gration ...\" \/>\n<meta name=\"robots\" content=\"index, follow, max-snippet:-1, max-image-preview:large, max-video-preview:-1\" \/>\n<link rel=\"canonical\" href=\"https:\/\/www.africa-press.net\/mali\/top-nouvelles\/le-mali-et-le-burkina-faso-sengagent-pour-un-modele-dintegration-reussi\" \/>\n<meta property=\"og:locale\" content=\"fr_FR\" \/>\n<meta property=\"og:type\" content=\"article\" \/>\n<meta property=\"og:title\" content=\"Le Mali et le Burkina Faso s&#039;engagent pour un mod\u00e8le d&#039;int\u00e9gration r\u00e9ussi\" \/>\n<meta property=\"og:description\" content=\"Le Mali et le Burkina se sont engage\u0301s, dimanche, a\u0300 faire de l\u2019axe Bamako-Ouagadougou un mode\u0300le re\u0301ussi d\u2019inte\u0301gration ...\" \/>\n<meta property=\"og:url\" content=\"https:\/\/www.africa-press.net\/mali\/top-nouvelles\/le-mali-et-le-burkina-faso-sengagent-pour-un-modele-dintegration-reussi\" \/>\n<meta property=\"og:site_name\" content=\"Mali\" \/>\n<meta property=\"article:publisher\" content=\"https:\/\/www.facebook.com\/AfricaPressTunisiaa\" \/>\n<meta property=\"article:published_time\" content=\"2023-02-27T14:16:51+00:00\" \/>\n<meta property=\"article:modified_time\" content=\"2023-02-27T15:16:27+00:00\" \/>\n<meta property=\"og:image\" content=\"https:\/\/static.africa-press.net\/mali\/sites\/21\/2023\/02\/postQueueImg_1677495017.92.jpg\" \/>\n\t<meta property=\"og:image:width\" content=\"757\" \/>\n\t<meta property=\"og:image:height\" content=\"502\" \/>\n\t<meta property=\"og:image:type\" content=\"image\/jpeg\" \/>\n<meta name=\"author\" content=\"cfeditorfr\" \/>\n<meta name=\"twitter:card\" content=\"summary_large_image\" \/>\n<meta name=\"twitter:label1\" content=\"\u00c9crit par\" \/>\n\t<meta name=\"twitter:data1\" content=\"cfeditorfr\" \/>\n\t<meta name=\"twitter:label2\" content=\"Dur\u00e9e de lecture estim\u00e9e\" \/>\n\t<meta name=\"twitter:data2\" content=\"3 minutes\" \/>\n<script type=\"application\/ld+json\" class=\"yoast-schema-graph\">{\"@context\":\"https:\/\/schema.org\",\"@graph\":[{\"@type\":\"Article\",\"@id\":\"https:\/\/www.africa-press.net\/mali\/top-nouvelles\/le-mali-et-le-burkina-faso-sengagent-pour-un-modele-dintegration-reussi#article\",\"isPartOf\":{\"@id\":\"https:\/\/www.africa-press.net\/mali\/top-nouvelles\/le-mali-et-le-burkina-faso-sengagent-pour-un-modele-dintegration-reussi\"},\"author\":{\"name\":\"cfeditorfr\",\"@id\":\"https:\/\/www.africa-press.net\/mali\/#\/schema\/person\/2b1cf3cd81a31e3cd26889ca66d677f1\"},\"headline\":\"Le Mali et le Burkina Faso s&rsquo;engagent pour un mod\u00e8le d&rsquo;int\u00e9gration r\u00e9ussi\",\"datePublished\":\"2023-02-27T14:16:51+00:00\",\"dateModified\":\"2023-02-27T15:16:27+00:00\",\"mainEntityOfPage\":{\"@id\":\"https:\/\/www.africa-press.net\/mali\/top-nouvelles\/le-mali-et-le-burkina-faso-sengagent-pour-un-modele-dintegration-reussi\"},\"wordCount\":515,\"commentCount\":0,\"image\":{\"@id\":\"https:\/\/www.africa-press.net\/mali\/top-nouvelles\/le-mali-et-le-burkina-faso-sengagent-pour-un-modele-dintegration-reussi#primaryimage\"},\"thumbnailUrl\":\"https:\/\/static.africa-press.net\/mali\/sites\/21\/2023\/02\/postQueueImg_1677495017.92.jpg\",\"keywords\":[\"Africa Press\",\"Africa Press-Mali\",\"mali\"],\"articleSection\":[\"Politique\",\"to-homepage\",\"Top Nouvelles\",\"Toutes les actualit\u00e9s\"],\"inLanguage\":\"fr-FR\",\"potentialAction\":[{\"@type\":\"CommentAction\",\"name\":\"Comment\",\"target\":[\"https:\/\/www.africa-press.net\/mali\/top-nouvelles\/le-mali-et-le-burkina-faso-sengagent-pour-un-modele-dintegration-reussi#respond\"]}]},{\"@type\":\"WebPage\",\"@id\":\"https:\/\/www.africa-press.net\/mali\/top-nouvelles\/le-mali-et-le-burkina-faso-sengagent-pour-un-modele-dintegration-reussi\",\"url\":\"https:\/\/www.africa-press.net\/mali\/top-nouvelles\/le-mali-et-le-burkina-faso-sengagent-pour-un-modele-dintegration-reussi\",\"name\":\"Le Mali et le Burkina Faso s'engagent pour un mod\u00e8le d'int\u00e9gration r\u00e9ussi - Mali\",\"isPartOf\":{\"@id\":\"https:\/\/www.africa-press.net\/mali\/#website\"},\"primaryImageOfPage\":{\"@id\":\"https:\/\/www.africa-press.net\/mali\/top-nouvelles\/le-mali-et-le-burkina-faso-sengagent-pour-un-modele-dintegration-reussi#primaryimage\"},\"image\":{\"@id\":\"https:\/\/www.africa-press.net\/mali\/top-nouvelles\/le-mali-et-le-burkina-faso-sengagent-pour-un-modele-dintegration-reussi#primaryimage\"},\"thumbnailUrl\":\"https:\/\/static.africa-press.net\/mali\/sites\/21\/2023\/02\/postQueueImg_1677495017.92.jpg\",\"datePublished\":\"2023-02-27T14:16:51+00:00\",\"dateModified\":\"2023-02-27T15:16:27+00:00\",\"author\":{\"@id\":\"https:\/\/www.africa-press.net\/mali\/#\/schema\/person\/2b1cf3cd81a31e3cd26889ca66d677f1\"},\"description\":\"Le Mali et le Burkina se sont engage\u0301s, dimanche, a\u0300 faire de l\u2019axe Bamako-Ouagadougou un mode\u0300le re\u0301ussi d\u2019inte\u0301gration ...\",\"breadcrumb\":{\"@id\":\"https:\/\/www.africa-press.net\/mali\/top-nouvelles\/le-mali-et-le-burkina-faso-sengagent-pour-un-modele-dintegration-reussi#breadcrumb\"},\"inLanguage\":\"fr-FR\",\"potentialAction\":[{\"@type\":\"ReadAction\",\"target\":[\"https:\/\/www.africa-press.net\/mali\/top-nouvelles\/le-mali-et-le-burkina-faso-sengagent-pour-un-modele-dintegration-reussi\"]}]},{\"@type\":\"ImageObject\",\"inLanguage\":\"fr-FR\",\"@id\":\"https:\/\/www.africa-press.net\/mali\/top-nouvelles\/le-mali-et-le-burkina-faso-sengagent-pour-un-modele-dintegration-reussi#primaryimage\",\"url\":\"https:\/\/static.africa-press.net\/mali\/sites\/21\/2023\/02\/postQueueImg_1677495017.92.jpg\",\"contentUrl\":\"https:\/\/static.africa-press.net\/mali\/sites\/21\/2023\/02\/postQueueImg_1677495017.92.jpg\",\"width\":757,\"height\":502,\"caption\":\"Le Mali et le Burkina Faso s'engagent pour un mod\u00e8le d'int\u00e9gration r\u00e9ussi\"},{\"@type\":\"BreadcrumbList\",\"@id\":\"https:\/\/www.africa-press.net\/mali\/top-nouvelles\/le-mali-et-le-burkina-faso-sengagent-pour-un-modele-dintegration-reussi#breadcrumb\",\"itemListElement\":[{\"@type\":\"ListItem\",\"position\":1,\"name\":\"Home\",\"item\":\"https:\/\/www.africa-press.net\/mali\/\"},{\"@type\":\"ListItem\",\"position\":2,\"name\":\"Le Mali et le Burkina Faso s&rsquo;engagent pour un mod\u00e8le d&rsquo;int\u00e9gration r\u00e9ussi\"}]},{\"@type\":\"WebSite\",\"@id\":\"https:\/\/www.africa-press.net\/mali\/#website\",\"url\":\"https:\/\/www.africa-press.net\/mali\/\",\"name\":\"Mali\",\"description\":\"Just another Africa News Agency Sites site\",\"potentialAction\":[{\"@type\":\"SearchAction\",\"target\":{\"@type\":\"EntryPoint\",\"urlTemplate\":\"https:\/\/www.africa-press.net\/mali\/?s={search_term_string}\"},\"query-input\":{\"@type\":\"PropertyValueSpecification\",\"valueRequired\":true,\"valueName\":\"search_term_string\"}}],\"inLanguage\":\"fr-FR\"},{\"@type\":\"Person\",\"@id\":\"https:\/\/www.africa-press.net\/mali\/#\/schema\/person\/2b1cf3cd81a31e3cd26889ca66d677f1\",\"name\":\"cfeditorfr\"}]}<\/script>\n<!-- \/ Yoast SEO Premium plugin. -->","yoast_head_json":{"title":"Le Mali et le Burkina Faso s'engagent pour un mod\u00e8le d'int\u00e9gration r\u00e9ussi - Mali","description":"Le Mali et le Burkina se sont engage\u0301s, dimanche, a\u0300 faire de l\u2019axe Bamako-Ouagadougou un mode\u0300le re\u0301ussi d\u2019inte\u0301gration ...","robots":{"index":"index","follow":"follow","max-snippet":"max-snippet:-1","max-image-preview":"max-image-preview:large","max-video-preview":"max-video-preview:-1"},"canonical":"https:\/\/www.africa-press.net\/mali\/top-nouvelles\/le-mali-et-le-burkina-faso-sengagent-pour-un-modele-dintegration-reussi","og_locale":"fr_FR","og_type":"article","og_title":"Le Mali et le Burkina Faso s'engagent pour un mod\u00e8le d'int\u00e9gration r\u00e9ussi","og_description":"Le Mali et le Burkina se sont engage\u0301s, dimanche, a\u0300 faire de l\u2019axe Bamako-Ouagadougou un mode\u0300le re\u0301ussi d\u2019inte\u0301gration ...","og_url":"https:\/\/www.africa-press.net\/mali\/top-nouvelles\/le-mali-et-le-burkina-faso-sengagent-pour-un-modele-dintegration-reussi","og_site_name":"Mali","article_publisher":"https:\/\/www.facebook.com\/AfricaPressTunisiaa","article_published_time":"2023-02-27T14:16:51+00:00","article_modified_time":"2023-02-27T15:16:27+00:00","og_image":[{"width":757,"height":502,"url":"https:\/\/static.africa-press.net\/mali\/sites\/21\/2023\/02\/postQueueImg_1677495017.92.jpg","type":"image\/jpeg"}],"author":"cfeditorfr","twitter_card":"summary_large_image","twitter_misc":{"\u00c9crit par":"cfeditorfr","Dur\u00e9e de lecture estim\u00e9e":"3 minutes"},"schema":{"@context":"https:\/\/schema.org","@graph":[{"@type":"Article","@id":"https:\/\/www.africa-press.net\/mali\/top-nouvelles\/le-mali-et-le-burkina-faso-sengagent-pour-un-modele-dintegration-reussi#article","isPartOf":{"@id":"https:\/\/www.africa-press.net\/mali\/top-nouvelles\/le-mali-et-le-burkina-faso-sengagent-pour-un-modele-dintegration-reussi"},"author":{"name":"cfeditorfr","@id":"https:\/\/www.africa-press.net\/mali\/#\/schema\/person\/2b1cf3cd81a31e3cd26889ca66d677f1"},"headline":"Le Mali et le Burkina Faso s&rsquo;engagent pour un mod\u00e8le d&rsquo;int\u00e9gration r\u00e9ussi","datePublished":"2023-02-27T14:16:51+00:00","dateModified":"2023-02-27T15:16:27+00:00","mainEntityOfPage":{"@id":"https:\/\/www.africa-press.net\/mali\/top-nouvelles\/le-mali-et-le-burkina-faso-sengagent-pour-un-modele-dintegration-reussi"},"wordCount":515,"commentCount":0,"image":{"@id":"https:\/\/www.africa-press.net\/mali\/top-nouvelles\/le-mali-et-le-burkina-faso-sengagent-pour-un-modele-dintegration-reussi#primaryimage"},"thumbnailUrl":"https:\/\/static.africa-press.net\/mali\/sites\/21\/2023\/02\/postQueueImg_1677495017.92.jpg","keywords":["Africa Press","Africa Press-Mali","mali"],"articleSection":["Politique","to-homepage","Top Nouvelles","Toutes les actualit\u00e9s"],"inLanguage":"fr-FR","potentialAction":[{"@type":"CommentAction","name":"Comment","target":["https:\/\/www.africa-press.net\/mali\/top-nouvelles\/le-mali-et-le-burkina-faso-sengagent-pour-un-modele-dintegration-reussi#respond"]}]},{"@type":"WebPage","@id":"https:\/\/www.africa-press.net\/mali\/top-nouvelles\/le-mali-et-le-burkina-faso-sengagent-pour-un-modele-dintegration-reussi","url":"https:\/\/www.africa-press.net\/mali\/top-nouvelles\/le-mali-et-le-burkina-faso-sengagent-pour-un-modele-dintegration-reussi","name":"Le Mali et le Burkina Faso s'engagent pour un mod\u00e8le d'int\u00e9gration r\u00e9ussi - Mali","isPartOf":{"@id":"https:\/\/www.africa-press.net\/mali\/#website"},"primaryImageOfPage":{"@id":"https:\/\/www.africa-press.net\/mali\/top-nouvelles\/le-mali-et-le-burkina-faso-sengagent-pour-un-modele-dintegration-reussi#primaryimage"},"image":{"@id":"https:\/\/www.africa-press.net\/mali\/top-nouvelles\/le-mali-et-le-burkina-faso-sengagent-pour-un-modele-dintegration-reussi#primaryimage"},"thumbnailUrl":"https:\/\/static.africa-press.net\/mali\/sites\/21\/2023\/02\/postQueueImg_1677495017.92.jpg","datePublished":"2023-02-27T14:16:51+00:00","dateModified":"2023-02-27T15:16:27+00:00","author":{"@id":"https:\/\/www.africa-press.net\/mali\/#\/schema\/person\/2b1cf3cd81a31e3cd26889ca66d677f1"},"description":"Le Mali et le Burkina se sont engage\u0301s, dimanche, a\u0300 faire de l\u2019axe Bamako-Ouagadougou un mode\u0300le re\u0301ussi d\u2019inte\u0301gration ...","breadcrumb":{"@id":"https:\/\/www.africa-press.net\/mali\/top-nouvelles\/le-mali-et-le-burkina-faso-sengagent-pour-un-modele-dintegration-reussi#breadcrumb"},"inLanguage":"fr-FR","potentialAction":[{"@type":"ReadAction","target":["https:\/\/www.africa-press.net\/mali\/top-nouvelles\/le-mali-et-le-burkina-faso-sengagent-pour-un-modele-dintegration-reussi"]}]},{"@type":"ImageObject","inLanguage":"fr-FR","@id":"https:\/\/www.africa-press.net\/mali\/top-nouvelles\/le-mali-et-le-burkina-faso-sengagent-pour-un-modele-dintegration-reussi#primaryimage","url":"https:\/\/static.africa-press.net\/mali\/sites\/21\/2023\/02\/postQueueImg_1677495017.92.jpg","contentUrl":"https:\/\/static.africa-press.net\/mali\/sites\/21\/2023\/02\/postQueueImg_1677495017.92.jpg","width":757,"height":502,"caption":"Le Mali et le Burkina Faso s'engagent pour un mod\u00e8le d'int\u00e9gration r\u00e9ussi"},{"@type":"BreadcrumbList","@id":"https:\/\/www.africa-press.net\/mali\/top-nouvelles\/le-mali-et-le-burkina-faso-sengagent-pour-un-modele-dintegration-reussi#breadcrumb","itemListElement":[{"@type":"ListItem","position":1,"name":"Home","item":"https:\/\/www.africa-press.net\/mali\/"},{"@type":"ListItem","position":2,"name":"Le Mali et le Burkina Faso s&rsquo;engagent pour un mod\u00e8le d&rsquo;int\u00e9gration r\u00e9ussi"}]},{"@type":"WebSite","@id":"https:\/\/www.africa-press.net\/mali\/#website","url":"https:\/\/www.africa-press.net\/mali\/","name":"Mali","description":"Just another Africa News Agency Sites site","potentialAction":[{"@type":"SearchAction","target":{"@type":"EntryPoint","urlTemplate":"https:\/\/www.africa-press.net\/mali\/?s={search_term_string}"},"query-input":{"@type":"PropertyValueSpecification","valueRequired":true,"valueName":"search_term_string"}}],"inLanguage":"fr-FR"},{"@type":"Person","@id":"https:\/\/www.africa-press.net\/mali\/#\/schema\/person\/2b1cf3cd81a31e3cd26889ca66d677f1","name":"cfeditorfr"}]}},"_links":{"self":[{"href":"https:\/\/www.africa-press.net\/mali\/wp-json\/wp\/v2\/posts\/31208","targetHints":{"allow":["GET"]}}],"collection":[{"href":"https:\/\/www.africa-press.net\/mali\/wp-json\/wp\/v2\/posts"}],"about":[{"href":"https:\/\/www.africa-press.net\/mali\/wp-json\/wp\/v2\/types\/post"}],"author":[{"embeddable":true,"href":"https:\/\/www.africa-press.net\/mali\/wp-json\/wp\/v2\/users\/82"}],"replies":[{"embeddable":true,"href":"https:\/\/www.africa-press.net\/mali\/wp-json\/wp\/v2\/comments?post=31208"}],"version-history":[{"count":0,"href":"https:\/\/www.africa-press.net\/mali\/wp-json\/wp\/v2\/posts\/31208\/revisions"}],"wp:featuredmedia":[{"embeddable":true,"href":"https:\/\/www.africa-press.net\/mali\/wp-json\/wp\/v2\/media\/31207"}],"wp:attachment":[{"href":"https:\/\/www.africa-press.net\/mali\/wp-json\/wp\/v2\/media?parent=31208"}],"wp:term":[{"taxonomy":"category","embeddable":true,"href":"https:\/\/www.africa-press.net\/mali\/wp-json\/wp\/v2\/categories?post=31208"},{"taxonomy":"post_tag","embeddable":true,"href":"https:\/\/www.africa-press.net\/mali\/wp-json\/wp\/v2\/tags?post=31208"}],"curies":[{"name":"wp","href":"https:\/\/api.w.org\/{rel}","templated":true}]}}