{"id":31212,"date":"2023-02-27T14:53:21","date_gmt":"2023-02-27T14:53:21","guid":{"rendered":"https:\/\/www.africa-press.net\/mali\/politique\/moussa-mara-ne-prenons-pas-part-aux-conflits-geopolitiques-eloignes-de-nos-preoccupations"},"modified":"2023-02-27T15:24:19","modified_gmt":"2023-02-27T15:24:19","slug":"moussa-mara-ne-prenons-pas-part-aux-conflits-geopolitiques-eloignes-de-nos-preoccupations","status":"publish","type":"post","link":"https:\/\/www.africa-press.net\/mali\/politique\/moussa-mara-ne-prenons-pas-part-aux-conflits-geopolitiques-eloignes-de-nos-preoccupations","title":{"rendered":"Moussa Mara : \u2018\u2019ne prenons pas part aux conflits g\u00e9opolitiques \u00e9loign\u00e9s de nos pr\u00e9occupations\u2019\u2019"},"content":{"rendered":"<p><span style=\"color: #ff6600\"><strong>Africa-Press &#8211; Mali. <\/strong><\/span>L\u2019ancien Premier ministre, Moussa Mara a re\u0301agi sur le vote de la Re\u0301solution des Nations unies demandant le retrait des forces russes d\u2019Ukraine. \u00abLe Mali a vote\u0301 contre avec un groupe de 6 autres pays sur 180 votants. A l\u2019exception de l\u2019Erythre\u0301e, aucun pays africain n\u2019a vote\u0301 comme le Mali, aucun en Afrique de l\u2019Ouest, me\u0302me pas nos amis du Burkina Faso et de la Guine\u0301e ! Faisons attention a\u0300 ne pas nous isoler dans la Re\u0301gion, en Afrique et dans le concert des Nations! Ne prenons pas part aux conflits ge\u0301opolitiques e\u0301loigne\u0301s de nos pre\u0301occupations. Abstenons-nous, comme la plupart des pays africains, quand on ne peut faire autrement !\u00bb<\/p>\n<p>Cette sortie de l\u2019homme de Kidal 2014 lui a certes valu des corbeilles de roses de ceux qui pensent comme lui sur le sujet, mais aussi des vertes et des pas mu\u0302res du co\u0302te\u0301 de ceux qui ont juge\u0301 utile de lui rappeler que le Mali a tout simplement manifeste\u0301 sa reconnaissance envers un pays qui lui a e\u0301vite\u0301 d\u2019e\u0302tre condamne\u0301 devant la me\u0302me instance.<\/p>\n<p><strong>Pour plus d&rsquo;informations et d&rsquo;analyses sur la <a href=\"https:\/\/www.africa-press.net\/mali\">Mali<\/a>, suivez <a href=\"https:\/\/www.africa-press.net\/\">Africa-Press<\/a><\/strong><\/p>\n","protected":false},"excerpt":{"rendered":"<p>Africa-Press &#8211; Mali. L\u2019ancien Premier ministre, Moussa Mara a re\u0301agi sur le vote de la Re\u0301solution des Nations unies demandant le retrait des forces russes d\u2019Ukraine. \u00abLe Mali a vote\u0301 contre avec un groupe de 6 autres pays sur 180 votants. A l\u2019exception de l\u2019Erythre\u0301e, aucun pays africain n\u2019a vote\u0301 comme le Mali, aucun en [&hellip;]<\/p>\n","protected":false},"author":82,"featured_media":31211,"comment_status":"open","ping_status":"closed","sticky":false,"template":"","format":"standard","meta":{"footnotes":""},"categories":[7,17],"tags":[76,86,19],"class_list":["post-31212","post","type-post","status-publish","format-standard","has-post-thumbnail","hentry","category-politique","category-toutes-les-actualites","tag-africa-press","tag-africa-press-mali","tag-mali"],"yoast_head":"<!-- This site is optimized with the Yoast SEO Premium plugin v26.1 (Yoast SEO v27.0) - https:\/\/yoast.com\/product\/yoast-seo-premium-wordpress\/ -->\n<title>Moussa Mara : \u2018\u2019ne prenons pas part aux conflits g\u00e9opolitiques \u00e9loign\u00e9s de nos pr\u00e9occupations\u2019\u2019 - Mali<\/title>\n<meta name=\"description\" content=\"L\u2019ancien Premier ministre, Moussa Mara a re\u0301agi sur le vote de la Re\u0301solution des Nations unies demandant le retrait des ...\" \/>\n<meta name=\"robots\" content=\"index, follow, max-snippet:-1, max-image-preview:large, max-video-preview:-1\" \/>\n<link rel=\"canonical\" href=\"https:\/\/www.africa-press.net\/mali\/politique\/moussa-mara-ne-prenons-pas-part-aux-conflits-geopolitiques-eloignes-de-nos-preoccupations\" \/>\n<meta property=\"og:locale\" content=\"fr_FR\" \/>\n<meta property=\"og:type\" content=\"article\" \/>\n<meta property=\"og:title\" content=\"Moussa Mara : \u2018\u2019ne prenons pas part aux conflits g\u00e9opolitiques \u00e9loign\u00e9s de nos pr\u00e9occupations\u2019\u2019\" \/>\n<meta property=\"og:description\" content=\"L\u2019ancien Premier ministre, Moussa Mara a re\u0301agi sur le vote de la Re\u0301solution des Nations unies demandant le retrait des ...\" \/>\n<meta property=\"og:url\" content=\"https:\/\/www.africa-press.net\/mali\/politique\/moussa-mara-ne-prenons-pas-part-aux-conflits-geopolitiques-eloignes-de-nos-preoccupations\" \/>\n<meta property=\"og:site_name\" content=\"Mali\" \/>\n<meta property=\"article:publisher\" content=\"https:\/\/www.facebook.com\/AfricaPressTunisiaa\" \/>\n<meta property=\"article:published_time\" content=\"2023-02-27T14:53:21+00:00\" \/>\n<meta property=\"article:modified_time\" content=\"2023-02-27T15:24:19+00:00\" \/>\n<meta property=\"og:image\" content=\"https:\/\/static.africa-press.net\/mali\/sites\/21\/2023\/02\/postQueueImg_1677497006.83.jpg\" \/>\n\t<meta property=\"og:image:width\" content=\"720\" \/>\n\t<meta property=\"og:image:height\" content=\"540\" \/>\n\t<meta property=\"og:image:type\" content=\"image\/jpeg\" \/>\n<meta name=\"author\" content=\"cfeditorfr\" \/>\n<meta name=\"twitter:card\" content=\"summary_large_image\" \/>\n<meta name=\"twitter:label1\" content=\"\u00c9crit par\" \/>\n\t<meta name=\"twitter:data1\" content=\"cfeditorfr\" \/>\n\t<meta name=\"twitter:label2\" content=\"Dur\u00e9e de lecture estim\u00e9e\" \/>\n\t<meta name=\"twitter:data2\" content=\"1 minute\" \/>\n<script type=\"application\/ld+json\" class=\"yoast-schema-graph\">{\"@context\":\"https:\/\/schema.org\",\"@graph\":[{\"@type\":\"Article\",\"@id\":\"https:\/\/www.africa-press.net\/mali\/politique\/moussa-mara-ne-prenons-pas-part-aux-conflits-geopolitiques-eloignes-de-nos-preoccupations#article\",\"isPartOf\":{\"@id\":\"https:\/\/www.africa-press.net\/mali\/politique\/moussa-mara-ne-prenons-pas-part-aux-conflits-geopolitiques-eloignes-de-nos-preoccupations\"},\"author\":{\"name\":\"cfeditorfr\",\"@id\":\"https:\/\/www.africa-press.net\/mali\/#\/schema\/person\/2b1cf3cd81a31e3cd26889ca66d677f1\"},\"headline\":\"Moussa Mara : \u2018\u2019ne prenons pas part aux conflits g\u00e9opolitiques \u00e9loign\u00e9s de nos pr\u00e9occupations\u2019\u2019\",\"datePublished\":\"2023-02-27T14:53:21+00:00\",\"dateModified\":\"2023-02-27T15:24:19+00:00\",\"mainEntityOfPage\":{\"@id\":\"https:\/\/www.africa-press.net\/mali\/politique\/moussa-mara-ne-prenons-pas-part-aux-conflits-geopolitiques-eloignes-de-nos-preoccupations\"},\"wordCount\":224,\"commentCount\":0,\"image\":{\"@id\":\"https:\/\/www.africa-press.net\/mali\/politique\/moussa-mara-ne-prenons-pas-part-aux-conflits-geopolitiques-eloignes-de-nos-preoccupations#primaryimage\"},\"thumbnailUrl\":\"https:\/\/static.africa-press.net\/mali\/sites\/21\/2023\/02\/postQueueImg_1677497006.83.jpg\",\"keywords\":[\"Africa Press\",\"Africa Press-Mali\",\"mali\"],\"articleSection\":[\"Politique\",\"Toutes les actualit\u00e9s\"],\"inLanguage\":\"fr-FR\",\"potentialAction\":[{\"@type\":\"CommentAction\",\"name\":\"Comment\",\"target\":[\"https:\/\/www.africa-press.net\/mali\/politique\/moussa-mara-ne-prenons-pas-part-aux-conflits-geopolitiques-eloignes-de-nos-preoccupations#respond\"]}]},{\"@type\":\"WebPage\",\"@id\":\"https:\/\/www.africa-press.net\/mali\/politique\/moussa-mara-ne-prenons-pas-part-aux-conflits-geopolitiques-eloignes-de-nos-preoccupations\",\"url\":\"https:\/\/www.africa-press.net\/mali\/politique\/moussa-mara-ne-prenons-pas-part-aux-conflits-geopolitiques-eloignes-de-nos-preoccupations\",\"name\":\"Moussa Mara : \u2018\u2019ne prenons pas part aux conflits g\u00e9opolitiques \u00e9loign\u00e9s de nos pr\u00e9occupations\u2019\u2019 - Mali\",\"isPartOf\":{\"@id\":\"https:\/\/www.africa-press.net\/mali\/#website\"},\"primaryImageOfPage\":{\"@id\":\"https:\/\/www.africa-press.net\/mali\/politique\/moussa-mara-ne-prenons-pas-part-aux-conflits-geopolitiques-eloignes-de-nos-preoccupations#primaryimage\"},\"image\":{\"@id\":\"https:\/\/www.africa-press.net\/mali\/politique\/moussa-mara-ne-prenons-pas-part-aux-conflits-geopolitiques-eloignes-de-nos-preoccupations#primaryimage\"},\"thumbnailUrl\":\"https:\/\/static.africa-press.net\/mali\/sites\/21\/2023\/02\/postQueueImg_1677497006.83.jpg\",\"datePublished\":\"2023-02-27T14:53:21+00:00\",\"dateModified\":\"2023-02-27T15:24:19+00:00\",\"author\":{\"@id\":\"https:\/\/www.africa-press.net\/mali\/#\/schema\/person\/2b1cf3cd81a31e3cd26889ca66d677f1\"},\"description\":\"L\u2019ancien Premier ministre, Moussa Mara a re\u0301agi sur le vote de la Re\u0301solution des Nations unies demandant le retrait des ...\",\"breadcrumb\":{\"@id\":\"https:\/\/www.africa-press.net\/mali\/politique\/moussa-mara-ne-prenons-pas-part-aux-conflits-geopolitiques-eloignes-de-nos-preoccupations#breadcrumb\"},\"inLanguage\":\"fr-FR\",\"potentialAction\":[{\"@type\":\"ReadAction\",\"target\":[\"https:\/\/www.africa-press.net\/mali\/politique\/moussa-mara-ne-prenons-pas-part-aux-conflits-geopolitiques-eloignes-de-nos-preoccupations\"]}]},{\"@type\":\"ImageObject\",\"inLanguage\":\"fr-FR\",\"@id\":\"https:\/\/www.africa-press.net\/mali\/politique\/moussa-mara-ne-prenons-pas-part-aux-conflits-geopolitiques-eloignes-de-nos-preoccupations#primaryimage\",\"url\":\"https:\/\/static.africa-press.net\/mali\/sites\/21\/2023\/02\/postQueueImg_1677497006.83.jpg\",\"contentUrl\":\"https:\/\/static.africa-press.net\/mali\/sites\/21\/2023\/02\/postQueueImg_1677497006.83.jpg\",\"width\":720,\"height\":540,\"caption\":\"Moussa Mara : \u2018\u2019ne prenons pas part aux conflits g\u00e9opolitiques \u00e9loign\u00e9s de nos pr\u00e9occupations\u2019\u2019\"},{\"@type\":\"BreadcrumbList\",\"@id\":\"https:\/\/www.africa-press.net\/mali\/politique\/moussa-mara-ne-prenons-pas-part-aux-conflits-geopolitiques-eloignes-de-nos-preoccupations#breadcrumb\",\"itemListElement\":[{\"@type\":\"ListItem\",\"position\":1,\"name\":\"Home\",\"item\":\"https:\/\/www.africa-press.net\/mali\/\"},{\"@type\":\"ListItem\",\"position\":2,\"name\":\"Moussa Mara : \u2018\u2019ne prenons pas part aux conflits g\u00e9opolitiques \u00e9loign\u00e9s de nos pr\u00e9occupations\u2019\u2019\"}]},{\"@type\":\"WebSite\",\"@id\":\"https:\/\/www.africa-press.net\/mali\/#website\",\"url\":\"https:\/\/www.africa-press.net\/mali\/\",\"name\":\"Mali\",\"description\":\"Just another Africa News Agency Sites site\",\"potentialAction\":[{\"@type\":\"SearchAction\",\"target\":{\"@type\":\"EntryPoint\",\"urlTemplate\":\"https:\/\/www.africa-press.net\/mali\/?s={search_term_string}\"},\"query-input\":{\"@type\":\"PropertyValueSpecification\",\"valueRequired\":true,\"valueName\":\"search_term_string\"}}],\"inLanguage\":\"fr-FR\"},{\"@type\":\"Person\",\"@id\":\"https:\/\/www.africa-press.net\/mali\/#\/schema\/person\/2b1cf3cd81a31e3cd26889ca66d677f1\",\"name\":\"cfeditorfr\"}]}<\/script>\n<!-- \/ Yoast SEO Premium plugin. -->","yoast_head_json":{"title":"Moussa Mara : \u2018\u2019ne prenons pas part aux conflits g\u00e9opolitiques \u00e9loign\u00e9s de nos pr\u00e9occupations\u2019\u2019 - Mali","description":"L\u2019ancien Premier ministre, Moussa Mara a re\u0301agi sur le vote de la Re\u0301solution des Nations unies demandant le retrait des ...","robots":{"index":"index","follow":"follow","max-snippet":"max-snippet:-1","max-image-preview":"max-image-preview:large","max-video-preview":"max-video-preview:-1"},"canonical":"https:\/\/www.africa-press.net\/mali\/politique\/moussa-mara-ne-prenons-pas-part-aux-conflits-geopolitiques-eloignes-de-nos-preoccupations","og_locale":"fr_FR","og_type":"article","og_title":"Moussa Mara : \u2018\u2019ne prenons pas part aux conflits g\u00e9opolitiques \u00e9loign\u00e9s de nos pr\u00e9occupations\u2019\u2019","og_description":"L\u2019ancien Premier ministre, Moussa Mara a re\u0301agi sur le vote de la Re\u0301solution des Nations unies demandant le retrait des ...","og_url":"https:\/\/www.africa-press.net\/mali\/politique\/moussa-mara-ne-prenons-pas-part-aux-conflits-geopolitiques-eloignes-de-nos-preoccupations","og_site_name":"Mali","article_publisher":"https:\/\/www.facebook.com\/AfricaPressTunisiaa","article_published_time":"2023-02-27T14:53:21+00:00","article_modified_time":"2023-02-27T15:24:19+00:00","og_image":[{"width":720,"height":540,"url":"https:\/\/static.africa-press.net\/mali\/sites\/21\/2023\/02\/postQueueImg_1677497006.83.jpg","type":"image\/jpeg"}],"author":"cfeditorfr","twitter_card":"summary_large_image","twitter_misc":{"\u00c9crit par":"cfeditorfr","Dur\u00e9e de lecture estim\u00e9e":"1 minute"},"schema":{"@context":"https:\/\/schema.org","@graph":[{"@type":"Article","@id":"https:\/\/www.africa-press.net\/mali\/politique\/moussa-mara-ne-prenons-pas-part-aux-conflits-geopolitiques-eloignes-de-nos-preoccupations#article","isPartOf":{"@id":"https:\/\/www.africa-press.net\/mali\/politique\/moussa-mara-ne-prenons-pas-part-aux-conflits-geopolitiques-eloignes-de-nos-preoccupations"},"author":{"name":"cfeditorfr","@id":"https:\/\/www.africa-press.net\/mali\/#\/schema\/person\/2b1cf3cd81a31e3cd26889ca66d677f1"},"headline":"Moussa Mara : \u2018\u2019ne prenons pas part aux conflits g\u00e9opolitiques \u00e9loign\u00e9s de nos pr\u00e9occupations\u2019\u2019","datePublished":"2023-02-27T14:53:21+00:00","dateModified":"2023-02-27T15:24:19+00:00","mainEntityOfPage":{"@id":"https:\/\/www.africa-press.net\/mali\/politique\/moussa-mara-ne-prenons-pas-part-aux-conflits-geopolitiques-eloignes-de-nos-preoccupations"},"wordCount":224,"commentCount":0,"image":{"@id":"https:\/\/www.africa-press.net\/mali\/politique\/moussa-mara-ne-prenons-pas-part-aux-conflits-geopolitiques-eloignes-de-nos-preoccupations#primaryimage"},"thumbnailUrl":"https:\/\/static.africa-press.net\/mali\/sites\/21\/2023\/02\/postQueueImg_1677497006.83.jpg","keywords":["Africa Press","Africa Press-Mali","mali"],"articleSection":["Politique","Toutes les actualit\u00e9s"],"inLanguage":"fr-FR","potentialAction":[{"@type":"CommentAction","name":"Comment","target":["https:\/\/www.africa-press.net\/mali\/politique\/moussa-mara-ne-prenons-pas-part-aux-conflits-geopolitiques-eloignes-de-nos-preoccupations#respond"]}]},{"@type":"WebPage","@id":"https:\/\/www.africa-press.net\/mali\/politique\/moussa-mara-ne-prenons-pas-part-aux-conflits-geopolitiques-eloignes-de-nos-preoccupations","url":"https:\/\/www.africa-press.net\/mali\/politique\/moussa-mara-ne-prenons-pas-part-aux-conflits-geopolitiques-eloignes-de-nos-preoccupations","name":"Moussa Mara : \u2018\u2019ne prenons pas part aux conflits g\u00e9opolitiques \u00e9loign\u00e9s de nos pr\u00e9occupations\u2019\u2019 - Mali","isPartOf":{"@id":"https:\/\/www.africa-press.net\/mali\/#website"},"primaryImageOfPage":{"@id":"https:\/\/www.africa-press.net\/mali\/politique\/moussa-mara-ne-prenons-pas-part-aux-conflits-geopolitiques-eloignes-de-nos-preoccupations#primaryimage"},"image":{"@id":"https:\/\/www.africa-press.net\/mali\/politique\/moussa-mara-ne-prenons-pas-part-aux-conflits-geopolitiques-eloignes-de-nos-preoccupations#primaryimage"},"thumbnailUrl":"https:\/\/static.africa-press.net\/mali\/sites\/21\/2023\/02\/postQueueImg_1677497006.83.jpg","datePublished":"2023-02-27T14:53:21+00:00","dateModified":"2023-02-27T15:24:19+00:00","author":{"@id":"https:\/\/www.africa-press.net\/mali\/#\/schema\/person\/2b1cf3cd81a31e3cd26889ca66d677f1"},"description":"L\u2019ancien Premier ministre, Moussa Mara a re\u0301agi sur le vote de la Re\u0301solution des Nations unies demandant le retrait des ...","breadcrumb":{"@id":"https:\/\/www.africa-press.net\/mali\/politique\/moussa-mara-ne-prenons-pas-part-aux-conflits-geopolitiques-eloignes-de-nos-preoccupations#breadcrumb"},"inLanguage":"fr-FR","potentialAction":[{"@type":"ReadAction","target":["https:\/\/www.africa-press.net\/mali\/politique\/moussa-mara-ne-prenons-pas-part-aux-conflits-geopolitiques-eloignes-de-nos-preoccupations"]}]},{"@type":"ImageObject","inLanguage":"fr-FR","@id":"https:\/\/www.africa-press.net\/mali\/politique\/moussa-mara-ne-prenons-pas-part-aux-conflits-geopolitiques-eloignes-de-nos-preoccupations#primaryimage","url":"https:\/\/static.africa-press.net\/mali\/sites\/21\/2023\/02\/postQueueImg_1677497006.83.jpg","contentUrl":"https:\/\/static.africa-press.net\/mali\/sites\/21\/2023\/02\/postQueueImg_1677497006.83.jpg","width":720,"height":540,"caption":"Moussa Mara : \u2018\u2019ne prenons pas part aux conflits g\u00e9opolitiques \u00e9loign\u00e9s de nos pr\u00e9occupations\u2019\u2019"},{"@type":"BreadcrumbList","@id":"https:\/\/www.africa-press.net\/mali\/politique\/moussa-mara-ne-prenons-pas-part-aux-conflits-geopolitiques-eloignes-de-nos-preoccupations#breadcrumb","itemListElement":[{"@type":"ListItem","position":1,"name":"Home","item":"https:\/\/www.africa-press.net\/mali\/"},{"@type":"ListItem","position":2,"name":"Moussa Mara : \u2018\u2019ne prenons pas part aux conflits g\u00e9opolitiques \u00e9loign\u00e9s de nos pr\u00e9occupations\u2019\u2019"}]},{"@type":"WebSite","@id":"https:\/\/www.africa-press.net\/mali\/#website","url":"https:\/\/www.africa-press.net\/mali\/","name":"Mali","description":"Just another Africa News Agency Sites site","potentialAction":[{"@type":"SearchAction","target":{"@type":"EntryPoint","urlTemplate":"https:\/\/www.africa-press.net\/mali\/?s={search_term_string}"},"query-input":{"@type":"PropertyValueSpecification","valueRequired":true,"valueName":"search_term_string"}}],"inLanguage":"fr-FR"},{"@type":"Person","@id":"https:\/\/www.africa-press.net\/mali\/#\/schema\/person\/2b1cf3cd81a31e3cd26889ca66d677f1","name":"cfeditorfr"}]}},"_links":{"self":[{"href":"https:\/\/www.africa-press.net\/mali\/wp-json\/wp\/v2\/posts\/31212","targetHints":{"allow":["GET"]}}],"collection":[{"href":"https:\/\/www.africa-press.net\/mali\/wp-json\/wp\/v2\/posts"}],"about":[{"href":"https:\/\/www.africa-press.net\/mali\/wp-json\/wp\/v2\/types\/post"}],"author":[{"embeddable":true,"href":"https:\/\/www.africa-press.net\/mali\/wp-json\/wp\/v2\/users\/82"}],"replies":[{"embeddable":true,"href":"https:\/\/www.africa-press.net\/mali\/wp-json\/wp\/v2\/comments?post=31212"}],"version-history":[{"count":0,"href":"https:\/\/www.africa-press.net\/mali\/wp-json\/wp\/v2\/posts\/31212\/revisions"}],"wp:featuredmedia":[{"embeddable":true,"href":"https:\/\/www.africa-press.net\/mali\/wp-json\/wp\/v2\/media\/31211"}],"wp:attachment":[{"href":"https:\/\/www.africa-press.net\/mali\/wp-json\/wp\/v2\/media?parent=31212"}],"wp:term":[{"taxonomy":"category","embeddable":true,"href":"https:\/\/www.africa-press.net\/mali\/wp-json\/wp\/v2\/categories?post=31212"},{"taxonomy":"post_tag","embeddable":true,"href":"https:\/\/www.africa-press.net\/mali\/wp-json\/wp\/v2\/tags?post=31212"}],"curies":[{"name":"wp","href":"https:\/\/api.w.org\/{rel}","templated":true}]}}