{"id":31215,"date":"2023-02-27T14:54:09","date_gmt":"2023-02-27T14:54:09","guid":{"rendered":"https:\/\/www.africa-press.net\/mali\/politique\/reorganisation-territoriale-la-transition-a-allegrement-franchi-le-pas"},"modified":"2023-02-27T15:24:50","modified_gmt":"2023-02-27T15:24:50","slug":"reorganisation-territoriale-la-transition-a-allegrement-franchi-le-pas","status":"publish","type":"post","link":"https:\/\/www.africa-press.net\/mali\/politique\/reorganisation-territoriale-la-transition-a-allegrement-franchi-le-pas","title":{"rendered":"R\u00e9organisation territoriale : La Transition a all\u00e9grement franchi le pas !"},"content":{"rendered":"<p><span style=\"color: #ff6600\"><strong>Africa-Press &#8211; Mali. <\/strong><\/span>Le Conseil National de Transition a adopte\u0301 les 6 projets de loi portant re\u0301organisation administrative du Mali. C\u2019e\u0301tait le lundi 20 fe\u0301vrier dernier lors de la 1e\u0300re ple\u0301nie\u0300re de sa session extraordinaire sur convocation du Pre\u0301sident de la Transition, le Colonel Assimi Goi\u0308ta.<\/p>\n<p>Les 6 projets de loi qui ont fait l\u2019objet de cette session extraordinaire du CNT e\u0301taient : la Cre\u0301ation des circonscriptions administratives en Re\u0301publique du Mali ; la Cre\u0301ation des Collectivite\u0301s territoriales ; le Projet de loi portant modification de la loi N\u00b02012-2016 du 23 janvier 2012 portant principes fondamentaux de l\u2019organisation administrative du territoire ; le Projet de loi portant modification de la loi N\u00b02017-057 du 2 octobre 2017 de\u0301terminant les conditions de la libre administration des collectivite\u0301s ; le Projet de loi portant code des collectivite\u0301s territoriales ; et le Projet de loi portant Statut particulier du District de Bamako.<\/p>\n<p>En effet, les travaux de cette 1e\u0300re ple\u0301nie\u0300re de la session extraordinaire du CNT ont enregistre\u0301 la pre\u0301sence du Ministre d\u2019Etat, Ministre de l\u2019Administration Territoriale et de la De\u0301centralisation, Porte-parole du Gouvernement, le Colonel Abdoulaye Mai\u0308ga devant lequel les membres du CNT ont donne\u0301 leur quitus a\u0300 ces 6 projets de loi. \u00ab Ici, je dois m\u2019incliner devant le courage des membres du CNT gra\u0302ce a\u0300 l\u2019adoption de ces textes qui mettent fin a\u0300 cette singularite\u0301 de notre pays pendant tre\u0300s longtemps&#8230;.. Je voudrais tre\u0300s humblement, au nom de nos plus hautes autorite\u0301s, au nom du PM, Dr Choguel Kokalla Mai\u0308ga, de l\u2019ensemble du Gouvernement vous remerciez pour l\u2019adoption de ces textes \u00bb a adresse\u0301 comme message le Ministre d\u2019Etat aux membres de l\u2019organe le\u0301gislatif de la Transition.<\/p>\n<p>Ainsi, avec l\u2019adoption de ces lois, le Mali compte maintenant 1 District (Bamako), 19 re\u0301gions administratives, 156 cercles, soit 96 de plus ; 466 arrondissements, soit e\u0301galement 136 de plus ; 819 communes, soit 71 ajoute\u0301es ; et 12.712 villages, fractions et quartiers. Aussi, les communes du District de Bamako seront de\u0301sormais appele\u0301es les \u2018\u2019Arrondissements\u2019\u2019 qui sont au nombre de dix.<\/p>\n<p>Pour ces projets de textes qui e\u0301taient a\u0300 l\u2019he\u0301micycle depuis 2012, la motivation de leur adoption est de rapprocher l\u2019administration des administre\u0301s et permettre une meilleure gestion des collectivite\u0301s. Les 19 re\u0301gions administratives du Mali sont : Kayes ; Koulikoro ; Sikasso ; Se\u0301gou ; Mopti ; Tombouctou ; Gao ; Kidal ; Taoudenni ; Me\u0301naka ; Nioro ; Kita ; Dioi\u0308la ; Nara ; Bougouni ; Koutiala ; San ; Douentza ; et Bandiagara.<\/p>\n<p><strong>Pour plus d&rsquo;informations et d&rsquo;analyses sur la <a href=\"https:\/\/www.africa-press.net\/mali\">Mali<\/a>, suivez <a href=\"https:\/\/www.africa-press.net\/\">Africa-Press<\/a><\/strong><\/p>\n","protected":false},"excerpt":{"rendered":"<p>Africa-Press &#8211; Mali. Le Conseil National de Transition a adopte\u0301 les 6 projets de loi portant re\u0301organisation administrative du Mali. C\u2019e\u0301tait le lundi 20 fe\u0301vrier dernier lors de la 1e\u0300re ple\u0301nie\u0300re de sa session extraordinaire sur convocation du Pre\u0301sident de la Transition, le Colonel Assimi Goi\u0308ta. Les 6 projets de loi qui ont fait l\u2019objet [&hellip;]<\/p>\n","protected":false},"author":82,"featured_media":31214,"comment_status":"open","ping_status":"closed","sticky":false,"template":"","format":"standard","meta":{"footnotes":""},"categories":[7,17],"tags":[76,86,19],"class_list":["post-31215","post","type-post","status-publish","format-standard","has-post-thumbnail","hentry","category-politique","category-toutes-les-actualites","tag-africa-press","tag-africa-press-mali","tag-mali"],"yoast_head":"<!-- This site is optimized with the Yoast SEO Premium plugin v26.1 (Yoast SEO v27.0) - https:\/\/yoast.com\/product\/yoast-seo-premium-wordpress\/ -->\n<title>R\u00e9organisation territoriale : La Transition a all\u00e9grement franchi le pas ! - Mali<\/title>\n<meta name=\"description\" content=\"Le Conseil National de Transition a adopte\u0301 les 6 projets de loi portant re\u0301organisation administrative du Mali. C\u2019e\u0301tai ...\" \/>\n<meta name=\"robots\" content=\"index, follow, max-snippet:-1, max-image-preview:large, max-video-preview:-1\" \/>\n<link rel=\"canonical\" href=\"https:\/\/www.africa-press.net\/mali\/politique\/reorganisation-territoriale-la-transition-a-allegrement-franchi-le-pas\" \/>\n<meta property=\"og:locale\" content=\"fr_FR\" \/>\n<meta property=\"og:type\" content=\"article\" \/>\n<meta property=\"og:title\" content=\"R\u00e9organisation territoriale : La Transition a all\u00e9grement franchi le pas !\" \/>\n<meta property=\"og:description\" content=\"Le Conseil National de Transition a adopte\u0301 les 6 projets de loi portant re\u0301organisation administrative du Mali. C\u2019e\u0301tai ...\" \/>\n<meta property=\"og:url\" content=\"https:\/\/www.africa-press.net\/mali\/politique\/reorganisation-territoriale-la-transition-a-allegrement-franchi-le-pas\" \/>\n<meta property=\"og:site_name\" content=\"Mali\" \/>\n<meta property=\"article:publisher\" content=\"https:\/\/www.facebook.com\/AfricaPressTunisiaa\" \/>\n<meta property=\"article:published_time\" content=\"2023-02-27T14:54:09+00:00\" \/>\n<meta property=\"article:modified_time\" content=\"2023-02-27T15:24:50+00:00\" \/>\n<meta property=\"og:image\" content=\"https:\/\/static.africa-press.net\/mali\/sites\/21\/2023\/02\/postQueueImg_1677497060.18.jpg\" \/>\n\t<meta property=\"og:image:width\" content=\"720\" \/>\n\t<meta property=\"og:image:height\" content=\"480\" \/>\n\t<meta property=\"og:image:type\" content=\"image\/jpeg\" \/>\n<meta name=\"author\" content=\"cfeditorfr\" \/>\n<meta name=\"twitter:card\" content=\"summary_large_image\" \/>\n<meta name=\"twitter:label1\" content=\"\u00c9crit par\" \/>\n\t<meta name=\"twitter:data1\" content=\"cfeditorfr\" \/>\n\t<meta name=\"twitter:label2\" content=\"Dur\u00e9e de lecture estim\u00e9e\" \/>\n\t<meta name=\"twitter:data2\" content=\"2 minutes\" \/>\n<script type=\"application\/ld+json\" class=\"yoast-schema-graph\">{\"@context\":\"https:\/\/schema.org\",\"@graph\":[{\"@type\":\"Article\",\"@id\":\"https:\/\/www.africa-press.net\/mali\/politique\/reorganisation-territoriale-la-transition-a-allegrement-franchi-le-pas#article\",\"isPartOf\":{\"@id\":\"https:\/\/www.africa-press.net\/mali\/politique\/reorganisation-territoriale-la-transition-a-allegrement-franchi-le-pas\"},\"author\":{\"name\":\"cfeditorfr\",\"@id\":\"https:\/\/www.africa-press.net\/mali\/#\/schema\/person\/2b1cf3cd81a31e3cd26889ca66d677f1\"},\"headline\":\"R\u00e9organisation territoriale : La Transition a all\u00e9grement franchi le pas !\",\"datePublished\":\"2023-02-27T14:54:09+00:00\",\"dateModified\":\"2023-02-27T15:24:50+00:00\",\"mainEntityOfPage\":{\"@id\":\"https:\/\/www.africa-press.net\/mali\/politique\/reorganisation-territoriale-la-transition-a-allegrement-franchi-le-pas\"},\"wordCount\":443,\"commentCount\":0,\"image\":{\"@id\":\"https:\/\/www.africa-press.net\/mali\/politique\/reorganisation-territoriale-la-transition-a-allegrement-franchi-le-pas#primaryimage\"},\"thumbnailUrl\":\"https:\/\/static.africa-press.net\/mali\/sites\/21\/2023\/02\/postQueueImg_1677497060.18.jpg\",\"keywords\":[\"Africa Press\",\"Africa Press-Mali\",\"mali\"],\"articleSection\":[\"Politique\",\"Toutes les actualit\u00e9s\"],\"inLanguage\":\"fr-FR\",\"potentialAction\":[{\"@type\":\"CommentAction\",\"name\":\"Comment\",\"target\":[\"https:\/\/www.africa-press.net\/mali\/politique\/reorganisation-territoriale-la-transition-a-allegrement-franchi-le-pas#respond\"]}]},{\"@type\":\"WebPage\",\"@id\":\"https:\/\/www.africa-press.net\/mali\/politique\/reorganisation-territoriale-la-transition-a-allegrement-franchi-le-pas\",\"url\":\"https:\/\/www.africa-press.net\/mali\/politique\/reorganisation-territoriale-la-transition-a-allegrement-franchi-le-pas\",\"name\":\"R\u00e9organisation territoriale : La Transition a all\u00e9grement franchi le pas ! - Mali\",\"isPartOf\":{\"@id\":\"https:\/\/www.africa-press.net\/mali\/#website\"},\"primaryImageOfPage\":{\"@id\":\"https:\/\/www.africa-press.net\/mali\/politique\/reorganisation-territoriale-la-transition-a-allegrement-franchi-le-pas#primaryimage\"},\"image\":{\"@id\":\"https:\/\/www.africa-press.net\/mali\/politique\/reorganisation-territoriale-la-transition-a-allegrement-franchi-le-pas#primaryimage\"},\"thumbnailUrl\":\"https:\/\/static.africa-press.net\/mali\/sites\/21\/2023\/02\/postQueueImg_1677497060.18.jpg\",\"datePublished\":\"2023-02-27T14:54:09+00:00\",\"dateModified\":\"2023-02-27T15:24:50+00:00\",\"author\":{\"@id\":\"https:\/\/www.africa-press.net\/mali\/#\/schema\/person\/2b1cf3cd81a31e3cd26889ca66d677f1\"},\"description\":\"Le Conseil National de Transition a adopte\u0301 les 6 projets de loi portant re\u0301organisation administrative du Mali. C\u2019e\u0301tai ...\",\"breadcrumb\":{\"@id\":\"https:\/\/www.africa-press.net\/mali\/politique\/reorganisation-territoriale-la-transition-a-allegrement-franchi-le-pas#breadcrumb\"},\"inLanguage\":\"fr-FR\",\"potentialAction\":[{\"@type\":\"ReadAction\",\"target\":[\"https:\/\/www.africa-press.net\/mali\/politique\/reorganisation-territoriale-la-transition-a-allegrement-franchi-le-pas\"]}]},{\"@type\":\"ImageObject\",\"inLanguage\":\"fr-FR\",\"@id\":\"https:\/\/www.africa-press.net\/mali\/politique\/reorganisation-territoriale-la-transition-a-allegrement-franchi-le-pas#primaryimage\",\"url\":\"https:\/\/static.africa-press.net\/mali\/sites\/21\/2023\/02\/postQueueImg_1677497060.18.jpg\",\"contentUrl\":\"https:\/\/static.africa-press.net\/mali\/sites\/21\/2023\/02\/postQueueImg_1677497060.18.jpg\",\"width\":720,\"height\":480,\"caption\":\"R\u00e9organisation territoriale : La Transition a all\u00e9grement franchi le pas !\"},{\"@type\":\"BreadcrumbList\",\"@id\":\"https:\/\/www.africa-press.net\/mali\/politique\/reorganisation-territoriale-la-transition-a-allegrement-franchi-le-pas#breadcrumb\",\"itemListElement\":[{\"@type\":\"ListItem\",\"position\":1,\"name\":\"Home\",\"item\":\"https:\/\/www.africa-press.net\/mali\/\"},{\"@type\":\"ListItem\",\"position\":2,\"name\":\"R\u00e9organisation territoriale : La Transition a all\u00e9grement franchi le pas !\"}]},{\"@type\":\"WebSite\",\"@id\":\"https:\/\/www.africa-press.net\/mali\/#website\",\"url\":\"https:\/\/www.africa-press.net\/mali\/\",\"name\":\"Mali\",\"description\":\"Just another Africa News Agency Sites site\",\"potentialAction\":[{\"@type\":\"SearchAction\",\"target\":{\"@type\":\"EntryPoint\",\"urlTemplate\":\"https:\/\/www.africa-press.net\/mali\/?s={search_term_string}\"},\"query-input\":{\"@type\":\"PropertyValueSpecification\",\"valueRequired\":true,\"valueName\":\"search_term_string\"}}],\"inLanguage\":\"fr-FR\"},{\"@type\":\"Person\",\"@id\":\"https:\/\/www.africa-press.net\/mali\/#\/schema\/person\/2b1cf3cd81a31e3cd26889ca66d677f1\",\"name\":\"cfeditorfr\"}]}<\/script>\n<!-- \/ Yoast SEO Premium plugin. -->","yoast_head_json":{"title":"R\u00e9organisation territoriale : La Transition a all\u00e9grement franchi le pas ! - Mali","description":"Le Conseil National de Transition a adopte\u0301 les 6 projets de loi portant re\u0301organisation administrative du Mali. C\u2019e\u0301tai ...","robots":{"index":"index","follow":"follow","max-snippet":"max-snippet:-1","max-image-preview":"max-image-preview:large","max-video-preview":"max-video-preview:-1"},"canonical":"https:\/\/www.africa-press.net\/mali\/politique\/reorganisation-territoriale-la-transition-a-allegrement-franchi-le-pas","og_locale":"fr_FR","og_type":"article","og_title":"R\u00e9organisation territoriale : La Transition a all\u00e9grement franchi le pas !","og_description":"Le Conseil National de Transition a adopte\u0301 les 6 projets de loi portant re\u0301organisation administrative du Mali. C\u2019e\u0301tai ...","og_url":"https:\/\/www.africa-press.net\/mali\/politique\/reorganisation-territoriale-la-transition-a-allegrement-franchi-le-pas","og_site_name":"Mali","article_publisher":"https:\/\/www.facebook.com\/AfricaPressTunisiaa","article_published_time":"2023-02-27T14:54:09+00:00","article_modified_time":"2023-02-27T15:24:50+00:00","og_image":[{"width":720,"height":480,"url":"https:\/\/static.africa-press.net\/mali\/sites\/21\/2023\/02\/postQueueImg_1677497060.18.jpg","type":"image\/jpeg"}],"author":"cfeditorfr","twitter_card":"summary_large_image","twitter_misc":{"\u00c9crit par":"cfeditorfr","Dur\u00e9e de lecture estim\u00e9e":"2 minutes"},"schema":{"@context":"https:\/\/schema.org","@graph":[{"@type":"Article","@id":"https:\/\/www.africa-press.net\/mali\/politique\/reorganisation-territoriale-la-transition-a-allegrement-franchi-le-pas#article","isPartOf":{"@id":"https:\/\/www.africa-press.net\/mali\/politique\/reorganisation-territoriale-la-transition-a-allegrement-franchi-le-pas"},"author":{"name":"cfeditorfr","@id":"https:\/\/www.africa-press.net\/mali\/#\/schema\/person\/2b1cf3cd81a31e3cd26889ca66d677f1"},"headline":"R\u00e9organisation territoriale : La Transition a all\u00e9grement franchi le pas !","datePublished":"2023-02-27T14:54:09+00:00","dateModified":"2023-02-27T15:24:50+00:00","mainEntityOfPage":{"@id":"https:\/\/www.africa-press.net\/mali\/politique\/reorganisation-territoriale-la-transition-a-allegrement-franchi-le-pas"},"wordCount":443,"commentCount":0,"image":{"@id":"https:\/\/www.africa-press.net\/mali\/politique\/reorganisation-territoriale-la-transition-a-allegrement-franchi-le-pas#primaryimage"},"thumbnailUrl":"https:\/\/static.africa-press.net\/mali\/sites\/21\/2023\/02\/postQueueImg_1677497060.18.jpg","keywords":["Africa Press","Africa Press-Mali","mali"],"articleSection":["Politique","Toutes les actualit\u00e9s"],"inLanguage":"fr-FR","potentialAction":[{"@type":"CommentAction","name":"Comment","target":["https:\/\/www.africa-press.net\/mali\/politique\/reorganisation-territoriale-la-transition-a-allegrement-franchi-le-pas#respond"]}]},{"@type":"WebPage","@id":"https:\/\/www.africa-press.net\/mali\/politique\/reorganisation-territoriale-la-transition-a-allegrement-franchi-le-pas","url":"https:\/\/www.africa-press.net\/mali\/politique\/reorganisation-territoriale-la-transition-a-allegrement-franchi-le-pas","name":"R\u00e9organisation territoriale : La Transition a all\u00e9grement franchi le pas ! - Mali","isPartOf":{"@id":"https:\/\/www.africa-press.net\/mali\/#website"},"primaryImageOfPage":{"@id":"https:\/\/www.africa-press.net\/mali\/politique\/reorganisation-territoriale-la-transition-a-allegrement-franchi-le-pas#primaryimage"},"image":{"@id":"https:\/\/www.africa-press.net\/mali\/politique\/reorganisation-territoriale-la-transition-a-allegrement-franchi-le-pas#primaryimage"},"thumbnailUrl":"https:\/\/static.africa-press.net\/mali\/sites\/21\/2023\/02\/postQueueImg_1677497060.18.jpg","datePublished":"2023-02-27T14:54:09+00:00","dateModified":"2023-02-27T15:24:50+00:00","author":{"@id":"https:\/\/www.africa-press.net\/mali\/#\/schema\/person\/2b1cf3cd81a31e3cd26889ca66d677f1"},"description":"Le Conseil National de Transition a adopte\u0301 les 6 projets de loi portant re\u0301organisation administrative du Mali. C\u2019e\u0301tai ...","breadcrumb":{"@id":"https:\/\/www.africa-press.net\/mali\/politique\/reorganisation-territoriale-la-transition-a-allegrement-franchi-le-pas#breadcrumb"},"inLanguage":"fr-FR","potentialAction":[{"@type":"ReadAction","target":["https:\/\/www.africa-press.net\/mali\/politique\/reorganisation-territoriale-la-transition-a-allegrement-franchi-le-pas"]}]},{"@type":"ImageObject","inLanguage":"fr-FR","@id":"https:\/\/www.africa-press.net\/mali\/politique\/reorganisation-territoriale-la-transition-a-allegrement-franchi-le-pas#primaryimage","url":"https:\/\/static.africa-press.net\/mali\/sites\/21\/2023\/02\/postQueueImg_1677497060.18.jpg","contentUrl":"https:\/\/static.africa-press.net\/mali\/sites\/21\/2023\/02\/postQueueImg_1677497060.18.jpg","width":720,"height":480,"caption":"R\u00e9organisation territoriale : La Transition a all\u00e9grement franchi le pas !"},{"@type":"BreadcrumbList","@id":"https:\/\/www.africa-press.net\/mali\/politique\/reorganisation-territoriale-la-transition-a-allegrement-franchi-le-pas#breadcrumb","itemListElement":[{"@type":"ListItem","position":1,"name":"Home","item":"https:\/\/www.africa-press.net\/mali\/"},{"@type":"ListItem","position":2,"name":"R\u00e9organisation territoriale : La Transition a all\u00e9grement franchi le pas !"}]},{"@type":"WebSite","@id":"https:\/\/www.africa-press.net\/mali\/#website","url":"https:\/\/www.africa-press.net\/mali\/","name":"Mali","description":"Just another Africa News Agency Sites site","potentialAction":[{"@type":"SearchAction","target":{"@type":"EntryPoint","urlTemplate":"https:\/\/www.africa-press.net\/mali\/?s={search_term_string}"},"query-input":{"@type":"PropertyValueSpecification","valueRequired":true,"valueName":"search_term_string"}}],"inLanguage":"fr-FR"},{"@type":"Person","@id":"https:\/\/www.africa-press.net\/mali\/#\/schema\/person\/2b1cf3cd81a31e3cd26889ca66d677f1","name":"cfeditorfr"}]}},"_links":{"self":[{"href":"https:\/\/www.africa-press.net\/mali\/wp-json\/wp\/v2\/posts\/31215","targetHints":{"allow":["GET"]}}],"collection":[{"href":"https:\/\/www.africa-press.net\/mali\/wp-json\/wp\/v2\/posts"}],"about":[{"href":"https:\/\/www.africa-press.net\/mali\/wp-json\/wp\/v2\/types\/post"}],"author":[{"embeddable":true,"href":"https:\/\/www.africa-press.net\/mali\/wp-json\/wp\/v2\/users\/82"}],"replies":[{"embeddable":true,"href":"https:\/\/www.africa-press.net\/mali\/wp-json\/wp\/v2\/comments?post=31215"}],"version-history":[{"count":0,"href":"https:\/\/www.africa-press.net\/mali\/wp-json\/wp\/v2\/posts\/31215\/revisions"}],"wp:featuredmedia":[{"embeddable":true,"href":"https:\/\/www.africa-press.net\/mali\/wp-json\/wp\/v2\/media\/31214"}],"wp:attachment":[{"href":"https:\/\/www.africa-press.net\/mali\/wp-json\/wp\/v2\/media?parent=31215"}],"wp:term":[{"taxonomy":"category","embeddable":true,"href":"https:\/\/www.africa-press.net\/mali\/wp-json\/wp\/v2\/categories?post=31215"},{"taxonomy":"post_tag","embeddable":true,"href":"https:\/\/www.africa-press.net\/mali\/wp-json\/wp\/v2\/tags?post=31215"}],"curies":[{"name":"wp","href":"https:\/\/api.w.org\/{rel}","templated":true}]}}