{"id":31218,"date":"2023-02-27T14:55:10","date_gmt":"2023-02-27T14:55:10","guid":{"rendered":"https:\/\/www.africa-press.net\/mali\/politique\/greve-des-syndicats-des-affaires-etrangeres-et-autres-un-epais-brouillard-sur-la-diplomatie-malienne"},"modified":"2023-02-27T15:25:25","modified_gmt":"2023-02-27T15:25:25","slug":"greve-des-syndicats-des-affaires-etrangeres-et-autres-un-epais-brouillard-sur-la-diplomatie-malienne","status":"publish","type":"post","link":"https:\/\/www.africa-press.net\/mali\/top-nouvelles\/greve-des-syndicats-des-affaires-etrangeres-et-autres-un-epais-brouillard-sur-la-diplomatie-malienne","title":{"rendered":"Gr\u00e8ve des Syndicats des Affaires Etrang\u00e8res et autres : Un \u00e9pais brouillard sur la diplomatie malienne !"},"content":{"rendered":"<p><span style=\"color: #ff6600\"><strong>Africa-Press &#8211; Mali. <\/strong><\/span>Le syndicat des Travailleurs du ministe\u0300re des Affaires Etrange\u0300res et celui des Maliens e\u0301tablis a\u0300 l\u2019Exte\u0301rieur et de l\u2019Inte\u0301gration Africaine ont observe\u0301 un arre\u0302t de travail a\u0300 compter du 22 au 24 Fe\u0301vrier dernier soit 72h. Ce, apre\u0300s l\u2019e\u0301chec de la ne\u0301gociation avec le ministe\u0300re du Travail et de la Fonction Publique et du Dialogue Social le 15 fe\u0301vrier 2023. A cet effet, cette gre\u0300ve sera reconduite a\u0300 partir de demain mardi 28 Fe\u0301vrier au 3 mars 2023 ; et du lundi 6 au vendredi 10 mars 2023 en cas de non accord. Ainsi, force est de constater que cette gre\u0300ve tombe au moment ou\u0300 la diplomatie malienne est sur tous les fronts, en ve\u0301ritable ope\u0301ration de charme. Elle sera donc, sans aucun doute, un e\u0301pais brouillard pour la visibilite\u0301 de celle-ci.<\/p>\n<p>La cessation de travail des Travailleurs du Ministe\u0300re des Affaires Etrange\u0300res et du Ministe\u0300re des Maliens e\u0301tablis a\u0300 l\u2019Exte\u0301rieur et de l\u2019Inte\u0301gration Africaine n\u2019a pu e\u0302tre e\u0301vite\u0301e alors que l\u2019espoir e\u0301tait suscite\u0301 a\u0300 l\u2019issue des concertations entre les deux Syndicats et le Ministe\u0300re du Travail et de la Fonction Publique et du Dialogue Social. Finalement, il n\u2019y a pas eu terrain d\u2019entente entre les parties.<\/p>\n<p>En effet, 15 points faisaient sujet de discussion entre les Syndicats et le Ministe\u0300re de Travail. Apre\u0300s les pourparlers, dans un proce\u0300s-verbal de non-conciliation, ils (Syndicats) ont de\u0301voile\u0301 de ne pas obtenir satisfaction sur les deux premiers points et d\u2019autres d\u2019ou\u0300 le maintien de leur mot d\u2019ordre de gre\u0300ve qui a pris effet depuis le 22 fe\u0301vrier dernier. Elle a e\u0301te\u0301 suivie a\u0300 100%, au pied de la lettre, cependant, le service minimum e\u0301tait assure\u0301 comme annonce\u0301 dans une note relative au service minimum e\u0301mise par les Syndicats.<\/p>\n<p>Apre\u0300s le succe\u0300s de la premie\u0300re phase et face au relatif mutisme des autorite\u0301s, ce qui reste e\u0301vident rele\u0300ve de la reconduction de cette gre\u0300ve a\u0300 partir de ce mardi 28 Fe\u0301vrier au 3 mars 2023 ; et du lundi 6 au vendredi 10 mars 2023.<\/p>\n<p>\u00ab Les raisons profondes de la se\u0301rie de gre\u0300ve de\u0301coulent entie\u0300rement du non respect des engagements ante\u0301rieurs pris par le Gouvernement a\u0300 l\u2019endroit des organisations syndicales que nous repre\u0301sentons&#8230;.A l\u2019issue des ne\u0301gociations que nous avons ouvertes avec le Gouvernement le mercredi 15 fe\u0301vrier dernier, nous n\u2019avons pas parvenu a\u0300 une conclusion qui favorise le climat social apaise\u0301, raison pour laquelle nous avons entame\u0301 cette gre\u0300ve&#8230; \u00bb s\u2019est prononce\u0301 le Se\u0301gal adjoint du SYLTAE sur une radio de la place.<\/p>\n<p>En clair, les autorite\u0301s de la Transition devraient tout faire pour empe\u0302cher de tel de\u0301brayage au sein d\u2019un de\u0301partement de souverainete\u0301 comme le ministe\u0300re des Affaires e\u0301trange\u0300res. Au lieu de cela, on assiste a\u0300 des annulations de passeports diplomatiques et rappel des conseillers diplomatiques des diffe\u0301rentes chancelleries du Mali. Comment peut-on manquer de dialogue diplomatique au sein du de\u0301partement en charge de la diplomatie du pays ?<\/p>\n<p><strong>Pour plus d&rsquo;informations et d&rsquo;analyses sur la <a href=\"https:\/\/www.africa-press.net\/mali\">Mali<\/a>, suivez <a href=\"https:\/\/www.africa-press.net\/\">Africa-Press<\/a><\/strong><\/p>\n","protected":false},"excerpt":{"rendered":"<p>Africa-Press &#8211; Mali. Le syndicat des Travailleurs du ministe\u0300re des Affaires Etrange\u0300res et celui des Maliens e\u0301tablis a\u0300 l\u2019Exte\u0301rieur et de l\u2019Inte\u0301gration Africaine ont observe\u0301 un arre\u0302t de travail a\u0300 compter du 22 au 24 Fe\u0301vrier dernier soit 72h. Ce, apre\u0300s l\u2019e\u0301chec de la ne\u0301gociation avec le ministe\u0300re du Travail et de la Fonction Publique [&hellip;]<\/p>\n","protected":false},"author":82,"featured_media":31217,"comment_status":"open","ping_status":"closed","sticky":false,"template":"","format":"standard","meta":{"footnotes":""},"categories":[7,5,17],"tags":[76,86,19],"class_list":["post-31218","post","type-post","status-publish","format-standard","has-post-thumbnail","hentry","category-politique","category-top-nouvelles","category-toutes-les-actualites","tag-africa-press","tag-africa-press-mali","tag-mali"],"yoast_head":"<!-- This site is optimized with the Yoast SEO Premium plugin v26.1 (Yoast SEO v27.0) - https:\/\/yoast.com\/product\/yoast-seo-premium-wordpress\/ -->\n<title>Gr\u00e8ve des Syndicats des Affaires Etrang\u00e8res et autres : Un \u00e9pais brouillard sur la diplomatie malienne ! - Mali<\/title>\n<meta name=\"description\" content=\"Le syndicat des Travailleurs du ministe\u0300re des Affaires Etrange\u0300res et celui des Maliens e\u0301tablis a\u0300 l\u2019Exte\u0301rieur et de ...\" \/>\n<meta name=\"robots\" content=\"index, follow, max-snippet:-1, max-image-preview:large, max-video-preview:-1\" \/>\n<link rel=\"canonical\" href=\"https:\/\/www.africa-press.net\/mali\/top-nouvelles\/greve-des-syndicats-des-affaires-etrangeres-et-autres-un-epais-brouillard-sur-la-diplomatie-malienne\" \/>\n<meta property=\"og:locale\" content=\"fr_FR\" \/>\n<meta property=\"og:type\" content=\"article\" \/>\n<meta property=\"og:title\" content=\"Gr\u00e8ve des Syndicats des Affaires Etrang\u00e8res et autres : Un \u00e9pais brouillard sur la diplomatie malienne !\" \/>\n<meta property=\"og:description\" content=\"Le syndicat des Travailleurs du ministe\u0300re des Affaires Etrange\u0300res et celui des Maliens e\u0301tablis a\u0300 l\u2019Exte\u0301rieur et de ...\" \/>\n<meta property=\"og:url\" content=\"https:\/\/www.africa-press.net\/mali\/top-nouvelles\/greve-des-syndicats-des-affaires-etrangeres-et-autres-un-epais-brouillard-sur-la-diplomatie-malienne\" \/>\n<meta property=\"og:site_name\" content=\"Mali\" \/>\n<meta property=\"article:publisher\" content=\"https:\/\/www.facebook.com\/AfricaPressTunisiaa\" \/>\n<meta property=\"article:published_time\" content=\"2023-02-27T14:55:10+00:00\" \/>\n<meta property=\"article:modified_time\" content=\"2023-02-27T15:25:25+00:00\" \/>\n<meta property=\"og:image\" content=\"https:\/\/static.africa-press.net\/mali\/sites\/21\/2023\/02\/postQueueImg_1677497120.70.jpg\" \/>\n\t<meta property=\"og:image:width\" content=\"720\" \/>\n\t<meta property=\"og:image:height\" content=\"540\" \/>\n\t<meta property=\"og:image:type\" content=\"image\/jpeg\" \/>\n<meta name=\"author\" content=\"cfeditorfr\" \/>\n<meta name=\"twitter:card\" content=\"summary_large_image\" \/>\n<meta name=\"twitter:label1\" content=\"\u00c9crit par\" \/>\n\t<meta name=\"twitter:data1\" content=\"cfeditorfr\" \/>\n\t<meta name=\"twitter:label2\" content=\"Dur\u00e9e de lecture estim\u00e9e\" \/>\n\t<meta name=\"twitter:data2\" content=\"3 minutes\" \/>\n<script type=\"application\/ld+json\" class=\"yoast-schema-graph\">{\"@context\":\"https:\/\/schema.org\",\"@graph\":[{\"@type\":\"Article\",\"@id\":\"https:\/\/www.africa-press.net\/mali\/top-nouvelles\/greve-des-syndicats-des-affaires-etrangeres-et-autres-un-epais-brouillard-sur-la-diplomatie-malienne#article\",\"isPartOf\":{\"@id\":\"https:\/\/www.africa-press.net\/mali\/top-nouvelles\/greve-des-syndicats-des-affaires-etrangeres-et-autres-un-epais-brouillard-sur-la-diplomatie-malienne\"},\"author\":{\"name\":\"cfeditorfr\",\"@id\":\"https:\/\/www.africa-press.net\/mali\/#\/schema\/person\/2b1cf3cd81a31e3cd26889ca66d677f1\"},\"headline\":\"Gr\u00e8ve des Syndicats des Affaires Etrang\u00e8res et autres : Un \u00e9pais brouillard sur la diplomatie malienne !\",\"datePublished\":\"2023-02-27T14:55:10+00:00\",\"dateModified\":\"2023-02-27T15:25:25+00:00\",\"mainEntityOfPage\":{\"@id\":\"https:\/\/www.africa-press.net\/mali\/top-nouvelles\/greve-des-syndicats-des-affaires-etrangeres-et-autres-un-epais-brouillard-sur-la-diplomatie-malienne\"},\"wordCount\":568,\"commentCount\":0,\"image\":{\"@id\":\"https:\/\/www.africa-press.net\/mali\/top-nouvelles\/greve-des-syndicats-des-affaires-etrangeres-et-autres-un-epais-brouillard-sur-la-diplomatie-malienne#primaryimage\"},\"thumbnailUrl\":\"https:\/\/static.africa-press.net\/mali\/sites\/21\/2023\/02\/postQueueImg_1677497120.70.jpg\",\"keywords\":[\"Africa Press\",\"Africa Press-Mali\",\"mali\"],\"articleSection\":[\"Politique\",\"Top Nouvelles\",\"Toutes les actualit\u00e9s\"],\"inLanguage\":\"fr-FR\",\"potentialAction\":[{\"@type\":\"CommentAction\",\"name\":\"Comment\",\"target\":[\"https:\/\/www.africa-press.net\/mali\/top-nouvelles\/greve-des-syndicats-des-affaires-etrangeres-et-autres-un-epais-brouillard-sur-la-diplomatie-malienne#respond\"]}]},{\"@type\":\"WebPage\",\"@id\":\"https:\/\/www.africa-press.net\/mali\/top-nouvelles\/greve-des-syndicats-des-affaires-etrangeres-et-autres-un-epais-brouillard-sur-la-diplomatie-malienne\",\"url\":\"https:\/\/www.africa-press.net\/mali\/top-nouvelles\/greve-des-syndicats-des-affaires-etrangeres-et-autres-un-epais-brouillard-sur-la-diplomatie-malienne\",\"name\":\"Gr\u00e8ve des Syndicats des Affaires Etrang\u00e8res et autres : Un \u00e9pais brouillard sur la diplomatie malienne ! - Mali\",\"isPartOf\":{\"@id\":\"https:\/\/www.africa-press.net\/mali\/#website\"},\"primaryImageOfPage\":{\"@id\":\"https:\/\/www.africa-press.net\/mali\/top-nouvelles\/greve-des-syndicats-des-affaires-etrangeres-et-autres-un-epais-brouillard-sur-la-diplomatie-malienne#primaryimage\"},\"image\":{\"@id\":\"https:\/\/www.africa-press.net\/mali\/top-nouvelles\/greve-des-syndicats-des-affaires-etrangeres-et-autres-un-epais-brouillard-sur-la-diplomatie-malienne#primaryimage\"},\"thumbnailUrl\":\"https:\/\/static.africa-press.net\/mali\/sites\/21\/2023\/02\/postQueueImg_1677497120.70.jpg\",\"datePublished\":\"2023-02-27T14:55:10+00:00\",\"dateModified\":\"2023-02-27T15:25:25+00:00\",\"author\":{\"@id\":\"https:\/\/www.africa-press.net\/mali\/#\/schema\/person\/2b1cf3cd81a31e3cd26889ca66d677f1\"},\"description\":\"Le syndicat des Travailleurs du ministe\u0300re des Affaires Etrange\u0300res et celui des Maliens e\u0301tablis a\u0300 l\u2019Exte\u0301rieur et de ...\",\"breadcrumb\":{\"@id\":\"https:\/\/www.africa-press.net\/mali\/top-nouvelles\/greve-des-syndicats-des-affaires-etrangeres-et-autres-un-epais-brouillard-sur-la-diplomatie-malienne#breadcrumb\"},\"inLanguage\":\"fr-FR\",\"potentialAction\":[{\"@type\":\"ReadAction\",\"target\":[\"https:\/\/www.africa-press.net\/mali\/top-nouvelles\/greve-des-syndicats-des-affaires-etrangeres-et-autres-un-epais-brouillard-sur-la-diplomatie-malienne\"]}]},{\"@type\":\"ImageObject\",\"inLanguage\":\"fr-FR\",\"@id\":\"https:\/\/www.africa-press.net\/mali\/top-nouvelles\/greve-des-syndicats-des-affaires-etrangeres-et-autres-un-epais-brouillard-sur-la-diplomatie-malienne#primaryimage\",\"url\":\"https:\/\/static.africa-press.net\/mali\/sites\/21\/2023\/02\/postQueueImg_1677497120.70.jpg\",\"contentUrl\":\"https:\/\/static.africa-press.net\/mali\/sites\/21\/2023\/02\/postQueueImg_1677497120.70.jpg\",\"width\":720,\"height\":540,\"caption\":\"Gr\u00e8ve des Syndicats des Affaires Etrang\u00e8res et autres : Un \u00e9pais brouillard sur la diplomatie malienne !\"},{\"@type\":\"BreadcrumbList\",\"@id\":\"https:\/\/www.africa-press.net\/mali\/top-nouvelles\/greve-des-syndicats-des-affaires-etrangeres-et-autres-un-epais-brouillard-sur-la-diplomatie-malienne#breadcrumb\",\"itemListElement\":[{\"@type\":\"ListItem\",\"position\":1,\"name\":\"Home\",\"item\":\"https:\/\/www.africa-press.net\/mali\/\"},{\"@type\":\"ListItem\",\"position\":2,\"name\":\"Gr\u00e8ve des Syndicats des Affaires Etrang\u00e8res et autres : Un \u00e9pais brouillard sur la diplomatie malienne !\"}]},{\"@type\":\"WebSite\",\"@id\":\"https:\/\/www.africa-press.net\/mali\/#website\",\"url\":\"https:\/\/www.africa-press.net\/mali\/\",\"name\":\"Mali\",\"description\":\"Just another Africa News Agency Sites site\",\"potentialAction\":[{\"@type\":\"SearchAction\",\"target\":{\"@type\":\"EntryPoint\",\"urlTemplate\":\"https:\/\/www.africa-press.net\/mali\/?s={search_term_string}\"},\"query-input\":{\"@type\":\"PropertyValueSpecification\",\"valueRequired\":true,\"valueName\":\"search_term_string\"}}],\"inLanguage\":\"fr-FR\"},{\"@type\":\"Person\",\"@id\":\"https:\/\/www.africa-press.net\/mali\/#\/schema\/person\/2b1cf3cd81a31e3cd26889ca66d677f1\",\"name\":\"cfeditorfr\"}]}<\/script>\n<!-- \/ Yoast SEO Premium plugin. -->","yoast_head_json":{"title":"Gr\u00e8ve des Syndicats des Affaires Etrang\u00e8res et autres : Un \u00e9pais brouillard sur la diplomatie malienne ! - Mali","description":"Le syndicat des Travailleurs du ministe\u0300re des Affaires Etrange\u0300res et celui des Maliens e\u0301tablis a\u0300 l\u2019Exte\u0301rieur et de ...","robots":{"index":"index","follow":"follow","max-snippet":"max-snippet:-1","max-image-preview":"max-image-preview:large","max-video-preview":"max-video-preview:-1"},"canonical":"https:\/\/www.africa-press.net\/mali\/top-nouvelles\/greve-des-syndicats-des-affaires-etrangeres-et-autres-un-epais-brouillard-sur-la-diplomatie-malienne","og_locale":"fr_FR","og_type":"article","og_title":"Gr\u00e8ve des Syndicats des Affaires Etrang\u00e8res et autres : Un \u00e9pais brouillard sur la diplomatie malienne !","og_description":"Le syndicat des Travailleurs du ministe\u0300re des Affaires Etrange\u0300res et celui des Maliens e\u0301tablis a\u0300 l\u2019Exte\u0301rieur et de ...","og_url":"https:\/\/www.africa-press.net\/mali\/top-nouvelles\/greve-des-syndicats-des-affaires-etrangeres-et-autres-un-epais-brouillard-sur-la-diplomatie-malienne","og_site_name":"Mali","article_publisher":"https:\/\/www.facebook.com\/AfricaPressTunisiaa","article_published_time":"2023-02-27T14:55:10+00:00","article_modified_time":"2023-02-27T15:25:25+00:00","og_image":[{"width":720,"height":540,"url":"https:\/\/static.africa-press.net\/mali\/sites\/21\/2023\/02\/postQueueImg_1677497120.70.jpg","type":"image\/jpeg"}],"author":"cfeditorfr","twitter_card":"summary_large_image","twitter_misc":{"\u00c9crit par":"cfeditorfr","Dur\u00e9e de lecture estim\u00e9e":"3 minutes"},"schema":{"@context":"https:\/\/schema.org","@graph":[{"@type":"Article","@id":"https:\/\/www.africa-press.net\/mali\/top-nouvelles\/greve-des-syndicats-des-affaires-etrangeres-et-autres-un-epais-brouillard-sur-la-diplomatie-malienne#article","isPartOf":{"@id":"https:\/\/www.africa-press.net\/mali\/top-nouvelles\/greve-des-syndicats-des-affaires-etrangeres-et-autres-un-epais-brouillard-sur-la-diplomatie-malienne"},"author":{"name":"cfeditorfr","@id":"https:\/\/www.africa-press.net\/mali\/#\/schema\/person\/2b1cf3cd81a31e3cd26889ca66d677f1"},"headline":"Gr\u00e8ve des Syndicats des Affaires Etrang\u00e8res et autres : Un \u00e9pais brouillard sur la diplomatie malienne !","datePublished":"2023-02-27T14:55:10+00:00","dateModified":"2023-02-27T15:25:25+00:00","mainEntityOfPage":{"@id":"https:\/\/www.africa-press.net\/mali\/top-nouvelles\/greve-des-syndicats-des-affaires-etrangeres-et-autres-un-epais-brouillard-sur-la-diplomatie-malienne"},"wordCount":568,"commentCount":0,"image":{"@id":"https:\/\/www.africa-press.net\/mali\/top-nouvelles\/greve-des-syndicats-des-affaires-etrangeres-et-autres-un-epais-brouillard-sur-la-diplomatie-malienne#primaryimage"},"thumbnailUrl":"https:\/\/static.africa-press.net\/mali\/sites\/21\/2023\/02\/postQueueImg_1677497120.70.jpg","keywords":["Africa Press","Africa Press-Mali","mali"],"articleSection":["Politique","Top Nouvelles","Toutes les actualit\u00e9s"],"inLanguage":"fr-FR","potentialAction":[{"@type":"CommentAction","name":"Comment","target":["https:\/\/www.africa-press.net\/mali\/top-nouvelles\/greve-des-syndicats-des-affaires-etrangeres-et-autres-un-epais-brouillard-sur-la-diplomatie-malienne#respond"]}]},{"@type":"WebPage","@id":"https:\/\/www.africa-press.net\/mali\/top-nouvelles\/greve-des-syndicats-des-affaires-etrangeres-et-autres-un-epais-brouillard-sur-la-diplomatie-malienne","url":"https:\/\/www.africa-press.net\/mali\/top-nouvelles\/greve-des-syndicats-des-affaires-etrangeres-et-autres-un-epais-brouillard-sur-la-diplomatie-malienne","name":"Gr\u00e8ve des Syndicats des Affaires Etrang\u00e8res et autres : Un \u00e9pais brouillard sur la diplomatie malienne ! - Mali","isPartOf":{"@id":"https:\/\/www.africa-press.net\/mali\/#website"},"primaryImageOfPage":{"@id":"https:\/\/www.africa-press.net\/mali\/top-nouvelles\/greve-des-syndicats-des-affaires-etrangeres-et-autres-un-epais-brouillard-sur-la-diplomatie-malienne#primaryimage"},"image":{"@id":"https:\/\/www.africa-press.net\/mali\/top-nouvelles\/greve-des-syndicats-des-affaires-etrangeres-et-autres-un-epais-brouillard-sur-la-diplomatie-malienne#primaryimage"},"thumbnailUrl":"https:\/\/static.africa-press.net\/mali\/sites\/21\/2023\/02\/postQueueImg_1677497120.70.jpg","datePublished":"2023-02-27T14:55:10+00:00","dateModified":"2023-02-27T15:25:25+00:00","author":{"@id":"https:\/\/www.africa-press.net\/mali\/#\/schema\/person\/2b1cf3cd81a31e3cd26889ca66d677f1"},"description":"Le syndicat des Travailleurs du ministe\u0300re des Affaires Etrange\u0300res et celui des Maliens e\u0301tablis a\u0300 l\u2019Exte\u0301rieur et de ...","breadcrumb":{"@id":"https:\/\/www.africa-press.net\/mali\/top-nouvelles\/greve-des-syndicats-des-affaires-etrangeres-et-autres-un-epais-brouillard-sur-la-diplomatie-malienne#breadcrumb"},"inLanguage":"fr-FR","potentialAction":[{"@type":"ReadAction","target":["https:\/\/www.africa-press.net\/mali\/top-nouvelles\/greve-des-syndicats-des-affaires-etrangeres-et-autres-un-epais-brouillard-sur-la-diplomatie-malienne"]}]},{"@type":"ImageObject","inLanguage":"fr-FR","@id":"https:\/\/www.africa-press.net\/mali\/top-nouvelles\/greve-des-syndicats-des-affaires-etrangeres-et-autres-un-epais-brouillard-sur-la-diplomatie-malienne#primaryimage","url":"https:\/\/static.africa-press.net\/mali\/sites\/21\/2023\/02\/postQueueImg_1677497120.70.jpg","contentUrl":"https:\/\/static.africa-press.net\/mali\/sites\/21\/2023\/02\/postQueueImg_1677497120.70.jpg","width":720,"height":540,"caption":"Gr\u00e8ve des Syndicats des Affaires Etrang\u00e8res et autres : Un \u00e9pais brouillard sur la diplomatie malienne !"},{"@type":"BreadcrumbList","@id":"https:\/\/www.africa-press.net\/mali\/top-nouvelles\/greve-des-syndicats-des-affaires-etrangeres-et-autres-un-epais-brouillard-sur-la-diplomatie-malienne#breadcrumb","itemListElement":[{"@type":"ListItem","position":1,"name":"Home","item":"https:\/\/www.africa-press.net\/mali\/"},{"@type":"ListItem","position":2,"name":"Gr\u00e8ve des Syndicats des Affaires Etrang\u00e8res et autres : Un \u00e9pais brouillard sur la diplomatie malienne !"}]},{"@type":"WebSite","@id":"https:\/\/www.africa-press.net\/mali\/#website","url":"https:\/\/www.africa-press.net\/mali\/","name":"Mali","description":"Just another Africa News Agency Sites site","potentialAction":[{"@type":"SearchAction","target":{"@type":"EntryPoint","urlTemplate":"https:\/\/www.africa-press.net\/mali\/?s={search_term_string}"},"query-input":{"@type":"PropertyValueSpecification","valueRequired":true,"valueName":"search_term_string"}}],"inLanguage":"fr-FR"},{"@type":"Person","@id":"https:\/\/www.africa-press.net\/mali\/#\/schema\/person\/2b1cf3cd81a31e3cd26889ca66d677f1","name":"cfeditorfr"}]}},"_links":{"self":[{"href":"https:\/\/www.africa-press.net\/mali\/wp-json\/wp\/v2\/posts\/31218","targetHints":{"allow":["GET"]}}],"collection":[{"href":"https:\/\/www.africa-press.net\/mali\/wp-json\/wp\/v2\/posts"}],"about":[{"href":"https:\/\/www.africa-press.net\/mali\/wp-json\/wp\/v2\/types\/post"}],"author":[{"embeddable":true,"href":"https:\/\/www.africa-press.net\/mali\/wp-json\/wp\/v2\/users\/82"}],"replies":[{"embeddable":true,"href":"https:\/\/www.africa-press.net\/mali\/wp-json\/wp\/v2\/comments?post=31218"}],"version-history":[{"count":0,"href":"https:\/\/www.africa-press.net\/mali\/wp-json\/wp\/v2\/posts\/31218\/revisions"}],"wp:featuredmedia":[{"embeddable":true,"href":"https:\/\/www.africa-press.net\/mali\/wp-json\/wp\/v2\/media\/31217"}],"wp:attachment":[{"href":"https:\/\/www.africa-press.net\/mali\/wp-json\/wp\/v2\/media?parent=31218"}],"wp:term":[{"taxonomy":"category","embeddable":true,"href":"https:\/\/www.africa-press.net\/mali\/wp-json\/wp\/v2\/categories?post=31218"},{"taxonomy":"post_tag","embeddable":true,"href":"https:\/\/www.africa-press.net\/mali\/wp-json\/wp\/v2\/tags?post=31218"}],"curies":[{"name":"wp","href":"https:\/\/api.w.org\/{rel}","templated":true}]}}