{"id":31224,"date":"2023-02-27T14:58:55","date_gmt":"2023-02-27T14:58:55","guid":{"rendered":"https:\/\/www.africa-press.net\/mali\/politique\/le-premier-ministre-en-voyage-princier-au-burkina-faso-choguel-k-maiga-ou-lincarnation-de-linsouciance"},"modified":"2023-02-27T15:26:40","modified_gmt":"2023-02-27T15:26:40","slug":"le-premier-ministre-en-voyage-princier-au-burkina-faso-choguel-k-maiga-ou-lincarnation-de-linsouciance","status":"publish","type":"post","link":"https:\/\/www.africa-press.net\/mali\/dossiers\/le-premier-ministre-en-voyage-princier-au-burkina-faso-choguel-k-maiga-ou-lincarnation-de-linsouciance","title":{"rendered":"Le premier ministre en voyage princier au Burkina Faso : Choguel K Maiga ou l\u2019incarnation de l\u2019insouciance"},"content":{"rendered":"<p><b>Youssouf Sissoko<\/b><\/p>\n<p><span style=\"color: #ff6600\"><strong>Africa-Press &#8211; Mali. <\/strong><\/span>Apre\u0300s sa visite rate\u0301e de Gao, c\u2019est a\u0300 bord de l\u2019avion pre\u0301sidentiel que le Premier ministre Choguel K Maiga, a\u0300 la te\u0302te d\u2019une forte de\u0301le\u0301gation, s\u2019est rendu au Burkina Faso pour une visite d\u2019amitie\u0301 et de travail de 4 jours. Si nul ne peut contester le rapprochement logique de ces deux pays qui ont de\u0301cide\u0301 de faire chemin ensemble, Cette visite e\u0301tait a\u0300 la fois inopportune et budgetivore. Donc elle devrait e\u0302tre effectue\u0301e dans la plus grande modeste\u0301 compte tenu de la crise financie\u0300re avec son corrolaire de vie chere et de de\u0301lestage. Dans une totale insouciance le PM Choguel K Maiga a choisi de voyager a\u0300 bord de l\u2019avion pre\u0301sidentiel. Ce geste qui ne rele\u0300ve que de l\u2019indiffe\u0301rence, prouve a\u0300 suffisance que nos autorite\u0301s n\u2019ont l\u2019amour de la patrie qu\u2019au bout de leurs le\u0300vres. Sinon pour seulement 45 mn de vol pourquoi faire de\u0301placer le Boeing Pre\u0301sidentiel surtout au moment ou\u0300 les caisses de l\u2019Etat sont vides ? Le Mali Koura est-il synonyme de gaspillage des maigres ressources dont dispose le pays ? le Pre\u0301sident de la Transition va-t-il continuer a\u0300 fermer les yeux sur les bourdes de son PM sans se\u0301vir ? Le contribuable malien va-t-il rester indiffe\u0301rent a\u0300 la me\u0301galomanie du PM ?<\/p>\n<p>A\u0300 la te\u0302te d\u2019une de\u0301le\u0301gation compose\u0301e d\u2019une dizaine de ministres, le Premier Ministre chef du gouvernement, Choguel Kokalla Mai\u0308ga, a entame\u0301 mercredi une visite de quatre jours au Burkina Faso. Cette visite, selon le PM, s\u2019inscrit dans le cadre du renforcement de la coope\u0301ration entre le Mali et le Burkina Faso, notamment dans la lutte contre le terrorisme et dans bien de domaines comme les e\u0301changes commerciaux, les transports. Le Hic est que le premier ministre effectue ce voyage princier, a\u0300 bord de l\u2019avion pre\u0301sidentiel, au moment ou\u0300 les caisses de l\u2019Etat sont vides et ou\u0300 le Mali peine a\u0300 mobiliser les ressources dont il a besoin sur le marche\u0301 financier sous re\u0301gional. Pour rappel alors que le Mali a cherche\u0301 35 milliards le pays n\u2019a eu que 12,922 milliards de F CFA soit un taux de couverture de 36, 92 %. Comment le PM d\u2019un pays sous embargo financier peut-il se permettre de voyager a\u0300 des cou\u0302ts exorbitants ? Nos autorite\u0301s sont-elles conscientes de la gravite\u0301 de la crise financie\u0300re et surtout de son impact ne\u0301gatif sur le quotidien du malien lambda ? Cette visite du premier ministre au Burkina Faso n\u2019a aucun impact positif sur le Mali. En effet, le Mali est au bord de l\u2019implosion sociale, beaucoup d\u2019entreprises ont mis la clef sous le paillasson mettant du coup des milliers de chef de famille au cho\u0302mage. L\u2019inflation galope mettant en danger la vie des paisibles citoyens qui ne peuvent plus garantir les trois repas quotidien, ni assurer leurs soins de sante\u0301, me\u0302me primaires. Le secteur prive\u0301 poumon de l\u2019e\u0301conomie est sur le point de s\u2019effondrer. Au lieu de parer au plus presse\u0301 en cherchant a\u0300 renflouer les caisses de l\u2019Etat on les vide avec des de\u0301penses a\u0300 la fois inopportunes et malsaines.<\/p>\n<p>A la question de savoir si la visite du PM et sa forte de\u0301le\u0301gation, a\u0300 bord du Boeing pre\u0301sidentiel, a des retombe\u0301es positives sur le Mali ? La re\u0301ponse est simplement non car le de\u0301placement de l\u2019avion pre\u0301sidentiel a un cou\u0302t financier e\u0301norme dans un pays qui peine a\u0300 trouver des ressources. Du prix du ke\u0301rose\u0300ne au frais de stationnement, en passant par la prise en charge de l\u2019e\u0301quipage. La modestie aurait recommande\u0301 d\u2019emprunter les vols re\u0301guliers, surtout que le Burkina Faso est a\u0300 seulement 45 mn vol d\u2019oiseau. Ensuite pourquoi aller avec une telle forte de\u0301le\u0301gation dans un pays qui a les me\u0302mes difficulte\u0301s que nous et qui doit minimiser ses charges. Cette visite ne pourrait avoir d\u2019autre qualificatif qu\u2019une randonne\u0301e politique. Elle ne saurait e\u0302tre une quelconque visite de planification de strate\u0301gie de lutter contre le terrorisme, car cela rele\u0300ve du domaine militaire pas politique. Il parait inadmissible qu\u2019apre\u0300s la visite rate\u0301e de Gao, que le PM puisse encore initier un tel voyage surtout a\u0300 bord du Boeing Pre\u0301sidentiel, au moment ou\u0300 les ressources se font de plus en plus rares.<\/p>\n<p>En somme, le Pre\u0301sident de la transition est fortement interpele\u0301, lui qui est l\u2019employeur du PM, pour qu\u2019il arre\u0302te cette impardonnable saigne\u0301e financie\u0300re au moment ou\u0300 le Mali a le plus besoin des ressources financie\u0300res pour relever ses multiples de\u0301fis.<\/p>\n<p><strong>Pour plus d&rsquo;informations et d&rsquo;analyses sur la <a href=\"https:\/\/www.africa-press.net\/mali\">Mali<\/a>, suivez <a href=\"https:\/\/www.africa-press.net\/\">Africa-Press<\/a><\/strong><\/p>\n","protected":false},"excerpt":{"rendered":"<p>Youssouf Sissoko Africa-Press &#8211; Mali. Apre\u0300s sa visite rate\u0301e de Gao, c\u2019est a\u0300 bord de l\u2019avion pre\u0301sidentiel que le Premier ministre Choguel K Maiga, a\u0300 la te\u0302te d\u2019une forte de\u0301le\u0301gation, s\u2019est rendu au Burkina Faso pour une visite d\u2019amitie\u0301 et de travail de 4 jours. Si nul ne peut contester le rapprochement logique de ces [&hellip;]<\/p>\n","protected":false},"author":82,"featured_media":31223,"comment_status":"open","ping_status":"closed","sticky":false,"template":"","format":"standard","meta":{"footnotes":""},"categories":[13,17],"tags":[76,86,19],"class_list":["post-31224","post","type-post","status-publish","format-standard","has-post-thumbnail","hentry","category-dossiers","category-toutes-les-actualites","tag-africa-press","tag-africa-press-mali","tag-mali"],"yoast_head":"<!-- This site is optimized with the Yoast SEO Premium plugin v26.1 (Yoast SEO v27.0) - https:\/\/yoast.com\/product\/yoast-seo-premium-wordpress\/ -->\n<title>Le premier ministre en voyage princier au Burkina Faso : Choguel K Maiga ou l\u2019incarnation de l\u2019insouciance - Mali<\/title>\n<meta name=\"description\" content=\"Apre\u0300s sa visite rate\u0301e de Gao, c\u2019est a\u0300 bord de l\u2019avion pre\u0301sidentiel que le Premier ministre Choguel K Maiga, a\u0300 la te ...\" \/>\n<meta name=\"robots\" content=\"index, follow, max-snippet:-1, max-image-preview:large, max-video-preview:-1\" \/>\n<link rel=\"canonical\" href=\"https:\/\/www.africa-press.net\/mali\/dossiers\/le-premier-ministre-en-voyage-princier-au-burkina-faso-choguel-k-maiga-ou-lincarnation-de-linsouciance\" \/>\n<meta property=\"og:locale\" content=\"fr_FR\" \/>\n<meta property=\"og:type\" content=\"article\" \/>\n<meta property=\"og:title\" content=\"Le premier ministre en voyage princier au Burkina Faso : Choguel K Maiga ou l\u2019incarnation de l\u2019insouciance\" \/>\n<meta property=\"og:description\" content=\"Apre\u0300s sa visite rate\u0301e de Gao, c\u2019est a\u0300 bord de l\u2019avion pre\u0301sidentiel que le Premier ministre Choguel K Maiga, a\u0300 la te ...\" \/>\n<meta property=\"og:url\" content=\"https:\/\/www.africa-press.net\/mali\/dossiers\/le-premier-ministre-en-voyage-princier-au-burkina-faso-choguel-k-maiga-ou-lincarnation-de-linsouciance\" \/>\n<meta property=\"og:site_name\" content=\"Mali\" \/>\n<meta property=\"article:publisher\" content=\"https:\/\/www.facebook.com\/AfricaPressTunisiaa\" \/>\n<meta property=\"article:published_time\" content=\"2023-02-27T14:58:55+00:00\" \/>\n<meta property=\"article:modified_time\" content=\"2023-02-27T15:26:40+00:00\" \/>\n<meta property=\"og:image\" content=\"https:\/\/static.africa-press.net\/mali\/sites\/21\/2023\/02\/postQueueImg_1677497380.73.jpg\" \/>\n\t<meta property=\"og:image:width\" content=\"1024\" \/>\n\t<meta property=\"og:image:height\" content=\"683\" \/>\n\t<meta property=\"og:image:type\" content=\"image\/jpeg\" \/>\n<meta name=\"author\" content=\"cfeditorfr\" \/>\n<meta name=\"twitter:card\" content=\"summary_large_image\" \/>\n<meta name=\"twitter:label1\" content=\"\u00c9crit par\" \/>\n\t<meta name=\"twitter:data1\" content=\"cfeditorfr\" \/>\n\t<meta name=\"twitter:label2\" content=\"Dur\u00e9e de lecture estim\u00e9e\" \/>\n\t<meta name=\"twitter:data2\" content=\"4 minutes\" \/>\n<script type=\"application\/ld+json\" class=\"yoast-schema-graph\">{\"@context\":\"https:\/\/schema.org\",\"@graph\":[{\"@type\":\"Article\",\"@id\":\"https:\/\/www.africa-press.net\/mali\/dossiers\/le-premier-ministre-en-voyage-princier-au-burkina-faso-choguel-k-maiga-ou-lincarnation-de-linsouciance#article\",\"isPartOf\":{\"@id\":\"https:\/\/www.africa-press.net\/mali\/dossiers\/le-premier-ministre-en-voyage-princier-au-burkina-faso-choguel-k-maiga-ou-lincarnation-de-linsouciance\"},\"author\":{\"name\":\"cfeditorfr\",\"@id\":\"https:\/\/www.africa-press.net\/mali\/#\/schema\/person\/2b1cf3cd81a31e3cd26889ca66d677f1\"},\"headline\":\"Le premier ministre en voyage princier au Burkina Faso : Choguel K Maiga ou l\u2019incarnation de l\u2019insouciance\",\"datePublished\":\"2023-02-27T14:58:55+00:00\",\"dateModified\":\"2023-02-27T15:26:40+00:00\",\"mainEntityOfPage\":{\"@id\":\"https:\/\/www.africa-press.net\/mali\/dossiers\/le-premier-ministre-en-voyage-princier-au-burkina-faso-choguel-k-maiga-ou-lincarnation-de-linsouciance\"},\"wordCount\":848,\"commentCount\":0,\"image\":{\"@id\":\"https:\/\/www.africa-press.net\/mali\/dossiers\/le-premier-ministre-en-voyage-princier-au-burkina-faso-choguel-k-maiga-ou-lincarnation-de-linsouciance#primaryimage\"},\"thumbnailUrl\":\"https:\/\/static.africa-press.net\/mali\/sites\/21\/2023\/02\/postQueueImg_1677497380.73.jpg\",\"keywords\":[\"Africa Press\",\"Africa Press-Mali\",\"mali\"],\"articleSection\":[\"Dossiers\",\"Toutes les actualit\u00e9s\"],\"inLanguage\":\"fr-FR\",\"potentialAction\":[{\"@type\":\"CommentAction\",\"name\":\"Comment\",\"target\":[\"https:\/\/www.africa-press.net\/mali\/dossiers\/le-premier-ministre-en-voyage-princier-au-burkina-faso-choguel-k-maiga-ou-lincarnation-de-linsouciance#respond\"]}]},{\"@type\":\"WebPage\",\"@id\":\"https:\/\/www.africa-press.net\/mali\/dossiers\/le-premier-ministre-en-voyage-princier-au-burkina-faso-choguel-k-maiga-ou-lincarnation-de-linsouciance\",\"url\":\"https:\/\/www.africa-press.net\/mali\/dossiers\/le-premier-ministre-en-voyage-princier-au-burkina-faso-choguel-k-maiga-ou-lincarnation-de-linsouciance\",\"name\":\"Le premier ministre en voyage princier au Burkina Faso : Choguel K Maiga ou l\u2019incarnation de l\u2019insouciance - Mali\",\"isPartOf\":{\"@id\":\"https:\/\/www.africa-press.net\/mali\/#website\"},\"primaryImageOfPage\":{\"@id\":\"https:\/\/www.africa-press.net\/mali\/dossiers\/le-premier-ministre-en-voyage-princier-au-burkina-faso-choguel-k-maiga-ou-lincarnation-de-linsouciance#primaryimage\"},\"image\":{\"@id\":\"https:\/\/www.africa-press.net\/mali\/dossiers\/le-premier-ministre-en-voyage-princier-au-burkina-faso-choguel-k-maiga-ou-lincarnation-de-linsouciance#primaryimage\"},\"thumbnailUrl\":\"https:\/\/static.africa-press.net\/mali\/sites\/21\/2023\/02\/postQueueImg_1677497380.73.jpg\",\"datePublished\":\"2023-02-27T14:58:55+00:00\",\"dateModified\":\"2023-02-27T15:26:40+00:00\",\"author\":{\"@id\":\"https:\/\/www.africa-press.net\/mali\/#\/schema\/person\/2b1cf3cd81a31e3cd26889ca66d677f1\"},\"description\":\"Apre\u0300s sa visite rate\u0301e de Gao, c\u2019est a\u0300 bord de l\u2019avion pre\u0301sidentiel que le Premier ministre Choguel K Maiga, a\u0300 la te ...\",\"breadcrumb\":{\"@id\":\"https:\/\/www.africa-press.net\/mali\/dossiers\/le-premier-ministre-en-voyage-princier-au-burkina-faso-choguel-k-maiga-ou-lincarnation-de-linsouciance#breadcrumb\"},\"inLanguage\":\"fr-FR\",\"potentialAction\":[{\"@type\":\"ReadAction\",\"target\":[\"https:\/\/www.africa-press.net\/mali\/dossiers\/le-premier-ministre-en-voyage-princier-au-burkina-faso-choguel-k-maiga-ou-lincarnation-de-linsouciance\"]}]},{\"@type\":\"ImageObject\",\"inLanguage\":\"fr-FR\",\"@id\":\"https:\/\/www.africa-press.net\/mali\/dossiers\/le-premier-ministre-en-voyage-princier-au-burkina-faso-choguel-k-maiga-ou-lincarnation-de-linsouciance#primaryimage\",\"url\":\"https:\/\/static.africa-press.net\/mali\/sites\/21\/2023\/02\/postQueueImg_1677497380.73.jpg\",\"contentUrl\":\"https:\/\/static.africa-press.net\/mali\/sites\/21\/2023\/02\/postQueueImg_1677497380.73.jpg\",\"width\":1024,\"height\":683,\"caption\":\"Le premier ministre en voyage princier au Burkina Faso : Choguel K Maiga ou l\u2019incarnation de l\u2019insouciance\"},{\"@type\":\"BreadcrumbList\",\"@id\":\"https:\/\/www.africa-press.net\/mali\/dossiers\/le-premier-ministre-en-voyage-princier-au-burkina-faso-choguel-k-maiga-ou-lincarnation-de-linsouciance#breadcrumb\",\"itemListElement\":[{\"@type\":\"ListItem\",\"position\":1,\"name\":\"Home\",\"item\":\"https:\/\/www.africa-press.net\/mali\/\"},{\"@type\":\"ListItem\",\"position\":2,\"name\":\"Le premier ministre en voyage princier au Burkina Faso : Choguel K Maiga ou l\u2019incarnation de l\u2019insouciance\"}]},{\"@type\":\"WebSite\",\"@id\":\"https:\/\/www.africa-press.net\/mali\/#website\",\"url\":\"https:\/\/www.africa-press.net\/mali\/\",\"name\":\"Mali\",\"description\":\"Just another Africa News Agency Sites site\",\"potentialAction\":[{\"@type\":\"SearchAction\",\"target\":{\"@type\":\"EntryPoint\",\"urlTemplate\":\"https:\/\/www.africa-press.net\/mali\/?s={search_term_string}\"},\"query-input\":{\"@type\":\"PropertyValueSpecification\",\"valueRequired\":true,\"valueName\":\"search_term_string\"}}],\"inLanguage\":\"fr-FR\"},{\"@type\":\"Person\",\"@id\":\"https:\/\/www.africa-press.net\/mali\/#\/schema\/person\/2b1cf3cd81a31e3cd26889ca66d677f1\",\"name\":\"cfeditorfr\"}]}<\/script>\n<!-- \/ Yoast SEO Premium plugin. -->","yoast_head_json":{"title":"Le premier ministre en voyage princier au Burkina Faso : Choguel K Maiga ou l\u2019incarnation de l\u2019insouciance - Mali","description":"Apre\u0300s sa visite rate\u0301e de Gao, c\u2019est a\u0300 bord de l\u2019avion pre\u0301sidentiel que le Premier ministre Choguel K Maiga, a\u0300 la te ...","robots":{"index":"index","follow":"follow","max-snippet":"max-snippet:-1","max-image-preview":"max-image-preview:large","max-video-preview":"max-video-preview:-1"},"canonical":"https:\/\/www.africa-press.net\/mali\/dossiers\/le-premier-ministre-en-voyage-princier-au-burkina-faso-choguel-k-maiga-ou-lincarnation-de-linsouciance","og_locale":"fr_FR","og_type":"article","og_title":"Le premier ministre en voyage princier au Burkina Faso : Choguel K Maiga ou l\u2019incarnation de l\u2019insouciance","og_description":"Apre\u0300s sa visite rate\u0301e de Gao, c\u2019est a\u0300 bord de l\u2019avion pre\u0301sidentiel que le Premier ministre Choguel K Maiga, a\u0300 la te ...","og_url":"https:\/\/www.africa-press.net\/mali\/dossiers\/le-premier-ministre-en-voyage-princier-au-burkina-faso-choguel-k-maiga-ou-lincarnation-de-linsouciance","og_site_name":"Mali","article_publisher":"https:\/\/www.facebook.com\/AfricaPressTunisiaa","article_published_time":"2023-02-27T14:58:55+00:00","article_modified_time":"2023-02-27T15:26:40+00:00","og_image":[{"width":1024,"height":683,"url":"https:\/\/static.africa-press.net\/mali\/sites\/21\/2023\/02\/postQueueImg_1677497380.73.jpg","type":"image\/jpeg"}],"author":"cfeditorfr","twitter_card":"summary_large_image","twitter_misc":{"\u00c9crit par":"cfeditorfr","Dur\u00e9e de lecture estim\u00e9e":"4 minutes"},"schema":{"@context":"https:\/\/schema.org","@graph":[{"@type":"Article","@id":"https:\/\/www.africa-press.net\/mali\/dossiers\/le-premier-ministre-en-voyage-princier-au-burkina-faso-choguel-k-maiga-ou-lincarnation-de-linsouciance#article","isPartOf":{"@id":"https:\/\/www.africa-press.net\/mali\/dossiers\/le-premier-ministre-en-voyage-princier-au-burkina-faso-choguel-k-maiga-ou-lincarnation-de-linsouciance"},"author":{"name":"cfeditorfr","@id":"https:\/\/www.africa-press.net\/mali\/#\/schema\/person\/2b1cf3cd81a31e3cd26889ca66d677f1"},"headline":"Le premier ministre en voyage princier au Burkina Faso : Choguel K Maiga ou l\u2019incarnation de l\u2019insouciance","datePublished":"2023-02-27T14:58:55+00:00","dateModified":"2023-02-27T15:26:40+00:00","mainEntityOfPage":{"@id":"https:\/\/www.africa-press.net\/mali\/dossiers\/le-premier-ministre-en-voyage-princier-au-burkina-faso-choguel-k-maiga-ou-lincarnation-de-linsouciance"},"wordCount":848,"commentCount":0,"image":{"@id":"https:\/\/www.africa-press.net\/mali\/dossiers\/le-premier-ministre-en-voyage-princier-au-burkina-faso-choguel-k-maiga-ou-lincarnation-de-linsouciance#primaryimage"},"thumbnailUrl":"https:\/\/static.africa-press.net\/mali\/sites\/21\/2023\/02\/postQueueImg_1677497380.73.jpg","keywords":["Africa Press","Africa Press-Mali","mali"],"articleSection":["Dossiers","Toutes les actualit\u00e9s"],"inLanguage":"fr-FR","potentialAction":[{"@type":"CommentAction","name":"Comment","target":["https:\/\/www.africa-press.net\/mali\/dossiers\/le-premier-ministre-en-voyage-princier-au-burkina-faso-choguel-k-maiga-ou-lincarnation-de-linsouciance#respond"]}]},{"@type":"WebPage","@id":"https:\/\/www.africa-press.net\/mali\/dossiers\/le-premier-ministre-en-voyage-princier-au-burkina-faso-choguel-k-maiga-ou-lincarnation-de-linsouciance","url":"https:\/\/www.africa-press.net\/mali\/dossiers\/le-premier-ministre-en-voyage-princier-au-burkina-faso-choguel-k-maiga-ou-lincarnation-de-linsouciance","name":"Le premier ministre en voyage princier au Burkina Faso : Choguel K Maiga ou l\u2019incarnation de l\u2019insouciance - Mali","isPartOf":{"@id":"https:\/\/www.africa-press.net\/mali\/#website"},"primaryImageOfPage":{"@id":"https:\/\/www.africa-press.net\/mali\/dossiers\/le-premier-ministre-en-voyage-princier-au-burkina-faso-choguel-k-maiga-ou-lincarnation-de-linsouciance#primaryimage"},"image":{"@id":"https:\/\/www.africa-press.net\/mali\/dossiers\/le-premier-ministre-en-voyage-princier-au-burkina-faso-choguel-k-maiga-ou-lincarnation-de-linsouciance#primaryimage"},"thumbnailUrl":"https:\/\/static.africa-press.net\/mali\/sites\/21\/2023\/02\/postQueueImg_1677497380.73.jpg","datePublished":"2023-02-27T14:58:55+00:00","dateModified":"2023-02-27T15:26:40+00:00","author":{"@id":"https:\/\/www.africa-press.net\/mali\/#\/schema\/person\/2b1cf3cd81a31e3cd26889ca66d677f1"},"description":"Apre\u0300s sa visite rate\u0301e de Gao, c\u2019est a\u0300 bord de l\u2019avion pre\u0301sidentiel que le Premier ministre Choguel K Maiga, a\u0300 la te ...","breadcrumb":{"@id":"https:\/\/www.africa-press.net\/mali\/dossiers\/le-premier-ministre-en-voyage-princier-au-burkina-faso-choguel-k-maiga-ou-lincarnation-de-linsouciance#breadcrumb"},"inLanguage":"fr-FR","potentialAction":[{"@type":"ReadAction","target":["https:\/\/www.africa-press.net\/mali\/dossiers\/le-premier-ministre-en-voyage-princier-au-burkina-faso-choguel-k-maiga-ou-lincarnation-de-linsouciance"]}]},{"@type":"ImageObject","inLanguage":"fr-FR","@id":"https:\/\/www.africa-press.net\/mali\/dossiers\/le-premier-ministre-en-voyage-princier-au-burkina-faso-choguel-k-maiga-ou-lincarnation-de-linsouciance#primaryimage","url":"https:\/\/static.africa-press.net\/mali\/sites\/21\/2023\/02\/postQueueImg_1677497380.73.jpg","contentUrl":"https:\/\/static.africa-press.net\/mali\/sites\/21\/2023\/02\/postQueueImg_1677497380.73.jpg","width":1024,"height":683,"caption":"Le premier ministre en voyage princier au Burkina Faso : Choguel K Maiga ou l\u2019incarnation de l\u2019insouciance"},{"@type":"BreadcrumbList","@id":"https:\/\/www.africa-press.net\/mali\/dossiers\/le-premier-ministre-en-voyage-princier-au-burkina-faso-choguel-k-maiga-ou-lincarnation-de-linsouciance#breadcrumb","itemListElement":[{"@type":"ListItem","position":1,"name":"Home","item":"https:\/\/www.africa-press.net\/mali\/"},{"@type":"ListItem","position":2,"name":"Le premier ministre en voyage princier au Burkina Faso : Choguel K Maiga ou l\u2019incarnation de l\u2019insouciance"}]},{"@type":"WebSite","@id":"https:\/\/www.africa-press.net\/mali\/#website","url":"https:\/\/www.africa-press.net\/mali\/","name":"Mali","description":"Just another Africa News Agency Sites site","potentialAction":[{"@type":"SearchAction","target":{"@type":"EntryPoint","urlTemplate":"https:\/\/www.africa-press.net\/mali\/?s={search_term_string}"},"query-input":{"@type":"PropertyValueSpecification","valueRequired":true,"valueName":"search_term_string"}}],"inLanguage":"fr-FR"},{"@type":"Person","@id":"https:\/\/www.africa-press.net\/mali\/#\/schema\/person\/2b1cf3cd81a31e3cd26889ca66d677f1","name":"cfeditorfr"}]}},"_links":{"self":[{"href":"https:\/\/www.africa-press.net\/mali\/wp-json\/wp\/v2\/posts\/31224","targetHints":{"allow":["GET"]}}],"collection":[{"href":"https:\/\/www.africa-press.net\/mali\/wp-json\/wp\/v2\/posts"}],"about":[{"href":"https:\/\/www.africa-press.net\/mali\/wp-json\/wp\/v2\/types\/post"}],"author":[{"embeddable":true,"href":"https:\/\/www.africa-press.net\/mali\/wp-json\/wp\/v2\/users\/82"}],"replies":[{"embeddable":true,"href":"https:\/\/www.africa-press.net\/mali\/wp-json\/wp\/v2\/comments?post=31224"}],"version-history":[{"count":0,"href":"https:\/\/www.africa-press.net\/mali\/wp-json\/wp\/v2\/posts\/31224\/revisions"}],"wp:featuredmedia":[{"embeddable":true,"href":"https:\/\/www.africa-press.net\/mali\/wp-json\/wp\/v2\/media\/31223"}],"wp:attachment":[{"href":"https:\/\/www.africa-press.net\/mali\/wp-json\/wp\/v2\/media?parent=31224"}],"wp:term":[{"taxonomy":"category","embeddable":true,"href":"https:\/\/www.africa-press.net\/mali\/wp-json\/wp\/v2\/categories?post=31224"},{"taxonomy":"post_tag","embeddable":true,"href":"https:\/\/www.africa-press.net\/mali\/wp-json\/wp\/v2\/tags?post=31224"}],"curies":[{"name":"wp","href":"https:\/\/api.w.org\/{rel}","templated":true}]}}