{"id":31233,"date":"2023-02-27T15:05:35","date_gmt":"2023-02-27T15:05:35","guid":{"rendered":"https:\/\/www.africa-press.net\/mali\/politique\/gestion-de-la-transition-a-qui-profite-un-eventuel-report-des-dates-des-elections"},"modified":"2023-02-27T15:28:28","modified_gmt":"2023-02-27T15:28:28","slug":"gestion-de-la-transition-a-qui-profite-un-eventuel-report-des-dates-des-elections","status":"publish","type":"post","link":"https:\/\/www.africa-press.net\/mali\/dossiers\/gestion-de-la-transition-a-qui-profite-un-eventuel-report-des-dates-des-elections","title":{"rendered":"Gestion de la transition : \u00c0 qui profite un \u00e9ventuel report des dates des \u00e9lections ?"},"content":{"rendered":"<p><b>Daouda DOUMBIA<\/b><\/p>\n<p><span style=\"color: #ff6600\"><strong>Africa-Press &#8211; Mali. <\/strong><\/span>Quand on ignore d\u2019ou\u0300 l\u2019on vient, difficile de savoir ou\u0300 l\u2019on va\u00bb, telle est la description qui conviendrait a\u0300 la situation dans laquelle se trouve aujourd\u2019hui cette classe politique en perte de vitesse.<\/p>\n<p>Ayant perdu toute cre\u0301dibilite\u0301 aux yeux de la grande majorite\u0301 de nos populations, il est e\u0301vident que cette classe politique n\u2019attende pas s\u2019arre\u0302ter en si bon chemin. Les succe\u0300s tant que peu des militaires au pouvoir semblent e\u0302tre une pilule ame\u0300re difficile a\u0300 avaler. Mais que faire pour arre\u0302ter ces colonels ? Voila\u0300 la question que semblent se poser les e\u0301tats-majors des partis politiques. La solution qui semble facile et qui s\u2019offre imme\u0301diatement a\u0300 eux est de voir partir les colonels a\u0300 la faveur des e\u0301lections. Ainsi, apparemment, tout simplement e\u0302tre mis en place pour que ces e\u0301che\u0301ances programme\u0301es puissent se passer dans le de\u0301lai imparti.<\/p>\n<p>Toutefois, le paradoxe est que, quoiqu\u2019ils disent, leurs actes trahissent leur parole. D\u2019un co\u0302te\u0301, ils exigent le respect des de\u0301lais, de l\u2019autre co\u0302te\u0301, ils s\u2019investissent d\u2019une certaine fac\u0327on a\u0300 mettre le ba\u0302ton dans les roues de la marche de la transition. Toute chose qui compromet le respect des de\u0301lais pre\u0301vus pour la fin de la transition, et pour cause ? Ces responsables politiques ont-ils compris qu\u2019une e\u0301lection quelle que soit sa nature serait contreproductive pour eux ? Allez- y savoir.<\/p>\n<p>Il n\u2019est un secret pour personne qu\u2019aujourd\u2019hui, parler de politique dans certains milieux s\u2019expose a\u0300 des regards me\u0301prisants. Entre les militaires et les politiques, beaucoup semblent de\u0301ja\u0300 fait leur choix. Il apparai\u0302t e\u0301vident qu\u2019une e\u0301lection tenue a\u0300 leur l\u2019heure actuelle, contrairement a\u0300 ce que beaucoup penseraient, tournerait a\u0300 l\u2019avantage des colonels. Cela pour un certain nombre de raisons que nous nous permettons d\u2019avancer.<\/p>\n<p>D\u2019abord, comme nous l\u2019affirmons tanto\u0302t, le de\u0301gou\u0302t des citoyens vis-a\u0300-vis des hommes politiques qui rend difficile la ta\u0302che de mobilisation de ces derniers.<\/p>\n<p>Il est clair qu\u2019aujourd\u2019hui que les politiciens sont en manque d\u2019arguments pour convaincre les populations afin de les mobiliser pour une quelconque e\u0301lection.<\/p>\n<p>Aucun discours contre cette transition ou contre les militaires ne semble e\u0302tre a\u0300 me\u0302me de produire un effet positif. Certes, les de\u0301fis sont e\u0301normes et les attentes de nos populations le\u0301gitimes, toutefois ces militaires semblent be\u0301ne\u0301ficier de plus de soutiens de la part de cette population, de telle sorte que nous osons affirmer qu\u2019a\u0300 l\u2019e\u0301tat actuel des choses, une e\u0301lection quel qu\u2019en soit sa nature serait suicidaire pour les politiques.<\/p>\n<p>Ensuite, le manque de ressources. Comment faire face aux de\u0301penses colossales qu\u2019engendrent les e\u0301lections quand nous savons que, malgre\u0301, c\u2019est de leur droit depuis la prise du pouvoir par les militaires, aucun parti politique n\u2019a be\u0301ne\u0301fice d\u2019un rond comme financement. Pire, avec la rupture des relations diplomatiques d\u2019avec certains pays qui seraient de potentiels soutiens pour certain, l\u2019apport exte\u0301rieur semble compromis.<\/p>\n<p>En troisie\u0300me lieu et non des moindres est la poursuite judiciaire contre certains leaders politiques pour des raisons ou d\u2019autres laissant orphelins leurs partis politiques et pour qui connai\u0302t la re\u0301alite\u0301 de la politique malienne, la vie d\u2019un parti politique est essentiellement lie\u0301e a\u0300 la personne de son pre\u0301sident.<\/p>\n<p>Toutes ces raisons ainsi e\u0301voque\u0301es nous ame\u0300nent a\u0300 penser et a\u0300 soutenir qu\u2019une e\u0301lection tenue dans ces contextes serait beaucoup plus favorable aux colonels au pouvoir qu\u2019aux politiques. Nous imaginons ainsi qu\u2019ils en soient re\u0301ellement conscients et que c\u2019est ce qui expliquerait leurs agissements contradictoires.<\/p>\n<p>D\u2019un co\u0302te\u0301, ce sont des de\u0301clarations va-t-en-guerre contre une e\u0301ventuelle prorogation de la dure\u0301e de la transition, en te\u0301moignent les re\u0301centes de\u0301clarations du Cadre des partis politiques pour le retour a\u0300 l\u2019ordre constitutionnel et de l\u2019autre co\u0302te\u0301, ce sont des actions savamment mises en \u0153uvre pour freiner la marche de cette transition en l\u2019occurrence leur opposition a\u0300 tout projet de re\u0301forme a\u0300 la fois constitutionnelle et institutionnelle, condole\u0301ances sine qua none pour toutes e\u0301lections, selon les autorite\u0301s.<\/p>\n<p>Ce que nous pouvons dire, c\u2019est qu\u2019il serait plus profitable pour les partis de s\u2019inscrire dans la dure\u0301e, de s\u2019en remettre au temps. Comme dit les sages: \u00able temps est le mai\u0302tre de tout, si nous demeurons ensemble, to\u0302t ou tard, chacun finirait par se rendre compte des forces et des de\u0301fauts de l\u2019autre\u00bb. Cela veut dire, en d\u2019autres termes, qu\u2019a\u0300 l\u2019e\u0301tat actuel des choses, il est difficile de de\u0301noncer un quelconque acte de la transition sans se faire taxer d\u2019ennemis de la Re\u0301publique ou pluto\u0302t de la transition. Peut-e\u0302tre qu\u2019avec le temps, le peuple prendra conscience des limites de cette transition et pourrait penser a\u0300 d\u2019autres alternatives. En attendant, il pre\u0301fe\u0301rable qu\u2019ils prennent leur mal en patience.<\/p>\n<p><strong>Pour plus d&rsquo;informations et d&rsquo;analyses sur la <a href=\"https:\/\/www.africa-press.net\/mali\">Mali<\/a>, suivez <a href=\"https:\/\/www.africa-press.net\/\">Africa-Press<\/a><\/strong><\/p>\n","protected":false},"excerpt":{"rendered":"<p>Daouda DOUMBIA Africa-Press &#8211; Mali. Quand on ignore d\u2019ou\u0300 l\u2019on vient, difficile de savoir ou\u0300 l\u2019on va\u00bb, telle est la description qui conviendrait a\u0300 la situation dans laquelle se trouve aujourd\u2019hui cette classe politique en perte de vitesse. Ayant perdu toute cre\u0301dibilite\u0301 aux yeux de la grande majorite\u0301 de nos populations, il est e\u0301vident que [&hellip;]<\/p>\n","protected":false},"author":82,"featured_media":31232,"comment_status":"open","ping_status":"closed","sticky":false,"template":"","format":"standard","meta":{"footnotes":""},"categories":[13,17],"tags":[76,86,19],"class_list":["post-31233","post","type-post","status-publish","format-standard","has-post-thumbnail","hentry","category-dossiers","category-toutes-les-actualites","tag-africa-press","tag-africa-press-mali","tag-mali"],"yoast_head":"<!-- This site is optimized with the Yoast SEO Premium plugin v26.1 (Yoast SEO v27.0) - https:\/\/yoast.com\/product\/yoast-seo-premium-wordpress\/ -->\n<title>Gestion de la transition : \u00c0 qui profite un \u00e9ventuel report des dates des \u00e9lections ? - Mali<\/title>\n<meta name=\"description\" content=\"Quand on ignore d\u2019ou\u0300 l\u2019on vient, difficile de savoir ou\u0300 l\u2019on va\u00bb, telle est la description qui conviendrait a\u0300 la situ ...\" \/>\n<meta name=\"robots\" content=\"index, follow, max-snippet:-1, max-image-preview:large, max-video-preview:-1\" \/>\n<link rel=\"canonical\" href=\"https:\/\/www.africa-press.net\/mali\/dossiers\/gestion-de-la-transition-a-qui-profite-un-eventuel-report-des-dates-des-elections\" \/>\n<meta property=\"og:locale\" content=\"fr_FR\" \/>\n<meta property=\"og:type\" content=\"article\" \/>\n<meta property=\"og:title\" content=\"Gestion de la transition : \u00c0 qui profite un \u00e9ventuel report des dates des \u00e9lections ?\" \/>\n<meta property=\"og:description\" content=\"Quand on ignore d\u2019ou\u0300 l\u2019on vient, difficile de savoir ou\u0300 l\u2019on va\u00bb, telle est la description qui conviendrait a\u0300 la situ ...\" \/>\n<meta property=\"og:url\" content=\"https:\/\/www.africa-press.net\/mali\/dossiers\/gestion-de-la-transition-a-qui-profite-un-eventuel-report-des-dates-des-elections\" \/>\n<meta property=\"og:site_name\" content=\"Mali\" \/>\n<meta property=\"article:publisher\" content=\"https:\/\/www.facebook.com\/AfricaPressTunisiaa\" \/>\n<meta property=\"article:published_time\" content=\"2023-02-27T15:05:35+00:00\" \/>\n<meta property=\"article:modified_time\" content=\"2023-02-27T15:28:28+00:00\" \/>\n<meta property=\"og:image\" content=\"https:\/\/static.africa-press.net\/mali\/sites\/21\/2023\/02\/postQueueImg_1677497773.04.jpg\" \/>\n\t<meta property=\"og:image:width\" content=\"720\" \/>\n\t<meta property=\"og:image:height\" content=\"405\" \/>\n\t<meta property=\"og:image:type\" content=\"image\/jpeg\" \/>\n<meta name=\"author\" content=\"cfeditorfr\" \/>\n<meta name=\"twitter:card\" content=\"summary_large_image\" \/>\n<meta name=\"twitter:label1\" content=\"\u00c9crit par\" \/>\n\t<meta name=\"twitter:data1\" content=\"cfeditorfr\" \/>\n\t<meta name=\"twitter:label2\" content=\"Dur\u00e9e de lecture estim\u00e9e\" \/>\n\t<meta name=\"twitter:data2\" content=\"4 minutes\" \/>\n<script type=\"application\/ld+json\" class=\"yoast-schema-graph\">{\"@context\":\"https:\/\/schema.org\",\"@graph\":[{\"@type\":\"Article\",\"@id\":\"https:\/\/www.africa-press.net\/mali\/dossiers\/gestion-de-la-transition-a-qui-profite-un-eventuel-report-des-dates-des-elections#article\",\"isPartOf\":{\"@id\":\"https:\/\/www.africa-press.net\/mali\/dossiers\/gestion-de-la-transition-a-qui-profite-un-eventuel-report-des-dates-des-elections\"},\"author\":{\"name\":\"cfeditorfr\",\"@id\":\"https:\/\/www.africa-press.net\/mali\/#\/schema\/person\/2b1cf3cd81a31e3cd26889ca66d677f1\"},\"headline\":\"Gestion de la transition : \u00c0 qui profite un \u00e9ventuel report des dates des \u00e9lections ?\",\"datePublished\":\"2023-02-27T15:05:35+00:00\",\"dateModified\":\"2023-02-27T15:28:28+00:00\",\"mainEntityOfPage\":{\"@id\":\"https:\/\/www.africa-press.net\/mali\/dossiers\/gestion-de-la-transition-a-qui-profite-un-eventuel-report-des-dates-des-elections\"},\"wordCount\":913,\"commentCount\":0,\"image\":{\"@id\":\"https:\/\/www.africa-press.net\/mali\/dossiers\/gestion-de-la-transition-a-qui-profite-un-eventuel-report-des-dates-des-elections#primaryimage\"},\"thumbnailUrl\":\"https:\/\/static.africa-press.net\/mali\/sites\/21\/2023\/02\/postQueueImg_1677497773.04.jpg\",\"keywords\":[\"Africa Press\",\"Africa Press-Mali\",\"mali\"],\"articleSection\":[\"Dossiers\",\"Toutes les actualit\u00e9s\"],\"inLanguage\":\"fr-FR\",\"potentialAction\":[{\"@type\":\"CommentAction\",\"name\":\"Comment\",\"target\":[\"https:\/\/www.africa-press.net\/mali\/dossiers\/gestion-de-la-transition-a-qui-profite-un-eventuel-report-des-dates-des-elections#respond\"]}]},{\"@type\":\"WebPage\",\"@id\":\"https:\/\/www.africa-press.net\/mali\/dossiers\/gestion-de-la-transition-a-qui-profite-un-eventuel-report-des-dates-des-elections\",\"url\":\"https:\/\/www.africa-press.net\/mali\/dossiers\/gestion-de-la-transition-a-qui-profite-un-eventuel-report-des-dates-des-elections\",\"name\":\"Gestion de la transition : \u00c0 qui profite un \u00e9ventuel report des dates des \u00e9lections ? - Mali\",\"isPartOf\":{\"@id\":\"https:\/\/www.africa-press.net\/mali\/#website\"},\"primaryImageOfPage\":{\"@id\":\"https:\/\/www.africa-press.net\/mali\/dossiers\/gestion-de-la-transition-a-qui-profite-un-eventuel-report-des-dates-des-elections#primaryimage\"},\"image\":{\"@id\":\"https:\/\/www.africa-press.net\/mali\/dossiers\/gestion-de-la-transition-a-qui-profite-un-eventuel-report-des-dates-des-elections#primaryimage\"},\"thumbnailUrl\":\"https:\/\/static.africa-press.net\/mali\/sites\/21\/2023\/02\/postQueueImg_1677497773.04.jpg\",\"datePublished\":\"2023-02-27T15:05:35+00:00\",\"dateModified\":\"2023-02-27T15:28:28+00:00\",\"author\":{\"@id\":\"https:\/\/www.africa-press.net\/mali\/#\/schema\/person\/2b1cf3cd81a31e3cd26889ca66d677f1\"},\"description\":\"Quand on ignore d\u2019ou\u0300 l\u2019on vient, difficile de savoir ou\u0300 l\u2019on va\u00bb, telle est la description qui conviendrait a\u0300 la situ ...\",\"breadcrumb\":{\"@id\":\"https:\/\/www.africa-press.net\/mali\/dossiers\/gestion-de-la-transition-a-qui-profite-un-eventuel-report-des-dates-des-elections#breadcrumb\"},\"inLanguage\":\"fr-FR\",\"potentialAction\":[{\"@type\":\"ReadAction\",\"target\":[\"https:\/\/www.africa-press.net\/mali\/dossiers\/gestion-de-la-transition-a-qui-profite-un-eventuel-report-des-dates-des-elections\"]}]},{\"@type\":\"ImageObject\",\"inLanguage\":\"fr-FR\",\"@id\":\"https:\/\/www.africa-press.net\/mali\/dossiers\/gestion-de-la-transition-a-qui-profite-un-eventuel-report-des-dates-des-elections#primaryimage\",\"url\":\"https:\/\/static.africa-press.net\/mali\/sites\/21\/2023\/02\/postQueueImg_1677497773.04.jpg\",\"contentUrl\":\"https:\/\/static.africa-press.net\/mali\/sites\/21\/2023\/02\/postQueueImg_1677497773.04.jpg\",\"width\":720,\"height\":405,\"caption\":\"Gestion de la transition : \u00c0 qui profite un \u00e9ventuel report des dates des \u00e9lections ?\"},{\"@type\":\"BreadcrumbList\",\"@id\":\"https:\/\/www.africa-press.net\/mali\/dossiers\/gestion-de-la-transition-a-qui-profite-un-eventuel-report-des-dates-des-elections#breadcrumb\",\"itemListElement\":[{\"@type\":\"ListItem\",\"position\":1,\"name\":\"Home\",\"item\":\"https:\/\/www.africa-press.net\/mali\/\"},{\"@type\":\"ListItem\",\"position\":2,\"name\":\"Gestion de la transition : \u00c0 qui profite un \u00e9ventuel report des dates des \u00e9lections ?\"}]},{\"@type\":\"WebSite\",\"@id\":\"https:\/\/www.africa-press.net\/mali\/#website\",\"url\":\"https:\/\/www.africa-press.net\/mali\/\",\"name\":\"Mali\",\"description\":\"Just another Africa News Agency Sites site\",\"potentialAction\":[{\"@type\":\"SearchAction\",\"target\":{\"@type\":\"EntryPoint\",\"urlTemplate\":\"https:\/\/www.africa-press.net\/mali\/?s={search_term_string}\"},\"query-input\":{\"@type\":\"PropertyValueSpecification\",\"valueRequired\":true,\"valueName\":\"search_term_string\"}}],\"inLanguage\":\"fr-FR\"},{\"@type\":\"Person\",\"@id\":\"https:\/\/www.africa-press.net\/mali\/#\/schema\/person\/2b1cf3cd81a31e3cd26889ca66d677f1\",\"name\":\"cfeditorfr\"}]}<\/script>\n<!-- \/ Yoast SEO Premium plugin. -->","yoast_head_json":{"title":"Gestion de la transition : \u00c0 qui profite un \u00e9ventuel report des dates des \u00e9lections ? - Mali","description":"Quand on ignore d\u2019ou\u0300 l\u2019on vient, difficile de savoir ou\u0300 l\u2019on va\u00bb, telle est la description qui conviendrait a\u0300 la situ ...","robots":{"index":"index","follow":"follow","max-snippet":"max-snippet:-1","max-image-preview":"max-image-preview:large","max-video-preview":"max-video-preview:-1"},"canonical":"https:\/\/www.africa-press.net\/mali\/dossiers\/gestion-de-la-transition-a-qui-profite-un-eventuel-report-des-dates-des-elections","og_locale":"fr_FR","og_type":"article","og_title":"Gestion de la transition : \u00c0 qui profite un \u00e9ventuel report des dates des \u00e9lections ?","og_description":"Quand on ignore d\u2019ou\u0300 l\u2019on vient, difficile de savoir ou\u0300 l\u2019on va\u00bb, telle est la description qui conviendrait a\u0300 la situ ...","og_url":"https:\/\/www.africa-press.net\/mali\/dossiers\/gestion-de-la-transition-a-qui-profite-un-eventuel-report-des-dates-des-elections","og_site_name":"Mali","article_publisher":"https:\/\/www.facebook.com\/AfricaPressTunisiaa","article_published_time":"2023-02-27T15:05:35+00:00","article_modified_time":"2023-02-27T15:28:28+00:00","og_image":[{"width":720,"height":405,"url":"https:\/\/static.africa-press.net\/mali\/sites\/21\/2023\/02\/postQueueImg_1677497773.04.jpg","type":"image\/jpeg"}],"author":"cfeditorfr","twitter_card":"summary_large_image","twitter_misc":{"\u00c9crit par":"cfeditorfr","Dur\u00e9e de lecture estim\u00e9e":"4 minutes"},"schema":{"@context":"https:\/\/schema.org","@graph":[{"@type":"Article","@id":"https:\/\/www.africa-press.net\/mali\/dossiers\/gestion-de-la-transition-a-qui-profite-un-eventuel-report-des-dates-des-elections#article","isPartOf":{"@id":"https:\/\/www.africa-press.net\/mali\/dossiers\/gestion-de-la-transition-a-qui-profite-un-eventuel-report-des-dates-des-elections"},"author":{"name":"cfeditorfr","@id":"https:\/\/www.africa-press.net\/mali\/#\/schema\/person\/2b1cf3cd81a31e3cd26889ca66d677f1"},"headline":"Gestion de la transition : \u00c0 qui profite un \u00e9ventuel report des dates des \u00e9lections ?","datePublished":"2023-02-27T15:05:35+00:00","dateModified":"2023-02-27T15:28:28+00:00","mainEntityOfPage":{"@id":"https:\/\/www.africa-press.net\/mali\/dossiers\/gestion-de-la-transition-a-qui-profite-un-eventuel-report-des-dates-des-elections"},"wordCount":913,"commentCount":0,"image":{"@id":"https:\/\/www.africa-press.net\/mali\/dossiers\/gestion-de-la-transition-a-qui-profite-un-eventuel-report-des-dates-des-elections#primaryimage"},"thumbnailUrl":"https:\/\/static.africa-press.net\/mali\/sites\/21\/2023\/02\/postQueueImg_1677497773.04.jpg","keywords":["Africa Press","Africa Press-Mali","mali"],"articleSection":["Dossiers","Toutes les actualit\u00e9s"],"inLanguage":"fr-FR","potentialAction":[{"@type":"CommentAction","name":"Comment","target":["https:\/\/www.africa-press.net\/mali\/dossiers\/gestion-de-la-transition-a-qui-profite-un-eventuel-report-des-dates-des-elections#respond"]}]},{"@type":"WebPage","@id":"https:\/\/www.africa-press.net\/mali\/dossiers\/gestion-de-la-transition-a-qui-profite-un-eventuel-report-des-dates-des-elections","url":"https:\/\/www.africa-press.net\/mali\/dossiers\/gestion-de-la-transition-a-qui-profite-un-eventuel-report-des-dates-des-elections","name":"Gestion de la transition : \u00c0 qui profite un \u00e9ventuel report des dates des \u00e9lections ? - Mali","isPartOf":{"@id":"https:\/\/www.africa-press.net\/mali\/#website"},"primaryImageOfPage":{"@id":"https:\/\/www.africa-press.net\/mali\/dossiers\/gestion-de-la-transition-a-qui-profite-un-eventuel-report-des-dates-des-elections#primaryimage"},"image":{"@id":"https:\/\/www.africa-press.net\/mali\/dossiers\/gestion-de-la-transition-a-qui-profite-un-eventuel-report-des-dates-des-elections#primaryimage"},"thumbnailUrl":"https:\/\/static.africa-press.net\/mali\/sites\/21\/2023\/02\/postQueueImg_1677497773.04.jpg","datePublished":"2023-02-27T15:05:35+00:00","dateModified":"2023-02-27T15:28:28+00:00","author":{"@id":"https:\/\/www.africa-press.net\/mali\/#\/schema\/person\/2b1cf3cd81a31e3cd26889ca66d677f1"},"description":"Quand on ignore d\u2019ou\u0300 l\u2019on vient, difficile de savoir ou\u0300 l\u2019on va\u00bb, telle est la description qui conviendrait a\u0300 la situ ...","breadcrumb":{"@id":"https:\/\/www.africa-press.net\/mali\/dossiers\/gestion-de-la-transition-a-qui-profite-un-eventuel-report-des-dates-des-elections#breadcrumb"},"inLanguage":"fr-FR","potentialAction":[{"@type":"ReadAction","target":["https:\/\/www.africa-press.net\/mali\/dossiers\/gestion-de-la-transition-a-qui-profite-un-eventuel-report-des-dates-des-elections"]}]},{"@type":"ImageObject","inLanguage":"fr-FR","@id":"https:\/\/www.africa-press.net\/mali\/dossiers\/gestion-de-la-transition-a-qui-profite-un-eventuel-report-des-dates-des-elections#primaryimage","url":"https:\/\/static.africa-press.net\/mali\/sites\/21\/2023\/02\/postQueueImg_1677497773.04.jpg","contentUrl":"https:\/\/static.africa-press.net\/mali\/sites\/21\/2023\/02\/postQueueImg_1677497773.04.jpg","width":720,"height":405,"caption":"Gestion de la transition : \u00c0 qui profite un \u00e9ventuel report des dates des \u00e9lections ?"},{"@type":"BreadcrumbList","@id":"https:\/\/www.africa-press.net\/mali\/dossiers\/gestion-de-la-transition-a-qui-profite-un-eventuel-report-des-dates-des-elections#breadcrumb","itemListElement":[{"@type":"ListItem","position":1,"name":"Home","item":"https:\/\/www.africa-press.net\/mali\/"},{"@type":"ListItem","position":2,"name":"Gestion de la transition : \u00c0 qui profite un \u00e9ventuel report des dates des \u00e9lections ?"}]},{"@type":"WebSite","@id":"https:\/\/www.africa-press.net\/mali\/#website","url":"https:\/\/www.africa-press.net\/mali\/","name":"Mali","description":"Just another Africa News Agency Sites site","potentialAction":[{"@type":"SearchAction","target":{"@type":"EntryPoint","urlTemplate":"https:\/\/www.africa-press.net\/mali\/?s={search_term_string}"},"query-input":{"@type":"PropertyValueSpecification","valueRequired":true,"valueName":"search_term_string"}}],"inLanguage":"fr-FR"},{"@type":"Person","@id":"https:\/\/www.africa-press.net\/mali\/#\/schema\/person\/2b1cf3cd81a31e3cd26889ca66d677f1","name":"cfeditorfr"}]}},"_links":{"self":[{"href":"https:\/\/www.africa-press.net\/mali\/wp-json\/wp\/v2\/posts\/31233","targetHints":{"allow":["GET"]}}],"collection":[{"href":"https:\/\/www.africa-press.net\/mali\/wp-json\/wp\/v2\/posts"}],"about":[{"href":"https:\/\/www.africa-press.net\/mali\/wp-json\/wp\/v2\/types\/post"}],"author":[{"embeddable":true,"href":"https:\/\/www.africa-press.net\/mali\/wp-json\/wp\/v2\/users\/82"}],"replies":[{"embeddable":true,"href":"https:\/\/www.africa-press.net\/mali\/wp-json\/wp\/v2\/comments?post=31233"}],"version-history":[{"count":0,"href":"https:\/\/www.africa-press.net\/mali\/wp-json\/wp\/v2\/posts\/31233\/revisions"}],"wp:featuredmedia":[{"embeddable":true,"href":"https:\/\/www.africa-press.net\/mali\/wp-json\/wp\/v2\/media\/31232"}],"wp:attachment":[{"href":"https:\/\/www.africa-press.net\/mali\/wp-json\/wp\/v2\/media?parent=31233"}],"wp:term":[{"taxonomy":"category","embeddable":true,"href":"https:\/\/www.africa-press.net\/mali\/wp-json\/wp\/v2\/categories?post=31233"},{"taxonomy":"post_tag","embeddable":true,"href":"https:\/\/www.africa-press.net\/mali\/wp-json\/wp\/v2\/tags?post=31233"}],"curies":[{"name":"wp","href":"https:\/\/api.w.org\/{rel}","templated":true}]}}