{"id":31263,"date":"2023-02-28T14:08:14","date_gmt":"2023-02-28T14:08:14","guid":{"rendered":"https:\/\/www.africa-press.net\/mali\/politique\/nouhoum-sarr-la-presence-militaire-francaise-au-mali-na-rien-regle-au-contraire-la-situation-sest-aggravee"},"modified":"2023-02-28T14:28:52","modified_gmt":"2023-02-28T14:28:52","slug":"nouhoum-sarr-la-presence-militaire-francaise-au-mali-na-rien-regle-au-contraire-la-situation-sest-aggravee","status":"publish","type":"post","link":"https:\/\/www.africa-press.net\/mali\/top-nouvelles\/nouhoum-sarr-la-presence-militaire-francaise-au-mali-na-rien-regle-au-contraire-la-situation-sest-aggravee","title":{"rendered":"Nouhoum Sarr : \u00ab\u00a0La pr\u00e9sence militaire fran\u00e7aise au Mali n\u2019a rien r\u00e9gl\u00e9, au contraire la situation s\u2019est aggrav\u00e9e\u00a0\u00bb"},"content":{"rendered":"<p><span style=\"color: #ff6600\"><strong>Africa-Press &#8211; Mali. <\/strong><\/span>La pre\u0301sence militaire franc\u0327aise au Mali n\u2019a rien re\u0301gle\u0301, au contraire la situation s\u2019est aggrave\u0301e\u00a0\u00bb.<\/p>\n<p>C\u2019est avec ces mots que Nouhoum Sarr, de\u0301pute\u0301 malien, et membre du Conseil National de Transition (CNT), a de\u0301crit l\u2019e\u0301tat des relations entre Bamako et Paris.<\/p>\n<p>Dans une interview accorde\u0301e a\u0300 Anadolu, Nouhoum Sarr est revenu sur les relations tre\u0300s complique\u0301es entre son pays et la France.<\/p>\n<p>Avant d\u2019entrer dans le vif du sujet, le de\u0301pute\u0301 malien a souhaite\u0301 s\u2019exprimer sur les tremblements de terre qui ont frappe\u0301 le 6 fe\u0301vrier le sud de la Tu\u0308rkiye.<\/p>\n<p>\u00ab\u00a0Nous avons e\u0301te\u0301 profonde\u0301ment choque\u0301s par cette terrible trage\u0301die que le peuple turc a ve\u0301cue. Nous pre\u0301sentons nos condole\u0301ances aux familles des victimes et a\u0300 l\u2019ensemble du peuple turc\u00a0\u00bb, a-t-il dit.<\/p>\n<p>Avant de proposer l\u2019aide de son pays pour surmonter cette trage\u0301die : \u00ab\u00a0Nous sommes disponibles pour accompagner, aider le gouvernement turc pour faire face a\u0300 cette e\u0301preuve. Nous faisons confiance a\u0300 la capacite\u0301 de re\u0301silience du peuple turc et nous ne doutons pas qu\u2019il arrivera a\u0300 se surpasser pour transcender cette terrible trage\u0301die. Nous sommes dispose\u0301s a\u0300 les accompagner, a\u0300 les soutenir et a\u0300 faire tout ce que nous pouvons, car les Turcs sont nos amis et nous sommes a\u0300 leur entie\u0300re disposition.\u00a0\u00bb<\/p>\n<p>Le Mali et son peuple, comme beaucoup d\u2019autres pays et peuples africains, ont fait preuve d\u2019une exceptionnelle solidarite\u0301 et compassion avec le drame ve\u0301cu par la Tu\u0308rkiye.<\/p>\n<p>Pour le politicien malien, cette solidarite\u0301 est le reflet de la mutation que traversent les pays et populations en Afrique.<\/p>\n<p>\u00ab\u00a0La jeunesse africaine qui n\u2019a pas connu la colonisation, qui n\u2019a pas connu les premie\u0300res anne\u0301es des inde\u0301pendances, est aujourd\u2019hui totalement de\u0301complexe\u0301e, et n\u2019a que pour seul de\u0301sir, celui de traiter avec toutes les nations d\u2019e\u0301gal a\u0300 e\u0301gal, dans le cadre d\u2019un partenariat gagnant-gagnant, et veut se de\u0301tacher des chaines de la domination, de la subordination \u00bb, explique-t-il.<\/p>\n<p>\u00ab\u00a0Ce n\u2019est plus l\u2019Afrique qui tend la main, qui vient mendier chez les grands pays, mais qui veut assumer son destin, sa posture de peuple libre\u00a0\u00bb, ajoute-t-il.<\/p>\n<p>Dans ce contexte, pour Sarr, il est totalement logique que les pays et peuples africains viennent en aide a\u0300 la Tu\u0308rkiye, un \u00ab\u00a0grand pays, source d\u2019inspiration\u00a0\u00bb.<\/p>\n<p>\u00ab\u00a0C\u2019est une coope\u0301ration exemplaire ! C\u2019est une coope\u0301ration qui a de beaux jours devant elle.\u00a0\u00bb<\/p>\n<p>Les mots de Nouhoum Sarr a\u0300 l\u2019e\u0301gard de la Tu\u0308rkiye sont sans appel. La Tu\u0308rkiye est un partenaire essentiel et solide du Mali, notamment dans sa lutte contre le terrorisme, explique-t-il.<\/p>\n<p>\u00ab\u00a0Nous venons d\u2019acque\u0301rir aupre\u0300s des Turcs des drones Bayraktar TB2, qui aujourd\u2019hui font la diffe\u0301rence sur le terrain face aux terroristes\u00a0\u00bb, indique-t-il.<\/p>\n<p>Un de\u0301veloppement qui contraste avec le comportement d\u2019autres pays, selon lui.<\/p>\n<p>\u00ab\u00a0Pendant que d\u2019autres pays nous imposent des embargos, ne nous vendent pas d\u2019armes pour faire face aux attaques dont nos populations sont victimes, pendant que d\u2019autres pays tentent de nous isoler, pendant que d\u2019autres pays font tout pour nous donner en mauvais exemple, les Turcs sont a\u0300 nos co\u0302te\u0301s, ils nous vendent des drones, ils nous donnent des renseignements, ils nous e\u0301quipent, ils nous assistent !\u00a0\u00bb, souligne-t-il.<\/p>\n<p>Et de poursuivre : \u00ab\u00a0Et nous ne pouvons que leur dire merci ! Merci a\u0300 ce grand peuple descendant des Ottomans, dire merci a\u0300 cette grande nation, qui a montre\u0301 au monde que l\u2019on peut se de\u0301velopper a\u0300 partir de chez soi.\u00a0\u00bb<\/p>\n<p>Ainsi donc, selon le de\u0301pute\u0301 malien, les relations entre Ankara et Bamako ne peuvent que se renforcer dans le temps, car elles re\u0301pondent aux attentes d\u2019un partenariat gagnant-gagnant, comme le souhaitent les Africains.<\/p>\n<p>\u00ab\u00a0Pour nous c\u2019est une belle source d\u2019inspiration, et je vous assure, non seulement les autorite\u0301s actuelles au Mali, mais aussi les autorite\u0301s a\u0300 venir, toute notre ge\u0301ne\u0301ration continuera a\u0300 travailler pour que se raffermissent les liens entre le peuple turc et le peuple malien, entre les autorite\u0301s turques et les autorite\u0301s maliennes.\u00a0\u00bb<\/p>\n<p>La Tu\u0308rkiye peut e\u0302tre un exemple pour le Mali dans de nombreux domaines divers et varie\u0301s, assure-t-il.<\/p>\n<p>\u00ab\u00a0J\u2019ai eu la chance de visiter de grands ho\u0302pitaux en Turquie, c\u2019est une belle source d\u2019inspiration. Nous pouvons diversifier ce partenariat dans d\u2019autres domaines, le domaine me\u0301dical, le domaine e\u0301nerge\u0301tique surtout, celui de l\u2019agriculture parce que la Turquie a une expertise nationale et nous souhaitons que nos amis turcs partagent cette expertise en mettant en avant le transfert de technologies.\u00a0\u00bb<\/p>\n<p>Quant a\u0300 la situation des relations bilate\u0301rales avec Paris, le membre du CNT malien n\u2019est pas tendre avec Paris.<\/p>\n<p>Il explique que l\u2019Histoire est au centre des difficulte\u0301s actuelles, autant que l\u2019approche et le comportement des dirigeants franc\u0327ais.<\/p>\n<p>\u00ab\u00a0Les relations avec l\u2019ex-puissance coloniale ne sont pas au beau fixe en raison des pe\u0301ripe\u0301ties de l\u2019histoire\u00a0\u00bb, confirme-t-il.<\/p>\n<p>Tout en insistant sur le fait que le Mali n\u2019a aucun proble\u0300me avec le peuple franc\u0327ais, \u00ab\u00a0grand peuple, celui des Lumie\u0300res, de la Liberte\u0301 et des Droits de l\u2019homme \u00bb, \u00ab mais les circonstances de l\u2019histoire ont fait que les dirigeants franc\u0327ais ont eu des attitudes pas tre\u0300s amicales avec le peuple malien\u00a0\u00bb.<\/p>\n<p>Les relations se sont encore complique\u0301es quand les Maliens ont \u00ab\u00a0fait le choix de la souverainete\u0301 nationale\u00a0\u00bb, affirme-t-il.<\/p>\n<p>\u00ab\u00a0Nous avons fait le choix de la souverainete\u0301 nationale, le choix de la de\u0301fense de nos inte\u0301re\u0302ts strate\u0301giques, le choix d\u2019assumer notre droit inalie\u0301nable de coope\u0301rer avec tous les pays du monde dans le cadre de nos inte\u0301re\u0302ts\u00a0\u00bb.<\/p>\n<p>Et de continuer : \u00ab\u00a0Aujourd\u2019hui les dirigeants maliens ont de\u0301cide\u0301 d\u2019assumer leur posture qui est de regarder les dirigeants franc\u0327ais et de leur dire \u00ab nous sommes d\u2019accord avec le partenariat, mais nous ne sommes pas d\u2019accord avec la domination, ce n\u2019est pas a\u0300 vous de nous dicter notre politique\u00a0\u00bb.<\/p>\n<p>Ce qui n\u2019a pas plu a\u0300 Paris, confie-t-il.<\/p>\n<p>\u00ab\u00a0Les dirigeants franc\u0327ais ont estime\u0301 que ce n\u2019e\u0301tait pas acceptable pour eux, et de fac\u0327on unilate\u0301rale, ils ont de\u0301cide\u0301 de retirer les forces Barkhane. Sans concertation avec le peuple malien, sans demander notre avis, sans me\u0302me en re\u0301fe\u0301rer aux autorite\u0301s\u00a0\u00bb.<\/p>\n<p>Dans ce contexte, le Mali ne pouvait que constater la de\u0301cision franc\u0327aise de se retirer, faisant confiance \u00ab\u00a0a\u0300 son peuple et les pays amis qui veulent l\u2019aider\u00a0\u00bb.<\/p>\n<p>\u00ab\u00a0Nous sommes aujourd\u2019hui en partenariat avec plusieurs pays, la Russie, la Turquie, la Chine, qui nous aident en nous fournissant des e\u0301quipements a\u0300 la pointe de la technologie, pour vraiment renforcer les capacite\u0301s ope\u0301rationnelles de l\u2019arme\u0301e nationale qui fait un excellent travail sur le terrain\u00a0\u00bb, partage-t-il, se fe\u0301licitant du passage des effectifs de l\u2019arme\u0301e nationale de 20 mille a\u0300 plus de 50 mille en l\u2019espace de 2 ans.<\/p>\n<p>Constatant une de\u0301gradation de la situation se\u0301curitaire dans son pays apre\u0300s l\u2019arrive\u0301e des forces franc\u0327aises, le de\u0301pute\u0301 a de\u0301fendu le de\u0301sir de liberte\u0301 et de souverainete\u0301 nationale voulu par les autorite\u0301s maliennes.<\/p>\n<p>\u00ab\u00a0Quand les forces aussi modernes, aussi e\u0301quipe\u0301es, d\u2019un pays aussi puissant que la France, sont sur votre territoire, et que la situation se\u0301curitaire s\u2019empire, vous e\u0302tes tente\u0301s d\u2019observer la situation se\u0301curitaire apre\u0300s leur de\u0301part. Parce qu\u2019elle n\u2019e\u0301tait pas comme c\u0327a avant leur arrive\u0301e, elle s\u2019est empire\u0301e avec leur arrive\u0301e\u00a0\u00bb, de\u0301fend-il.<\/p>\n<p>\u00ab\u00a0Nous avons donc teste\u0301 leur de\u0301part, pour revenir a\u0300 la situation d\u2019avant leur pre\u0301sence, parce qu\u2019avant, la situation e\u0301tait un peu maitrise\u0301e, mais avec leur pre\u0301sence elle a explose\u0301. Ce qui fait nai\u0302tre beaucoup de supputations, beaucoup de rumeurs, et donc nous sommes en train de tester cela\u00a0\u00bb, insiste-t-il.<\/p>\n<p>Et les re\u0301sultats commencent a\u0300 se faire ressentir, soutient-il.<\/p>\n<p>\u00ab\u00a0Donc pour le Mali les re\u0301sultats sont en train d\u2019e\u0302tre atteints, les groupes terroristes sont aujourd\u2019hui accule\u0301s, ils se manifestent par des attaques de banditisme, des attaques kamikazes, l\u2019attaque du camp de Kati en est la preuve, ils s\u2019attaquent aux civils, ils font de la gue\u0301rilla, c\u2019est c\u0327a la technique des terroristes, lorsqu\u2019elle est en train de perdre, elle se manifeste par le \u2018spectacle\u2019, des attaques spectaculaires\u00a0\u00bb, explique-t-il.<\/p>\n<p>Pour le de\u0301pute\u0301 malien, les pays voisins comme le Burkina Faso et la Guine\u0301e, sont en train de suivre le me\u0302me chemin.<\/p>\n<p>Le Burkina Faso, la Guine\u0301e, sont des pays qui traversent une situation un peu similaire. Ce sont des pays qui ont connu des renversements de re\u0301gimes, le Burkina et le Mali ont en connu 2 chacun, la Guine\u0301e 1, rappelle-t-il.<\/p>\n<p>\u00ab\u00a0Cette situation de malheur nous impose a\u0300 e\u0302tre ensemble pour faire face a\u0300 l\u2019ennemi. Et c\u2019est dans ce contexte-la\u0300 que nous sommes en train de de\u0301velopper des rapports se\u0301curitaires, l\u2019arme\u0301e malienne intervient re\u0301gulie\u0300rement sur le territoire burkinabe\u0301, en partenariat avec les forces burkinabe\u0301s. Le Mali est un exemple pour le Burkina, qui vient e\u0301galement de demander le de\u0301part des forces spe\u0301ciales franc\u0327aises, parce que leur pre\u0301sence n\u2019a servi a\u0300 rien. Malgre\u0301 leur pre\u0301sence, la situation se\u0301curitaire s\u2019est aggrave\u0301e\u00a0\u00bb, de\u0301fend-il.<\/p>\n<p>\u00ab\u00a0Nous sommes deux pays qui ne disposons pas suffisamment de ressources, nous avons donc obligation de mettre nos ressources en commun. C\u2019est ce que nous sommes en train de faire. La nature a fait que nous n\u2019avons pas d\u2019acce\u0300s au littoral, la Guine\u0301e est un pays qui a acce\u0300s a\u0300 la mer, elle se trouve dans une situation d\u2019exception comme nos deux pays, c\u2019est normal qu\u2019on se mette ensemble, c\u0327a fait des jaloux mais ce n\u2019est pas grave !\u00a0\u00bb, rapporte-t-il.<\/p>\n<p>Le Mali a connu l\u2019an passe\u0301 deux coups d\u2019Etat. Le pays, qui fait face a\u0300 des sanctions internationales, notamment de la Ce\u0301de\u0301ao (Communaute\u0301 e\u0301conomique des E\u0301tats de l&rsquo;Afrique de l&rsquo;Ouest), ope\u0300re une pe\u0301riode de transition.<\/p>\n<p>\u00ab\u00a0Nous faisons tout pour que les relations avec la Ce\u0301de\u0301ao soient des relations fraternelles, continuent a\u0300 l\u2019e\u0302tre. Notre pays a e\u0301te\u0301 la cheville ouvrie\u0300re de la cre\u0301ation de la Ce\u0301de\u0301ao, la semence de la Ce\u0301de\u0301ao a germe\u0301 au Mali en 1975\u00a0\u00bb, rappelle-t-il.<\/p>\n<p>\u00ab\u00a0Donc, nous avons, a\u0300 un moment donne\u0301, exprime\u0301 nos incompre\u0301hensions face a\u0300 l\u2019attitude de la Ce\u0301de\u0301ao, qui, tout le monde l\u2019a constate\u0301, a e\u0301te\u0301 fortement influence\u0301e par des puissances extrare\u0301gionales, ces puissances-la\u0300, en l\u2019occurrence l\u2019ex-puissance coloniale, n\u2019ont que d\u2019autres objectifs, celui d\u2019isoler le Mali, de continuer a\u0300 imposer a\u0300 notre peuple un mode\u0300le qui n\u2019est pas le no\u0302tre, a\u0300 faire en sorte que nous continuons a\u0300 e\u0302tre l\u2019enfant soumis, et c\u0327a nous avons dit NON !\u00a0\u00bb, poursuit-il.<\/p>\n<p>\u00ab\u00a0La Ce\u0301de\u0301ao avait pris un mauvais chemin. Je crois qu\u2019elle est vraiment en train de revenir a\u0300 des meilleurs sentiments. L\u2019Envoye\u0301 spe\u0301cial M. Goodluck Jonathan vient de quitter Bamako la semaine dernie\u0300re, et il a eu des mots tre\u0300s aimables a\u0300 l\u2019e\u0301gard du processus de transition \u00bb, confie-t-il.<\/p>\n<p>Et d\u2019ajouter : \u00ab\u00a0Le processus de transition suit son cours normalement malgre\u0301 les difficulte\u0301s. Ce n\u2019est pas a\u0300 vous, Turcs, qu\u2019on va dire que quand un peuple veut se libe\u0301rer qu\u2019il ne connait pas de difficulte\u0301s. Lorsque vous de\u0301cidez d\u2019assumer votre souverainete\u0301, de vous libe\u0301rer, on fait tout pour que vous connaissiez des difficulte\u0301s. Donc le Mali connait aujourd\u2019hui certaines difficulte\u0301s, d\u2019ordre e\u0301conomique, financier &#8230; mais tous les peuples qui se sont libe\u0301re\u0301s sont force\u0301ment passe\u0301s par la\u0300.\u00a0\u00bb<\/p>\n<p>Et de conclure : \u00ab\u00a0Nous pensons que c\u2019est notre tour de passer par la\u0300, pour que demain, nos enfants et nos petits-enfants puissent vivre dans un pays ou\u0300 sa souverainete\u0301 est respecte\u0301e, ou\u0300 l\u2019e\u0301conomie pourra de\u0301coller, ou\u0300 la se\u0301curite\u0301 sera revenue, ou\u0300 le parc sanitaire sera renouvele\u0301, ou\u0300 l\u2019e\u0301nergie sera maitrise\u0301e et l\u2019agriculture connaitra un essor. C\u2019est notre objectif, c\u2019est pourquoi nous acceptons de souffrir aujourd\u2019hui, nous acceptons de faire face a\u0300 toute sorte d\u2019adversite\u0301, pour que notre pays puisse se relever, dans la dignite\u0301, dans le respect, et surtout dans la paix.\u00a0\u00bb<\/p>\n<p><strong>Pour plus d&rsquo;informations et d&rsquo;analyses sur la <a href=\"https:\/\/www.africa-press.net\/mali\">Mali<\/a>, suivez <a href=\"https:\/\/www.africa-press.net\/\">Africa-Press<\/a><\/strong><\/p>\n","protected":false},"excerpt":{"rendered":"<p>Africa-Press &#8211; Mali. La pre\u0301sence militaire franc\u0327aise au Mali n\u2019a rien re\u0301gle\u0301, au contraire la situation s\u2019est aggrave\u0301e\u00a0\u00bb. C\u2019est avec ces mots que Nouhoum Sarr, de\u0301pute\u0301 malien, et membre du Conseil National de Transition (CNT), a de\u0301crit l\u2019e\u0301tat des relations entre Bamako et Paris. Dans une interview accorde\u0301e a\u0300 Anadolu, Nouhoum Sarr est revenu sur [&hellip;]<\/p>\n","protected":false},"author":82,"featured_media":31262,"comment_status":"open","ping_status":"closed","sticky":false,"template":"","format":"standard","meta":{"footnotes":""},"categories":[7,5,17],"tags":[76,86,19],"class_list":["post-31263","post","type-post","status-publish","format-standard","has-post-thumbnail","hentry","category-politique","category-top-nouvelles","category-toutes-les-actualites","tag-africa-press","tag-africa-press-mali","tag-mali"],"yoast_head":"<!-- This site is optimized with the Yoast SEO Premium plugin v26.1 (Yoast SEO v27.0) - https:\/\/yoast.com\/product\/yoast-seo-premium-wordpress\/ -->\n<title>Nouhoum Sarr : &quot;La pr\u00e9sence militaire fran\u00e7aise au Mali n\u2019a rien r\u00e9gl\u00e9, au contraire la situation s\u2019est aggrav\u00e9e&quot; - Mali<\/title>\n<meta name=\"description\" content=\"La pre\u0301sence militaire franc\u0327aise au Mali n\u2019a rien re\u0301gle\u0301, au contraire la situation s\u2019est aggrave\u0301e&quot;. C\u2019est avec ces ...\" \/>\n<meta name=\"robots\" content=\"index, follow, max-snippet:-1, max-image-preview:large, max-video-preview:-1\" \/>\n<link rel=\"canonical\" href=\"https:\/\/www.africa-press.net\/mali\/top-nouvelles\/nouhoum-sarr-la-presence-militaire-francaise-au-mali-na-rien-regle-au-contraire-la-situation-sest-aggravee\" \/>\n<meta property=\"og:locale\" content=\"fr_FR\" \/>\n<meta property=\"og:type\" content=\"article\" \/>\n<meta property=\"og:title\" content=\"Nouhoum Sarr : &quot;La pr\u00e9sence militaire fran\u00e7aise au Mali n\u2019a rien r\u00e9gl\u00e9, au contraire la situation s\u2019est aggrav\u00e9e&quot;\" \/>\n<meta property=\"og:description\" content=\"La pre\u0301sence militaire franc\u0327aise au Mali n\u2019a rien re\u0301gle\u0301, au contraire la situation s\u2019est aggrave\u0301e&quot;. C\u2019est avec ces ...\" \/>\n<meta property=\"og:url\" content=\"https:\/\/www.africa-press.net\/mali\/top-nouvelles\/nouhoum-sarr-la-presence-militaire-francaise-au-mali-na-rien-regle-au-contraire-la-situation-sest-aggravee\" \/>\n<meta property=\"og:site_name\" content=\"Mali\" \/>\n<meta property=\"article:publisher\" content=\"https:\/\/www.facebook.com\/AfricaPressTunisiaa\" \/>\n<meta property=\"article:published_time\" content=\"2023-02-28T14:08:14+00:00\" \/>\n<meta property=\"article:modified_time\" content=\"2023-02-28T14:28:52+00:00\" \/>\n<meta property=\"og:image\" content=\"https:\/\/static.africa-press.net\/mali\/sites\/21\/2023\/02\/postQueueImg_1677580715.21.jpg\" \/>\n\t<meta property=\"og:image:width\" content=\"864\" \/>\n\t<meta property=\"og:image:height\" content=\"486\" \/>\n\t<meta property=\"og:image:type\" content=\"image\/jpeg\" \/>\n<meta name=\"author\" content=\"cfeditorfr\" \/>\n<meta name=\"twitter:card\" content=\"summary_large_image\" \/>\n<meta name=\"twitter:label1\" content=\"\u00c9crit par\" \/>\n\t<meta name=\"twitter:data1\" content=\"cfeditorfr\" \/>\n\t<meta name=\"twitter:label2\" content=\"Dur\u00e9e de lecture estim\u00e9e\" \/>\n\t<meta name=\"twitter:data2\" content=\"10 minutes\" \/>\n<script type=\"application\/ld+json\" class=\"yoast-schema-graph\">{\"@context\":\"https:\/\/schema.org\",\"@graph\":[{\"@type\":\"Article\",\"@id\":\"https:\/\/www.africa-press.net\/mali\/top-nouvelles\/nouhoum-sarr-la-presence-militaire-francaise-au-mali-na-rien-regle-au-contraire-la-situation-sest-aggravee#article\",\"isPartOf\":{\"@id\":\"https:\/\/www.africa-press.net\/mali\/top-nouvelles\/nouhoum-sarr-la-presence-militaire-francaise-au-mali-na-rien-regle-au-contraire-la-situation-sest-aggravee\"},\"author\":{\"name\":\"cfeditorfr\",\"@id\":\"https:\/\/www.africa-press.net\/mali\/#\/schema\/person\/2b1cf3cd81a31e3cd26889ca66d677f1\"},\"headline\":\"Nouhoum Sarr : \u00ab\u00a0La pr\u00e9sence militaire fran\u00e7aise au Mali n\u2019a rien r\u00e9gl\u00e9, au contraire la situation s\u2019est aggrav\u00e9e\u00a0\u00bb\",\"datePublished\":\"2023-02-28T14:08:14+00:00\",\"dateModified\":\"2023-02-28T14:28:52+00:00\",\"mainEntityOfPage\":{\"@id\":\"https:\/\/www.africa-press.net\/mali\/top-nouvelles\/nouhoum-sarr-la-presence-militaire-francaise-au-mali-na-rien-regle-au-contraire-la-situation-sest-aggravee\"},\"wordCount\":2222,\"commentCount\":0,\"image\":{\"@id\":\"https:\/\/www.africa-press.net\/mali\/top-nouvelles\/nouhoum-sarr-la-presence-militaire-francaise-au-mali-na-rien-regle-au-contraire-la-situation-sest-aggravee#primaryimage\"},\"thumbnailUrl\":\"https:\/\/static.africa-press.net\/mali\/sites\/21\/2023\/02\/postQueueImg_1677580715.21.jpg\",\"keywords\":[\"Africa Press\",\"Africa Press-Mali\",\"mali\"],\"articleSection\":[\"Politique\",\"Top Nouvelles\",\"Toutes les actualit\u00e9s\"],\"inLanguage\":\"fr-FR\",\"potentialAction\":[{\"@type\":\"CommentAction\",\"name\":\"Comment\",\"target\":[\"https:\/\/www.africa-press.net\/mali\/top-nouvelles\/nouhoum-sarr-la-presence-militaire-francaise-au-mali-na-rien-regle-au-contraire-la-situation-sest-aggravee#respond\"]}]},{\"@type\":\"WebPage\",\"@id\":\"https:\/\/www.africa-press.net\/mali\/top-nouvelles\/nouhoum-sarr-la-presence-militaire-francaise-au-mali-na-rien-regle-au-contraire-la-situation-sest-aggravee\",\"url\":\"https:\/\/www.africa-press.net\/mali\/top-nouvelles\/nouhoum-sarr-la-presence-militaire-francaise-au-mali-na-rien-regle-au-contraire-la-situation-sest-aggravee\",\"name\":\"Nouhoum Sarr : \\\"La pr\u00e9sence militaire fran\u00e7aise au Mali n\u2019a rien r\u00e9gl\u00e9, au contraire la situation s\u2019est aggrav\u00e9e\\\" - Mali\",\"isPartOf\":{\"@id\":\"https:\/\/www.africa-press.net\/mali\/#website\"},\"primaryImageOfPage\":{\"@id\":\"https:\/\/www.africa-press.net\/mali\/top-nouvelles\/nouhoum-sarr-la-presence-militaire-francaise-au-mali-na-rien-regle-au-contraire-la-situation-sest-aggravee#primaryimage\"},\"image\":{\"@id\":\"https:\/\/www.africa-press.net\/mali\/top-nouvelles\/nouhoum-sarr-la-presence-militaire-francaise-au-mali-na-rien-regle-au-contraire-la-situation-sest-aggravee#primaryimage\"},\"thumbnailUrl\":\"https:\/\/static.africa-press.net\/mali\/sites\/21\/2023\/02\/postQueueImg_1677580715.21.jpg\",\"datePublished\":\"2023-02-28T14:08:14+00:00\",\"dateModified\":\"2023-02-28T14:28:52+00:00\",\"author\":{\"@id\":\"https:\/\/www.africa-press.net\/mali\/#\/schema\/person\/2b1cf3cd81a31e3cd26889ca66d677f1\"},\"description\":\"La pre\u0301sence militaire franc\u0327aise au Mali n\u2019a rien re\u0301gle\u0301, au contraire la situation s\u2019est aggrave\u0301e\\\". C\u2019est avec ces ...\",\"breadcrumb\":{\"@id\":\"https:\/\/www.africa-press.net\/mali\/top-nouvelles\/nouhoum-sarr-la-presence-militaire-francaise-au-mali-na-rien-regle-au-contraire-la-situation-sest-aggravee#breadcrumb\"},\"inLanguage\":\"fr-FR\",\"potentialAction\":[{\"@type\":\"ReadAction\",\"target\":[\"https:\/\/www.africa-press.net\/mali\/top-nouvelles\/nouhoum-sarr-la-presence-militaire-francaise-au-mali-na-rien-regle-au-contraire-la-situation-sest-aggravee\"]}]},{\"@type\":\"ImageObject\",\"inLanguage\":\"fr-FR\",\"@id\":\"https:\/\/www.africa-press.net\/mali\/top-nouvelles\/nouhoum-sarr-la-presence-militaire-francaise-au-mali-na-rien-regle-au-contraire-la-situation-sest-aggravee#primaryimage\",\"url\":\"https:\/\/static.africa-press.net\/mali\/sites\/21\/2023\/02\/postQueueImg_1677580715.21.jpg\",\"contentUrl\":\"https:\/\/static.africa-press.net\/mali\/sites\/21\/2023\/02\/postQueueImg_1677580715.21.jpg\",\"width\":864,\"height\":486,\"caption\":\"Nouhoum Sarr : \\\"La pr\u00e9sence militaire fran\u00e7aise au Mali n\u2019a rien r\u00e9gl\u00e9, au contraire la situation s\u2019est aggrav\u00e9e\\\"\"},{\"@type\":\"BreadcrumbList\",\"@id\":\"https:\/\/www.africa-press.net\/mali\/top-nouvelles\/nouhoum-sarr-la-presence-militaire-francaise-au-mali-na-rien-regle-au-contraire-la-situation-sest-aggravee#breadcrumb\",\"itemListElement\":[{\"@type\":\"ListItem\",\"position\":1,\"name\":\"Home\",\"item\":\"https:\/\/www.africa-press.net\/mali\/\"},{\"@type\":\"ListItem\",\"position\":2,\"name\":\"Nouhoum Sarr : \u00ab\u00a0La pr\u00e9sence militaire fran\u00e7aise au Mali n\u2019a rien r\u00e9gl\u00e9, au contraire la situation s\u2019est aggrav\u00e9e\u00a0\u00bb\"}]},{\"@type\":\"WebSite\",\"@id\":\"https:\/\/www.africa-press.net\/mali\/#website\",\"url\":\"https:\/\/www.africa-press.net\/mali\/\",\"name\":\"Mali\",\"description\":\"Just another Africa News Agency Sites site\",\"potentialAction\":[{\"@type\":\"SearchAction\",\"target\":{\"@type\":\"EntryPoint\",\"urlTemplate\":\"https:\/\/www.africa-press.net\/mali\/?s={search_term_string}\"},\"query-input\":{\"@type\":\"PropertyValueSpecification\",\"valueRequired\":true,\"valueName\":\"search_term_string\"}}],\"inLanguage\":\"fr-FR\"},{\"@type\":\"Person\",\"@id\":\"https:\/\/www.africa-press.net\/mali\/#\/schema\/person\/2b1cf3cd81a31e3cd26889ca66d677f1\",\"name\":\"cfeditorfr\"}]}<\/script>\n<!-- \/ Yoast SEO Premium plugin. -->","yoast_head_json":{"title":"Nouhoum Sarr : \"La pr\u00e9sence militaire fran\u00e7aise au Mali n\u2019a rien r\u00e9gl\u00e9, au contraire la situation s\u2019est aggrav\u00e9e\" - Mali","description":"La pre\u0301sence militaire franc\u0327aise au Mali n\u2019a rien re\u0301gle\u0301, au contraire la situation s\u2019est aggrave\u0301e\". C\u2019est avec ces ...","robots":{"index":"index","follow":"follow","max-snippet":"max-snippet:-1","max-image-preview":"max-image-preview:large","max-video-preview":"max-video-preview:-1"},"canonical":"https:\/\/www.africa-press.net\/mali\/top-nouvelles\/nouhoum-sarr-la-presence-militaire-francaise-au-mali-na-rien-regle-au-contraire-la-situation-sest-aggravee","og_locale":"fr_FR","og_type":"article","og_title":"Nouhoum Sarr : \"La pr\u00e9sence militaire fran\u00e7aise au Mali n\u2019a rien r\u00e9gl\u00e9, au contraire la situation s\u2019est aggrav\u00e9e\"","og_description":"La pre\u0301sence militaire franc\u0327aise au Mali n\u2019a rien re\u0301gle\u0301, au contraire la situation s\u2019est aggrave\u0301e\". C\u2019est avec ces ...","og_url":"https:\/\/www.africa-press.net\/mali\/top-nouvelles\/nouhoum-sarr-la-presence-militaire-francaise-au-mali-na-rien-regle-au-contraire-la-situation-sest-aggravee","og_site_name":"Mali","article_publisher":"https:\/\/www.facebook.com\/AfricaPressTunisiaa","article_published_time":"2023-02-28T14:08:14+00:00","article_modified_time":"2023-02-28T14:28:52+00:00","og_image":[{"width":864,"height":486,"url":"https:\/\/static.africa-press.net\/mali\/sites\/21\/2023\/02\/postQueueImg_1677580715.21.jpg","type":"image\/jpeg"}],"author":"cfeditorfr","twitter_card":"summary_large_image","twitter_misc":{"\u00c9crit par":"cfeditorfr","Dur\u00e9e de lecture estim\u00e9e":"10 minutes"},"schema":{"@context":"https:\/\/schema.org","@graph":[{"@type":"Article","@id":"https:\/\/www.africa-press.net\/mali\/top-nouvelles\/nouhoum-sarr-la-presence-militaire-francaise-au-mali-na-rien-regle-au-contraire-la-situation-sest-aggravee#article","isPartOf":{"@id":"https:\/\/www.africa-press.net\/mali\/top-nouvelles\/nouhoum-sarr-la-presence-militaire-francaise-au-mali-na-rien-regle-au-contraire-la-situation-sest-aggravee"},"author":{"name":"cfeditorfr","@id":"https:\/\/www.africa-press.net\/mali\/#\/schema\/person\/2b1cf3cd81a31e3cd26889ca66d677f1"},"headline":"Nouhoum Sarr : \u00ab\u00a0La pr\u00e9sence militaire fran\u00e7aise au Mali n\u2019a rien r\u00e9gl\u00e9, au contraire la situation s\u2019est aggrav\u00e9e\u00a0\u00bb","datePublished":"2023-02-28T14:08:14+00:00","dateModified":"2023-02-28T14:28:52+00:00","mainEntityOfPage":{"@id":"https:\/\/www.africa-press.net\/mali\/top-nouvelles\/nouhoum-sarr-la-presence-militaire-francaise-au-mali-na-rien-regle-au-contraire-la-situation-sest-aggravee"},"wordCount":2222,"commentCount":0,"image":{"@id":"https:\/\/www.africa-press.net\/mali\/top-nouvelles\/nouhoum-sarr-la-presence-militaire-francaise-au-mali-na-rien-regle-au-contraire-la-situation-sest-aggravee#primaryimage"},"thumbnailUrl":"https:\/\/static.africa-press.net\/mali\/sites\/21\/2023\/02\/postQueueImg_1677580715.21.jpg","keywords":["Africa Press","Africa Press-Mali","mali"],"articleSection":["Politique","Top Nouvelles","Toutes les actualit\u00e9s"],"inLanguage":"fr-FR","potentialAction":[{"@type":"CommentAction","name":"Comment","target":["https:\/\/www.africa-press.net\/mali\/top-nouvelles\/nouhoum-sarr-la-presence-militaire-francaise-au-mali-na-rien-regle-au-contraire-la-situation-sest-aggravee#respond"]}]},{"@type":"WebPage","@id":"https:\/\/www.africa-press.net\/mali\/top-nouvelles\/nouhoum-sarr-la-presence-militaire-francaise-au-mali-na-rien-regle-au-contraire-la-situation-sest-aggravee","url":"https:\/\/www.africa-press.net\/mali\/top-nouvelles\/nouhoum-sarr-la-presence-militaire-francaise-au-mali-na-rien-regle-au-contraire-la-situation-sest-aggravee","name":"Nouhoum Sarr : \"La pr\u00e9sence militaire fran\u00e7aise au Mali n\u2019a rien r\u00e9gl\u00e9, au contraire la situation s\u2019est aggrav\u00e9e\" - Mali","isPartOf":{"@id":"https:\/\/www.africa-press.net\/mali\/#website"},"primaryImageOfPage":{"@id":"https:\/\/www.africa-press.net\/mali\/top-nouvelles\/nouhoum-sarr-la-presence-militaire-francaise-au-mali-na-rien-regle-au-contraire-la-situation-sest-aggravee#primaryimage"},"image":{"@id":"https:\/\/www.africa-press.net\/mali\/top-nouvelles\/nouhoum-sarr-la-presence-militaire-francaise-au-mali-na-rien-regle-au-contraire-la-situation-sest-aggravee#primaryimage"},"thumbnailUrl":"https:\/\/static.africa-press.net\/mali\/sites\/21\/2023\/02\/postQueueImg_1677580715.21.jpg","datePublished":"2023-02-28T14:08:14+00:00","dateModified":"2023-02-28T14:28:52+00:00","author":{"@id":"https:\/\/www.africa-press.net\/mali\/#\/schema\/person\/2b1cf3cd81a31e3cd26889ca66d677f1"},"description":"La pre\u0301sence militaire franc\u0327aise au Mali n\u2019a rien re\u0301gle\u0301, au contraire la situation s\u2019est aggrave\u0301e\". C\u2019est avec ces ...","breadcrumb":{"@id":"https:\/\/www.africa-press.net\/mali\/top-nouvelles\/nouhoum-sarr-la-presence-militaire-francaise-au-mali-na-rien-regle-au-contraire-la-situation-sest-aggravee#breadcrumb"},"inLanguage":"fr-FR","potentialAction":[{"@type":"ReadAction","target":["https:\/\/www.africa-press.net\/mali\/top-nouvelles\/nouhoum-sarr-la-presence-militaire-francaise-au-mali-na-rien-regle-au-contraire-la-situation-sest-aggravee"]}]},{"@type":"ImageObject","inLanguage":"fr-FR","@id":"https:\/\/www.africa-press.net\/mali\/top-nouvelles\/nouhoum-sarr-la-presence-militaire-francaise-au-mali-na-rien-regle-au-contraire-la-situation-sest-aggravee#primaryimage","url":"https:\/\/static.africa-press.net\/mali\/sites\/21\/2023\/02\/postQueueImg_1677580715.21.jpg","contentUrl":"https:\/\/static.africa-press.net\/mali\/sites\/21\/2023\/02\/postQueueImg_1677580715.21.jpg","width":864,"height":486,"caption":"Nouhoum Sarr : \"La pr\u00e9sence militaire fran\u00e7aise au Mali n\u2019a rien r\u00e9gl\u00e9, au contraire la situation s\u2019est aggrav\u00e9e\""},{"@type":"BreadcrumbList","@id":"https:\/\/www.africa-press.net\/mali\/top-nouvelles\/nouhoum-sarr-la-presence-militaire-francaise-au-mali-na-rien-regle-au-contraire-la-situation-sest-aggravee#breadcrumb","itemListElement":[{"@type":"ListItem","position":1,"name":"Home","item":"https:\/\/www.africa-press.net\/mali\/"},{"@type":"ListItem","position":2,"name":"Nouhoum Sarr : \u00ab\u00a0La pr\u00e9sence militaire fran\u00e7aise au Mali n\u2019a rien r\u00e9gl\u00e9, au contraire la situation s\u2019est aggrav\u00e9e\u00a0\u00bb"}]},{"@type":"WebSite","@id":"https:\/\/www.africa-press.net\/mali\/#website","url":"https:\/\/www.africa-press.net\/mali\/","name":"Mali","description":"Just another Africa News Agency Sites site","potentialAction":[{"@type":"SearchAction","target":{"@type":"EntryPoint","urlTemplate":"https:\/\/www.africa-press.net\/mali\/?s={search_term_string}"},"query-input":{"@type":"PropertyValueSpecification","valueRequired":true,"valueName":"search_term_string"}}],"inLanguage":"fr-FR"},{"@type":"Person","@id":"https:\/\/www.africa-press.net\/mali\/#\/schema\/person\/2b1cf3cd81a31e3cd26889ca66d677f1","name":"cfeditorfr"}]}},"_links":{"self":[{"href":"https:\/\/www.africa-press.net\/mali\/wp-json\/wp\/v2\/posts\/31263","targetHints":{"allow":["GET"]}}],"collection":[{"href":"https:\/\/www.africa-press.net\/mali\/wp-json\/wp\/v2\/posts"}],"about":[{"href":"https:\/\/www.africa-press.net\/mali\/wp-json\/wp\/v2\/types\/post"}],"author":[{"embeddable":true,"href":"https:\/\/www.africa-press.net\/mali\/wp-json\/wp\/v2\/users\/82"}],"replies":[{"embeddable":true,"href":"https:\/\/www.africa-press.net\/mali\/wp-json\/wp\/v2\/comments?post=31263"}],"version-history":[{"count":0,"href":"https:\/\/www.africa-press.net\/mali\/wp-json\/wp\/v2\/posts\/31263\/revisions"}],"wp:featuredmedia":[{"embeddable":true,"href":"https:\/\/www.africa-press.net\/mali\/wp-json\/wp\/v2\/media\/31262"}],"wp:attachment":[{"href":"https:\/\/www.africa-press.net\/mali\/wp-json\/wp\/v2\/media?parent=31263"}],"wp:term":[{"taxonomy":"category","embeddable":true,"href":"https:\/\/www.africa-press.net\/mali\/wp-json\/wp\/v2\/categories?post=31263"},{"taxonomy":"post_tag","embeddable":true,"href":"https:\/\/www.africa-press.net\/mali\/wp-json\/wp\/v2\/tags?post=31263"}],"curies":[{"name":"wp","href":"https:\/\/api.w.org\/{rel}","templated":true}]}}