{"id":31269,"date":"2023-02-28T14:11:08","date_gmt":"2023-02-28T14:11:08","guid":{"rendered":"https:\/\/www.africa-press.net\/mali\/politique\/serie-de-greves-dans-les-secteurs-de-la-justice-et-la-sante"},"modified":"2023-02-28T14:33:28","modified_gmt":"2023-02-28T14:33:28","slug":"serie-de-greves-dans-les-secteurs-de-la-justice-et-la-sante","status":"publish","type":"post","link":"https:\/\/www.africa-press.net\/mali\/communaute\/serie-de-greves-dans-les-secteurs-de-la-justice-et-la-sante","title":{"rendered":"S\u00e9rie de gr\u00e8ves dans les secteurs de la justice et la sant\u00e9"},"content":{"rendered":"<p><span style=\"color: #ff6600\"><strong>Africa-Press &#8211; Mali. <\/strong><\/span>Une se\u0301rie de gre\u0300ves dans les secteurs de la justice et la sante\u0301 a de\u0301bute\u0301, lundi, au Mali a constate\u0301 le correspondant d&rsquo;Anadolu a\u0300 Bamako.<\/p>\n<p>La section syndicale de la justice du Syndicat des travailleurs d&rsquo;administration publique a entame\u0301, lundi, une gre\u0300ve de 5 jours, reconductible, allant du 27 fe\u0301vrier au 3 mars 2023, sur l&rsquo;e\u0301tendue du territoire national, a-t-on appris du syndicat.<\/p>\n<p>Les responsables syndicaux revendiquent l&rsquo;octroi de l&rsquo;indemnite\u0301 de participation a\u0300 la judicature a de\u0301clare\u0301 a\u0300 Anadolu, Issa Se\u0301kou Sidibe\u0301 secre\u0301taire ge\u0301ne\u0301ral du Syndicat des Travailleurs d&rsquo;Administration Publique.<\/p>\n<p>\u00ab Nous re\u0301clamons un seul point de revendication relatif a\u0300 l&rsquo;octroi de l&rsquo;indemnite\u0301 de participation a\u0300 la judicature dont les tous premiers travaux ont commence\u0301 depuis l&rsquo;anne\u0301e 2017. Donc pratiquement, 5 ans de train-train, de pre\u0301avis de gre\u0300ve en pre\u0301avis de gre\u0300ve&#8230; la section syndicale se veut un syndicat responsable pour discuter par le dialogue dans un cadre pacifie\u0301&#8230; nous avons, largement fourni beaucoup de concessions en suspendant l&rsquo;exe\u0301cution de notre mot d&rsquo;ordre de gre\u0300ve \u00bb, a -t-il souligne\u0301.<\/p>\n<p>Et Issa Se\u0301kou Sidibe\u0301 d&rsquo;ajouter : \u00ab Suite a\u0300 des ne\u0301gociations qui ont eu lieu courant de\u0301cembre 2022, les membres de la commission de conciliation nous ont demande\u0301 de fournir l&rsquo;effort en leur accordant une pe\u0301riode moratoire jusqu&rsquo;en janvier, affirmant qu&rsquo;ils feront tout pour que cette revendication puisse aboutir. Alors nous sommes au regret de constater que les documents ayant e\u0301te\u0301 e\u0301labore\u0301 pour le projet de de\u0301cret concernant l&rsquo;octroi de l&rsquo;indemnite\u0301 de participation a\u0300 la judicature en faveur des travailleurs du secteur de la justice a e\u0301te\u0301 rejete\u0301 par le ministre des Finances \u00bb.<\/p>\n<p>Au me\u0302me moment, le syndicat national de la sante\u0301, de l&rsquo;action sociale et la promotion de la famille de l&rsquo;ho\u0302pital Gabriel Toure\u0301 a aussi engage\u0301, ce lundi, une gre\u0300ve illimite\u0301e. Le syndicat du personnel de l&rsquo;ho\u0302pital Gabriel Toure\u0301 exige l&rsquo;ame\u0301lioration du plateau technique ve\u0301tuste. Djime\u0301 Kante\u0301 membre du syndicat a indique\u0301 a\u0300 Anadolu, qu&rsquo; il est \u00ab impossible de travailler avec les e\u0301quipements actuels au sein de l&rsquo;ho\u0302pital \u00bb.<\/p>\n<p>\u00ab Le service minimum sera observe\u0301 et nous pensons aller jusqu&rsquo;au bout enfin que nous puissions avoir le minimum de condition de travail \u00bb, a-t-il de\u0301clare\u0301.<\/p>\n<p>Ces gre\u0300ves illimite\u0301es dans le secteur de la sante\u0301 sont de\u0301nonce\u0301es par les patients et leurs accompagnants qui ne cachent pas leur cole\u0300re. Ce lundi, au CHU Gabriel Toure\u0301, certains patients e\u0301taient oblige\u0301s de rentrer chez eux sans be\u0301ne\u0301ficier de soins. Ils demandent au gouvernement et aux gre\u0301vistes de trouver vite un compromis.<\/p>\n<p>\u00ab Nous avons nos ordonnances mais les me\u0301decins ne sont pas accessibles&#8230; certains sont en train d&rsquo;implorer ceux qui s&rsquo;occupent du service minimum pour qu&rsquo;ils acceptent de leur administrer les soins ne\u0301cessaires\u00bb, nous explique Moussa Kone\u0301.<\/p>\n<p>De son co\u0302te\u0301, Aissata Diarra, une autre patiente affirme que \u00ab le service minimum est assure\u0301 par les stagiaires en attendant la fin de la gre\u0300ve. Ils ne font que nous pre\u0301inscrire des ordonnances. Une situation vraiment trop complique\u0301e, a\u0300 chaque gre\u0300ve dans les structures sanitaires. L&rsquo;E\u0301tat doit prendre ses responsabilite\u0301s et empe\u0302cher toute gre\u0300ve dans les centres de sante\u0301. Me voila\u0300 retourne\u0301 a\u0300 la maison sans aucune prise en charge \u00bb.<\/p>\n<p><strong>Pour plus d&rsquo;informations et d&rsquo;analyses sur la <a href=\"https:\/\/www.africa-press.net\/mali\">Mali<\/a>, suivez <a href=\"https:\/\/www.africa-press.net\/\">Africa-Press<\/a><\/strong><\/p>\n","protected":false},"excerpt":{"rendered":"<p>Africa-Press &#8211; Mali. Une se\u0301rie de gre\u0300ves dans les secteurs de la justice et la sante\u0301 a de\u0301bute\u0301, lundi, au Mali a constate\u0301 le correspondant d&rsquo;Anadolu a\u0300 Bamako. La section syndicale de la justice du Syndicat des travailleurs d&rsquo;administration publique a entame\u0301, lundi, une gre\u0300ve de 5 jours, reconductible, allant du 27 fe\u0301vrier au 3 [&hellip;]<\/p>\n","protected":false},"author":82,"featured_media":31268,"comment_status":"open","ping_status":"closed","sticky":false,"template":"","format":"standard","meta":{"footnotes":""},"categories":[4,7,17],"tags":[76,86,19],"class_list":["post-31269","post","type-post","status-publish","format-standard","has-post-thumbnail","hentry","category-communaute","category-politique","category-toutes-les-actualites","tag-africa-press","tag-africa-press-mali","tag-mali"],"yoast_head":"<!-- This site is optimized with the Yoast SEO Premium plugin v26.1 (Yoast SEO v27.0) - https:\/\/yoast.com\/product\/yoast-seo-premium-wordpress\/ -->\n<title>S\u00e9rie de gr\u00e8ves dans les secteurs de la justice et la sant\u00e9 - Mali<\/title>\n<meta name=\"description\" content=\"Une se\u0301rie de gre\u0300ves dans les secteurs de la justice et la sante\u0301 a de\u0301bute\u0301, lundi, au Mali a constate\u0301 le corresponda ...\" \/>\n<meta name=\"robots\" content=\"index, follow, max-snippet:-1, max-image-preview:large, max-video-preview:-1\" \/>\n<link rel=\"canonical\" href=\"https:\/\/www.africa-press.net\/mali\/communaute\/serie-de-greves-dans-les-secteurs-de-la-justice-et-la-sante\" \/>\n<meta property=\"og:locale\" content=\"fr_FR\" \/>\n<meta property=\"og:type\" content=\"article\" \/>\n<meta property=\"og:title\" content=\"S\u00e9rie de gr\u00e8ves dans les secteurs de la justice et la sant\u00e9\" \/>\n<meta property=\"og:description\" content=\"Une se\u0301rie de gre\u0300ves dans les secteurs de la justice et la sante\u0301 a de\u0301bute\u0301, lundi, au Mali a constate\u0301 le corresponda ...\" \/>\n<meta property=\"og:url\" content=\"https:\/\/www.africa-press.net\/mali\/communaute\/serie-de-greves-dans-les-secteurs-de-la-justice-et-la-sante\" \/>\n<meta property=\"og:site_name\" content=\"Mali\" \/>\n<meta property=\"article:publisher\" content=\"https:\/\/www.facebook.com\/AfricaPressTunisiaa\" \/>\n<meta property=\"article:published_time\" content=\"2023-02-28T14:11:08+00:00\" \/>\n<meta property=\"article:modified_time\" content=\"2023-02-28T14:33:28+00:00\" \/>\n<meta property=\"og:image\" content=\"https:\/\/static.africa-press.net\/mali\/sites\/21\/2023\/02\/postQueueImg_1677581046.00.jpg\" \/>\n\t<meta property=\"og:image:width\" content=\"519\" \/>\n\t<meta property=\"og:image:height\" content=\"290\" \/>\n\t<meta property=\"og:image:type\" content=\"image\/jpeg\" \/>\n<meta name=\"author\" content=\"cfeditorfr\" \/>\n<meta name=\"twitter:card\" content=\"summary_large_image\" \/>\n<meta name=\"twitter:label1\" content=\"\u00c9crit par\" \/>\n\t<meta name=\"twitter:data1\" content=\"cfeditorfr\" \/>\n\t<meta name=\"twitter:label2\" content=\"Dur\u00e9e de lecture estim\u00e9e\" \/>\n\t<meta name=\"twitter:data2\" content=\"3 minutes\" \/>\n<script type=\"application\/ld+json\" class=\"yoast-schema-graph\">{\"@context\":\"https:\/\/schema.org\",\"@graph\":[{\"@type\":\"Article\",\"@id\":\"https:\/\/www.africa-press.net\/mali\/communaute\/serie-de-greves-dans-les-secteurs-de-la-justice-et-la-sante#article\",\"isPartOf\":{\"@id\":\"https:\/\/www.africa-press.net\/mali\/communaute\/serie-de-greves-dans-les-secteurs-de-la-justice-et-la-sante\"},\"author\":{\"name\":\"cfeditorfr\",\"@id\":\"https:\/\/www.africa-press.net\/mali\/#\/schema\/person\/2b1cf3cd81a31e3cd26889ca66d677f1\"},\"headline\":\"S\u00e9rie de gr\u00e8ves dans les secteurs de la justice et la sant\u00e9\",\"datePublished\":\"2023-02-28T14:11:08+00:00\",\"dateModified\":\"2023-02-28T14:33:28+00:00\",\"mainEntityOfPage\":{\"@id\":\"https:\/\/www.africa-press.net\/mali\/communaute\/serie-de-greves-dans-les-secteurs-de-la-justice-et-la-sante\"},\"wordCount\":614,\"commentCount\":0,\"image\":{\"@id\":\"https:\/\/www.africa-press.net\/mali\/communaute\/serie-de-greves-dans-les-secteurs-de-la-justice-et-la-sante#primaryimage\"},\"thumbnailUrl\":\"https:\/\/static.africa-press.net\/mali\/sites\/21\/2023\/02\/postQueueImg_1677581046.00.jpg\",\"keywords\":[\"Africa Press\",\"Africa Press-Mali\",\"mali\"],\"articleSection\":[\"Communaut\u00e9\",\"Politique\",\"Toutes les actualit\u00e9s\"],\"inLanguage\":\"fr-FR\",\"potentialAction\":[{\"@type\":\"CommentAction\",\"name\":\"Comment\",\"target\":[\"https:\/\/www.africa-press.net\/mali\/communaute\/serie-de-greves-dans-les-secteurs-de-la-justice-et-la-sante#respond\"]}]},{\"@type\":\"WebPage\",\"@id\":\"https:\/\/www.africa-press.net\/mali\/communaute\/serie-de-greves-dans-les-secteurs-de-la-justice-et-la-sante\",\"url\":\"https:\/\/www.africa-press.net\/mali\/communaute\/serie-de-greves-dans-les-secteurs-de-la-justice-et-la-sante\",\"name\":\"S\u00e9rie de gr\u00e8ves dans les secteurs de la justice et la sant\u00e9 - Mali\",\"isPartOf\":{\"@id\":\"https:\/\/www.africa-press.net\/mali\/#website\"},\"primaryImageOfPage\":{\"@id\":\"https:\/\/www.africa-press.net\/mali\/communaute\/serie-de-greves-dans-les-secteurs-de-la-justice-et-la-sante#primaryimage\"},\"image\":{\"@id\":\"https:\/\/www.africa-press.net\/mali\/communaute\/serie-de-greves-dans-les-secteurs-de-la-justice-et-la-sante#primaryimage\"},\"thumbnailUrl\":\"https:\/\/static.africa-press.net\/mali\/sites\/21\/2023\/02\/postQueueImg_1677581046.00.jpg\",\"datePublished\":\"2023-02-28T14:11:08+00:00\",\"dateModified\":\"2023-02-28T14:33:28+00:00\",\"author\":{\"@id\":\"https:\/\/www.africa-press.net\/mali\/#\/schema\/person\/2b1cf3cd81a31e3cd26889ca66d677f1\"},\"description\":\"Une se\u0301rie de gre\u0300ves dans les secteurs de la justice et la sante\u0301 a de\u0301bute\u0301, lundi, au Mali a constate\u0301 le corresponda ...\",\"breadcrumb\":{\"@id\":\"https:\/\/www.africa-press.net\/mali\/communaute\/serie-de-greves-dans-les-secteurs-de-la-justice-et-la-sante#breadcrumb\"},\"inLanguage\":\"fr-FR\",\"potentialAction\":[{\"@type\":\"ReadAction\",\"target\":[\"https:\/\/www.africa-press.net\/mali\/communaute\/serie-de-greves-dans-les-secteurs-de-la-justice-et-la-sante\"]}]},{\"@type\":\"ImageObject\",\"inLanguage\":\"fr-FR\",\"@id\":\"https:\/\/www.africa-press.net\/mali\/communaute\/serie-de-greves-dans-les-secteurs-de-la-justice-et-la-sante#primaryimage\",\"url\":\"https:\/\/static.africa-press.net\/mali\/sites\/21\/2023\/02\/postQueueImg_1677581046.00.jpg\",\"contentUrl\":\"https:\/\/static.africa-press.net\/mali\/sites\/21\/2023\/02\/postQueueImg_1677581046.00.jpg\",\"width\":519,\"height\":290,\"caption\":\"S\u00e9rie de gr\u00e8ves dans les secteurs de la justice et la sant\u00e9\"},{\"@type\":\"BreadcrumbList\",\"@id\":\"https:\/\/www.africa-press.net\/mali\/communaute\/serie-de-greves-dans-les-secteurs-de-la-justice-et-la-sante#breadcrumb\",\"itemListElement\":[{\"@type\":\"ListItem\",\"position\":1,\"name\":\"Home\",\"item\":\"https:\/\/www.africa-press.net\/mali\/\"},{\"@type\":\"ListItem\",\"position\":2,\"name\":\"S\u00e9rie de gr\u00e8ves dans les secteurs de la justice et la sant\u00e9\"}]},{\"@type\":\"WebSite\",\"@id\":\"https:\/\/www.africa-press.net\/mali\/#website\",\"url\":\"https:\/\/www.africa-press.net\/mali\/\",\"name\":\"Mali\",\"description\":\"Just another Africa News Agency Sites site\",\"potentialAction\":[{\"@type\":\"SearchAction\",\"target\":{\"@type\":\"EntryPoint\",\"urlTemplate\":\"https:\/\/www.africa-press.net\/mali\/?s={search_term_string}\"},\"query-input\":{\"@type\":\"PropertyValueSpecification\",\"valueRequired\":true,\"valueName\":\"search_term_string\"}}],\"inLanguage\":\"fr-FR\"},{\"@type\":\"Person\",\"@id\":\"https:\/\/www.africa-press.net\/mali\/#\/schema\/person\/2b1cf3cd81a31e3cd26889ca66d677f1\",\"name\":\"cfeditorfr\"}]}<\/script>\n<!-- \/ Yoast SEO Premium plugin. -->","yoast_head_json":{"title":"S\u00e9rie de gr\u00e8ves dans les secteurs de la justice et la sant\u00e9 - Mali","description":"Une se\u0301rie de gre\u0300ves dans les secteurs de la justice et la sante\u0301 a de\u0301bute\u0301, lundi, au Mali a constate\u0301 le corresponda ...","robots":{"index":"index","follow":"follow","max-snippet":"max-snippet:-1","max-image-preview":"max-image-preview:large","max-video-preview":"max-video-preview:-1"},"canonical":"https:\/\/www.africa-press.net\/mali\/communaute\/serie-de-greves-dans-les-secteurs-de-la-justice-et-la-sante","og_locale":"fr_FR","og_type":"article","og_title":"S\u00e9rie de gr\u00e8ves dans les secteurs de la justice et la sant\u00e9","og_description":"Une se\u0301rie de gre\u0300ves dans les secteurs de la justice et la sante\u0301 a de\u0301bute\u0301, lundi, au Mali a constate\u0301 le corresponda ...","og_url":"https:\/\/www.africa-press.net\/mali\/communaute\/serie-de-greves-dans-les-secteurs-de-la-justice-et-la-sante","og_site_name":"Mali","article_publisher":"https:\/\/www.facebook.com\/AfricaPressTunisiaa","article_published_time":"2023-02-28T14:11:08+00:00","article_modified_time":"2023-02-28T14:33:28+00:00","og_image":[{"width":519,"height":290,"url":"https:\/\/static.africa-press.net\/mali\/sites\/21\/2023\/02\/postQueueImg_1677581046.00.jpg","type":"image\/jpeg"}],"author":"cfeditorfr","twitter_card":"summary_large_image","twitter_misc":{"\u00c9crit par":"cfeditorfr","Dur\u00e9e de lecture estim\u00e9e":"3 minutes"},"schema":{"@context":"https:\/\/schema.org","@graph":[{"@type":"Article","@id":"https:\/\/www.africa-press.net\/mali\/communaute\/serie-de-greves-dans-les-secteurs-de-la-justice-et-la-sante#article","isPartOf":{"@id":"https:\/\/www.africa-press.net\/mali\/communaute\/serie-de-greves-dans-les-secteurs-de-la-justice-et-la-sante"},"author":{"name":"cfeditorfr","@id":"https:\/\/www.africa-press.net\/mali\/#\/schema\/person\/2b1cf3cd81a31e3cd26889ca66d677f1"},"headline":"S\u00e9rie de gr\u00e8ves dans les secteurs de la justice et la sant\u00e9","datePublished":"2023-02-28T14:11:08+00:00","dateModified":"2023-02-28T14:33:28+00:00","mainEntityOfPage":{"@id":"https:\/\/www.africa-press.net\/mali\/communaute\/serie-de-greves-dans-les-secteurs-de-la-justice-et-la-sante"},"wordCount":614,"commentCount":0,"image":{"@id":"https:\/\/www.africa-press.net\/mali\/communaute\/serie-de-greves-dans-les-secteurs-de-la-justice-et-la-sante#primaryimage"},"thumbnailUrl":"https:\/\/static.africa-press.net\/mali\/sites\/21\/2023\/02\/postQueueImg_1677581046.00.jpg","keywords":["Africa Press","Africa Press-Mali","mali"],"articleSection":["Communaut\u00e9","Politique","Toutes les actualit\u00e9s"],"inLanguage":"fr-FR","potentialAction":[{"@type":"CommentAction","name":"Comment","target":["https:\/\/www.africa-press.net\/mali\/communaute\/serie-de-greves-dans-les-secteurs-de-la-justice-et-la-sante#respond"]}]},{"@type":"WebPage","@id":"https:\/\/www.africa-press.net\/mali\/communaute\/serie-de-greves-dans-les-secteurs-de-la-justice-et-la-sante","url":"https:\/\/www.africa-press.net\/mali\/communaute\/serie-de-greves-dans-les-secteurs-de-la-justice-et-la-sante","name":"S\u00e9rie de gr\u00e8ves dans les secteurs de la justice et la sant\u00e9 - Mali","isPartOf":{"@id":"https:\/\/www.africa-press.net\/mali\/#website"},"primaryImageOfPage":{"@id":"https:\/\/www.africa-press.net\/mali\/communaute\/serie-de-greves-dans-les-secteurs-de-la-justice-et-la-sante#primaryimage"},"image":{"@id":"https:\/\/www.africa-press.net\/mali\/communaute\/serie-de-greves-dans-les-secteurs-de-la-justice-et-la-sante#primaryimage"},"thumbnailUrl":"https:\/\/static.africa-press.net\/mali\/sites\/21\/2023\/02\/postQueueImg_1677581046.00.jpg","datePublished":"2023-02-28T14:11:08+00:00","dateModified":"2023-02-28T14:33:28+00:00","author":{"@id":"https:\/\/www.africa-press.net\/mali\/#\/schema\/person\/2b1cf3cd81a31e3cd26889ca66d677f1"},"description":"Une se\u0301rie de gre\u0300ves dans les secteurs de la justice et la sante\u0301 a de\u0301bute\u0301, lundi, au Mali a constate\u0301 le corresponda ...","breadcrumb":{"@id":"https:\/\/www.africa-press.net\/mali\/communaute\/serie-de-greves-dans-les-secteurs-de-la-justice-et-la-sante#breadcrumb"},"inLanguage":"fr-FR","potentialAction":[{"@type":"ReadAction","target":["https:\/\/www.africa-press.net\/mali\/communaute\/serie-de-greves-dans-les-secteurs-de-la-justice-et-la-sante"]}]},{"@type":"ImageObject","inLanguage":"fr-FR","@id":"https:\/\/www.africa-press.net\/mali\/communaute\/serie-de-greves-dans-les-secteurs-de-la-justice-et-la-sante#primaryimage","url":"https:\/\/static.africa-press.net\/mali\/sites\/21\/2023\/02\/postQueueImg_1677581046.00.jpg","contentUrl":"https:\/\/static.africa-press.net\/mali\/sites\/21\/2023\/02\/postQueueImg_1677581046.00.jpg","width":519,"height":290,"caption":"S\u00e9rie de gr\u00e8ves dans les secteurs de la justice et la sant\u00e9"},{"@type":"BreadcrumbList","@id":"https:\/\/www.africa-press.net\/mali\/communaute\/serie-de-greves-dans-les-secteurs-de-la-justice-et-la-sante#breadcrumb","itemListElement":[{"@type":"ListItem","position":1,"name":"Home","item":"https:\/\/www.africa-press.net\/mali\/"},{"@type":"ListItem","position":2,"name":"S\u00e9rie de gr\u00e8ves dans les secteurs de la justice et la sant\u00e9"}]},{"@type":"WebSite","@id":"https:\/\/www.africa-press.net\/mali\/#website","url":"https:\/\/www.africa-press.net\/mali\/","name":"Mali","description":"Just another Africa News Agency Sites site","potentialAction":[{"@type":"SearchAction","target":{"@type":"EntryPoint","urlTemplate":"https:\/\/www.africa-press.net\/mali\/?s={search_term_string}"},"query-input":{"@type":"PropertyValueSpecification","valueRequired":true,"valueName":"search_term_string"}}],"inLanguage":"fr-FR"},{"@type":"Person","@id":"https:\/\/www.africa-press.net\/mali\/#\/schema\/person\/2b1cf3cd81a31e3cd26889ca66d677f1","name":"cfeditorfr"}]}},"_links":{"self":[{"href":"https:\/\/www.africa-press.net\/mali\/wp-json\/wp\/v2\/posts\/31269","targetHints":{"allow":["GET"]}}],"collection":[{"href":"https:\/\/www.africa-press.net\/mali\/wp-json\/wp\/v2\/posts"}],"about":[{"href":"https:\/\/www.africa-press.net\/mali\/wp-json\/wp\/v2\/types\/post"}],"author":[{"embeddable":true,"href":"https:\/\/www.africa-press.net\/mali\/wp-json\/wp\/v2\/users\/82"}],"replies":[{"embeddable":true,"href":"https:\/\/www.africa-press.net\/mali\/wp-json\/wp\/v2\/comments?post=31269"}],"version-history":[{"count":0,"href":"https:\/\/www.africa-press.net\/mali\/wp-json\/wp\/v2\/posts\/31269\/revisions"}],"wp:featuredmedia":[{"embeddable":true,"href":"https:\/\/www.africa-press.net\/mali\/wp-json\/wp\/v2\/media\/31268"}],"wp:attachment":[{"href":"https:\/\/www.africa-press.net\/mali\/wp-json\/wp\/v2\/media?parent=31269"}],"wp:term":[{"taxonomy":"category","embeddable":true,"href":"https:\/\/www.africa-press.net\/mali\/wp-json\/wp\/v2\/categories?post=31269"},{"taxonomy":"post_tag","embeddable":true,"href":"https:\/\/www.africa-press.net\/mali\/wp-json\/wp\/v2\/tags?post=31269"}],"curies":[{"name":"wp","href":"https:\/\/api.w.org\/{rel}","templated":true}]}}