{"id":31272,"date":"2023-02-28T15:39:54","date_gmt":"2023-02-28T15:39:54","guid":{"rendered":"https:\/\/www.africa-press.net\/mali\/politique\/langue-officielle-au-mali-le-francais-pourrait-devenir-simple-langue-de-travail"},"modified":"2023-02-28T15:47:52","modified_gmt":"2023-02-28T15:47:52","slug":"langue-officielle-au-mali-le-francais-pourrait-devenir-simple-langue-de-travail","status":"publish","type":"post","link":"https:\/\/www.africa-press.net\/mali\/politique\/langue-officielle-au-mali-le-francais-pourrait-devenir-simple-langue-de-travail","title":{"rendered":"Langue officielle au Mali: le fran\u00e7ais pourrait devenir simple \u201clangue de travail\u201d"},"content":{"rendered":"<p><span style=\"color: #ff6600\"><strong>Africa-Press &#8211; Mali. <\/strong><\/span>Le projet de nouvelle constitution malienne remis lundi 27 fe\u0301vrier au Pre\u0301sident de la transition du Mali, Assimi Goi\u0308ta, pre\u0301voit la rele\u0301gation du franc\u0327ais au rang de langue de travail.<\/p>\n<p>Le colonel Assimi Goi\u0308ta, qui a acce\u0301de\u0301 au pouvoir au Mali en 2020, a rec\u0327u lundi le projet final de nouvelle Constitution. Le document est cense\u0301 e\u0302tre soumis a\u0300 un re\u0301fe\u0301rendum le 19 mars.<\/p>\n<p>Selon le coordinateur de la commission de finalisation du projet de la nouvelle Constitution de la Re\u0301publique du Mali, Fousseyni Samake\u0301, plusieurs amendements ont e\u0301te\u0301 apporte\u0301s a\u0300 l\u2019avant-projet sur la forme et sur le fond, rapporte l\u2019agence APS.<\/p>\n<p>\u201cTous ces amendements visent a\u0300 prendre en compte les aspirations profondes du peuple malien, ses pre\u0301occupations enregistre\u0301es lors des se\u0301ances de restitution, d\u2019e\u0301coute et d\u2019e\u0301change a\u0300 travers toute l\u2019e\u0301tendue du territoire malien\u201d, a-t-il indique\u0301.<\/p>\n<p>Un article traitant des langues M. Samake\u0301 a re\u0301ve\u0301le\u0301 a\u0300 la presse que la nouvelle Constitution devait comporter 191 articles, en pre\u0301cisant que l\u2019article 31 traitait des langues.<\/p>\n<p>\u201cLes langues nationales sont les langues officielles du Mali, une loi organique de\u0301termine leur mode d\u2019emploi. Le franc\u0327ais est la langue de travail et l\u2019E\u0301tat peut adopter toute autre langue comme langue de travail\u201d, a-t-il de\u0301taille\u0301.<\/p>\n<p>L\u2019AFP pre\u0301cise que dans l\u2019avant-projet de 2022, comme en 1992, le franc\u0327ais e\u0301tait \u201cla langue d\u2019expression officielle\u201d, et les langues locales avaient vocation a\u0300 devenir \u201clangues officielles\u201d. Le projet renforce les pouvoirs du Pre\u0301sident et lui permet d\u2019ordonner la mobilisation ge\u0301ne\u0301rale.<\/p>\n<p><strong>Pour plus d&rsquo;informations et d&rsquo;analyses sur la <a href=\"https:\/\/www.africa-press.net\/mali\">Mali<\/a>, suivez <a href=\"https:\/\/www.africa-press.net\/\">Africa-Press<\/a><\/strong><\/p>\n","protected":false},"excerpt":{"rendered":"<p>Africa-Press &#8211; Mali. Le projet de nouvelle constitution malienne remis lundi 27 fe\u0301vrier au Pre\u0301sident de la transition du Mali, Assimi Goi\u0308ta, pre\u0301voit la rele\u0301gation du franc\u0327ais au rang de langue de travail. Le colonel Assimi Goi\u0308ta, qui a acce\u0301de\u0301 au pouvoir au Mali en 2020, a rec\u0327u lundi le projet final de nouvelle Constitution. [&hellip;]<\/p>\n","protected":false},"author":82,"featured_media":31271,"comment_status":"open","ping_status":"closed","sticky":false,"template":"","format":"standard","meta":{"footnotes":""},"categories":[7,17],"tags":[76,86,19],"class_list":["post-31272","post","type-post","status-publish","format-standard","has-post-thumbnail","hentry","category-politique","category-toutes-les-actualites","tag-africa-press","tag-africa-press-mali","tag-mali"],"yoast_head":"<!-- This site is optimized with the Yoast SEO Premium plugin v26.1 (Yoast SEO v27.0) - https:\/\/yoast.com\/product\/yoast-seo-premium-wordpress\/ -->\n<title>Langue officielle au Mali: le fran\u00e7ais pourrait devenir simple \u201clangue de travail\u201d - Mali<\/title>\n<meta name=\"description\" content=\"Le projet de nouvelle constitution malienne remis lundi 27 fe\u0301vrier au Pre\u0301sident de la transition du Mali, Assimi Goi\u0308t ...\" \/>\n<meta name=\"robots\" content=\"index, follow, max-snippet:-1, max-image-preview:large, max-video-preview:-1\" \/>\n<link rel=\"canonical\" href=\"https:\/\/www.africa-press.net\/mali\/politique\/langue-officielle-au-mali-le-francais-pourrait-devenir-simple-langue-de-travail\" \/>\n<meta property=\"og:locale\" content=\"fr_FR\" \/>\n<meta property=\"og:type\" content=\"article\" \/>\n<meta property=\"og:title\" content=\"Langue officielle au Mali: le fran\u00e7ais pourrait devenir simple \u201clangue de travail\u201d\" \/>\n<meta property=\"og:description\" content=\"Le projet de nouvelle constitution malienne remis lundi 27 fe\u0301vrier au Pre\u0301sident de la transition du Mali, Assimi Goi\u0308t ...\" \/>\n<meta property=\"og:url\" content=\"https:\/\/www.africa-press.net\/mali\/politique\/langue-officielle-au-mali-le-francais-pourrait-devenir-simple-langue-de-travail\" \/>\n<meta property=\"og:site_name\" content=\"Mali\" \/>\n<meta property=\"article:publisher\" content=\"https:\/\/www.facebook.com\/AfricaPressTunisiaa\" \/>\n<meta property=\"article:published_time\" content=\"2023-02-28T15:39:54+00:00\" \/>\n<meta property=\"article:modified_time\" content=\"2023-02-28T15:47:52+00:00\" \/>\n<meta property=\"og:image\" content=\"https:\/\/static.africa-press.net\/mali\/sites\/21\/2023\/02\/postQueueImg_1677586252.48.jpg\" \/>\n\t<meta property=\"og:image:width\" content=\"1024\" \/>\n\t<meta property=\"og:image:height\" content=\"683\" \/>\n\t<meta property=\"og:image:type\" content=\"image\/jpeg\" \/>\n<meta name=\"author\" content=\"cfeditorfr\" \/>\n<meta name=\"twitter:card\" content=\"summary_large_image\" \/>\n<meta name=\"twitter:label1\" content=\"\u00c9crit par\" \/>\n\t<meta name=\"twitter:data1\" content=\"cfeditorfr\" \/>\n\t<meta name=\"twitter:label2\" content=\"Dur\u00e9e de lecture estim\u00e9e\" \/>\n\t<meta name=\"twitter:data2\" content=\"2 minutes\" \/>\n<script type=\"application\/ld+json\" class=\"yoast-schema-graph\">{\"@context\":\"https:\/\/schema.org\",\"@graph\":[{\"@type\":\"Article\",\"@id\":\"https:\/\/www.africa-press.net\/mali\/politique\/langue-officielle-au-mali-le-francais-pourrait-devenir-simple-langue-de-travail#article\",\"isPartOf\":{\"@id\":\"https:\/\/www.africa-press.net\/mali\/politique\/langue-officielle-au-mali-le-francais-pourrait-devenir-simple-langue-de-travail\"},\"author\":{\"name\":\"cfeditorfr\",\"@id\":\"https:\/\/www.africa-press.net\/mali\/#\/schema\/person\/2b1cf3cd81a31e3cd26889ca66d677f1\"},\"headline\":\"Langue officielle au Mali: le fran\u00e7ais pourrait devenir simple \u201clangue de travail\u201d\",\"datePublished\":\"2023-02-28T15:39:54+00:00\",\"dateModified\":\"2023-02-28T15:47:52+00:00\",\"mainEntityOfPage\":{\"@id\":\"https:\/\/www.africa-press.net\/mali\/politique\/langue-officielle-au-mali-le-francais-pourrait-devenir-simple-langue-de-travail\"},\"wordCount\":308,\"commentCount\":0,\"image\":{\"@id\":\"https:\/\/www.africa-press.net\/mali\/politique\/langue-officielle-au-mali-le-francais-pourrait-devenir-simple-langue-de-travail#primaryimage\"},\"thumbnailUrl\":\"https:\/\/static.africa-press.net\/mali\/sites\/21\/2023\/02\/postQueueImg_1677586252.48.jpg\",\"keywords\":[\"Africa Press\",\"Africa Press-Mali\",\"mali\"],\"articleSection\":[\"Politique\",\"Toutes les actualit\u00e9s\"],\"inLanguage\":\"fr-FR\",\"potentialAction\":[{\"@type\":\"CommentAction\",\"name\":\"Comment\",\"target\":[\"https:\/\/www.africa-press.net\/mali\/politique\/langue-officielle-au-mali-le-francais-pourrait-devenir-simple-langue-de-travail#respond\"]}]},{\"@type\":\"WebPage\",\"@id\":\"https:\/\/www.africa-press.net\/mali\/politique\/langue-officielle-au-mali-le-francais-pourrait-devenir-simple-langue-de-travail\",\"url\":\"https:\/\/www.africa-press.net\/mali\/politique\/langue-officielle-au-mali-le-francais-pourrait-devenir-simple-langue-de-travail\",\"name\":\"Langue officielle au Mali: le fran\u00e7ais pourrait devenir simple \u201clangue de travail\u201d - Mali\",\"isPartOf\":{\"@id\":\"https:\/\/www.africa-press.net\/mali\/#website\"},\"primaryImageOfPage\":{\"@id\":\"https:\/\/www.africa-press.net\/mali\/politique\/langue-officielle-au-mali-le-francais-pourrait-devenir-simple-langue-de-travail#primaryimage\"},\"image\":{\"@id\":\"https:\/\/www.africa-press.net\/mali\/politique\/langue-officielle-au-mali-le-francais-pourrait-devenir-simple-langue-de-travail#primaryimage\"},\"thumbnailUrl\":\"https:\/\/static.africa-press.net\/mali\/sites\/21\/2023\/02\/postQueueImg_1677586252.48.jpg\",\"datePublished\":\"2023-02-28T15:39:54+00:00\",\"dateModified\":\"2023-02-28T15:47:52+00:00\",\"author\":{\"@id\":\"https:\/\/www.africa-press.net\/mali\/#\/schema\/person\/2b1cf3cd81a31e3cd26889ca66d677f1\"},\"description\":\"Le projet de nouvelle constitution malienne remis lundi 27 fe\u0301vrier au Pre\u0301sident de la transition du Mali, Assimi Goi\u0308t ...\",\"breadcrumb\":{\"@id\":\"https:\/\/www.africa-press.net\/mali\/politique\/langue-officielle-au-mali-le-francais-pourrait-devenir-simple-langue-de-travail#breadcrumb\"},\"inLanguage\":\"fr-FR\",\"potentialAction\":[{\"@type\":\"ReadAction\",\"target\":[\"https:\/\/www.africa-press.net\/mali\/politique\/langue-officielle-au-mali-le-francais-pourrait-devenir-simple-langue-de-travail\"]}]},{\"@type\":\"ImageObject\",\"inLanguage\":\"fr-FR\",\"@id\":\"https:\/\/www.africa-press.net\/mali\/politique\/langue-officielle-au-mali-le-francais-pourrait-devenir-simple-langue-de-travail#primaryimage\",\"url\":\"https:\/\/static.africa-press.net\/mali\/sites\/21\/2023\/02\/postQueueImg_1677586252.48.jpg\",\"contentUrl\":\"https:\/\/static.africa-press.net\/mali\/sites\/21\/2023\/02\/postQueueImg_1677586252.48.jpg\",\"width\":1024,\"height\":683,\"caption\":\"Langue officielle au Mali: le fran\u00e7ais pourrait devenir simple \u201clangue de travail\u201d\"},{\"@type\":\"BreadcrumbList\",\"@id\":\"https:\/\/www.africa-press.net\/mali\/politique\/langue-officielle-au-mali-le-francais-pourrait-devenir-simple-langue-de-travail#breadcrumb\",\"itemListElement\":[{\"@type\":\"ListItem\",\"position\":1,\"name\":\"Home\",\"item\":\"https:\/\/www.africa-press.net\/mali\/\"},{\"@type\":\"ListItem\",\"position\":2,\"name\":\"Langue officielle au Mali: le fran\u00e7ais pourrait devenir simple \u201clangue de travail\u201d\"}]},{\"@type\":\"WebSite\",\"@id\":\"https:\/\/www.africa-press.net\/mali\/#website\",\"url\":\"https:\/\/www.africa-press.net\/mali\/\",\"name\":\"Mali\",\"description\":\"Just another Africa News Agency Sites site\",\"potentialAction\":[{\"@type\":\"SearchAction\",\"target\":{\"@type\":\"EntryPoint\",\"urlTemplate\":\"https:\/\/www.africa-press.net\/mali\/?s={search_term_string}\"},\"query-input\":{\"@type\":\"PropertyValueSpecification\",\"valueRequired\":true,\"valueName\":\"search_term_string\"}}],\"inLanguage\":\"fr-FR\"},{\"@type\":\"Person\",\"@id\":\"https:\/\/www.africa-press.net\/mali\/#\/schema\/person\/2b1cf3cd81a31e3cd26889ca66d677f1\",\"name\":\"cfeditorfr\"}]}<\/script>\n<!-- \/ Yoast SEO Premium plugin. -->","yoast_head_json":{"title":"Langue officielle au Mali: le fran\u00e7ais pourrait devenir simple \u201clangue de travail\u201d - Mali","description":"Le projet de nouvelle constitution malienne remis lundi 27 fe\u0301vrier au Pre\u0301sident de la transition du Mali, Assimi Goi\u0308t ...","robots":{"index":"index","follow":"follow","max-snippet":"max-snippet:-1","max-image-preview":"max-image-preview:large","max-video-preview":"max-video-preview:-1"},"canonical":"https:\/\/www.africa-press.net\/mali\/politique\/langue-officielle-au-mali-le-francais-pourrait-devenir-simple-langue-de-travail","og_locale":"fr_FR","og_type":"article","og_title":"Langue officielle au Mali: le fran\u00e7ais pourrait devenir simple \u201clangue de travail\u201d","og_description":"Le projet de nouvelle constitution malienne remis lundi 27 fe\u0301vrier au Pre\u0301sident de la transition du Mali, Assimi Goi\u0308t ...","og_url":"https:\/\/www.africa-press.net\/mali\/politique\/langue-officielle-au-mali-le-francais-pourrait-devenir-simple-langue-de-travail","og_site_name":"Mali","article_publisher":"https:\/\/www.facebook.com\/AfricaPressTunisiaa","article_published_time":"2023-02-28T15:39:54+00:00","article_modified_time":"2023-02-28T15:47:52+00:00","og_image":[{"width":1024,"height":683,"url":"https:\/\/static.africa-press.net\/mali\/sites\/21\/2023\/02\/postQueueImg_1677586252.48.jpg","type":"image\/jpeg"}],"author":"cfeditorfr","twitter_card":"summary_large_image","twitter_misc":{"\u00c9crit par":"cfeditorfr","Dur\u00e9e de lecture estim\u00e9e":"2 minutes"},"schema":{"@context":"https:\/\/schema.org","@graph":[{"@type":"Article","@id":"https:\/\/www.africa-press.net\/mali\/politique\/langue-officielle-au-mali-le-francais-pourrait-devenir-simple-langue-de-travail#article","isPartOf":{"@id":"https:\/\/www.africa-press.net\/mali\/politique\/langue-officielle-au-mali-le-francais-pourrait-devenir-simple-langue-de-travail"},"author":{"name":"cfeditorfr","@id":"https:\/\/www.africa-press.net\/mali\/#\/schema\/person\/2b1cf3cd81a31e3cd26889ca66d677f1"},"headline":"Langue officielle au Mali: le fran\u00e7ais pourrait devenir simple \u201clangue de travail\u201d","datePublished":"2023-02-28T15:39:54+00:00","dateModified":"2023-02-28T15:47:52+00:00","mainEntityOfPage":{"@id":"https:\/\/www.africa-press.net\/mali\/politique\/langue-officielle-au-mali-le-francais-pourrait-devenir-simple-langue-de-travail"},"wordCount":308,"commentCount":0,"image":{"@id":"https:\/\/www.africa-press.net\/mali\/politique\/langue-officielle-au-mali-le-francais-pourrait-devenir-simple-langue-de-travail#primaryimage"},"thumbnailUrl":"https:\/\/static.africa-press.net\/mali\/sites\/21\/2023\/02\/postQueueImg_1677586252.48.jpg","keywords":["Africa Press","Africa Press-Mali","mali"],"articleSection":["Politique","Toutes les actualit\u00e9s"],"inLanguage":"fr-FR","potentialAction":[{"@type":"CommentAction","name":"Comment","target":["https:\/\/www.africa-press.net\/mali\/politique\/langue-officielle-au-mali-le-francais-pourrait-devenir-simple-langue-de-travail#respond"]}]},{"@type":"WebPage","@id":"https:\/\/www.africa-press.net\/mali\/politique\/langue-officielle-au-mali-le-francais-pourrait-devenir-simple-langue-de-travail","url":"https:\/\/www.africa-press.net\/mali\/politique\/langue-officielle-au-mali-le-francais-pourrait-devenir-simple-langue-de-travail","name":"Langue officielle au Mali: le fran\u00e7ais pourrait devenir simple \u201clangue de travail\u201d - Mali","isPartOf":{"@id":"https:\/\/www.africa-press.net\/mali\/#website"},"primaryImageOfPage":{"@id":"https:\/\/www.africa-press.net\/mali\/politique\/langue-officielle-au-mali-le-francais-pourrait-devenir-simple-langue-de-travail#primaryimage"},"image":{"@id":"https:\/\/www.africa-press.net\/mali\/politique\/langue-officielle-au-mali-le-francais-pourrait-devenir-simple-langue-de-travail#primaryimage"},"thumbnailUrl":"https:\/\/static.africa-press.net\/mali\/sites\/21\/2023\/02\/postQueueImg_1677586252.48.jpg","datePublished":"2023-02-28T15:39:54+00:00","dateModified":"2023-02-28T15:47:52+00:00","author":{"@id":"https:\/\/www.africa-press.net\/mali\/#\/schema\/person\/2b1cf3cd81a31e3cd26889ca66d677f1"},"description":"Le projet de nouvelle constitution malienne remis lundi 27 fe\u0301vrier au Pre\u0301sident de la transition du Mali, Assimi Goi\u0308t ...","breadcrumb":{"@id":"https:\/\/www.africa-press.net\/mali\/politique\/langue-officielle-au-mali-le-francais-pourrait-devenir-simple-langue-de-travail#breadcrumb"},"inLanguage":"fr-FR","potentialAction":[{"@type":"ReadAction","target":["https:\/\/www.africa-press.net\/mali\/politique\/langue-officielle-au-mali-le-francais-pourrait-devenir-simple-langue-de-travail"]}]},{"@type":"ImageObject","inLanguage":"fr-FR","@id":"https:\/\/www.africa-press.net\/mali\/politique\/langue-officielle-au-mali-le-francais-pourrait-devenir-simple-langue-de-travail#primaryimage","url":"https:\/\/static.africa-press.net\/mali\/sites\/21\/2023\/02\/postQueueImg_1677586252.48.jpg","contentUrl":"https:\/\/static.africa-press.net\/mali\/sites\/21\/2023\/02\/postQueueImg_1677586252.48.jpg","width":1024,"height":683,"caption":"Langue officielle au Mali: le fran\u00e7ais pourrait devenir simple \u201clangue de travail\u201d"},{"@type":"BreadcrumbList","@id":"https:\/\/www.africa-press.net\/mali\/politique\/langue-officielle-au-mali-le-francais-pourrait-devenir-simple-langue-de-travail#breadcrumb","itemListElement":[{"@type":"ListItem","position":1,"name":"Home","item":"https:\/\/www.africa-press.net\/mali\/"},{"@type":"ListItem","position":2,"name":"Langue officielle au Mali: le fran\u00e7ais pourrait devenir simple \u201clangue de travail\u201d"}]},{"@type":"WebSite","@id":"https:\/\/www.africa-press.net\/mali\/#website","url":"https:\/\/www.africa-press.net\/mali\/","name":"Mali","description":"Just another Africa News Agency Sites site","potentialAction":[{"@type":"SearchAction","target":{"@type":"EntryPoint","urlTemplate":"https:\/\/www.africa-press.net\/mali\/?s={search_term_string}"},"query-input":{"@type":"PropertyValueSpecification","valueRequired":true,"valueName":"search_term_string"}}],"inLanguage":"fr-FR"},{"@type":"Person","@id":"https:\/\/www.africa-press.net\/mali\/#\/schema\/person\/2b1cf3cd81a31e3cd26889ca66d677f1","name":"cfeditorfr"}]}},"_links":{"self":[{"href":"https:\/\/www.africa-press.net\/mali\/wp-json\/wp\/v2\/posts\/31272","targetHints":{"allow":["GET"]}}],"collection":[{"href":"https:\/\/www.africa-press.net\/mali\/wp-json\/wp\/v2\/posts"}],"about":[{"href":"https:\/\/www.africa-press.net\/mali\/wp-json\/wp\/v2\/types\/post"}],"author":[{"embeddable":true,"href":"https:\/\/www.africa-press.net\/mali\/wp-json\/wp\/v2\/users\/82"}],"replies":[{"embeddable":true,"href":"https:\/\/www.africa-press.net\/mali\/wp-json\/wp\/v2\/comments?post=31272"}],"version-history":[{"count":0,"href":"https:\/\/www.africa-press.net\/mali\/wp-json\/wp\/v2\/posts\/31272\/revisions"}],"wp:featuredmedia":[{"embeddable":true,"href":"https:\/\/www.africa-press.net\/mali\/wp-json\/wp\/v2\/media\/31271"}],"wp:attachment":[{"href":"https:\/\/www.africa-press.net\/mali\/wp-json\/wp\/v2\/media?parent=31272"}],"wp:term":[{"taxonomy":"category","embeddable":true,"href":"https:\/\/www.africa-press.net\/mali\/wp-json\/wp\/v2\/categories?post=31272"},{"taxonomy":"post_tag","embeddable":true,"href":"https:\/\/www.africa-press.net\/mali\/wp-json\/wp\/v2\/tags?post=31272"}],"curies":[{"name":"wp","href":"https:\/\/api.w.org\/{rel}","templated":true}]}}