{"id":31275,"date":"2023-02-28T15:41:20","date_gmt":"2023-02-28T15:41:20","guid":{"rendered":"https:\/\/www.africa-press.net\/mali\/politique\/loi-electorale-le-psda-revient-a-la-charge"},"modified":"2023-02-28T15:48:23","modified_gmt":"2023-02-28T15:48:23","slug":"loi-electorale-le-psda-revient-a-la-charge","status":"publish","type":"post","link":"https:\/\/www.africa-press.net\/mali\/politique\/loi-electorale-le-psda-revient-a-la-charge","title":{"rendered":"Loi \u00e9lectorale : le PSDA revient \u00e0 la charge"},"content":{"rendered":"<p><span style=\"color: #ff6600\"><strong>Africa-Press &#8211; Mali. <\/strong><\/span>Alors que le CNT est en session extraordinaire pour de\u0301finir les de\u0301fis des e\u0301lections, le parti d\u2019Ismae\u0308l Sacko s\u2019est illustre\u0301 par une sortie pimente\u0301e. La formation estime en effet que les de\u0301s sont pipe\u0301s et que les conseillers nationaux ne font qu\u2019une parodie de validation de la mouture finale de la loi e\u0301lectorale.<\/p>\n<p>A\u0300 peine sorti d\u2019un bras de fer avec l\u2019administration territoriale ou\u0300 un syndicat militaire actif sur les re\u0301seaux sociaux avait demande\u0301 sa dissolution, l\u2019ex allie\u0301 d\u2019IBK remet c\u0327a. L\u2019opposant rappelle de\u0301ja\u0300 que les coups d\u2019Etat sont toujours sanctionne\u0301s a\u0300 terme par une e\u0301lection sauf que le chronome\u0300tre malien semble interminable a\u0300 ses yeux.<\/p>\n<p>Pour le PSDA, les militaires aux affaires sont loin du the\u0301a\u0302tre des ope\u0301rations solde\u0301 par le retrait tactique d\u2019une mission dirige\u0301e par le Premier Ministre ( qui s\u2019est refait une sante\u0301 au Burkina). Sont ainsi fustige\u0301s les fide\u0300les soutiens du pre\u0301sident et de son chef de gouvernement en ces termes : \u201d les Assimites et leur \u00ab force de changement \u00bb sentant perdre la confiance et l\u2019estime de l\u2019opinion nationale pour de\u0301faut de re\u0301sultats sur le plan se\u0301curitaire et e\u0301conomique, s\u2019adonnent a\u0300 leur sport favori : le mensonge d\u2019e\u0301tat et la forfaiture, une voie sans issue. Le choguellisme, ce concept malsain, toxique et clivant a tre\u0300s vite montre\u0301 ses limites en matie\u0300re de bonne gouvernance. Le mythe s\u2019est brise\u0301 et la glace a vole\u0301 en e\u0301clat, le voile d\u2019un Premier Ministre peureux et hante\u0301 par la peur d\u2019e\u0302tre traque\u0301 et rattrape\u0301 par les dossiers de de\u0301tournements de fonds portant sur plus de 600.000 000 millions de F CFA en lien avec sa gestion calamiteuse de l\u2019AMRPT\u201d.<\/p>\n<p>Et de rappeler que le patron de la Primature de\u0301clarait que chaque centime\u0300tre carre\u0301 du territoire malien est couvert et prote\u0301ge\u0301 par les FAMAs sans avoir e\u0301te\u0301 capable de parcourir quelques kilome\u0300tres qui se\u0301parent Gao d\u2019Ansongo, sa terre natale, pour cause d\u2019inse\u0301curite\u0301. Ismae\u0308l Sacko conside\u0300re par ailleurs que la modification de la loi e\u0301lectorale re\u0301cemment vote\u0301e par le CNT est le signe d\u2019un manque de cap et de constance: une mauvaise foi dans l\u2019organisation des e\u0301lections.<\/p>\n<p>\u201d L\u2019appellation \u00abville de Bamako\u00bb est bien le mime\u0301tisme d\u2019un copie\u0301-colle\u0301 parisien que les Assimites imitent et calquent malgre\u0301 \u00ab leur souverainete\u0301 retrouve\u0301e \u00bb. Et pire, les communes sont remplace\u0301es par les arrondissements a\u0300 la te\u0302te desquels les sous- pre\u0301fets seront nomme\u0301s afin de diligenter et tripatouiller les e\u0301lections au profit du roi. Le 4e\u0300me coup d\u2019e\u0301tat constitutionnel est en marche contre le peuple traumatise\u0301 et docile du Mali\u201d, a\u0300 ses yeux.<\/p>\n<p>Il argumente cet angle de lecture par la re\u0301cession budge\u0301taire et l\u2019auste\u0301rite\u0301 financie\u0300re, tout en martelant l\u2019inopportunite\u0301 du de\u0301coupage. Ainsi M Sacko entrevoit par ailleurs une loi e\u0301lectorale taille\u0301e sur mesure qui favorisera l\u2019e\u0301mergence d\u2019un re\u0301gime endoctrine\u0301.<\/p>\n<p>Au sujet du re\u0301fe\u0301rendum, en plus de soutenir que qu\u2019il porte les germes de l\u2019instabilite\u0301 de nos institutions, il estime que la junte n\u2019a ni la le\u0301gitimite\u0301 ni la le\u0301galite\u0301 de porter un projet de nouvelle constitution qu\u2019il conseille d\u2019abandonner par conse\u0301quent. Cette sortie muscle\u0301e et radicale de l\u2019ancien conseiller a\u0300 Koulouba risque de faire ta\u0302che d\u2019huile.<\/p>\n<p><strong>Pour plus d&rsquo;informations et d&rsquo;analyses sur la <a href=\"https:\/\/www.africa-press.net\/mali\">Mali<\/a>, suivez <a href=\"https:\/\/www.africa-press.net\/\">Africa-Press<\/a><\/strong><\/p>\n","protected":false},"excerpt":{"rendered":"<p>Africa-Press &#8211; Mali. Alors que le CNT est en session extraordinaire pour de\u0301finir les de\u0301fis des e\u0301lections, le parti d\u2019Ismae\u0308l Sacko s\u2019est illustre\u0301 par une sortie pimente\u0301e. La formation estime en effet que les de\u0301s sont pipe\u0301s et que les conseillers nationaux ne font qu\u2019une parodie de validation de la mouture finale de la loi [&hellip;]<\/p>\n","protected":false},"author":82,"featured_media":31274,"comment_status":"open","ping_status":"closed","sticky":false,"template":"","format":"standard","meta":{"footnotes":""},"categories":[7,17],"tags":[76,86,19],"class_list":["post-31275","post","type-post","status-publish","format-standard","has-post-thumbnail","hentry","category-politique","category-toutes-les-actualites","tag-africa-press","tag-africa-press-mali","tag-mali"],"yoast_head":"<!-- This site is optimized with the Yoast SEO Premium plugin v26.1 (Yoast SEO v27.0) - https:\/\/yoast.com\/product\/yoast-seo-premium-wordpress\/ -->\n<title>Loi \u00e9lectorale : le PSDA revient \u00e0 la charge - Mali<\/title>\n<meta name=\"description\" content=\"Alors que le CNT est en session extraordinaire pour de\u0301finir les de\u0301fis des e\u0301lections, le parti d\u2019Ismae\u0308l Sacko s\u2019est i ...\" \/>\n<meta name=\"robots\" content=\"index, follow, max-snippet:-1, max-image-preview:large, max-video-preview:-1\" \/>\n<link rel=\"canonical\" href=\"https:\/\/www.africa-press.net\/mali\/politique\/loi-electorale-le-psda-revient-a-la-charge\" \/>\n<meta property=\"og:locale\" content=\"fr_FR\" \/>\n<meta property=\"og:type\" content=\"article\" \/>\n<meta property=\"og:title\" content=\"Loi \u00e9lectorale : le PSDA revient \u00e0 la charge\" \/>\n<meta property=\"og:description\" content=\"Alors que le CNT est en session extraordinaire pour de\u0301finir les de\u0301fis des e\u0301lections, le parti d\u2019Ismae\u0308l Sacko s\u2019est i ...\" \/>\n<meta property=\"og:url\" content=\"https:\/\/www.africa-press.net\/mali\/politique\/loi-electorale-le-psda-revient-a-la-charge\" \/>\n<meta property=\"og:site_name\" content=\"Mali\" \/>\n<meta property=\"article:publisher\" content=\"https:\/\/www.facebook.com\/AfricaPressTunisiaa\" \/>\n<meta property=\"article:published_time\" content=\"2023-02-28T15:41:20+00:00\" \/>\n<meta property=\"article:modified_time\" content=\"2023-02-28T15:48:23+00:00\" \/>\n<meta property=\"og:image\" content=\"https:\/\/static.africa-press.net\/mali\/sites\/21\/2023\/02\/postQueueImg_1677586288.74.jpg\" \/>\n\t<meta property=\"og:image:width\" content=\"720\" \/>\n\t<meta property=\"og:image:height\" content=\"492\" \/>\n\t<meta property=\"og:image:type\" content=\"image\/jpeg\" \/>\n<meta name=\"author\" content=\"cfeditorfr\" \/>\n<meta name=\"twitter:card\" content=\"summary_large_image\" \/>\n<meta name=\"twitter:label1\" content=\"\u00c9crit par\" \/>\n\t<meta name=\"twitter:data1\" content=\"cfeditorfr\" \/>\n\t<meta name=\"twitter:label2\" content=\"Dur\u00e9e de lecture estim\u00e9e\" \/>\n\t<meta name=\"twitter:data2\" content=\"3 minutes\" \/>\n<script type=\"application\/ld+json\" class=\"yoast-schema-graph\">{\"@context\":\"https:\/\/schema.org\",\"@graph\":[{\"@type\":\"Article\",\"@id\":\"https:\/\/www.africa-press.net\/mali\/politique\/loi-electorale-le-psda-revient-a-la-charge#article\",\"isPartOf\":{\"@id\":\"https:\/\/www.africa-press.net\/mali\/politique\/loi-electorale-le-psda-revient-a-la-charge\"},\"author\":{\"name\":\"cfeditorfr\",\"@id\":\"https:\/\/www.africa-press.net\/mali\/#\/schema\/person\/2b1cf3cd81a31e3cd26889ca66d677f1\"},\"headline\":\"Loi \u00e9lectorale : le PSDA revient \u00e0 la charge\",\"datePublished\":\"2023-02-28T15:41:20+00:00\",\"dateModified\":\"2023-02-28T15:48:23+00:00\",\"mainEntityOfPage\":{\"@id\":\"https:\/\/www.africa-press.net\/mali\/politique\/loi-electorale-le-psda-revient-a-la-charge\"},\"wordCount\":632,\"commentCount\":0,\"image\":{\"@id\":\"https:\/\/www.africa-press.net\/mali\/politique\/loi-electorale-le-psda-revient-a-la-charge#primaryimage\"},\"thumbnailUrl\":\"https:\/\/static.africa-press.net\/mali\/sites\/21\/2023\/02\/postQueueImg_1677586288.74.jpg\",\"keywords\":[\"Africa Press\",\"Africa Press-Mali\",\"mali\"],\"articleSection\":[\"Politique\",\"Toutes les actualit\u00e9s\"],\"inLanguage\":\"fr-FR\",\"potentialAction\":[{\"@type\":\"CommentAction\",\"name\":\"Comment\",\"target\":[\"https:\/\/www.africa-press.net\/mali\/politique\/loi-electorale-le-psda-revient-a-la-charge#respond\"]}]},{\"@type\":\"WebPage\",\"@id\":\"https:\/\/www.africa-press.net\/mali\/politique\/loi-electorale-le-psda-revient-a-la-charge\",\"url\":\"https:\/\/www.africa-press.net\/mali\/politique\/loi-electorale-le-psda-revient-a-la-charge\",\"name\":\"Loi \u00e9lectorale : le PSDA revient \u00e0 la charge - Mali\",\"isPartOf\":{\"@id\":\"https:\/\/www.africa-press.net\/mali\/#website\"},\"primaryImageOfPage\":{\"@id\":\"https:\/\/www.africa-press.net\/mali\/politique\/loi-electorale-le-psda-revient-a-la-charge#primaryimage\"},\"image\":{\"@id\":\"https:\/\/www.africa-press.net\/mali\/politique\/loi-electorale-le-psda-revient-a-la-charge#primaryimage\"},\"thumbnailUrl\":\"https:\/\/static.africa-press.net\/mali\/sites\/21\/2023\/02\/postQueueImg_1677586288.74.jpg\",\"datePublished\":\"2023-02-28T15:41:20+00:00\",\"dateModified\":\"2023-02-28T15:48:23+00:00\",\"author\":{\"@id\":\"https:\/\/www.africa-press.net\/mali\/#\/schema\/person\/2b1cf3cd81a31e3cd26889ca66d677f1\"},\"description\":\"Alors que le CNT est en session extraordinaire pour de\u0301finir les de\u0301fis des e\u0301lections, le parti d\u2019Ismae\u0308l Sacko s\u2019est i ...\",\"breadcrumb\":{\"@id\":\"https:\/\/www.africa-press.net\/mali\/politique\/loi-electorale-le-psda-revient-a-la-charge#breadcrumb\"},\"inLanguage\":\"fr-FR\",\"potentialAction\":[{\"@type\":\"ReadAction\",\"target\":[\"https:\/\/www.africa-press.net\/mali\/politique\/loi-electorale-le-psda-revient-a-la-charge\"]}]},{\"@type\":\"ImageObject\",\"inLanguage\":\"fr-FR\",\"@id\":\"https:\/\/www.africa-press.net\/mali\/politique\/loi-electorale-le-psda-revient-a-la-charge#primaryimage\",\"url\":\"https:\/\/static.africa-press.net\/mali\/sites\/21\/2023\/02\/postQueueImg_1677586288.74.jpg\",\"contentUrl\":\"https:\/\/static.africa-press.net\/mali\/sites\/21\/2023\/02\/postQueueImg_1677586288.74.jpg\",\"width\":720,\"height\":492,\"caption\":\"Loi \u00e9lectorale : le PSDA revient \u00e0 la charge\"},{\"@type\":\"BreadcrumbList\",\"@id\":\"https:\/\/www.africa-press.net\/mali\/politique\/loi-electorale-le-psda-revient-a-la-charge#breadcrumb\",\"itemListElement\":[{\"@type\":\"ListItem\",\"position\":1,\"name\":\"Home\",\"item\":\"https:\/\/www.africa-press.net\/mali\/\"},{\"@type\":\"ListItem\",\"position\":2,\"name\":\"Loi \u00e9lectorale : le PSDA revient \u00e0 la charge\"}]},{\"@type\":\"WebSite\",\"@id\":\"https:\/\/www.africa-press.net\/mali\/#website\",\"url\":\"https:\/\/www.africa-press.net\/mali\/\",\"name\":\"Mali\",\"description\":\"Just another Africa News Agency Sites site\",\"potentialAction\":[{\"@type\":\"SearchAction\",\"target\":{\"@type\":\"EntryPoint\",\"urlTemplate\":\"https:\/\/www.africa-press.net\/mali\/?s={search_term_string}\"},\"query-input\":{\"@type\":\"PropertyValueSpecification\",\"valueRequired\":true,\"valueName\":\"search_term_string\"}}],\"inLanguage\":\"fr-FR\"},{\"@type\":\"Person\",\"@id\":\"https:\/\/www.africa-press.net\/mali\/#\/schema\/person\/2b1cf3cd81a31e3cd26889ca66d677f1\",\"name\":\"cfeditorfr\"}]}<\/script>\n<!-- \/ Yoast SEO Premium plugin. -->","yoast_head_json":{"title":"Loi \u00e9lectorale : le PSDA revient \u00e0 la charge - Mali","description":"Alors que le CNT est en session extraordinaire pour de\u0301finir les de\u0301fis des e\u0301lections, le parti d\u2019Ismae\u0308l Sacko s\u2019est i ...","robots":{"index":"index","follow":"follow","max-snippet":"max-snippet:-1","max-image-preview":"max-image-preview:large","max-video-preview":"max-video-preview:-1"},"canonical":"https:\/\/www.africa-press.net\/mali\/politique\/loi-electorale-le-psda-revient-a-la-charge","og_locale":"fr_FR","og_type":"article","og_title":"Loi \u00e9lectorale : le PSDA revient \u00e0 la charge","og_description":"Alors que le CNT est en session extraordinaire pour de\u0301finir les de\u0301fis des e\u0301lections, le parti d\u2019Ismae\u0308l Sacko s\u2019est i ...","og_url":"https:\/\/www.africa-press.net\/mali\/politique\/loi-electorale-le-psda-revient-a-la-charge","og_site_name":"Mali","article_publisher":"https:\/\/www.facebook.com\/AfricaPressTunisiaa","article_published_time":"2023-02-28T15:41:20+00:00","article_modified_time":"2023-02-28T15:48:23+00:00","og_image":[{"width":720,"height":492,"url":"https:\/\/static.africa-press.net\/mali\/sites\/21\/2023\/02\/postQueueImg_1677586288.74.jpg","type":"image\/jpeg"}],"author":"cfeditorfr","twitter_card":"summary_large_image","twitter_misc":{"\u00c9crit par":"cfeditorfr","Dur\u00e9e de lecture estim\u00e9e":"3 minutes"},"schema":{"@context":"https:\/\/schema.org","@graph":[{"@type":"Article","@id":"https:\/\/www.africa-press.net\/mali\/politique\/loi-electorale-le-psda-revient-a-la-charge#article","isPartOf":{"@id":"https:\/\/www.africa-press.net\/mali\/politique\/loi-electorale-le-psda-revient-a-la-charge"},"author":{"name":"cfeditorfr","@id":"https:\/\/www.africa-press.net\/mali\/#\/schema\/person\/2b1cf3cd81a31e3cd26889ca66d677f1"},"headline":"Loi \u00e9lectorale : le PSDA revient \u00e0 la charge","datePublished":"2023-02-28T15:41:20+00:00","dateModified":"2023-02-28T15:48:23+00:00","mainEntityOfPage":{"@id":"https:\/\/www.africa-press.net\/mali\/politique\/loi-electorale-le-psda-revient-a-la-charge"},"wordCount":632,"commentCount":0,"image":{"@id":"https:\/\/www.africa-press.net\/mali\/politique\/loi-electorale-le-psda-revient-a-la-charge#primaryimage"},"thumbnailUrl":"https:\/\/static.africa-press.net\/mali\/sites\/21\/2023\/02\/postQueueImg_1677586288.74.jpg","keywords":["Africa Press","Africa Press-Mali","mali"],"articleSection":["Politique","Toutes les actualit\u00e9s"],"inLanguage":"fr-FR","potentialAction":[{"@type":"CommentAction","name":"Comment","target":["https:\/\/www.africa-press.net\/mali\/politique\/loi-electorale-le-psda-revient-a-la-charge#respond"]}]},{"@type":"WebPage","@id":"https:\/\/www.africa-press.net\/mali\/politique\/loi-electorale-le-psda-revient-a-la-charge","url":"https:\/\/www.africa-press.net\/mali\/politique\/loi-electorale-le-psda-revient-a-la-charge","name":"Loi \u00e9lectorale : le PSDA revient \u00e0 la charge - Mali","isPartOf":{"@id":"https:\/\/www.africa-press.net\/mali\/#website"},"primaryImageOfPage":{"@id":"https:\/\/www.africa-press.net\/mali\/politique\/loi-electorale-le-psda-revient-a-la-charge#primaryimage"},"image":{"@id":"https:\/\/www.africa-press.net\/mali\/politique\/loi-electorale-le-psda-revient-a-la-charge#primaryimage"},"thumbnailUrl":"https:\/\/static.africa-press.net\/mali\/sites\/21\/2023\/02\/postQueueImg_1677586288.74.jpg","datePublished":"2023-02-28T15:41:20+00:00","dateModified":"2023-02-28T15:48:23+00:00","author":{"@id":"https:\/\/www.africa-press.net\/mali\/#\/schema\/person\/2b1cf3cd81a31e3cd26889ca66d677f1"},"description":"Alors que le CNT est en session extraordinaire pour de\u0301finir les de\u0301fis des e\u0301lections, le parti d\u2019Ismae\u0308l Sacko s\u2019est i ...","breadcrumb":{"@id":"https:\/\/www.africa-press.net\/mali\/politique\/loi-electorale-le-psda-revient-a-la-charge#breadcrumb"},"inLanguage":"fr-FR","potentialAction":[{"@type":"ReadAction","target":["https:\/\/www.africa-press.net\/mali\/politique\/loi-electorale-le-psda-revient-a-la-charge"]}]},{"@type":"ImageObject","inLanguage":"fr-FR","@id":"https:\/\/www.africa-press.net\/mali\/politique\/loi-electorale-le-psda-revient-a-la-charge#primaryimage","url":"https:\/\/static.africa-press.net\/mali\/sites\/21\/2023\/02\/postQueueImg_1677586288.74.jpg","contentUrl":"https:\/\/static.africa-press.net\/mali\/sites\/21\/2023\/02\/postQueueImg_1677586288.74.jpg","width":720,"height":492,"caption":"Loi \u00e9lectorale : le PSDA revient \u00e0 la charge"},{"@type":"BreadcrumbList","@id":"https:\/\/www.africa-press.net\/mali\/politique\/loi-electorale-le-psda-revient-a-la-charge#breadcrumb","itemListElement":[{"@type":"ListItem","position":1,"name":"Home","item":"https:\/\/www.africa-press.net\/mali\/"},{"@type":"ListItem","position":2,"name":"Loi \u00e9lectorale : le PSDA revient \u00e0 la charge"}]},{"@type":"WebSite","@id":"https:\/\/www.africa-press.net\/mali\/#website","url":"https:\/\/www.africa-press.net\/mali\/","name":"Mali","description":"Just another Africa News Agency Sites site","potentialAction":[{"@type":"SearchAction","target":{"@type":"EntryPoint","urlTemplate":"https:\/\/www.africa-press.net\/mali\/?s={search_term_string}"},"query-input":{"@type":"PropertyValueSpecification","valueRequired":true,"valueName":"search_term_string"}}],"inLanguage":"fr-FR"},{"@type":"Person","@id":"https:\/\/www.africa-press.net\/mali\/#\/schema\/person\/2b1cf3cd81a31e3cd26889ca66d677f1","name":"cfeditorfr"}]}},"_links":{"self":[{"href":"https:\/\/www.africa-press.net\/mali\/wp-json\/wp\/v2\/posts\/31275","targetHints":{"allow":["GET"]}}],"collection":[{"href":"https:\/\/www.africa-press.net\/mali\/wp-json\/wp\/v2\/posts"}],"about":[{"href":"https:\/\/www.africa-press.net\/mali\/wp-json\/wp\/v2\/types\/post"}],"author":[{"embeddable":true,"href":"https:\/\/www.africa-press.net\/mali\/wp-json\/wp\/v2\/users\/82"}],"replies":[{"embeddable":true,"href":"https:\/\/www.africa-press.net\/mali\/wp-json\/wp\/v2\/comments?post=31275"}],"version-history":[{"count":0,"href":"https:\/\/www.africa-press.net\/mali\/wp-json\/wp\/v2\/posts\/31275\/revisions"}],"wp:featuredmedia":[{"embeddable":true,"href":"https:\/\/www.africa-press.net\/mali\/wp-json\/wp\/v2\/media\/31274"}],"wp:attachment":[{"href":"https:\/\/www.africa-press.net\/mali\/wp-json\/wp\/v2\/media?parent=31275"}],"wp:term":[{"taxonomy":"category","embeddable":true,"href":"https:\/\/www.africa-press.net\/mali\/wp-json\/wp\/v2\/categories?post=31275"},{"taxonomy":"post_tag","embeddable":true,"href":"https:\/\/www.africa-press.net\/mali\/wp-json\/wp\/v2\/tags?post=31275"}],"curies":[{"name":"wp","href":"https:\/\/api.w.org\/{rel}","templated":true}]}}