{"id":31278,"date":"2023-02-28T15:41:51","date_gmt":"2023-02-28T15:41:51","guid":{"rendered":"https:\/\/www.africa-press.net\/mali\/politique\/annulation-des-passeports-diplomatiques-letat-met-fin-a-la-recreation"},"modified":"2023-02-28T15:48:53","modified_gmt":"2023-02-28T15:48:53","slug":"annulation-des-passeports-diplomatiques-letat-met-fin-a-la-recreation","status":"publish","type":"post","link":"https:\/\/www.africa-press.net\/mali\/politique\/annulation-des-passeports-diplomatiques-letat-met-fin-a-la-recreation","title":{"rendered":"Annulation des Passeports Diplomatiques : L\u2019Etat met fin \u00e0 la r\u00e9cr\u00e9ation"},"content":{"rendered":"<p><span style=\"color: #ff6600\"><strong>Africa-Press &#8211; Mali. <\/strong><\/span>Une de\u0301cision du de\u0301partement des affaires e\u0301trange\u0300res a e\u0301te\u0301 rendue publique, dans ce sens, la semaine dernie\u0300re. Des anciens ministres et des leaders au devant de l\u2019opposition sont vise\u0301s par cette \u201dpunition\u201d qui reste normale et le\u0301gale.<\/p>\n<p>Les arguments ne font pas de\u0301faut d\u2019autant que les inte\u0301resse\u0301s ne sont plus en activite\u0301 ou en fonction qui leur donne droit au pre\u0301cieux document. La mesure concerne par ailleurs une quinzaine de passeports diplomatiques dont l\u2019annulation a e\u0301te\u0301 officialise\u0301e par la tutelle a\u0300 travers une note adresse\u0301e aux missions diplomatiques et consulaires au Mali.<\/p>\n<p>Sur la liste figurent le nom du pre\u0301sident du parti ACRT, Issa Kaou N\u2019Djim, ancien du Conseil National de Transition en disgra\u0302ce et radicalement oppose\u0301 aux autorite\u0301s de Transition, du pre\u0301sident du parti CODEM Housseini Amion Guindo qui fut victime d\u2019une tentative d\u2019enle\u0300vement l\u2019an dernier pour sa ligne politique. Ancien ministre sous le re\u0301gime de\u0301chu d\u2019IBK, il partage le me\u0302me sort qu\u2019une autre ancienne ministre, en l\u2019occurrence Kadiatou Konare\u0301. Fille de l\u2019ancien pre\u0301sident Alpha Oumar Konare\u0301, elle sie\u0301geait au sein du premier gouvernement de la Transition en tant ministre de la Culture et promouvait le made in MALI.<\/p>\n<p>Cette de\u0301cision des autorite\u0301s intervient dans un contexte de violence par Issa Kaou Djim et Housseini Amion Guindo et compagnons lors d\u2019une confe\u0301rence ayant de\u0301ge\u0301ne\u0301re\u0301 a\u0300 la Maison de la Presse et qui : annonc\u0327aient un vaste mouvement politique pour contraindre les autorite\u0301s de la Transition a\u0300 respecter le chronogramme de retour a\u0300 l\u2019ordre constitutionnel.<\/p>\n<p>Il s\u2019agit d\u2019un nouveau front diffe\u0301rent du Cadre des partis politiques ou\u0300 les deux politiciens brillent depuis peu par leurs diatribes a\u0300 l\u2019encontre du pouvoir. Tandis qu\u2019Issa Kaou N\u2019Djim n\u2019a de cesse de de\u0301clarer ouvertement que le Pre\u0301sident Assimi Goi\u0308ta doit \u00ab quitter \u00bb le pouvoir, POULO de son co\u0302te\u0301 s\u2019oppose au processus re\u0301fe\u0301rendaire en cours et de\u0301crie le manque de since\u0301rite\u0301 du Cadre qu\u2019il vient de quitter Arles et bagages pour le nouveau front.<\/p>\n<p>A\u0300 noter que cette annulation de passeports est pre\u0301vue par le De\u0301cret N\u00b02020-0338\/P-RM du 6 aou\u0302t 2020 relatif a\u0300 la de\u0301livrance du passeport diplomatique et du passeport de service en Re\u0301publique du Mali, lequel de\u0301cret, en son article 13 dispose que les : \u00abLes de\u0301tenteurs de passeport diplomatiques ou de passeport de service ayant cesse\u0301 la fonction pour laquelle ils ont be\u0301ne\u0301ficie\u0301 de ce document doivent le restituer a\u0300 l\u2019autorite\u0301 de de\u0301livrance, soit directement, soit par l\u2019interme\u0301diaire de l\u2019autorite\u0301 administrative, diplomatique ou consulaire la plus proche\u00bb. Et l\u2019aline\u0301a 2 de renche\u0301rir : \u00abTout passeport diplomatique ou passeport de service non restitue\u0301 dans les conditions pre\u0301vues a\u0300 l\u2019aline\u0301a pre\u0301ce\u0301dent est annule\u0301. Notification en est faite par le ministre charge\u0301 des Affaires e\u0301trange\u0300res aux autorite\u0301s compe\u0301tentes de la Re\u0301publique du Mali et a\u0300 celles des pays amis. Le titulaire dudit passeport en est e\u0301galement informe\u0301.\u00bb<\/p>\n<p>Des dispositions qui mettent fin a\u0300 toute pole\u0301mique malgre\u0301 une forte odeur de cabale, au regard d\u2019une e\u0301bullition de l\u2019are\u0300ne politique qui met force\u0301ment les opposants dans le viseur.<\/p>\n<p><strong>Pour plus d&rsquo;informations et d&rsquo;analyses sur la <a href=\"https:\/\/www.africa-press.net\/mali\">Mali<\/a>, suivez <a href=\"https:\/\/www.africa-press.net\/\">Africa-Press<\/a><\/strong><\/p>\n","protected":false},"excerpt":{"rendered":"<p>Africa-Press &#8211; Mali. Une de\u0301cision du de\u0301partement des affaires e\u0301trange\u0300res a e\u0301te\u0301 rendue publique, dans ce sens, la semaine dernie\u0300re. Des anciens ministres et des leaders au devant de l\u2019opposition sont vise\u0301s par cette \u201dpunition\u201d qui reste normale et le\u0301gale. Les arguments ne font pas de\u0301faut d\u2019autant que les inte\u0301resse\u0301s ne sont plus en activite\u0301 [&hellip;]<\/p>\n","protected":false},"author":82,"featured_media":31277,"comment_status":"open","ping_status":"closed","sticky":false,"template":"","format":"standard","meta":{"footnotes":""},"categories":[7,17],"tags":[76,86,19],"class_list":["post-31278","post","type-post","status-publish","format-standard","has-post-thumbnail","hentry","category-politique","category-toutes-les-actualites","tag-africa-press","tag-africa-press-mali","tag-mali"],"yoast_head":"<!-- This site is optimized with the Yoast SEO Premium plugin v26.1 (Yoast SEO v27.0) - https:\/\/yoast.com\/product\/yoast-seo-premium-wordpress\/ -->\n<title>Annulation des Passeports Diplomatiques : L\u2019Etat met fin \u00e0 la r\u00e9cr\u00e9ation - Mali<\/title>\n<meta name=\"description\" content=\"Une de\u0301cision du de\u0301partement des affaires e\u0301trange\u0300res a e\u0301te\u0301 rendue publique, dans ce sens, la semaine dernie\u0300re. Des ...\" \/>\n<meta name=\"robots\" content=\"index, follow, max-snippet:-1, max-image-preview:large, max-video-preview:-1\" \/>\n<link rel=\"canonical\" href=\"https:\/\/www.africa-press.net\/mali\/politique\/annulation-des-passeports-diplomatiques-letat-met-fin-a-la-recreation\" \/>\n<meta property=\"og:locale\" content=\"fr_FR\" \/>\n<meta property=\"og:type\" content=\"article\" \/>\n<meta property=\"og:title\" content=\"Annulation des Passeports Diplomatiques : L\u2019Etat met fin \u00e0 la r\u00e9cr\u00e9ation\" \/>\n<meta property=\"og:description\" content=\"Une de\u0301cision du de\u0301partement des affaires e\u0301trange\u0300res a e\u0301te\u0301 rendue publique, dans ce sens, la semaine dernie\u0300re. Des ...\" \/>\n<meta property=\"og:url\" content=\"https:\/\/www.africa-press.net\/mali\/politique\/annulation-des-passeports-diplomatiques-letat-met-fin-a-la-recreation\" \/>\n<meta property=\"og:site_name\" content=\"Mali\" \/>\n<meta property=\"article:publisher\" content=\"https:\/\/www.facebook.com\/AfricaPressTunisiaa\" \/>\n<meta property=\"article:published_time\" content=\"2023-02-28T15:41:51+00:00\" \/>\n<meta property=\"article:modified_time\" content=\"2023-02-28T15:48:53+00:00\" \/>\n<meta property=\"og:image\" content=\"https:\/\/static.africa-press.net\/mali\/sites\/21\/2023\/02\/postQueueImg_1677586321.37.jpg\" \/>\n\t<meta property=\"og:image:width\" content=\"720\" \/>\n\t<meta property=\"og:image:height\" content=\"487\" \/>\n\t<meta property=\"og:image:type\" content=\"image\/jpeg\" \/>\n<meta name=\"author\" content=\"cfeditorfr\" \/>\n<meta name=\"twitter:card\" content=\"summary_large_image\" \/>\n<meta name=\"twitter:label1\" content=\"\u00c9crit par\" \/>\n\t<meta name=\"twitter:data1\" content=\"cfeditorfr\" \/>\n\t<meta name=\"twitter:label2\" content=\"Dur\u00e9e de lecture estim\u00e9e\" \/>\n\t<meta name=\"twitter:data2\" content=\"3 minutes\" \/>\n<script type=\"application\/ld+json\" class=\"yoast-schema-graph\">{\"@context\":\"https:\/\/schema.org\",\"@graph\":[{\"@type\":\"Article\",\"@id\":\"https:\/\/www.africa-press.net\/mali\/politique\/annulation-des-passeports-diplomatiques-letat-met-fin-a-la-recreation#article\",\"isPartOf\":{\"@id\":\"https:\/\/www.africa-press.net\/mali\/politique\/annulation-des-passeports-diplomatiques-letat-met-fin-a-la-recreation\"},\"author\":{\"name\":\"cfeditorfr\",\"@id\":\"https:\/\/www.africa-press.net\/mali\/#\/schema\/person\/2b1cf3cd81a31e3cd26889ca66d677f1\"},\"headline\":\"Annulation des Passeports Diplomatiques : L\u2019Etat met fin \u00e0 la r\u00e9cr\u00e9ation\",\"datePublished\":\"2023-02-28T15:41:51+00:00\",\"dateModified\":\"2023-02-28T15:48:53+00:00\",\"mainEntityOfPage\":{\"@id\":\"https:\/\/www.africa-press.net\/mali\/politique\/annulation-des-passeports-diplomatiques-letat-met-fin-a-la-recreation\"},\"wordCount\":609,\"commentCount\":0,\"image\":{\"@id\":\"https:\/\/www.africa-press.net\/mali\/politique\/annulation-des-passeports-diplomatiques-letat-met-fin-a-la-recreation#primaryimage\"},\"thumbnailUrl\":\"https:\/\/static.africa-press.net\/mali\/sites\/21\/2023\/02\/postQueueImg_1677586321.37.jpg\",\"keywords\":[\"Africa Press\",\"Africa Press-Mali\",\"mali\"],\"articleSection\":[\"Politique\",\"Toutes les actualit\u00e9s\"],\"inLanguage\":\"fr-FR\",\"potentialAction\":[{\"@type\":\"CommentAction\",\"name\":\"Comment\",\"target\":[\"https:\/\/www.africa-press.net\/mali\/politique\/annulation-des-passeports-diplomatiques-letat-met-fin-a-la-recreation#respond\"]}]},{\"@type\":\"WebPage\",\"@id\":\"https:\/\/www.africa-press.net\/mali\/politique\/annulation-des-passeports-diplomatiques-letat-met-fin-a-la-recreation\",\"url\":\"https:\/\/www.africa-press.net\/mali\/politique\/annulation-des-passeports-diplomatiques-letat-met-fin-a-la-recreation\",\"name\":\"Annulation des Passeports Diplomatiques : L\u2019Etat met fin \u00e0 la r\u00e9cr\u00e9ation - Mali\",\"isPartOf\":{\"@id\":\"https:\/\/www.africa-press.net\/mali\/#website\"},\"primaryImageOfPage\":{\"@id\":\"https:\/\/www.africa-press.net\/mali\/politique\/annulation-des-passeports-diplomatiques-letat-met-fin-a-la-recreation#primaryimage\"},\"image\":{\"@id\":\"https:\/\/www.africa-press.net\/mali\/politique\/annulation-des-passeports-diplomatiques-letat-met-fin-a-la-recreation#primaryimage\"},\"thumbnailUrl\":\"https:\/\/static.africa-press.net\/mali\/sites\/21\/2023\/02\/postQueueImg_1677586321.37.jpg\",\"datePublished\":\"2023-02-28T15:41:51+00:00\",\"dateModified\":\"2023-02-28T15:48:53+00:00\",\"author\":{\"@id\":\"https:\/\/www.africa-press.net\/mali\/#\/schema\/person\/2b1cf3cd81a31e3cd26889ca66d677f1\"},\"description\":\"Une de\u0301cision du de\u0301partement des affaires e\u0301trange\u0300res a e\u0301te\u0301 rendue publique, dans ce sens, la semaine dernie\u0300re. Des ...\",\"breadcrumb\":{\"@id\":\"https:\/\/www.africa-press.net\/mali\/politique\/annulation-des-passeports-diplomatiques-letat-met-fin-a-la-recreation#breadcrumb\"},\"inLanguage\":\"fr-FR\",\"potentialAction\":[{\"@type\":\"ReadAction\",\"target\":[\"https:\/\/www.africa-press.net\/mali\/politique\/annulation-des-passeports-diplomatiques-letat-met-fin-a-la-recreation\"]}]},{\"@type\":\"ImageObject\",\"inLanguage\":\"fr-FR\",\"@id\":\"https:\/\/www.africa-press.net\/mali\/politique\/annulation-des-passeports-diplomatiques-letat-met-fin-a-la-recreation#primaryimage\",\"url\":\"https:\/\/static.africa-press.net\/mali\/sites\/21\/2023\/02\/postQueueImg_1677586321.37.jpg\",\"contentUrl\":\"https:\/\/static.africa-press.net\/mali\/sites\/21\/2023\/02\/postQueueImg_1677586321.37.jpg\",\"width\":720,\"height\":487,\"caption\":\"Annulation des Passeports Diplomatiques : L\u2019Etat met fin \u00e0 la r\u00e9cr\u00e9ation\"},{\"@type\":\"BreadcrumbList\",\"@id\":\"https:\/\/www.africa-press.net\/mali\/politique\/annulation-des-passeports-diplomatiques-letat-met-fin-a-la-recreation#breadcrumb\",\"itemListElement\":[{\"@type\":\"ListItem\",\"position\":1,\"name\":\"Home\",\"item\":\"https:\/\/www.africa-press.net\/mali\/\"},{\"@type\":\"ListItem\",\"position\":2,\"name\":\"Annulation des Passeports Diplomatiques : L\u2019Etat met fin \u00e0 la r\u00e9cr\u00e9ation\"}]},{\"@type\":\"WebSite\",\"@id\":\"https:\/\/www.africa-press.net\/mali\/#website\",\"url\":\"https:\/\/www.africa-press.net\/mali\/\",\"name\":\"Mali\",\"description\":\"Just another Africa News Agency Sites site\",\"potentialAction\":[{\"@type\":\"SearchAction\",\"target\":{\"@type\":\"EntryPoint\",\"urlTemplate\":\"https:\/\/www.africa-press.net\/mali\/?s={search_term_string}\"},\"query-input\":{\"@type\":\"PropertyValueSpecification\",\"valueRequired\":true,\"valueName\":\"search_term_string\"}}],\"inLanguage\":\"fr-FR\"},{\"@type\":\"Person\",\"@id\":\"https:\/\/www.africa-press.net\/mali\/#\/schema\/person\/2b1cf3cd81a31e3cd26889ca66d677f1\",\"name\":\"cfeditorfr\"}]}<\/script>\n<!-- \/ Yoast SEO Premium plugin. -->","yoast_head_json":{"title":"Annulation des Passeports Diplomatiques : L\u2019Etat met fin \u00e0 la r\u00e9cr\u00e9ation - Mali","description":"Une de\u0301cision du de\u0301partement des affaires e\u0301trange\u0300res a e\u0301te\u0301 rendue publique, dans ce sens, la semaine dernie\u0300re. Des ...","robots":{"index":"index","follow":"follow","max-snippet":"max-snippet:-1","max-image-preview":"max-image-preview:large","max-video-preview":"max-video-preview:-1"},"canonical":"https:\/\/www.africa-press.net\/mali\/politique\/annulation-des-passeports-diplomatiques-letat-met-fin-a-la-recreation","og_locale":"fr_FR","og_type":"article","og_title":"Annulation des Passeports Diplomatiques : L\u2019Etat met fin \u00e0 la r\u00e9cr\u00e9ation","og_description":"Une de\u0301cision du de\u0301partement des affaires e\u0301trange\u0300res a e\u0301te\u0301 rendue publique, dans ce sens, la semaine dernie\u0300re. Des ...","og_url":"https:\/\/www.africa-press.net\/mali\/politique\/annulation-des-passeports-diplomatiques-letat-met-fin-a-la-recreation","og_site_name":"Mali","article_publisher":"https:\/\/www.facebook.com\/AfricaPressTunisiaa","article_published_time":"2023-02-28T15:41:51+00:00","article_modified_time":"2023-02-28T15:48:53+00:00","og_image":[{"width":720,"height":487,"url":"https:\/\/static.africa-press.net\/mali\/sites\/21\/2023\/02\/postQueueImg_1677586321.37.jpg","type":"image\/jpeg"}],"author":"cfeditorfr","twitter_card":"summary_large_image","twitter_misc":{"\u00c9crit par":"cfeditorfr","Dur\u00e9e de lecture estim\u00e9e":"3 minutes"},"schema":{"@context":"https:\/\/schema.org","@graph":[{"@type":"Article","@id":"https:\/\/www.africa-press.net\/mali\/politique\/annulation-des-passeports-diplomatiques-letat-met-fin-a-la-recreation#article","isPartOf":{"@id":"https:\/\/www.africa-press.net\/mali\/politique\/annulation-des-passeports-diplomatiques-letat-met-fin-a-la-recreation"},"author":{"name":"cfeditorfr","@id":"https:\/\/www.africa-press.net\/mali\/#\/schema\/person\/2b1cf3cd81a31e3cd26889ca66d677f1"},"headline":"Annulation des Passeports Diplomatiques : L\u2019Etat met fin \u00e0 la r\u00e9cr\u00e9ation","datePublished":"2023-02-28T15:41:51+00:00","dateModified":"2023-02-28T15:48:53+00:00","mainEntityOfPage":{"@id":"https:\/\/www.africa-press.net\/mali\/politique\/annulation-des-passeports-diplomatiques-letat-met-fin-a-la-recreation"},"wordCount":609,"commentCount":0,"image":{"@id":"https:\/\/www.africa-press.net\/mali\/politique\/annulation-des-passeports-diplomatiques-letat-met-fin-a-la-recreation#primaryimage"},"thumbnailUrl":"https:\/\/static.africa-press.net\/mali\/sites\/21\/2023\/02\/postQueueImg_1677586321.37.jpg","keywords":["Africa Press","Africa Press-Mali","mali"],"articleSection":["Politique","Toutes les actualit\u00e9s"],"inLanguage":"fr-FR","potentialAction":[{"@type":"CommentAction","name":"Comment","target":["https:\/\/www.africa-press.net\/mali\/politique\/annulation-des-passeports-diplomatiques-letat-met-fin-a-la-recreation#respond"]}]},{"@type":"WebPage","@id":"https:\/\/www.africa-press.net\/mali\/politique\/annulation-des-passeports-diplomatiques-letat-met-fin-a-la-recreation","url":"https:\/\/www.africa-press.net\/mali\/politique\/annulation-des-passeports-diplomatiques-letat-met-fin-a-la-recreation","name":"Annulation des Passeports Diplomatiques : L\u2019Etat met fin \u00e0 la r\u00e9cr\u00e9ation - Mali","isPartOf":{"@id":"https:\/\/www.africa-press.net\/mali\/#website"},"primaryImageOfPage":{"@id":"https:\/\/www.africa-press.net\/mali\/politique\/annulation-des-passeports-diplomatiques-letat-met-fin-a-la-recreation#primaryimage"},"image":{"@id":"https:\/\/www.africa-press.net\/mali\/politique\/annulation-des-passeports-diplomatiques-letat-met-fin-a-la-recreation#primaryimage"},"thumbnailUrl":"https:\/\/static.africa-press.net\/mali\/sites\/21\/2023\/02\/postQueueImg_1677586321.37.jpg","datePublished":"2023-02-28T15:41:51+00:00","dateModified":"2023-02-28T15:48:53+00:00","author":{"@id":"https:\/\/www.africa-press.net\/mali\/#\/schema\/person\/2b1cf3cd81a31e3cd26889ca66d677f1"},"description":"Une de\u0301cision du de\u0301partement des affaires e\u0301trange\u0300res a e\u0301te\u0301 rendue publique, dans ce sens, la semaine dernie\u0300re. Des ...","breadcrumb":{"@id":"https:\/\/www.africa-press.net\/mali\/politique\/annulation-des-passeports-diplomatiques-letat-met-fin-a-la-recreation#breadcrumb"},"inLanguage":"fr-FR","potentialAction":[{"@type":"ReadAction","target":["https:\/\/www.africa-press.net\/mali\/politique\/annulation-des-passeports-diplomatiques-letat-met-fin-a-la-recreation"]}]},{"@type":"ImageObject","inLanguage":"fr-FR","@id":"https:\/\/www.africa-press.net\/mali\/politique\/annulation-des-passeports-diplomatiques-letat-met-fin-a-la-recreation#primaryimage","url":"https:\/\/static.africa-press.net\/mali\/sites\/21\/2023\/02\/postQueueImg_1677586321.37.jpg","contentUrl":"https:\/\/static.africa-press.net\/mali\/sites\/21\/2023\/02\/postQueueImg_1677586321.37.jpg","width":720,"height":487,"caption":"Annulation des Passeports Diplomatiques : L\u2019Etat met fin \u00e0 la r\u00e9cr\u00e9ation"},{"@type":"BreadcrumbList","@id":"https:\/\/www.africa-press.net\/mali\/politique\/annulation-des-passeports-diplomatiques-letat-met-fin-a-la-recreation#breadcrumb","itemListElement":[{"@type":"ListItem","position":1,"name":"Home","item":"https:\/\/www.africa-press.net\/mali\/"},{"@type":"ListItem","position":2,"name":"Annulation des Passeports Diplomatiques : L\u2019Etat met fin \u00e0 la r\u00e9cr\u00e9ation"}]},{"@type":"WebSite","@id":"https:\/\/www.africa-press.net\/mali\/#website","url":"https:\/\/www.africa-press.net\/mali\/","name":"Mali","description":"Just another Africa News Agency Sites site","potentialAction":[{"@type":"SearchAction","target":{"@type":"EntryPoint","urlTemplate":"https:\/\/www.africa-press.net\/mali\/?s={search_term_string}"},"query-input":{"@type":"PropertyValueSpecification","valueRequired":true,"valueName":"search_term_string"}}],"inLanguage":"fr-FR"},{"@type":"Person","@id":"https:\/\/www.africa-press.net\/mali\/#\/schema\/person\/2b1cf3cd81a31e3cd26889ca66d677f1","name":"cfeditorfr"}]}},"_links":{"self":[{"href":"https:\/\/www.africa-press.net\/mali\/wp-json\/wp\/v2\/posts\/31278","targetHints":{"allow":["GET"]}}],"collection":[{"href":"https:\/\/www.africa-press.net\/mali\/wp-json\/wp\/v2\/posts"}],"about":[{"href":"https:\/\/www.africa-press.net\/mali\/wp-json\/wp\/v2\/types\/post"}],"author":[{"embeddable":true,"href":"https:\/\/www.africa-press.net\/mali\/wp-json\/wp\/v2\/users\/82"}],"replies":[{"embeddable":true,"href":"https:\/\/www.africa-press.net\/mali\/wp-json\/wp\/v2\/comments?post=31278"}],"version-history":[{"count":0,"href":"https:\/\/www.africa-press.net\/mali\/wp-json\/wp\/v2\/posts\/31278\/revisions"}],"wp:featuredmedia":[{"embeddable":true,"href":"https:\/\/www.africa-press.net\/mali\/wp-json\/wp\/v2\/media\/31277"}],"wp:attachment":[{"href":"https:\/\/www.africa-press.net\/mali\/wp-json\/wp\/v2\/media?parent=31278"}],"wp:term":[{"taxonomy":"category","embeddable":true,"href":"https:\/\/www.africa-press.net\/mali\/wp-json\/wp\/v2\/categories?post=31278"},{"taxonomy":"post_tag","embeddable":true,"href":"https:\/\/www.africa-press.net\/mali\/wp-json\/wp\/v2\/tags?post=31278"}],"curies":[{"name":"wp","href":"https:\/\/api.w.org\/{rel}","templated":true}]}}