{"id":31281,"date":"2023-02-28T15:43:50","date_gmt":"2023-02-28T15:43:50","guid":{"rendered":"https:\/\/www.africa-press.net\/mali\/politique\/le-premier-ministre-a-la-rencontre-des-maliens-installes-au-burkina-tour-dhorizon-des-preoccupations-des-expatries"},"modified":"2023-02-28T15:49:23","modified_gmt":"2023-02-28T15:49:23","slug":"le-premier-ministre-a-la-rencontre-des-maliens-installes-au-burkina-tour-dhorizon-des-preoccupations-des-expatries","status":"publish","type":"post","link":"https:\/\/www.africa-press.net\/mali\/politique\/le-premier-ministre-a-la-rencontre-des-maliens-installes-au-burkina-tour-dhorizon-des-preoccupations-des-expatries","title":{"rendered":"Le Premier ministre \u00e0 la rencontre des Maliens install\u00e9s au Burkina : Tour d\u2019horizon des pr\u00e9occupations des expatri\u00e9s"},"content":{"rendered":"<p><span style=\"color: #ff6600\"><strong>Africa-Press &#8211; Mali. <\/strong><\/span>Respectant une tradition bien e\u0301tablie, le Premier ministre Choguel Kokalla Mai\u0308ga, en visite au Burkina Faso, a rencontre\u0301, samedi dernier, la communaute\u0301 malienne vivant dans ce pays.<\/p>\n<p>C\u2019e\u0301tait dans la salle de confe\u0301rence de l\u2019ambassade du Mali a\u0300 Ouagadoudou. Estime\u0301e a\u0300 environ 115.000 personnes, la communaute\u0301 malienne du Burkina Faso est compose\u0301e de fonctionnaires internationaux, d\u2019e\u0301tudiants, d\u2019hommes d\u2019affaires, d\u2019ouvriers, etc. L\u2019ambassadeur du Mali au Burkina Faso, Issouf Oumar Mai\u0308ga, a loue\u0301 la qualite\u0301 des relations entre les deux pays. Les Maliens vivent en parfaite harmonie avec leurs fre\u0300res du pays des \u00ab Hommes inte\u0300gres \u00bb.<\/p>\n<p>Pour le diplomate, les peuples malien et burkinabe\u0301 ont compris la ne\u0301cessite\u0301 pour les deux e\u0301tats de mutualiser leurs moyens et leurs efforts dans la lutte contre les groupes arme\u0301s terroristes, qui endeuillent nos populations empe\u0302chant la libre circulation des personnes et des biens.<\/p>\n<p>Les pre\u0301occupations des Maliens e\u0301tablis au Burkina sont relatives a\u0300 la carrie\u0300re des fonctionnaires internationaux, aux conditions de vie de nos compatriotes, a\u0300 l\u2019obtention des documents administratifs du Mali, a\u0300 l\u2019acquisition des logements sociaux et des parcelles.<\/p>\n<p>De me\u0302me, d\u2019autres points souleve\u0301s par les Maliens installe\u0301s dans ce pays fre\u0300re portent sur la se\u0301curite\u0301, la justice et l\u2019e\u0301ducation. Le gouvernement est conscient des difficulte\u0301s auxquelles nos compatriotes sont confronte\u0301s et s\u2019atte\u0300le a\u0300 les re\u0301soudre. Toutefois, a de\u0301plore\u0301 le ministre des Maliens e\u0301tablis a\u0300 l\u2019exte\u0301rieur, l\u2019un des premiers proble\u0300mes de nos compatriotes vivant hors du pays a trait a\u0300 leur gouvernance.<\/p>\n<p>En ce sens qu\u2019ils sont majoritairement repre\u0301sente\u0301s par des Maliens de l\u2019inte\u0301rieur. Le de\u0301partement de tutelle, selon son chef, est en train de se battre contre cela. Pour les logements sociaux, Alhamdou Ag Ilyene a informe\u0301 que la difficulte\u0301 se situe au niveau du nombre insuffisant et des difficulte\u0301s dans la constitution des dossiers. Et le ministre Ag Ilyene d\u2019informer que le gouvernement a donne\u0301, sous couvert du Haut conseil des Maliens de l\u2019exte\u0301rieur, 5.000 parcelles a\u0300 l\u2019Office du Niger pour nos compatriotes de la diaspora qui souhaitent investir.<\/p>\n<p>Dans le cadre de la refondation de l\u2019e\u0301tat, il est pre\u0301vu dans l\u2019avant-projet de Constitution que les Maliens de l\u2019exte\u0301rieur aient des repre\u0301sentants au niveau des futures institutions. Le gouvernement envisage en outre la convocation des e\u0301tats ge\u0301ne\u0301raux de la migration, conforme\u0301ment aux conclusions des Assises nationales de la refondation. Et le ministre Alhamdou Ag Ilyene d\u2019insister sur la cohe\u0301sion des Maliens de l\u2019exte\u0301rieur.<\/p>\n<p>Le Premier ministre a invite\u0301 nos compatriotes a\u0300 aller dans le sens d\u2019une inte\u0301gration re\u0301ussie avec nos fre\u0300res du Faso. Dr Choguel Kokalla Mai\u0308ga les a aussi exhorte\u0301s a\u0300 soutenir la Transition afin de faire aboutir les projets majeurs, notamment les re\u0301formes politiques et institutionnelles. Le chef du gouvernement a indique\u0301 que le premier besoin des Maliens est la se\u0301curite\u0301, ajoutant que d\u2019importants progre\u0300s ont e\u0301te\u0301 enregistre\u0301s sur le plan. Cela, gra\u0302ce aux re\u0301centes acquisitions d\u2019e\u0301quipements militaires.<\/p>\n<p>Signe e\u0301loquent de rapprochement entre les peuples, au cours de la ce\u0301re\u0301monie, un enfant portant le nom du Premier ministre, dont les parents sont Burkinabe\u0300, a e\u0301te\u0301 pre\u0301sente\u0301 a\u0300 l\u2019assistance.<\/p>\n<p>Avant de quitter la capitale du Faso, Dr Choguel Kokalla Mai\u0308ga s\u2019est rendu au stand des artistes maliens qui participent a\u0300 la 28e\u0300 e\u0301dition du Festival panafricain du cine\u0301ma et de la te\u0301le\u0301vision de Ouagadougou (Fespaco). Tout en les saluant, suivant la tradition africaine, il leur a fait un geste symbolique.<\/p>\n<p><strong>Pour plus d&rsquo;informations et d&rsquo;analyses sur la <a href=\"https:\/\/www.africa-press.net\/mali\">Mali<\/a>, suivez <a href=\"https:\/\/www.africa-press.net\/\">Africa-Press<\/a><\/strong><\/p>\n","protected":false},"excerpt":{"rendered":"<p>Africa-Press &#8211; Mali. Respectant une tradition bien e\u0301tablie, le Premier ministre Choguel Kokalla Mai\u0308ga, en visite au Burkina Faso, a rencontre\u0301, samedi dernier, la communaute\u0301 malienne vivant dans ce pays. C\u2019e\u0301tait dans la salle de confe\u0301rence de l\u2019ambassade du Mali a\u0300 Ouagadoudou. Estime\u0301e a\u0300 environ 115.000 personnes, la communaute\u0301 malienne du Burkina Faso est compose\u0301e [&hellip;]<\/p>\n","protected":false},"author":82,"featured_media":31280,"comment_status":"open","ping_status":"closed","sticky":false,"template":"","format":"standard","meta":{"footnotes":""},"categories":[7,17],"tags":[76,86,19],"class_list":["post-31281","post","type-post","status-publish","format-standard","has-post-thumbnail","hentry","category-politique","category-toutes-les-actualites","tag-africa-press","tag-africa-press-mali","tag-mali"],"yoast_head":"<!-- This site is optimized with the Yoast SEO Premium plugin v26.1 (Yoast SEO v27.0) - https:\/\/yoast.com\/product\/yoast-seo-premium-wordpress\/ -->\n<title>Le Premier ministre \u00e0 la rencontre des Maliens install\u00e9s au Burkina : Tour d\u2019horizon des pr\u00e9occupations des expatri\u00e9s - Mali<\/title>\n<meta name=\"description\" content=\"Respectant une tradition bien e\u0301tablie, le Premier ministre Choguel Kokalla Mai\u0308ga, en visite au Burkina Faso, a rencont ...\" \/>\n<meta name=\"robots\" content=\"index, follow, max-snippet:-1, max-image-preview:large, max-video-preview:-1\" \/>\n<link rel=\"canonical\" href=\"https:\/\/www.africa-press.net\/mali\/politique\/le-premier-ministre-a-la-rencontre-des-maliens-installes-au-burkina-tour-dhorizon-des-preoccupations-des-expatries\" \/>\n<meta property=\"og:locale\" content=\"fr_FR\" \/>\n<meta property=\"og:type\" content=\"article\" \/>\n<meta property=\"og:title\" content=\"Le Premier ministre \u00e0 la rencontre des Maliens install\u00e9s au Burkina : Tour d\u2019horizon des pr\u00e9occupations des expatri\u00e9s\" \/>\n<meta property=\"og:description\" content=\"Respectant une tradition bien e\u0301tablie, le Premier ministre Choguel Kokalla Mai\u0308ga, en visite au Burkina Faso, a rencont ...\" \/>\n<meta property=\"og:url\" content=\"https:\/\/www.africa-press.net\/mali\/politique\/le-premier-ministre-a-la-rencontre-des-maliens-installes-au-burkina-tour-dhorizon-des-preoccupations-des-expatries\" \/>\n<meta property=\"og:site_name\" content=\"Mali\" \/>\n<meta property=\"article:publisher\" content=\"https:\/\/www.facebook.com\/AfricaPressTunisiaa\" \/>\n<meta property=\"article:published_time\" content=\"2023-02-28T15:43:50+00:00\" \/>\n<meta property=\"article:modified_time\" content=\"2023-02-28T15:49:23+00:00\" \/>\n<meta property=\"og:image\" content=\"https:\/\/static.africa-press.net\/mali\/sites\/21\/2023\/02\/postQueueImg_1677586440.20.jpg\" \/>\n\t<meta property=\"og:image:width\" content=\"720\" \/>\n\t<meta property=\"og:image:height\" content=\"364\" \/>\n\t<meta property=\"og:image:type\" content=\"image\/jpeg\" \/>\n<meta name=\"author\" content=\"cfeditorfr\" \/>\n<meta name=\"twitter:card\" content=\"summary_large_image\" \/>\n<meta name=\"twitter:label1\" content=\"\u00c9crit par\" \/>\n\t<meta name=\"twitter:data1\" content=\"cfeditorfr\" \/>\n\t<meta name=\"twitter:label2\" content=\"Dur\u00e9e de lecture estim\u00e9e\" \/>\n\t<meta name=\"twitter:data2\" content=\"3 minutes\" \/>\n<script type=\"application\/ld+json\" class=\"yoast-schema-graph\">{\"@context\":\"https:\/\/schema.org\",\"@graph\":[{\"@type\":\"Article\",\"@id\":\"https:\/\/www.africa-press.net\/mali\/politique\/le-premier-ministre-a-la-rencontre-des-maliens-installes-au-burkina-tour-dhorizon-des-preoccupations-des-expatries#article\",\"isPartOf\":{\"@id\":\"https:\/\/www.africa-press.net\/mali\/politique\/le-premier-ministre-a-la-rencontre-des-maliens-installes-au-burkina-tour-dhorizon-des-preoccupations-des-expatries\"},\"author\":{\"name\":\"cfeditorfr\",\"@id\":\"https:\/\/www.africa-press.net\/mali\/#\/schema\/person\/2b1cf3cd81a31e3cd26889ca66d677f1\"},\"headline\":\"Le Premier ministre \u00e0 la rencontre des Maliens install\u00e9s au Burkina : Tour d\u2019horizon des pr\u00e9occupations des expatri\u00e9s\",\"datePublished\":\"2023-02-28T15:43:50+00:00\",\"dateModified\":\"2023-02-28T15:49:23+00:00\",\"mainEntityOfPage\":{\"@id\":\"https:\/\/www.africa-press.net\/mali\/politique\/le-premier-ministre-a-la-rencontre-des-maliens-installes-au-burkina-tour-dhorizon-des-preoccupations-des-expatries\"},\"wordCount\":680,\"commentCount\":0,\"image\":{\"@id\":\"https:\/\/www.africa-press.net\/mali\/politique\/le-premier-ministre-a-la-rencontre-des-maliens-installes-au-burkina-tour-dhorizon-des-preoccupations-des-expatries#primaryimage\"},\"thumbnailUrl\":\"https:\/\/static.africa-press.net\/mali\/sites\/21\/2023\/02\/postQueueImg_1677586440.20.jpg\",\"keywords\":[\"Africa Press\",\"Africa Press-Mali\",\"mali\"],\"articleSection\":[\"Politique\",\"Toutes les actualit\u00e9s\"],\"inLanguage\":\"fr-FR\",\"potentialAction\":[{\"@type\":\"CommentAction\",\"name\":\"Comment\",\"target\":[\"https:\/\/www.africa-press.net\/mali\/politique\/le-premier-ministre-a-la-rencontre-des-maliens-installes-au-burkina-tour-dhorizon-des-preoccupations-des-expatries#respond\"]}]},{\"@type\":\"WebPage\",\"@id\":\"https:\/\/www.africa-press.net\/mali\/politique\/le-premier-ministre-a-la-rencontre-des-maliens-installes-au-burkina-tour-dhorizon-des-preoccupations-des-expatries\",\"url\":\"https:\/\/www.africa-press.net\/mali\/politique\/le-premier-ministre-a-la-rencontre-des-maliens-installes-au-burkina-tour-dhorizon-des-preoccupations-des-expatries\",\"name\":\"Le Premier ministre \u00e0 la rencontre des Maliens install\u00e9s au Burkina : Tour d\u2019horizon des pr\u00e9occupations des expatri\u00e9s - Mali\",\"isPartOf\":{\"@id\":\"https:\/\/www.africa-press.net\/mali\/#website\"},\"primaryImageOfPage\":{\"@id\":\"https:\/\/www.africa-press.net\/mali\/politique\/le-premier-ministre-a-la-rencontre-des-maliens-installes-au-burkina-tour-dhorizon-des-preoccupations-des-expatries#primaryimage\"},\"image\":{\"@id\":\"https:\/\/www.africa-press.net\/mali\/politique\/le-premier-ministre-a-la-rencontre-des-maliens-installes-au-burkina-tour-dhorizon-des-preoccupations-des-expatries#primaryimage\"},\"thumbnailUrl\":\"https:\/\/static.africa-press.net\/mali\/sites\/21\/2023\/02\/postQueueImg_1677586440.20.jpg\",\"datePublished\":\"2023-02-28T15:43:50+00:00\",\"dateModified\":\"2023-02-28T15:49:23+00:00\",\"author\":{\"@id\":\"https:\/\/www.africa-press.net\/mali\/#\/schema\/person\/2b1cf3cd81a31e3cd26889ca66d677f1\"},\"description\":\"Respectant une tradition bien e\u0301tablie, le Premier ministre Choguel Kokalla Mai\u0308ga, en visite au Burkina Faso, a rencont ...\",\"breadcrumb\":{\"@id\":\"https:\/\/www.africa-press.net\/mali\/politique\/le-premier-ministre-a-la-rencontre-des-maliens-installes-au-burkina-tour-dhorizon-des-preoccupations-des-expatries#breadcrumb\"},\"inLanguage\":\"fr-FR\",\"potentialAction\":[{\"@type\":\"ReadAction\",\"target\":[\"https:\/\/www.africa-press.net\/mali\/politique\/le-premier-ministre-a-la-rencontre-des-maliens-installes-au-burkina-tour-dhorizon-des-preoccupations-des-expatries\"]}]},{\"@type\":\"ImageObject\",\"inLanguage\":\"fr-FR\",\"@id\":\"https:\/\/www.africa-press.net\/mali\/politique\/le-premier-ministre-a-la-rencontre-des-maliens-installes-au-burkina-tour-dhorizon-des-preoccupations-des-expatries#primaryimage\",\"url\":\"https:\/\/static.africa-press.net\/mali\/sites\/21\/2023\/02\/postQueueImg_1677586440.20.jpg\",\"contentUrl\":\"https:\/\/static.africa-press.net\/mali\/sites\/21\/2023\/02\/postQueueImg_1677586440.20.jpg\",\"width\":720,\"height\":364,\"caption\":\"Le Premier ministre \u00e0 la rencontre des Maliens install\u00e9s au Burkina : Tour d\u2019horizon des pr\u00e9occupations des expatri\u00e9s\"},{\"@type\":\"BreadcrumbList\",\"@id\":\"https:\/\/www.africa-press.net\/mali\/politique\/le-premier-ministre-a-la-rencontre-des-maliens-installes-au-burkina-tour-dhorizon-des-preoccupations-des-expatries#breadcrumb\",\"itemListElement\":[{\"@type\":\"ListItem\",\"position\":1,\"name\":\"Home\",\"item\":\"https:\/\/www.africa-press.net\/mali\/\"},{\"@type\":\"ListItem\",\"position\":2,\"name\":\"Le Premier ministre \u00e0 la rencontre des Maliens install\u00e9s au Burkina : Tour d\u2019horizon des pr\u00e9occupations des expatri\u00e9s\"}]},{\"@type\":\"WebSite\",\"@id\":\"https:\/\/www.africa-press.net\/mali\/#website\",\"url\":\"https:\/\/www.africa-press.net\/mali\/\",\"name\":\"Mali\",\"description\":\"Just another Africa News Agency Sites site\",\"potentialAction\":[{\"@type\":\"SearchAction\",\"target\":{\"@type\":\"EntryPoint\",\"urlTemplate\":\"https:\/\/www.africa-press.net\/mali\/?s={search_term_string}\"},\"query-input\":{\"@type\":\"PropertyValueSpecification\",\"valueRequired\":true,\"valueName\":\"search_term_string\"}}],\"inLanguage\":\"fr-FR\"},{\"@type\":\"Person\",\"@id\":\"https:\/\/www.africa-press.net\/mali\/#\/schema\/person\/2b1cf3cd81a31e3cd26889ca66d677f1\",\"name\":\"cfeditorfr\"}]}<\/script>\n<!-- \/ Yoast SEO Premium plugin. -->","yoast_head_json":{"title":"Le Premier ministre \u00e0 la rencontre des Maliens install\u00e9s au Burkina : Tour d\u2019horizon des pr\u00e9occupations des expatri\u00e9s - Mali","description":"Respectant une tradition bien e\u0301tablie, le Premier ministre Choguel Kokalla Mai\u0308ga, en visite au Burkina Faso, a rencont ...","robots":{"index":"index","follow":"follow","max-snippet":"max-snippet:-1","max-image-preview":"max-image-preview:large","max-video-preview":"max-video-preview:-1"},"canonical":"https:\/\/www.africa-press.net\/mali\/politique\/le-premier-ministre-a-la-rencontre-des-maliens-installes-au-burkina-tour-dhorizon-des-preoccupations-des-expatries","og_locale":"fr_FR","og_type":"article","og_title":"Le Premier ministre \u00e0 la rencontre des Maliens install\u00e9s au Burkina : Tour d\u2019horizon des pr\u00e9occupations des expatri\u00e9s","og_description":"Respectant une tradition bien e\u0301tablie, le Premier ministre Choguel Kokalla Mai\u0308ga, en visite au Burkina Faso, a rencont ...","og_url":"https:\/\/www.africa-press.net\/mali\/politique\/le-premier-ministre-a-la-rencontre-des-maliens-installes-au-burkina-tour-dhorizon-des-preoccupations-des-expatries","og_site_name":"Mali","article_publisher":"https:\/\/www.facebook.com\/AfricaPressTunisiaa","article_published_time":"2023-02-28T15:43:50+00:00","article_modified_time":"2023-02-28T15:49:23+00:00","og_image":[{"width":720,"height":364,"url":"https:\/\/static.africa-press.net\/mali\/sites\/21\/2023\/02\/postQueueImg_1677586440.20.jpg","type":"image\/jpeg"}],"author":"cfeditorfr","twitter_card":"summary_large_image","twitter_misc":{"\u00c9crit par":"cfeditorfr","Dur\u00e9e de lecture estim\u00e9e":"3 minutes"},"schema":{"@context":"https:\/\/schema.org","@graph":[{"@type":"Article","@id":"https:\/\/www.africa-press.net\/mali\/politique\/le-premier-ministre-a-la-rencontre-des-maliens-installes-au-burkina-tour-dhorizon-des-preoccupations-des-expatries#article","isPartOf":{"@id":"https:\/\/www.africa-press.net\/mali\/politique\/le-premier-ministre-a-la-rencontre-des-maliens-installes-au-burkina-tour-dhorizon-des-preoccupations-des-expatries"},"author":{"name":"cfeditorfr","@id":"https:\/\/www.africa-press.net\/mali\/#\/schema\/person\/2b1cf3cd81a31e3cd26889ca66d677f1"},"headline":"Le Premier ministre \u00e0 la rencontre des Maliens install\u00e9s au Burkina : Tour d\u2019horizon des pr\u00e9occupations des expatri\u00e9s","datePublished":"2023-02-28T15:43:50+00:00","dateModified":"2023-02-28T15:49:23+00:00","mainEntityOfPage":{"@id":"https:\/\/www.africa-press.net\/mali\/politique\/le-premier-ministre-a-la-rencontre-des-maliens-installes-au-burkina-tour-dhorizon-des-preoccupations-des-expatries"},"wordCount":680,"commentCount":0,"image":{"@id":"https:\/\/www.africa-press.net\/mali\/politique\/le-premier-ministre-a-la-rencontre-des-maliens-installes-au-burkina-tour-dhorizon-des-preoccupations-des-expatries#primaryimage"},"thumbnailUrl":"https:\/\/static.africa-press.net\/mali\/sites\/21\/2023\/02\/postQueueImg_1677586440.20.jpg","keywords":["Africa Press","Africa Press-Mali","mali"],"articleSection":["Politique","Toutes les actualit\u00e9s"],"inLanguage":"fr-FR","potentialAction":[{"@type":"CommentAction","name":"Comment","target":["https:\/\/www.africa-press.net\/mali\/politique\/le-premier-ministre-a-la-rencontre-des-maliens-installes-au-burkina-tour-dhorizon-des-preoccupations-des-expatries#respond"]}]},{"@type":"WebPage","@id":"https:\/\/www.africa-press.net\/mali\/politique\/le-premier-ministre-a-la-rencontre-des-maliens-installes-au-burkina-tour-dhorizon-des-preoccupations-des-expatries","url":"https:\/\/www.africa-press.net\/mali\/politique\/le-premier-ministre-a-la-rencontre-des-maliens-installes-au-burkina-tour-dhorizon-des-preoccupations-des-expatries","name":"Le Premier ministre \u00e0 la rencontre des Maliens install\u00e9s au Burkina : Tour d\u2019horizon des pr\u00e9occupations des expatri\u00e9s - Mali","isPartOf":{"@id":"https:\/\/www.africa-press.net\/mali\/#website"},"primaryImageOfPage":{"@id":"https:\/\/www.africa-press.net\/mali\/politique\/le-premier-ministre-a-la-rencontre-des-maliens-installes-au-burkina-tour-dhorizon-des-preoccupations-des-expatries#primaryimage"},"image":{"@id":"https:\/\/www.africa-press.net\/mali\/politique\/le-premier-ministre-a-la-rencontre-des-maliens-installes-au-burkina-tour-dhorizon-des-preoccupations-des-expatries#primaryimage"},"thumbnailUrl":"https:\/\/static.africa-press.net\/mali\/sites\/21\/2023\/02\/postQueueImg_1677586440.20.jpg","datePublished":"2023-02-28T15:43:50+00:00","dateModified":"2023-02-28T15:49:23+00:00","author":{"@id":"https:\/\/www.africa-press.net\/mali\/#\/schema\/person\/2b1cf3cd81a31e3cd26889ca66d677f1"},"description":"Respectant une tradition bien e\u0301tablie, le Premier ministre Choguel Kokalla Mai\u0308ga, en visite au Burkina Faso, a rencont ...","breadcrumb":{"@id":"https:\/\/www.africa-press.net\/mali\/politique\/le-premier-ministre-a-la-rencontre-des-maliens-installes-au-burkina-tour-dhorizon-des-preoccupations-des-expatries#breadcrumb"},"inLanguage":"fr-FR","potentialAction":[{"@type":"ReadAction","target":["https:\/\/www.africa-press.net\/mali\/politique\/le-premier-ministre-a-la-rencontre-des-maliens-installes-au-burkina-tour-dhorizon-des-preoccupations-des-expatries"]}]},{"@type":"ImageObject","inLanguage":"fr-FR","@id":"https:\/\/www.africa-press.net\/mali\/politique\/le-premier-ministre-a-la-rencontre-des-maliens-installes-au-burkina-tour-dhorizon-des-preoccupations-des-expatries#primaryimage","url":"https:\/\/static.africa-press.net\/mali\/sites\/21\/2023\/02\/postQueueImg_1677586440.20.jpg","contentUrl":"https:\/\/static.africa-press.net\/mali\/sites\/21\/2023\/02\/postQueueImg_1677586440.20.jpg","width":720,"height":364,"caption":"Le Premier ministre \u00e0 la rencontre des Maliens install\u00e9s au Burkina : Tour d\u2019horizon des pr\u00e9occupations des expatri\u00e9s"},{"@type":"BreadcrumbList","@id":"https:\/\/www.africa-press.net\/mali\/politique\/le-premier-ministre-a-la-rencontre-des-maliens-installes-au-burkina-tour-dhorizon-des-preoccupations-des-expatries#breadcrumb","itemListElement":[{"@type":"ListItem","position":1,"name":"Home","item":"https:\/\/www.africa-press.net\/mali\/"},{"@type":"ListItem","position":2,"name":"Le Premier ministre \u00e0 la rencontre des Maliens install\u00e9s au Burkina : Tour d\u2019horizon des pr\u00e9occupations des expatri\u00e9s"}]},{"@type":"WebSite","@id":"https:\/\/www.africa-press.net\/mali\/#website","url":"https:\/\/www.africa-press.net\/mali\/","name":"Mali","description":"Just another Africa News Agency Sites site","potentialAction":[{"@type":"SearchAction","target":{"@type":"EntryPoint","urlTemplate":"https:\/\/www.africa-press.net\/mali\/?s={search_term_string}"},"query-input":{"@type":"PropertyValueSpecification","valueRequired":true,"valueName":"search_term_string"}}],"inLanguage":"fr-FR"},{"@type":"Person","@id":"https:\/\/www.africa-press.net\/mali\/#\/schema\/person\/2b1cf3cd81a31e3cd26889ca66d677f1","name":"cfeditorfr"}]}},"_links":{"self":[{"href":"https:\/\/www.africa-press.net\/mali\/wp-json\/wp\/v2\/posts\/31281","targetHints":{"allow":["GET"]}}],"collection":[{"href":"https:\/\/www.africa-press.net\/mali\/wp-json\/wp\/v2\/posts"}],"about":[{"href":"https:\/\/www.africa-press.net\/mali\/wp-json\/wp\/v2\/types\/post"}],"author":[{"embeddable":true,"href":"https:\/\/www.africa-press.net\/mali\/wp-json\/wp\/v2\/users\/82"}],"replies":[{"embeddable":true,"href":"https:\/\/www.africa-press.net\/mali\/wp-json\/wp\/v2\/comments?post=31281"}],"version-history":[{"count":0,"href":"https:\/\/www.africa-press.net\/mali\/wp-json\/wp\/v2\/posts\/31281\/revisions"}],"wp:featuredmedia":[{"embeddable":true,"href":"https:\/\/www.africa-press.net\/mali\/wp-json\/wp\/v2\/media\/31280"}],"wp:attachment":[{"href":"https:\/\/www.africa-press.net\/mali\/wp-json\/wp\/v2\/media?parent=31281"}],"wp:term":[{"taxonomy":"category","embeddable":true,"href":"https:\/\/www.africa-press.net\/mali\/wp-json\/wp\/v2\/categories?post=31281"},{"taxonomy":"post_tag","embeddable":true,"href":"https:\/\/www.africa-press.net\/mali\/wp-json\/wp\/v2\/tags?post=31281"}],"curies":[{"name":"wp","href":"https:\/\/api.w.org\/{rel}","templated":true}]}}