{"id":31287,"date":"2023-02-28T15:45:02","date_gmt":"2023-02-28T15:45:02","guid":{"rendered":"https:\/\/www.africa-press.net\/mali\/politique\/1ere-edition-du-salon-des-investisseurs-pour-lenergie-au-mali-edm-arrache-lengagement-des-investisseurs"},"modified":"2023-02-28T15:50:32","modified_gmt":"2023-02-28T15:50:32","slug":"1ere-edition-du-salon-des-investisseurs-pour-lenergie-au-mali-edm-arrache-lengagement-des-investisseurs","status":"publish","type":"post","link":"https:\/\/www.africa-press.net\/mali\/economie\/1ere-edition-du-salon-des-investisseurs-pour-lenergie-au-mali-edm-arrache-lengagement-des-investisseurs","title":{"rendered":"1\u00e8re \u00e9dition du Salon des Investisseurs pour l\u2019Energie au Mali : EDM arrache l\u2019engagement des investisseurs"},"content":{"rendered":"<p><span style=\"color: #ff6600\"><strong>Africa-Press &#8211; Mali. <\/strong><\/span>Premier du genre, le salon des Investisseurs pour l\u2019Energie au Mali a pris fin ce mercredi 22 fe\u0301vrier 2023 au centre international de confe\u0301rences de Bamako. Ouvert le 21 fe\u0301vrier sous la pre\u0301sidence du repre\u0301sentant du pre\u0301sident de la Transition, le ministre d\u2019Etat charge\u0301 de l\u2019administration territoriale et de la de\u0301centralisation et porte-parole du gouvernement, Col Abdoulaye Maiga, en pre\u0301sence du ministre de tutelle, Lamine Seydou Traore\u0301, et de son colle\u0300gue de l\u2019Economie et des finances, Alfousseiny Sanou, l\u2019e\u0301ve\u0301nement s\u2019est de\u0301roule\u0301 en deux jours avec 200 participants venus de plus d\u2019une vingtaine de pays. Leurs e\u0301changes ont porte\u0301 sur la production, le transport et la distribution d\u2019e\u0301nergies ainsi que sur une vingtaine de projets dont ceux e\u0301labore\u0301s par EDM en vue d\u2019augmenter la disponibilite\u0301 d\u2019e\u0301nergie pour faire face a\u0300 la forte demande d\u2019e\u0301lectricite\u0301 et le de\u0301fi de son acce\u0300s au plus grand nombre a\u0300 moindre cou\u0302t. L\u2019e\u0301quation a e\u0301te\u0301 examine\u0301e par trois panels de haut niveau dont l\u2019opportunite\u0301 et la proble\u0301matique du PPP (partenariat public\/prive\u0301), le de\u0301fi du de\u0301veloppement des e\u0301nergies renouvelables en tant que potentiel de production e\u0301lectrique au Mali, suis l\u2019efficacite\u0301 e\u0301nerge\u0301tique comme vecteur de de\u0301veloppement durable. Et l\u2019occasion e\u0301tait toute indique\u0301e, pour l\u2019e\u0301quipe dirigeante de l\u2019EDM-S.A, pour encourager les partenaires a\u0300 investir au Mali. Tout en de\u0301clinant les objectifs du Salon de mobiliser 580 milliards Fcfa pour financer des projets prioritaires dans les domaines de la production, du transport et de la distribution, le DG Koureissi Konare\u0301 a insiste\u0301 sur la pertinence du the\u0300me, a\u0300 savoir : \u00abInvestir pour ame\u0301liorer le mix e\u0301nerge\u0301tique\u00bb. Ce choix, dit-il, traduit la volonte\u0301 de son entreprise de sortir de la de\u0301pendance d\u2019e\u0301nergie thermique qui constitue aujourd\u2019hui plus de 50% de son parc de production, a\u0300 travers la re\u0301alisation des projets soumis aux investisseurs en ade\u0301quation avec les priorite\u0301s des plus hautes autorite\u0301s : re\u0301duction du cou\u0302t de production et facilitation de l\u2019acce\u0300s a\u0300 l\u2019e\u0301lectricite\u0301 a\u0300 moindre cou\u0302t pour les populations. Et le repre\u0301sentant du chef de l\u2019Etat, le Col Abdoulaye Maiga, de confirmer les attentes des autorite\u0301s en pre\u0301sentant l\u2019e\u0301nergie comme moteur du de\u0301veloppement socio-e\u0301conomique.<\/p>\n<p>Des engagements tous azimuts&#8230; Venus d\u2019Afrique, d\u2019Europe, d\u2019Asie et d\u2019Ame\u0301rique du Nord, les investisseurs ont manifeste\u0301 un inte\u0301re\u0302t certain pour l\u2019ensemble desdits projets et se sont engage\u0301s a\u0300 poursuivre les discussions avec EDM et les autorite\u0301s maliennes en vue de mettre en place les me\u0301canismes de financement approprie\u0301s dans les meilleurs de\u0301lais. Cela, apre\u0300s avoir pris l\u2019engagement de mettre la main a\u0300 la poche pour l\u2019inte\u0301gralite\u0301 des projets et leur cou\u0302t total qui s\u2019e\u0301le\u0300ve a\u0300 580 milliards de nos francs.<\/p>\n<p>Quant au ministre de l\u2019e\u0301conomie et des finances, Alhousseini Sanou, apre\u0300s avoir rappele\u0301 que le domaine de l\u2019e\u0301nergie constitue un secteur pourvoyeur de croissance et de de\u0301veloppent e\u0301conomique durable, il s\u2019est engage\u0301 a\u0300 soutenir tous les efforts et tous les acteurs de ce secteur. Autrement, il a engage\u0301 le gouvernement a\u0300 trouver le restant des 2,250 milliards pour permettre a\u0300 l\u2019EDM-SA d\u2019e\u0302tre a\u0300 se hisser a\u0300 la dimension des espoirs et attentes porte\u0301es sur elle. Me\u0302me son de cloche du co\u0302te\u0301 de la FENEM (Fe\u0301de\u0301ration malienne de l\u2019e\u0301lectricite\u0301, e\u0301nergie, e\u0301nergies renouvelables et Nouvelles), qui s\u2019est e\u0301galement engage\u0301e a\u0300 de\u0301bourser 50 milliards pour la re\u0301alisation de projets au profit de EDM-SA. Des recommandations fortes&#8230;<\/p>\n<p>Le salon a e\u0301te\u0301 e\u0301galement sanctionne\u0301 par une palette de recommandations visant a\u0300 ame\u0301liorer le mix e\u0301nerge\u0301tique aux fins de permettre l\u2019acce\u0300s universel a\u0300 l\u2019e\u0301nergie, de\u0301velopper le kit individuel et les mini-re\u0301seaux dans les zones non interconnecte\u0301es et ame\u0301liorer le climat des affaires pour diminuer entre autres les charges sur les entreprises et attirer les investisseurs dans ce secteur. Et ce n\u2019est pas tout. Les participants ont e\u0301galement plaide\u0301 pour le renforcement et l\u2019extension des re\u0301seaux de transport et de distribution pour plus d\u2019acce\u0300s des populations a\u0300 l\u2019e\u0301lectricite\u0301, la formation et le renforcement des capacite\u0301s et d\u2019expertise des ressources humaines ainsi que pour la mise en place de strate\u0301gies de rabaissement des cou\u0302ts de production d\u2019e\u0301nergie e\u0301lectrique. Parmi les recommandations fortes figurent e\u0301galement l\u2019ame\u0301lioration du me\u0301canisme d\u2019acce\u0300s des entreprises du secteur au financement a\u0300 long terme, l\u2019harmonisation du cadre institutionnel pour une meilleure coordination des activite\u0301s de l\u2019ensemble de ses acteurs ainsi que l\u2019optimisation des ressources et la cre\u0301ation d\u2019une commission de mise en \u0153uvre desdites recommandations.<\/p>\n<p><strong>Pour plus d&rsquo;informations et d&rsquo;analyses sur la <a href=\"https:\/\/www.africa-press.net\/mali\">Mali<\/a>, suivez <a href=\"https:\/\/www.africa-press.net\/\">Africa-Press<\/a><\/strong><\/p>\n","protected":false},"excerpt":{"rendered":"<p>Africa-Press &#8211; Mali. Premier du genre, le salon des Investisseurs pour l\u2019Energie au Mali a pris fin ce mercredi 22 fe\u0301vrier 2023 au centre international de confe\u0301rences de Bamako. Ouvert le 21 fe\u0301vrier sous la pre\u0301sidence du repre\u0301sentant du pre\u0301sident de la Transition, le ministre d\u2019Etat charge\u0301 de l\u2019administration territoriale et de la de\u0301centralisation et [&hellip;]<\/p>\n","protected":false},"author":82,"featured_media":31286,"comment_status":"open","ping_status":"closed","sticky":false,"template":"","format":"standard","meta":{"footnotes":""},"categories":[12,17],"tags":[76,86,19],"class_list":["post-31287","post","type-post","status-publish","format-standard","has-post-thumbnail","hentry","category-economie","category-toutes-les-actualites","tag-africa-press","tag-africa-press-mali","tag-mali"],"yoast_head":"<!-- This site is optimized with the Yoast SEO Premium plugin v26.1 (Yoast SEO v27.0) - https:\/\/yoast.com\/product\/yoast-seo-premium-wordpress\/ -->\n<title>1\u00e8re \u00e9dition du Salon des Investisseurs pour l\u2019Energie au Mali : EDM arrache l\u2019engagement des investisseurs - Mali<\/title>\n<meta name=\"description\" content=\"Premier du genre, le salon des Investisseurs pour l\u2019Energie au Mali a pris fin ce mercredi 22 fe\u0301vrier 2023 au centre in ...\" \/>\n<meta name=\"robots\" content=\"index, follow, max-snippet:-1, max-image-preview:large, max-video-preview:-1\" \/>\n<link rel=\"canonical\" href=\"https:\/\/www.africa-press.net\/mali\/economie\/1ere-edition-du-salon-des-investisseurs-pour-lenergie-au-mali-edm-arrache-lengagement-des-investisseurs\" \/>\n<meta property=\"og:locale\" content=\"fr_FR\" \/>\n<meta property=\"og:type\" content=\"article\" \/>\n<meta property=\"og:title\" content=\"1\u00e8re \u00e9dition du Salon des Investisseurs pour l\u2019Energie au Mali : EDM arrache l\u2019engagement des investisseurs\" \/>\n<meta property=\"og:description\" content=\"Premier du genre, le salon des Investisseurs pour l\u2019Energie au Mali a pris fin ce mercredi 22 fe\u0301vrier 2023 au centre in ...\" \/>\n<meta property=\"og:url\" content=\"https:\/\/www.africa-press.net\/mali\/economie\/1ere-edition-du-salon-des-investisseurs-pour-lenergie-au-mali-edm-arrache-lengagement-des-investisseurs\" \/>\n<meta property=\"og:site_name\" content=\"Mali\" \/>\n<meta property=\"article:publisher\" content=\"https:\/\/www.facebook.com\/AfricaPressTunisiaa\" \/>\n<meta property=\"article:published_time\" content=\"2023-02-28T15:45:02+00:00\" \/>\n<meta property=\"article:modified_time\" content=\"2023-02-28T15:50:32+00:00\" \/>\n<meta property=\"og:image\" content=\"https:\/\/static.africa-press.net\/mali\/sites\/21\/2023\/02\/postQueueImg_1677586520.35.jpg\" \/>\n\t<meta property=\"og:image:width\" content=\"1280\" \/>\n\t<meta property=\"og:image:height\" content=\"720\" \/>\n\t<meta property=\"og:image:type\" content=\"image\/jpeg\" \/>\n<meta name=\"author\" content=\"cfeditorfr\" \/>\n<meta name=\"twitter:card\" content=\"summary_large_image\" \/>\n<meta name=\"twitter:label1\" content=\"\u00c9crit par\" \/>\n\t<meta name=\"twitter:data1\" content=\"cfeditorfr\" \/>\n\t<meta name=\"twitter:label2\" content=\"Dur\u00e9e de lecture estim\u00e9e\" \/>\n\t<meta name=\"twitter:data2\" content=\"4 minutes\" \/>\n<script type=\"application\/ld+json\" class=\"yoast-schema-graph\">{\"@context\":\"https:\/\/schema.org\",\"@graph\":[{\"@type\":\"Article\",\"@id\":\"https:\/\/www.africa-press.net\/mali\/economie\/1ere-edition-du-salon-des-investisseurs-pour-lenergie-au-mali-edm-arrache-lengagement-des-investisseurs#article\",\"isPartOf\":{\"@id\":\"https:\/\/www.africa-press.net\/mali\/economie\/1ere-edition-du-salon-des-investisseurs-pour-lenergie-au-mali-edm-arrache-lengagement-des-investisseurs\"},\"author\":{\"name\":\"cfeditorfr\",\"@id\":\"https:\/\/www.africa-press.net\/mali\/#\/schema\/person\/2b1cf3cd81a31e3cd26889ca66d677f1\"},\"headline\":\"1\u00e8re \u00e9dition du Salon des Investisseurs pour l\u2019Energie au Mali : EDM arrache l\u2019engagement des investisseurs\",\"datePublished\":\"2023-02-28T15:45:02+00:00\",\"dateModified\":\"2023-02-28T15:50:32+00:00\",\"mainEntityOfPage\":{\"@id\":\"https:\/\/www.africa-press.net\/mali\/economie\/1ere-edition-du-salon-des-investisseurs-pour-lenergie-au-mali-edm-arrache-lengagement-des-investisseurs\"},\"wordCount\":893,\"commentCount\":0,\"image\":{\"@id\":\"https:\/\/www.africa-press.net\/mali\/economie\/1ere-edition-du-salon-des-investisseurs-pour-lenergie-au-mali-edm-arrache-lengagement-des-investisseurs#primaryimage\"},\"thumbnailUrl\":\"https:\/\/static.africa-press.net\/mali\/sites\/21\/2023\/02\/postQueueImg_1677586520.35.jpg\",\"keywords\":[\"Africa Press\",\"Africa Press-Mali\",\"mali\"],\"articleSection\":[\"\u00c9conomie\",\"Toutes les actualit\u00e9s\"],\"inLanguage\":\"fr-FR\",\"potentialAction\":[{\"@type\":\"CommentAction\",\"name\":\"Comment\",\"target\":[\"https:\/\/www.africa-press.net\/mali\/economie\/1ere-edition-du-salon-des-investisseurs-pour-lenergie-au-mali-edm-arrache-lengagement-des-investisseurs#respond\"]}]},{\"@type\":\"WebPage\",\"@id\":\"https:\/\/www.africa-press.net\/mali\/economie\/1ere-edition-du-salon-des-investisseurs-pour-lenergie-au-mali-edm-arrache-lengagement-des-investisseurs\",\"url\":\"https:\/\/www.africa-press.net\/mali\/economie\/1ere-edition-du-salon-des-investisseurs-pour-lenergie-au-mali-edm-arrache-lengagement-des-investisseurs\",\"name\":\"1\u00e8re \u00e9dition du Salon des Investisseurs pour l\u2019Energie au Mali : EDM arrache l\u2019engagement des investisseurs - Mali\",\"isPartOf\":{\"@id\":\"https:\/\/www.africa-press.net\/mali\/#website\"},\"primaryImageOfPage\":{\"@id\":\"https:\/\/www.africa-press.net\/mali\/economie\/1ere-edition-du-salon-des-investisseurs-pour-lenergie-au-mali-edm-arrache-lengagement-des-investisseurs#primaryimage\"},\"image\":{\"@id\":\"https:\/\/www.africa-press.net\/mali\/economie\/1ere-edition-du-salon-des-investisseurs-pour-lenergie-au-mali-edm-arrache-lengagement-des-investisseurs#primaryimage\"},\"thumbnailUrl\":\"https:\/\/static.africa-press.net\/mali\/sites\/21\/2023\/02\/postQueueImg_1677586520.35.jpg\",\"datePublished\":\"2023-02-28T15:45:02+00:00\",\"dateModified\":\"2023-02-28T15:50:32+00:00\",\"author\":{\"@id\":\"https:\/\/www.africa-press.net\/mali\/#\/schema\/person\/2b1cf3cd81a31e3cd26889ca66d677f1\"},\"description\":\"Premier du genre, le salon des Investisseurs pour l\u2019Energie au Mali a pris fin ce mercredi 22 fe\u0301vrier 2023 au centre in ...\",\"breadcrumb\":{\"@id\":\"https:\/\/www.africa-press.net\/mali\/economie\/1ere-edition-du-salon-des-investisseurs-pour-lenergie-au-mali-edm-arrache-lengagement-des-investisseurs#breadcrumb\"},\"inLanguage\":\"fr-FR\",\"potentialAction\":[{\"@type\":\"ReadAction\",\"target\":[\"https:\/\/www.africa-press.net\/mali\/economie\/1ere-edition-du-salon-des-investisseurs-pour-lenergie-au-mali-edm-arrache-lengagement-des-investisseurs\"]}]},{\"@type\":\"ImageObject\",\"inLanguage\":\"fr-FR\",\"@id\":\"https:\/\/www.africa-press.net\/mali\/economie\/1ere-edition-du-salon-des-investisseurs-pour-lenergie-au-mali-edm-arrache-lengagement-des-investisseurs#primaryimage\",\"url\":\"https:\/\/static.africa-press.net\/mali\/sites\/21\/2023\/02\/postQueueImg_1677586520.35.jpg\",\"contentUrl\":\"https:\/\/static.africa-press.net\/mali\/sites\/21\/2023\/02\/postQueueImg_1677586520.35.jpg\",\"width\":1280,\"height\":720,\"caption\":\"1\u00e8re \u00e9dition du Salon des Investisseurs pour l\u2019Energie au Mali : EDM arrache l\u2019engagement des investisseurs\"},{\"@type\":\"BreadcrumbList\",\"@id\":\"https:\/\/www.africa-press.net\/mali\/economie\/1ere-edition-du-salon-des-investisseurs-pour-lenergie-au-mali-edm-arrache-lengagement-des-investisseurs#breadcrumb\",\"itemListElement\":[{\"@type\":\"ListItem\",\"position\":1,\"name\":\"Home\",\"item\":\"https:\/\/www.africa-press.net\/mali\/\"},{\"@type\":\"ListItem\",\"position\":2,\"name\":\"1\u00e8re \u00e9dition du Salon des Investisseurs pour l\u2019Energie au Mali : EDM arrache l\u2019engagement des investisseurs\"}]},{\"@type\":\"WebSite\",\"@id\":\"https:\/\/www.africa-press.net\/mali\/#website\",\"url\":\"https:\/\/www.africa-press.net\/mali\/\",\"name\":\"Mali\",\"description\":\"Just another Africa News Agency Sites site\",\"potentialAction\":[{\"@type\":\"SearchAction\",\"target\":{\"@type\":\"EntryPoint\",\"urlTemplate\":\"https:\/\/www.africa-press.net\/mali\/?s={search_term_string}\"},\"query-input\":{\"@type\":\"PropertyValueSpecification\",\"valueRequired\":true,\"valueName\":\"search_term_string\"}}],\"inLanguage\":\"fr-FR\"},{\"@type\":\"Person\",\"@id\":\"https:\/\/www.africa-press.net\/mali\/#\/schema\/person\/2b1cf3cd81a31e3cd26889ca66d677f1\",\"name\":\"cfeditorfr\"}]}<\/script>\n<!-- \/ Yoast SEO Premium plugin. -->","yoast_head_json":{"title":"1\u00e8re \u00e9dition du Salon des Investisseurs pour l\u2019Energie au Mali : EDM arrache l\u2019engagement des investisseurs - Mali","description":"Premier du genre, le salon des Investisseurs pour l\u2019Energie au Mali a pris fin ce mercredi 22 fe\u0301vrier 2023 au centre in ...","robots":{"index":"index","follow":"follow","max-snippet":"max-snippet:-1","max-image-preview":"max-image-preview:large","max-video-preview":"max-video-preview:-1"},"canonical":"https:\/\/www.africa-press.net\/mali\/economie\/1ere-edition-du-salon-des-investisseurs-pour-lenergie-au-mali-edm-arrache-lengagement-des-investisseurs","og_locale":"fr_FR","og_type":"article","og_title":"1\u00e8re \u00e9dition du Salon des Investisseurs pour l\u2019Energie au Mali : EDM arrache l\u2019engagement des investisseurs","og_description":"Premier du genre, le salon des Investisseurs pour l\u2019Energie au Mali a pris fin ce mercredi 22 fe\u0301vrier 2023 au centre in ...","og_url":"https:\/\/www.africa-press.net\/mali\/economie\/1ere-edition-du-salon-des-investisseurs-pour-lenergie-au-mali-edm-arrache-lengagement-des-investisseurs","og_site_name":"Mali","article_publisher":"https:\/\/www.facebook.com\/AfricaPressTunisiaa","article_published_time":"2023-02-28T15:45:02+00:00","article_modified_time":"2023-02-28T15:50:32+00:00","og_image":[{"width":1280,"height":720,"url":"https:\/\/static.africa-press.net\/mali\/sites\/21\/2023\/02\/postQueueImg_1677586520.35.jpg","type":"image\/jpeg"}],"author":"cfeditorfr","twitter_card":"summary_large_image","twitter_misc":{"\u00c9crit par":"cfeditorfr","Dur\u00e9e de lecture estim\u00e9e":"4 minutes"},"schema":{"@context":"https:\/\/schema.org","@graph":[{"@type":"Article","@id":"https:\/\/www.africa-press.net\/mali\/economie\/1ere-edition-du-salon-des-investisseurs-pour-lenergie-au-mali-edm-arrache-lengagement-des-investisseurs#article","isPartOf":{"@id":"https:\/\/www.africa-press.net\/mali\/economie\/1ere-edition-du-salon-des-investisseurs-pour-lenergie-au-mali-edm-arrache-lengagement-des-investisseurs"},"author":{"name":"cfeditorfr","@id":"https:\/\/www.africa-press.net\/mali\/#\/schema\/person\/2b1cf3cd81a31e3cd26889ca66d677f1"},"headline":"1\u00e8re \u00e9dition du Salon des Investisseurs pour l\u2019Energie au Mali : EDM arrache l\u2019engagement des investisseurs","datePublished":"2023-02-28T15:45:02+00:00","dateModified":"2023-02-28T15:50:32+00:00","mainEntityOfPage":{"@id":"https:\/\/www.africa-press.net\/mali\/economie\/1ere-edition-du-salon-des-investisseurs-pour-lenergie-au-mali-edm-arrache-lengagement-des-investisseurs"},"wordCount":893,"commentCount":0,"image":{"@id":"https:\/\/www.africa-press.net\/mali\/economie\/1ere-edition-du-salon-des-investisseurs-pour-lenergie-au-mali-edm-arrache-lengagement-des-investisseurs#primaryimage"},"thumbnailUrl":"https:\/\/static.africa-press.net\/mali\/sites\/21\/2023\/02\/postQueueImg_1677586520.35.jpg","keywords":["Africa Press","Africa Press-Mali","mali"],"articleSection":["\u00c9conomie","Toutes les actualit\u00e9s"],"inLanguage":"fr-FR","potentialAction":[{"@type":"CommentAction","name":"Comment","target":["https:\/\/www.africa-press.net\/mali\/economie\/1ere-edition-du-salon-des-investisseurs-pour-lenergie-au-mali-edm-arrache-lengagement-des-investisseurs#respond"]}]},{"@type":"WebPage","@id":"https:\/\/www.africa-press.net\/mali\/economie\/1ere-edition-du-salon-des-investisseurs-pour-lenergie-au-mali-edm-arrache-lengagement-des-investisseurs","url":"https:\/\/www.africa-press.net\/mali\/economie\/1ere-edition-du-salon-des-investisseurs-pour-lenergie-au-mali-edm-arrache-lengagement-des-investisseurs","name":"1\u00e8re \u00e9dition du Salon des Investisseurs pour l\u2019Energie au Mali : EDM arrache l\u2019engagement des investisseurs - Mali","isPartOf":{"@id":"https:\/\/www.africa-press.net\/mali\/#website"},"primaryImageOfPage":{"@id":"https:\/\/www.africa-press.net\/mali\/economie\/1ere-edition-du-salon-des-investisseurs-pour-lenergie-au-mali-edm-arrache-lengagement-des-investisseurs#primaryimage"},"image":{"@id":"https:\/\/www.africa-press.net\/mali\/economie\/1ere-edition-du-salon-des-investisseurs-pour-lenergie-au-mali-edm-arrache-lengagement-des-investisseurs#primaryimage"},"thumbnailUrl":"https:\/\/static.africa-press.net\/mali\/sites\/21\/2023\/02\/postQueueImg_1677586520.35.jpg","datePublished":"2023-02-28T15:45:02+00:00","dateModified":"2023-02-28T15:50:32+00:00","author":{"@id":"https:\/\/www.africa-press.net\/mali\/#\/schema\/person\/2b1cf3cd81a31e3cd26889ca66d677f1"},"description":"Premier du genre, le salon des Investisseurs pour l\u2019Energie au Mali a pris fin ce mercredi 22 fe\u0301vrier 2023 au centre in ...","breadcrumb":{"@id":"https:\/\/www.africa-press.net\/mali\/economie\/1ere-edition-du-salon-des-investisseurs-pour-lenergie-au-mali-edm-arrache-lengagement-des-investisseurs#breadcrumb"},"inLanguage":"fr-FR","potentialAction":[{"@type":"ReadAction","target":["https:\/\/www.africa-press.net\/mali\/economie\/1ere-edition-du-salon-des-investisseurs-pour-lenergie-au-mali-edm-arrache-lengagement-des-investisseurs"]}]},{"@type":"ImageObject","inLanguage":"fr-FR","@id":"https:\/\/www.africa-press.net\/mali\/economie\/1ere-edition-du-salon-des-investisseurs-pour-lenergie-au-mali-edm-arrache-lengagement-des-investisseurs#primaryimage","url":"https:\/\/static.africa-press.net\/mali\/sites\/21\/2023\/02\/postQueueImg_1677586520.35.jpg","contentUrl":"https:\/\/static.africa-press.net\/mali\/sites\/21\/2023\/02\/postQueueImg_1677586520.35.jpg","width":1280,"height":720,"caption":"1\u00e8re \u00e9dition du Salon des Investisseurs pour l\u2019Energie au Mali : EDM arrache l\u2019engagement des investisseurs"},{"@type":"BreadcrumbList","@id":"https:\/\/www.africa-press.net\/mali\/economie\/1ere-edition-du-salon-des-investisseurs-pour-lenergie-au-mali-edm-arrache-lengagement-des-investisseurs#breadcrumb","itemListElement":[{"@type":"ListItem","position":1,"name":"Home","item":"https:\/\/www.africa-press.net\/mali\/"},{"@type":"ListItem","position":2,"name":"1\u00e8re \u00e9dition du Salon des Investisseurs pour l\u2019Energie au Mali : EDM arrache l\u2019engagement des investisseurs"}]},{"@type":"WebSite","@id":"https:\/\/www.africa-press.net\/mali\/#website","url":"https:\/\/www.africa-press.net\/mali\/","name":"Mali","description":"Just another Africa News Agency Sites site","potentialAction":[{"@type":"SearchAction","target":{"@type":"EntryPoint","urlTemplate":"https:\/\/www.africa-press.net\/mali\/?s={search_term_string}"},"query-input":{"@type":"PropertyValueSpecification","valueRequired":true,"valueName":"search_term_string"}}],"inLanguage":"fr-FR"},{"@type":"Person","@id":"https:\/\/www.africa-press.net\/mali\/#\/schema\/person\/2b1cf3cd81a31e3cd26889ca66d677f1","name":"cfeditorfr"}]}},"_links":{"self":[{"href":"https:\/\/www.africa-press.net\/mali\/wp-json\/wp\/v2\/posts\/31287","targetHints":{"allow":["GET"]}}],"collection":[{"href":"https:\/\/www.africa-press.net\/mali\/wp-json\/wp\/v2\/posts"}],"about":[{"href":"https:\/\/www.africa-press.net\/mali\/wp-json\/wp\/v2\/types\/post"}],"author":[{"embeddable":true,"href":"https:\/\/www.africa-press.net\/mali\/wp-json\/wp\/v2\/users\/82"}],"replies":[{"embeddable":true,"href":"https:\/\/www.africa-press.net\/mali\/wp-json\/wp\/v2\/comments?post=31287"}],"version-history":[{"count":0,"href":"https:\/\/www.africa-press.net\/mali\/wp-json\/wp\/v2\/posts\/31287\/revisions"}],"wp:featuredmedia":[{"embeddable":true,"href":"https:\/\/www.africa-press.net\/mali\/wp-json\/wp\/v2\/media\/31286"}],"wp:attachment":[{"href":"https:\/\/www.africa-press.net\/mali\/wp-json\/wp\/v2\/media?parent=31287"}],"wp:term":[{"taxonomy":"category","embeddable":true,"href":"https:\/\/www.africa-press.net\/mali\/wp-json\/wp\/v2\/categories?post=31287"},{"taxonomy":"post_tag","embeddable":true,"href":"https:\/\/www.africa-press.net\/mali\/wp-json\/wp\/v2\/tags?post=31287"}],"curies":[{"name":"wp","href":"https:\/\/api.w.org\/{rel}","templated":true}]}}