{"id":31290,"date":"2023-02-28T15:45:40","date_gmt":"2023-02-28T15:45:40","guid":{"rendered":"https:\/\/www.africa-press.net\/mali\/politique\/coupe-de-la-confederation-le-real-de-bamako-ny-arrive-pas"},"modified":"2023-02-28T15:51:08","modified_gmt":"2023-02-28T15:51:08","slug":"coupe-de-la-confederation-le-real-de-bamako-ny-arrive-pas","status":"publish","type":"post","link":"https:\/\/www.africa-press.net\/mali\/sports\/coupe-de-la-confederation-le-real-de-bamako-ny-arrive-pas","title":{"rendered":"Coupe de la Conf\u00e9d\u00e9ration : Le R\u00e9al de Bamako n\u2019y arrive pas"},"content":{"rendered":"<p><span style=\"color: #ff6600\"><strong>Africa-Press &#8211; Mali. <\/strong><\/span>Le Re\u0301al de Bamako a-t-il dit adieu a\u0300 une qualification pour les quarts de finale de la Coupe de la Confe\u0301de\u0301ration ? La question me\u0301rite d\u2019e\u0302tre pose\u0301e apre\u0300s le match nul du Re\u0301al contre Young Africans (1-1). Battus lors de la premie\u0300re journe\u0301e a\u0300 Lubumbashi par le TP Mazembe (3-1) et tenu en e\u0301chec (1-1) lors de la deuxie\u0300me journe\u0301e, les Scorpions devaient gagner hier au stade du 26 Mars contre l\u2019e\u0301quipe tanzanienne pour se relancer dans la compe\u0301tition. Mais c\u2019est rate\u0301. Le repre\u0301sentant malien a e\u0301vite\u0301 le pire faisait un nouveau match nul contre les Tanzaniens.<\/p>\n<p>Apre\u0300s une premie\u0300re pe\u0301riode sans but, l\u2019international congolais Fiston Kalala Mayele a ouvert le score en faveur des Young Africans a\u0300 la 60e\u0300 minute. Alors que les Tanzaniens pensaient empocher trois points pre\u0301cieux, le de\u0301fenseur central Emile Kone\u0301 e\u0301galise pour le Re\u0301al de Bamako dans le temps additionnel (90e\u0300 min +1).<\/p>\n<p>A Lubumbashi, dans l\u2019autre match de la poule D, le TP Mazembe est tombe\u0301 de haut lorsqu\u2019il s\u2019est incline\u0301 sur ses terres 2-0 face a\u0300 l\u2019US Monastir. L\u2019attaquant malien Boubacar Traore\u0301 ouvre la marque pour les Tunisiens juste apre\u0300s la pause (51e\u0300 min) alors que Zyed Aloui double la marque a\u0300 la 90e\u0300 minute.<\/p>\n<p>Les Tunisiens de Monastir prennent la te\u0302te du groupe avec 7 points alors que Young Africans occupe le deuxie\u0300me rang avec 4 points devant le TP Mazembe (3 points) et le Re\u0301al de Bamako (2 points) se classe 4e\u0300.<\/p>\n<p>Mathe\u0301matiquement les Scorpions restent dans la course, mais il est tre\u0300s difficile de parier sur l\u2019e\u0301quipe de Djicoroni-Para qui affiche un niveau moyen dans la compe\u0301tition. Pour espe\u0301rer se qualifier pour les quarts de finale, l\u2019e\u0301quipe de Nouhoum Diane\u0301 doit gagner les trois prochains matches. La mission semble impossible surtout que les Re\u0301alistes vont disputer deux matches a\u0300 l\u2019exte\u0301rieur contre Young Africans, le 8 mars en Tanzanie et l\u2019US Monastir, 1er avril en Tunisie. Entre-temps, les Scorpions recevront le TP Mazembe, le 19 mars au stade du 26 Mars.<\/p>\n<p>Le FC St Eloi Lupopo de notre compatriote Mohamed Magassouba a glane\u0301 ses trois premiers points en phase de poules apre\u0300s sa victoire (1-0) face aux Libyens d\u2019Al Akhdar.<\/p>\n<p>Dans un match de\u0301localise\u0301 a\u0300 Ndola dans la capitale zambienne, l\u2019unique but de la partie a e\u0301te\u0301 inscrit par Emmanuel Bola Lobota dans les arre\u0302ts de jeu de la premie\u0300re pe\u0301riode (45e\u0300 min +2). Avec 4 points, le FC Saint E\u0301loi Lupopo sort de la zone rouge du groupe A apre\u0300s deux de\u0301faites conse\u0301cutives face aux Gallants d\u2019Afrique du Sud et les alge\u0301riens de l\u2019USMA.<\/p>\n<p><strong>Pour plus d&rsquo;informations et d&rsquo;analyses sur la <a href=\"https:\/\/www.africa-press.net\/mali\">Mali<\/a>, suivez <a href=\"https:\/\/www.africa-press.net\/\">Africa-Press<\/a><\/strong><\/p>\n","protected":false},"excerpt":{"rendered":"<p>Africa-Press &#8211; Mali. Le Re\u0301al de Bamako a-t-il dit adieu a\u0300 une qualification pour les quarts de finale de la Coupe de la Confe\u0301de\u0301ration ? La question me\u0301rite d\u2019e\u0302tre pose\u0301e apre\u0300s le match nul du Re\u0301al contre Young Africans (1-1). Battus lors de la premie\u0300re journe\u0301e a\u0300 Lubumbashi par le TP Mazembe (3-1) et tenu [&hellip;]<\/p>\n","protected":false},"author":82,"featured_media":31289,"comment_status":"open","ping_status":"closed","sticky":false,"template":"","format":"standard","meta":{"footnotes":""},"categories":[6,17],"tags":[76,86,19],"class_list":["post-31290","post","type-post","status-publish","format-standard","has-post-thumbnail","hentry","category-sports","category-toutes-les-actualites","tag-africa-press","tag-africa-press-mali","tag-mali"],"yoast_head":"<!-- This site is optimized with the Yoast SEO Premium plugin v26.1 (Yoast SEO v27.0) - https:\/\/yoast.com\/product\/yoast-seo-premium-wordpress\/ -->\n<title>Coupe de la Conf\u00e9d\u00e9ration : Le R\u00e9al de Bamako n\u2019y arrive pas - Mali<\/title>\n<meta name=\"description\" content=\"Le Re\u0301al de Bamako a-t-il dit adieu a\u0300 une qualification pour les quarts de finale de la Coupe de la Confe\u0301de\u0301ration ? L ...\" \/>\n<meta name=\"robots\" content=\"index, follow, max-snippet:-1, max-image-preview:large, max-video-preview:-1\" \/>\n<link rel=\"canonical\" href=\"https:\/\/www.africa-press.net\/mali\/sports\/coupe-de-la-confederation-le-real-de-bamako-ny-arrive-pas\" \/>\n<meta property=\"og:locale\" content=\"fr_FR\" \/>\n<meta property=\"og:type\" content=\"article\" \/>\n<meta property=\"og:title\" content=\"Coupe de la Conf\u00e9d\u00e9ration : Le R\u00e9al de Bamako n\u2019y arrive pas\" \/>\n<meta property=\"og:description\" content=\"Le Re\u0301al de Bamako a-t-il dit adieu a\u0300 une qualification pour les quarts de finale de la Coupe de la Confe\u0301de\u0301ration ? L ...\" \/>\n<meta property=\"og:url\" content=\"https:\/\/www.africa-press.net\/mali\/sports\/coupe-de-la-confederation-le-real-de-bamako-ny-arrive-pas\" \/>\n<meta property=\"og:site_name\" content=\"Mali\" \/>\n<meta property=\"article:publisher\" content=\"https:\/\/www.facebook.com\/AfricaPressTunisiaa\" \/>\n<meta property=\"article:published_time\" content=\"2023-02-28T15:45:40+00:00\" \/>\n<meta property=\"article:modified_time\" content=\"2023-02-28T15:51:08+00:00\" \/>\n<meta property=\"og:image\" content=\"https:\/\/static.africa-press.net\/mali\/sites\/21\/2023\/02\/postQueueImg_1677586550.84.jpg\" \/>\n\t<meta property=\"og:image:width\" content=\"720\" \/>\n\t<meta property=\"og:image:height\" content=\"532\" \/>\n\t<meta property=\"og:image:type\" content=\"image\/jpeg\" \/>\n<meta name=\"author\" content=\"cfeditorfr\" \/>\n<meta name=\"twitter:card\" content=\"summary_large_image\" \/>\n<meta name=\"twitter:label1\" content=\"\u00c9crit par\" \/>\n\t<meta name=\"twitter:data1\" content=\"cfeditorfr\" \/>\n\t<meta name=\"twitter:label2\" content=\"Dur\u00e9e de lecture estim\u00e9e\" \/>\n\t<meta name=\"twitter:data2\" content=\"2 minutes\" \/>\n<script type=\"application\/ld+json\" class=\"yoast-schema-graph\">{\"@context\":\"https:\/\/schema.org\",\"@graph\":[{\"@type\":\"Article\",\"@id\":\"https:\/\/www.africa-press.net\/mali\/sports\/coupe-de-la-confederation-le-real-de-bamako-ny-arrive-pas#article\",\"isPartOf\":{\"@id\":\"https:\/\/www.africa-press.net\/mali\/sports\/coupe-de-la-confederation-le-real-de-bamako-ny-arrive-pas\"},\"author\":{\"name\":\"cfeditorfr\",\"@id\":\"https:\/\/www.africa-press.net\/mali\/#\/schema\/person\/2b1cf3cd81a31e3cd26889ca66d677f1\"},\"headline\":\"Coupe de la Conf\u00e9d\u00e9ration : Le R\u00e9al de Bamako n\u2019y arrive pas\",\"datePublished\":\"2023-02-28T15:45:40+00:00\",\"dateModified\":\"2023-02-28T15:51:08+00:00\",\"mainEntityOfPage\":{\"@id\":\"https:\/\/www.africa-press.net\/mali\/sports\/coupe-de-la-confederation-le-real-de-bamako-ny-arrive-pas\"},\"wordCount\":506,\"commentCount\":0,\"image\":{\"@id\":\"https:\/\/www.africa-press.net\/mali\/sports\/coupe-de-la-confederation-le-real-de-bamako-ny-arrive-pas#primaryimage\"},\"thumbnailUrl\":\"https:\/\/static.africa-press.net\/mali\/sites\/21\/2023\/02\/postQueueImg_1677586550.84.jpg\",\"keywords\":[\"Africa Press\",\"Africa Press-Mali\",\"mali\"],\"articleSection\":[\"Sports\",\"Toutes les actualit\u00e9s\"],\"inLanguage\":\"fr-FR\",\"potentialAction\":[{\"@type\":\"CommentAction\",\"name\":\"Comment\",\"target\":[\"https:\/\/www.africa-press.net\/mali\/sports\/coupe-de-la-confederation-le-real-de-bamako-ny-arrive-pas#respond\"]}]},{\"@type\":\"WebPage\",\"@id\":\"https:\/\/www.africa-press.net\/mali\/sports\/coupe-de-la-confederation-le-real-de-bamako-ny-arrive-pas\",\"url\":\"https:\/\/www.africa-press.net\/mali\/sports\/coupe-de-la-confederation-le-real-de-bamako-ny-arrive-pas\",\"name\":\"Coupe de la Conf\u00e9d\u00e9ration : Le R\u00e9al de Bamako n\u2019y arrive pas - Mali\",\"isPartOf\":{\"@id\":\"https:\/\/www.africa-press.net\/mali\/#website\"},\"primaryImageOfPage\":{\"@id\":\"https:\/\/www.africa-press.net\/mali\/sports\/coupe-de-la-confederation-le-real-de-bamako-ny-arrive-pas#primaryimage\"},\"image\":{\"@id\":\"https:\/\/www.africa-press.net\/mali\/sports\/coupe-de-la-confederation-le-real-de-bamako-ny-arrive-pas#primaryimage\"},\"thumbnailUrl\":\"https:\/\/static.africa-press.net\/mali\/sites\/21\/2023\/02\/postQueueImg_1677586550.84.jpg\",\"datePublished\":\"2023-02-28T15:45:40+00:00\",\"dateModified\":\"2023-02-28T15:51:08+00:00\",\"author\":{\"@id\":\"https:\/\/www.africa-press.net\/mali\/#\/schema\/person\/2b1cf3cd81a31e3cd26889ca66d677f1\"},\"description\":\"Le Re\u0301al de Bamako a-t-il dit adieu a\u0300 une qualification pour les quarts de finale de la Coupe de la Confe\u0301de\u0301ration ? L ...\",\"breadcrumb\":{\"@id\":\"https:\/\/www.africa-press.net\/mali\/sports\/coupe-de-la-confederation-le-real-de-bamako-ny-arrive-pas#breadcrumb\"},\"inLanguage\":\"fr-FR\",\"potentialAction\":[{\"@type\":\"ReadAction\",\"target\":[\"https:\/\/www.africa-press.net\/mali\/sports\/coupe-de-la-confederation-le-real-de-bamako-ny-arrive-pas\"]}]},{\"@type\":\"ImageObject\",\"inLanguage\":\"fr-FR\",\"@id\":\"https:\/\/www.africa-press.net\/mali\/sports\/coupe-de-la-confederation-le-real-de-bamako-ny-arrive-pas#primaryimage\",\"url\":\"https:\/\/static.africa-press.net\/mali\/sites\/21\/2023\/02\/postQueueImg_1677586550.84.jpg\",\"contentUrl\":\"https:\/\/static.africa-press.net\/mali\/sites\/21\/2023\/02\/postQueueImg_1677586550.84.jpg\",\"width\":720,\"height\":532,\"caption\":\"Coupe de la Conf\u00e9d\u00e9ration : Le R\u00e9al de Bamako n\u2019y arrive pas\"},{\"@type\":\"BreadcrumbList\",\"@id\":\"https:\/\/www.africa-press.net\/mali\/sports\/coupe-de-la-confederation-le-real-de-bamako-ny-arrive-pas#breadcrumb\",\"itemListElement\":[{\"@type\":\"ListItem\",\"position\":1,\"name\":\"Home\",\"item\":\"https:\/\/www.africa-press.net\/mali\/\"},{\"@type\":\"ListItem\",\"position\":2,\"name\":\"Coupe de la Conf\u00e9d\u00e9ration : Le R\u00e9al de Bamako n\u2019y arrive pas\"}]},{\"@type\":\"WebSite\",\"@id\":\"https:\/\/www.africa-press.net\/mali\/#website\",\"url\":\"https:\/\/www.africa-press.net\/mali\/\",\"name\":\"Mali\",\"description\":\"Just another Africa News Agency Sites site\",\"potentialAction\":[{\"@type\":\"SearchAction\",\"target\":{\"@type\":\"EntryPoint\",\"urlTemplate\":\"https:\/\/www.africa-press.net\/mali\/?s={search_term_string}\"},\"query-input\":{\"@type\":\"PropertyValueSpecification\",\"valueRequired\":true,\"valueName\":\"search_term_string\"}}],\"inLanguage\":\"fr-FR\"},{\"@type\":\"Person\",\"@id\":\"https:\/\/www.africa-press.net\/mali\/#\/schema\/person\/2b1cf3cd81a31e3cd26889ca66d677f1\",\"name\":\"cfeditorfr\"}]}<\/script>\n<!-- \/ Yoast SEO Premium plugin. -->","yoast_head_json":{"title":"Coupe de la Conf\u00e9d\u00e9ration : Le R\u00e9al de Bamako n\u2019y arrive pas - Mali","description":"Le Re\u0301al de Bamako a-t-il dit adieu a\u0300 une qualification pour les quarts de finale de la Coupe de la Confe\u0301de\u0301ration ? L ...","robots":{"index":"index","follow":"follow","max-snippet":"max-snippet:-1","max-image-preview":"max-image-preview:large","max-video-preview":"max-video-preview:-1"},"canonical":"https:\/\/www.africa-press.net\/mali\/sports\/coupe-de-la-confederation-le-real-de-bamako-ny-arrive-pas","og_locale":"fr_FR","og_type":"article","og_title":"Coupe de la Conf\u00e9d\u00e9ration : Le R\u00e9al de Bamako n\u2019y arrive pas","og_description":"Le Re\u0301al de Bamako a-t-il dit adieu a\u0300 une qualification pour les quarts de finale de la Coupe de la Confe\u0301de\u0301ration ? L ...","og_url":"https:\/\/www.africa-press.net\/mali\/sports\/coupe-de-la-confederation-le-real-de-bamako-ny-arrive-pas","og_site_name":"Mali","article_publisher":"https:\/\/www.facebook.com\/AfricaPressTunisiaa","article_published_time":"2023-02-28T15:45:40+00:00","article_modified_time":"2023-02-28T15:51:08+00:00","og_image":[{"width":720,"height":532,"url":"https:\/\/static.africa-press.net\/mali\/sites\/21\/2023\/02\/postQueueImg_1677586550.84.jpg","type":"image\/jpeg"}],"author":"cfeditorfr","twitter_card":"summary_large_image","twitter_misc":{"\u00c9crit par":"cfeditorfr","Dur\u00e9e de lecture estim\u00e9e":"2 minutes"},"schema":{"@context":"https:\/\/schema.org","@graph":[{"@type":"Article","@id":"https:\/\/www.africa-press.net\/mali\/sports\/coupe-de-la-confederation-le-real-de-bamako-ny-arrive-pas#article","isPartOf":{"@id":"https:\/\/www.africa-press.net\/mali\/sports\/coupe-de-la-confederation-le-real-de-bamako-ny-arrive-pas"},"author":{"name":"cfeditorfr","@id":"https:\/\/www.africa-press.net\/mali\/#\/schema\/person\/2b1cf3cd81a31e3cd26889ca66d677f1"},"headline":"Coupe de la Conf\u00e9d\u00e9ration : Le R\u00e9al de Bamako n\u2019y arrive pas","datePublished":"2023-02-28T15:45:40+00:00","dateModified":"2023-02-28T15:51:08+00:00","mainEntityOfPage":{"@id":"https:\/\/www.africa-press.net\/mali\/sports\/coupe-de-la-confederation-le-real-de-bamako-ny-arrive-pas"},"wordCount":506,"commentCount":0,"image":{"@id":"https:\/\/www.africa-press.net\/mali\/sports\/coupe-de-la-confederation-le-real-de-bamako-ny-arrive-pas#primaryimage"},"thumbnailUrl":"https:\/\/static.africa-press.net\/mali\/sites\/21\/2023\/02\/postQueueImg_1677586550.84.jpg","keywords":["Africa Press","Africa Press-Mali","mali"],"articleSection":["Sports","Toutes les actualit\u00e9s"],"inLanguage":"fr-FR","potentialAction":[{"@type":"CommentAction","name":"Comment","target":["https:\/\/www.africa-press.net\/mali\/sports\/coupe-de-la-confederation-le-real-de-bamako-ny-arrive-pas#respond"]}]},{"@type":"WebPage","@id":"https:\/\/www.africa-press.net\/mali\/sports\/coupe-de-la-confederation-le-real-de-bamako-ny-arrive-pas","url":"https:\/\/www.africa-press.net\/mali\/sports\/coupe-de-la-confederation-le-real-de-bamako-ny-arrive-pas","name":"Coupe de la Conf\u00e9d\u00e9ration : Le R\u00e9al de Bamako n\u2019y arrive pas - Mali","isPartOf":{"@id":"https:\/\/www.africa-press.net\/mali\/#website"},"primaryImageOfPage":{"@id":"https:\/\/www.africa-press.net\/mali\/sports\/coupe-de-la-confederation-le-real-de-bamako-ny-arrive-pas#primaryimage"},"image":{"@id":"https:\/\/www.africa-press.net\/mali\/sports\/coupe-de-la-confederation-le-real-de-bamako-ny-arrive-pas#primaryimage"},"thumbnailUrl":"https:\/\/static.africa-press.net\/mali\/sites\/21\/2023\/02\/postQueueImg_1677586550.84.jpg","datePublished":"2023-02-28T15:45:40+00:00","dateModified":"2023-02-28T15:51:08+00:00","author":{"@id":"https:\/\/www.africa-press.net\/mali\/#\/schema\/person\/2b1cf3cd81a31e3cd26889ca66d677f1"},"description":"Le Re\u0301al de Bamako a-t-il dit adieu a\u0300 une qualification pour les quarts de finale de la Coupe de la Confe\u0301de\u0301ration ? L ...","breadcrumb":{"@id":"https:\/\/www.africa-press.net\/mali\/sports\/coupe-de-la-confederation-le-real-de-bamako-ny-arrive-pas#breadcrumb"},"inLanguage":"fr-FR","potentialAction":[{"@type":"ReadAction","target":["https:\/\/www.africa-press.net\/mali\/sports\/coupe-de-la-confederation-le-real-de-bamako-ny-arrive-pas"]}]},{"@type":"ImageObject","inLanguage":"fr-FR","@id":"https:\/\/www.africa-press.net\/mali\/sports\/coupe-de-la-confederation-le-real-de-bamako-ny-arrive-pas#primaryimage","url":"https:\/\/static.africa-press.net\/mali\/sites\/21\/2023\/02\/postQueueImg_1677586550.84.jpg","contentUrl":"https:\/\/static.africa-press.net\/mali\/sites\/21\/2023\/02\/postQueueImg_1677586550.84.jpg","width":720,"height":532,"caption":"Coupe de la Conf\u00e9d\u00e9ration : Le R\u00e9al de Bamako n\u2019y arrive pas"},{"@type":"BreadcrumbList","@id":"https:\/\/www.africa-press.net\/mali\/sports\/coupe-de-la-confederation-le-real-de-bamako-ny-arrive-pas#breadcrumb","itemListElement":[{"@type":"ListItem","position":1,"name":"Home","item":"https:\/\/www.africa-press.net\/mali\/"},{"@type":"ListItem","position":2,"name":"Coupe de la Conf\u00e9d\u00e9ration : Le R\u00e9al de Bamako n\u2019y arrive pas"}]},{"@type":"WebSite","@id":"https:\/\/www.africa-press.net\/mali\/#website","url":"https:\/\/www.africa-press.net\/mali\/","name":"Mali","description":"Just another Africa News Agency Sites site","potentialAction":[{"@type":"SearchAction","target":{"@type":"EntryPoint","urlTemplate":"https:\/\/www.africa-press.net\/mali\/?s={search_term_string}"},"query-input":{"@type":"PropertyValueSpecification","valueRequired":true,"valueName":"search_term_string"}}],"inLanguage":"fr-FR"},{"@type":"Person","@id":"https:\/\/www.africa-press.net\/mali\/#\/schema\/person\/2b1cf3cd81a31e3cd26889ca66d677f1","name":"cfeditorfr"}]}},"_links":{"self":[{"href":"https:\/\/www.africa-press.net\/mali\/wp-json\/wp\/v2\/posts\/31290","targetHints":{"allow":["GET"]}}],"collection":[{"href":"https:\/\/www.africa-press.net\/mali\/wp-json\/wp\/v2\/posts"}],"about":[{"href":"https:\/\/www.africa-press.net\/mali\/wp-json\/wp\/v2\/types\/post"}],"author":[{"embeddable":true,"href":"https:\/\/www.africa-press.net\/mali\/wp-json\/wp\/v2\/users\/82"}],"replies":[{"embeddable":true,"href":"https:\/\/www.africa-press.net\/mali\/wp-json\/wp\/v2\/comments?post=31290"}],"version-history":[{"count":0,"href":"https:\/\/www.africa-press.net\/mali\/wp-json\/wp\/v2\/posts\/31290\/revisions"}],"wp:featuredmedia":[{"embeddable":true,"href":"https:\/\/www.africa-press.net\/mali\/wp-json\/wp\/v2\/media\/31289"}],"wp:attachment":[{"href":"https:\/\/www.africa-press.net\/mali\/wp-json\/wp\/v2\/media?parent=31290"}],"wp:term":[{"taxonomy":"category","embeddable":true,"href":"https:\/\/www.africa-press.net\/mali\/wp-json\/wp\/v2\/categories?post=31290"},{"taxonomy":"post_tag","embeddable":true,"href":"https:\/\/www.africa-press.net\/mali\/wp-json\/wp\/v2\/tags?post=31290"}],"curies":[{"name":"wp","href":"https:\/\/api.w.org\/{rel}","templated":true}]}}