{"id":31293,"date":"2023-02-28T15:46:22","date_gmt":"2023-02-28T15:46:22","guid":{"rendered":"https:\/\/www.africa-press.net\/mali\/politique\/de-supporteurs-des-aigles-a-lacrobatie-le-modele-economique-adama-t-coulibaly"},"modified":"2023-02-28T15:51:42","modified_gmt":"2023-02-28T15:51:42","slug":"de-supporteurs-des-aigles-a-lacrobatie-le-modele-economique-adama-t-coulibaly","status":"publish","type":"post","link":"https:\/\/www.africa-press.net\/mali\/sports\/de-supporteurs-des-aigles-a-lacrobatie-le-modele-economique-adama-t-coulibaly","title":{"rendered":"De supporteurs des Aigles \u00e0 l\u2019acrobatie : Le mod\u00e8le \u00e9conomique Adama T Coulibaly"},"content":{"rendered":"<p><span style=\"color: #ff6600\"><strong>Africa-Press &#8211; Mali. <\/strong><\/span>Disparu des radars apre\u0300s un se\u0301jour a\u0300 la prison centrale de Bamako Coura suite a\u0300 une plainte du cabinet d\u2019avocat du ministre Jean Claude Sidibe\u0301 pour \u00abatteinte a\u0300 l\u2019honneur, diffamation Injures publiques\u00bb, Adama T. Coulibaly a repris du service. Par ces temps de vaches maigres ou\u0300 chacun cherche a\u0300 mettre quelque chose sous la dent, le pre\u0301sident du Cnasam, une association se disant supporteurs des Aigles du Mali malheureusement transforme\u0301e en troupe d\u2019acrobatie, a de\u0301veloppe\u0301 un mode\u0300le e\u0301conomique tre\u0300s rentable. Depuis le de\u0301but de cette anne\u0301e, en effet, son association envoie des lettres dans les structures d\u2019Etat et institutions de la Re\u0301publique pour \u00abvisite de courtoisie et de pre\u0301sentation de v\u0153ux de nouvel an\u00bb. C\u2019est du moins l\u2019objet de cette missive adresse\u0301e au pre\u0301sident du Haut Conseil des Collectivite\u0301s, le 17 fe\u0301vrier dernier. Pourtant dans sa lettre, Adama T Coulibaly est clair : \u00abnous ne re\u0301servons ses visites et pre\u0301sentation de v\u0153ux qu\u2019a\u0300 des personnalite\u0301s ou structures ayant servi au sport malien\u00bb (sic). Sauf que pour confirmer le rendez-vous les structures devront se renseigner aupre\u0300s des responsables et c\u2019est la\u0300 qu\u2019on fera part des exigences a\u0300 honorer, notamment la prise en charge de la troupe. Et en l\u2019absence de ligne budge\u0301taire, la plupart des structures se voient dans l\u2019obligation de de\u0301cliner l\u2019offre, a\u0300 moins que le patron des lieux ne s\u2019engage personnellement a\u0300 prendre leurs honoraires en charge.<\/p>\n<p>Mise au parfum, l\u2019Union nationale des associations de supporteurs des Aigles du Mali (UNASAM), a re\u0301agi par un communique\u0301 ou\u0300 elle dit avoir constate\u0301 avec amertume que certains individus se re\u0301clamant de leur association se livrent a\u0300 un ciblage des ope\u0301rateurs e\u0301conomiques, directeurs d\u2019e\u0301tablissement public et prive\u0301, gouverneurs pour offrir des spectacles a\u0300 but lucratif. En utilisant pour les besoins de la cause l\u2019image des Aigles du Mali, a de\u0301plore\u0301 l\u2019Unasam dans son communique\u0301 en prenant soins pre\u0301ciser qu\u2019elle n\u2019est ni de pre\u0300s ni de loin associe\u0301e a\u0300 de telles pratiques. Joint par nos soins, le pre\u0301sident dudit regroupement d\u2019associations, Souleymane Diabate\u0301, a laisse\u0301 entendre que les associations de l\u2019Unasam ne donnent de telles animations que dans les stades.<\/p>\n<p><strong>Pour plus d&rsquo;informations et d&rsquo;analyses sur la <a href=\"https:\/\/www.africa-press.net\/mali\">Mali<\/a>, suivez <a href=\"https:\/\/www.africa-press.net\/\">Africa-Press<\/a><\/strong><\/p>\n","protected":false},"excerpt":{"rendered":"<p>Africa-Press &#8211; Mali. Disparu des radars apre\u0300s un se\u0301jour a\u0300 la prison centrale de Bamako Coura suite a\u0300 une plainte du cabinet d\u2019avocat du ministre Jean Claude Sidibe\u0301 pour \u00abatteinte a\u0300 l\u2019honneur, diffamation Injures publiques\u00bb, Adama T. Coulibaly a repris du service. Par ces temps de vaches maigres ou\u0300 chacun cherche a\u0300 mettre quelque chose [&hellip;]<\/p>\n","protected":false},"author":82,"featured_media":31292,"comment_status":"open","ping_status":"closed","sticky":false,"template":"","format":"standard","meta":{"footnotes":""},"categories":[6,17],"tags":[76,86,19],"class_list":["post-31293","post","type-post","status-publish","format-standard","has-post-thumbnail","hentry","category-sports","category-toutes-les-actualites","tag-africa-press","tag-africa-press-mali","tag-mali"],"yoast_head":"<!-- This site is optimized with the Yoast SEO Premium plugin v26.1 (Yoast SEO v27.0) - https:\/\/yoast.com\/product\/yoast-seo-premium-wordpress\/ -->\n<title>De supporteurs des Aigles \u00e0 l\u2019acrobatie : Le mod\u00e8le \u00e9conomique Adama T Coulibaly - Mali<\/title>\n<meta name=\"description\" content=\"Disparu des radars apre\u0300s un se\u0301jour a\u0300 la prison centrale de Bamako Coura suite a\u0300 une plainte du cabinet d\u2019avocat du m ...\" \/>\n<meta name=\"robots\" content=\"index, follow, max-snippet:-1, max-image-preview:large, max-video-preview:-1\" \/>\n<link rel=\"canonical\" href=\"https:\/\/www.africa-press.net\/mali\/sports\/de-supporteurs-des-aigles-a-lacrobatie-le-modele-economique-adama-t-coulibaly\" \/>\n<meta property=\"og:locale\" content=\"fr_FR\" \/>\n<meta property=\"og:type\" content=\"article\" \/>\n<meta property=\"og:title\" content=\"De supporteurs des Aigles \u00e0 l\u2019acrobatie : Le mod\u00e8le \u00e9conomique Adama T Coulibaly\" \/>\n<meta property=\"og:description\" content=\"Disparu des radars apre\u0300s un se\u0301jour a\u0300 la prison centrale de Bamako Coura suite a\u0300 une plainte du cabinet d\u2019avocat du m ...\" \/>\n<meta property=\"og:url\" content=\"https:\/\/www.africa-press.net\/mali\/sports\/de-supporteurs-des-aigles-a-lacrobatie-le-modele-economique-adama-t-coulibaly\" \/>\n<meta property=\"og:site_name\" content=\"Mali\" \/>\n<meta property=\"article:publisher\" content=\"https:\/\/www.facebook.com\/AfricaPressTunisiaa\" \/>\n<meta property=\"article:published_time\" content=\"2023-02-28T15:46:22+00:00\" \/>\n<meta property=\"article:modified_time\" content=\"2023-02-28T15:51:42+00:00\" \/>\n<meta property=\"og:image\" content=\"https:\/\/static.africa-press.net\/mali\/sites\/21\/2023\/02\/postQueueImg_1677586605.36.jpg\" \/>\n\t<meta property=\"og:image:width\" content=\"1280\" \/>\n\t<meta property=\"og:image:height\" content=\"720\" \/>\n\t<meta property=\"og:image:type\" content=\"image\/jpeg\" \/>\n<meta name=\"author\" content=\"cfeditorfr\" \/>\n<meta name=\"twitter:card\" content=\"summary_large_image\" \/>\n<meta name=\"twitter:label1\" content=\"\u00c9crit par\" \/>\n\t<meta name=\"twitter:data1\" content=\"cfeditorfr\" \/>\n\t<meta name=\"twitter:label2\" content=\"Dur\u00e9e de lecture estim\u00e9e\" \/>\n\t<meta name=\"twitter:data2\" content=\"2 minutes\" \/>\n<script type=\"application\/ld+json\" class=\"yoast-schema-graph\">{\"@context\":\"https:\/\/schema.org\",\"@graph\":[{\"@type\":\"Article\",\"@id\":\"https:\/\/www.africa-press.net\/mali\/sports\/de-supporteurs-des-aigles-a-lacrobatie-le-modele-economique-adama-t-coulibaly#article\",\"isPartOf\":{\"@id\":\"https:\/\/www.africa-press.net\/mali\/sports\/de-supporteurs-des-aigles-a-lacrobatie-le-modele-economique-adama-t-coulibaly\"},\"author\":{\"name\":\"cfeditorfr\",\"@id\":\"https:\/\/www.africa-press.net\/mali\/#\/schema\/person\/2b1cf3cd81a31e3cd26889ca66d677f1\"},\"headline\":\"De supporteurs des Aigles \u00e0 l\u2019acrobatie : Le mod\u00e8le \u00e9conomique Adama T Coulibaly\",\"datePublished\":\"2023-02-28T15:46:22+00:00\",\"dateModified\":\"2023-02-28T15:51:42+00:00\",\"mainEntityOfPage\":{\"@id\":\"https:\/\/www.africa-press.net\/mali\/sports\/de-supporteurs-des-aigles-a-lacrobatie-le-modele-economique-adama-t-coulibaly\"},\"wordCount\":428,\"commentCount\":0,\"image\":{\"@id\":\"https:\/\/www.africa-press.net\/mali\/sports\/de-supporteurs-des-aigles-a-lacrobatie-le-modele-economique-adama-t-coulibaly#primaryimage\"},\"thumbnailUrl\":\"https:\/\/static.africa-press.net\/mali\/sites\/21\/2023\/02\/postQueueImg_1677586605.36.jpg\",\"keywords\":[\"Africa Press\",\"Africa Press-Mali\",\"mali\"],\"articleSection\":[\"Sports\",\"Toutes les actualit\u00e9s\"],\"inLanguage\":\"fr-FR\",\"potentialAction\":[{\"@type\":\"CommentAction\",\"name\":\"Comment\",\"target\":[\"https:\/\/www.africa-press.net\/mali\/sports\/de-supporteurs-des-aigles-a-lacrobatie-le-modele-economique-adama-t-coulibaly#respond\"]}]},{\"@type\":\"WebPage\",\"@id\":\"https:\/\/www.africa-press.net\/mali\/sports\/de-supporteurs-des-aigles-a-lacrobatie-le-modele-economique-adama-t-coulibaly\",\"url\":\"https:\/\/www.africa-press.net\/mali\/sports\/de-supporteurs-des-aigles-a-lacrobatie-le-modele-economique-adama-t-coulibaly\",\"name\":\"De supporteurs des Aigles \u00e0 l\u2019acrobatie : Le mod\u00e8le \u00e9conomique Adama T Coulibaly - Mali\",\"isPartOf\":{\"@id\":\"https:\/\/www.africa-press.net\/mali\/#website\"},\"primaryImageOfPage\":{\"@id\":\"https:\/\/www.africa-press.net\/mali\/sports\/de-supporteurs-des-aigles-a-lacrobatie-le-modele-economique-adama-t-coulibaly#primaryimage\"},\"image\":{\"@id\":\"https:\/\/www.africa-press.net\/mali\/sports\/de-supporteurs-des-aigles-a-lacrobatie-le-modele-economique-adama-t-coulibaly#primaryimage\"},\"thumbnailUrl\":\"https:\/\/static.africa-press.net\/mali\/sites\/21\/2023\/02\/postQueueImg_1677586605.36.jpg\",\"datePublished\":\"2023-02-28T15:46:22+00:00\",\"dateModified\":\"2023-02-28T15:51:42+00:00\",\"author\":{\"@id\":\"https:\/\/www.africa-press.net\/mali\/#\/schema\/person\/2b1cf3cd81a31e3cd26889ca66d677f1\"},\"description\":\"Disparu des radars apre\u0300s un se\u0301jour a\u0300 la prison centrale de Bamako Coura suite a\u0300 une plainte du cabinet d\u2019avocat du m ...\",\"breadcrumb\":{\"@id\":\"https:\/\/www.africa-press.net\/mali\/sports\/de-supporteurs-des-aigles-a-lacrobatie-le-modele-economique-adama-t-coulibaly#breadcrumb\"},\"inLanguage\":\"fr-FR\",\"potentialAction\":[{\"@type\":\"ReadAction\",\"target\":[\"https:\/\/www.africa-press.net\/mali\/sports\/de-supporteurs-des-aigles-a-lacrobatie-le-modele-economique-adama-t-coulibaly\"]}]},{\"@type\":\"ImageObject\",\"inLanguage\":\"fr-FR\",\"@id\":\"https:\/\/www.africa-press.net\/mali\/sports\/de-supporteurs-des-aigles-a-lacrobatie-le-modele-economique-adama-t-coulibaly#primaryimage\",\"url\":\"https:\/\/static.africa-press.net\/mali\/sites\/21\/2023\/02\/postQueueImg_1677586605.36.jpg\",\"contentUrl\":\"https:\/\/static.africa-press.net\/mali\/sites\/21\/2023\/02\/postQueueImg_1677586605.36.jpg\",\"width\":1280,\"height\":720,\"caption\":\"De supporteurs des Aigles \u00e0 l\u2019acrobatie : Le mod\u00e8le \u00e9conomique Adama T Coulibaly\"},{\"@type\":\"BreadcrumbList\",\"@id\":\"https:\/\/www.africa-press.net\/mali\/sports\/de-supporteurs-des-aigles-a-lacrobatie-le-modele-economique-adama-t-coulibaly#breadcrumb\",\"itemListElement\":[{\"@type\":\"ListItem\",\"position\":1,\"name\":\"Home\",\"item\":\"https:\/\/www.africa-press.net\/mali\/\"},{\"@type\":\"ListItem\",\"position\":2,\"name\":\"De supporteurs des Aigles \u00e0 l\u2019acrobatie : Le mod\u00e8le \u00e9conomique Adama T Coulibaly\"}]},{\"@type\":\"WebSite\",\"@id\":\"https:\/\/www.africa-press.net\/mali\/#website\",\"url\":\"https:\/\/www.africa-press.net\/mali\/\",\"name\":\"Mali\",\"description\":\"Just another Africa News Agency Sites site\",\"potentialAction\":[{\"@type\":\"SearchAction\",\"target\":{\"@type\":\"EntryPoint\",\"urlTemplate\":\"https:\/\/www.africa-press.net\/mali\/?s={search_term_string}\"},\"query-input\":{\"@type\":\"PropertyValueSpecification\",\"valueRequired\":true,\"valueName\":\"search_term_string\"}}],\"inLanguage\":\"fr-FR\"},{\"@type\":\"Person\",\"@id\":\"https:\/\/www.africa-press.net\/mali\/#\/schema\/person\/2b1cf3cd81a31e3cd26889ca66d677f1\",\"name\":\"cfeditorfr\"}]}<\/script>\n<!-- \/ Yoast SEO Premium plugin. -->","yoast_head_json":{"title":"De supporteurs des Aigles \u00e0 l\u2019acrobatie : Le mod\u00e8le \u00e9conomique Adama T Coulibaly - Mali","description":"Disparu des radars apre\u0300s un se\u0301jour a\u0300 la prison centrale de Bamako Coura suite a\u0300 une plainte du cabinet d\u2019avocat du m ...","robots":{"index":"index","follow":"follow","max-snippet":"max-snippet:-1","max-image-preview":"max-image-preview:large","max-video-preview":"max-video-preview:-1"},"canonical":"https:\/\/www.africa-press.net\/mali\/sports\/de-supporteurs-des-aigles-a-lacrobatie-le-modele-economique-adama-t-coulibaly","og_locale":"fr_FR","og_type":"article","og_title":"De supporteurs des Aigles \u00e0 l\u2019acrobatie : Le mod\u00e8le \u00e9conomique Adama T Coulibaly","og_description":"Disparu des radars apre\u0300s un se\u0301jour a\u0300 la prison centrale de Bamako Coura suite a\u0300 une plainte du cabinet d\u2019avocat du m ...","og_url":"https:\/\/www.africa-press.net\/mali\/sports\/de-supporteurs-des-aigles-a-lacrobatie-le-modele-economique-adama-t-coulibaly","og_site_name":"Mali","article_publisher":"https:\/\/www.facebook.com\/AfricaPressTunisiaa","article_published_time":"2023-02-28T15:46:22+00:00","article_modified_time":"2023-02-28T15:51:42+00:00","og_image":[{"width":1280,"height":720,"url":"https:\/\/static.africa-press.net\/mali\/sites\/21\/2023\/02\/postQueueImg_1677586605.36.jpg","type":"image\/jpeg"}],"author":"cfeditorfr","twitter_card":"summary_large_image","twitter_misc":{"\u00c9crit par":"cfeditorfr","Dur\u00e9e de lecture estim\u00e9e":"2 minutes"},"schema":{"@context":"https:\/\/schema.org","@graph":[{"@type":"Article","@id":"https:\/\/www.africa-press.net\/mali\/sports\/de-supporteurs-des-aigles-a-lacrobatie-le-modele-economique-adama-t-coulibaly#article","isPartOf":{"@id":"https:\/\/www.africa-press.net\/mali\/sports\/de-supporteurs-des-aigles-a-lacrobatie-le-modele-economique-adama-t-coulibaly"},"author":{"name":"cfeditorfr","@id":"https:\/\/www.africa-press.net\/mali\/#\/schema\/person\/2b1cf3cd81a31e3cd26889ca66d677f1"},"headline":"De supporteurs des Aigles \u00e0 l\u2019acrobatie : Le mod\u00e8le \u00e9conomique Adama T Coulibaly","datePublished":"2023-02-28T15:46:22+00:00","dateModified":"2023-02-28T15:51:42+00:00","mainEntityOfPage":{"@id":"https:\/\/www.africa-press.net\/mali\/sports\/de-supporteurs-des-aigles-a-lacrobatie-le-modele-economique-adama-t-coulibaly"},"wordCount":428,"commentCount":0,"image":{"@id":"https:\/\/www.africa-press.net\/mali\/sports\/de-supporteurs-des-aigles-a-lacrobatie-le-modele-economique-adama-t-coulibaly#primaryimage"},"thumbnailUrl":"https:\/\/static.africa-press.net\/mali\/sites\/21\/2023\/02\/postQueueImg_1677586605.36.jpg","keywords":["Africa Press","Africa Press-Mali","mali"],"articleSection":["Sports","Toutes les actualit\u00e9s"],"inLanguage":"fr-FR","potentialAction":[{"@type":"CommentAction","name":"Comment","target":["https:\/\/www.africa-press.net\/mali\/sports\/de-supporteurs-des-aigles-a-lacrobatie-le-modele-economique-adama-t-coulibaly#respond"]}]},{"@type":"WebPage","@id":"https:\/\/www.africa-press.net\/mali\/sports\/de-supporteurs-des-aigles-a-lacrobatie-le-modele-economique-adama-t-coulibaly","url":"https:\/\/www.africa-press.net\/mali\/sports\/de-supporteurs-des-aigles-a-lacrobatie-le-modele-economique-adama-t-coulibaly","name":"De supporteurs des Aigles \u00e0 l\u2019acrobatie : Le mod\u00e8le \u00e9conomique Adama T Coulibaly - Mali","isPartOf":{"@id":"https:\/\/www.africa-press.net\/mali\/#website"},"primaryImageOfPage":{"@id":"https:\/\/www.africa-press.net\/mali\/sports\/de-supporteurs-des-aigles-a-lacrobatie-le-modele-economique-adama-t-coulibaly#primaryimage"},"image":{"@id":"https:\/\/www.africa-press.net\/mali\/sports\/de-supporteurs-des-aigles-a-lacrobatie-le-modele-economique-adama-t-coulibaly#primaryimage"},"thumbnailUrl":"https:\/\/static.africa-press.net\/mali\/sites\/21\/2023\/02\/postQueueImg_1677586605.36.jpg","datePublished":"2023-02-28T15:46:22+00:00","dateModified":"2023-02-28T15:51:42+00:00","author":{"@id":"https:\/\/www.africa-press.net\/mali\/#\/schema\/person\/2b1cf3cd81a31e3cd26889ca66d677f1"},"description":"Disparu des radars apre\u0300s un se\u0301jour a\u0300 la prison centrale de Bamako Coura suite a\u0300 une plainte du cabinet d\u2019avocat du m ...","breadcrumb":{"@id":"https:\/\/www.africa-press.net\/mali\/sports\/de-supporteurs-des-aigles-a-lacrobatie-le-modele-economique-adama-t-coulibaly#breadcrumb"},"inLanguage":"fr-FR","potentialAction":[{"@type":"ReadAction","target":["https:\/\/www.africa-press.net\/mali\/sports\/de-supporteurs-des-aigles-a-lacrobatie-le-modele-economique-adama-t-coulibaly"]}]},{"@type":"ImageObject","inLanguage":"fr-FR","@id":"https:\/\/www.africa-press.net\/mali\/sports\/de-supporteurs-des-aigles-a-lacrobatie-le-modele-economique-adama-t-coulibaly#primaryimage","url":"https:\/\/static.africa-press.net\/mali\/sites\/21\/2023\/02\/postQueueImg_1677586605.36.jpg","contentUrl":"https:\/\/static.africa-press.net\/mali\/sites\/21\/2023\/02\/postQueueImg_1677586605.36.jpg","width":1280,"height":720,"caption":"De supporteurs des Aigles \u00e0 l\u2019acrobatie : Le mod\u00e8le \u00e9conomique Adama T Coulibaly"},{"@type":"BreadcrumbList","@id":"https:\/\/www.africa-press.net\/mali\/sports\/de-supporteurs-des-aigles-a-lacrobatie-le-modele-economique-adama-t-coulibaly#breadcrumb","itemListElement":[{"@type":"ListItem","position":1,"name":"Home","item":"https:\/\/www.africa-press.net\/mali\/"},{"@type":"ListItem","position":2,"name":"De supporteurs des Aigles \u00e0 l\u2019acrobatie : Le mod\u00e8le \u00e9conomique Adama T Coulibaly"}]},{"@type":"WebSite","@id":"https:\/\/www.africa-press.net\/mali\/#website","url":"https:\/\/www.africa-press.net\/mali\/","name":"Mali","description":"Just another Africa News Agency Sites site","potentialAction":[{"@type":"SearchAction","target":{"@type":"EntryPoint","urlTemplate":"https:\/\/www.africa-press.net\/mali\/?s={search_term_string}"},"query-input":{"@type":"PropertyValueSpecification","valueRequired":true,"valueName":"search_term_string"}}],"inLanguage":"fr-FR"},{"@type":"Person","@id":"https:\/\/www.africa-press.net\/mali\/#\/schema\/person\/2b1cf3cd81a31e3cd26889ca66d677f1","name":"cfeditorfr"}]}},"_links":{"self":[{"href":"https:\/\/www.africa-press.net\/mali\/wp-json\/wp\/v2\/posts\/31293","targetHints":{"allow":["GET"]}}],"collection":[{"href":"https:\/\/www.africa-press.net\/mali\/wp-json\/wp\/v2\/posts"}],"about":[{"href":"https:\/\/www.africa-press.net\/mali\/wp-json\/wp\/v2\/types\/post"}],"author":[{"embeddable":true,"href":"https:\/\/www.africa-press.net\/mali\/wp-json\/wp\/v2\/users\/82"}],"replies":[{"embeddable":true,"href":"https:\/\/www.africa-press.net\/mali\/wp-json\/wp\/v2\/comments?post=31293"}],"version-history":[{"count":0,"href":"https:\/\/www.africa-press.net\/mali\/wp-json\/wp\/v2\/posts\/31293\/revisions"}],"wp:featuredmedia":[{"embeddable":true,"href":"https:\/\/www.africa-press.net\/mali\/wp-json\/wp\/v2\/media\/31292"}],"wp:attachment":[{"href":"https:\/\/www.africa-press.net\/mali\/wp-json\/wp\/v2\/media?parent=31293"}],"wp:term":[{"taxonomy":"category","embeddable":true,"href":"https:\/\/www.africa-press.net\/mali\/wp-json\/wp\/v2\/categories?post=31293"},{"taxonomy":"post_tag","embeddable":true,"href":"https:\/\/www.africa-press.net\/mali\/wp-json\/wp\/v2\/tags?post=31293"}],"curies":[{"name":"wp","href":"https:\/\/api.w.org\/{rel}","templated":true}]}}