{"id":31311,"date":"2023-03-01T20:11:42","date_gmt":"2023-03-01T20:11:42","guid":{"rendered":"https:\/\/www.africa-press.net\/mali\/politique\/premier-ministre-malien-le-projet-de-federation-est-en-phase-avec-la-volonte-du-peuple"},"modified":"2023-03-01T21:00:23","modified_gmt":"2023-03-01T21:00:23","slug":"premier-ministre-malien-le-projet-de-federation-est-en-phase-avec-la-volonte-du-peuple","status":"publish","type":"post","link":"https:\/\/www.africa-press.net\/mali\/politique\/premier-ministre-malien-le-projet-de-federation-est-en-phase-avec-la-volonte-du-peuple","title":{"rendered":"Premier ministre malien: Le projet de f\u00e9d\u00e9ration est en phase avec la volont\u00e9 du peuple"},"content":{"rendered":"<p><span style=\"color: #ff6600\"><strong>Africa-Press &#8211; Mali. <\/strong><\/span>Aujourd\u2019hui, on peut dire que la peur a change\u0301 de camp. Ce ne sont plus les terroristes qui font peur aux Maliens, c\u2019est l\u2019arme\u0301e malienne et les Maliens qui font peur aux terroristes, c\u2019est le plus important, et cette coope\u0301ration va continuer de s\u2019intensifier\u201d, a dit M.Mai\u0308ga.<\/p>\n<p>\u201cLes dirigeants ont de\u0301cide\u0301 d\u2019e\u0302tre en phase avec les populations dans tous les domaines, e\u0301conomique, politique, se\u0301curitaire, pour que les peuples de\u0301cident a\u0300 un moment donne\u0301 de ce qu\u2019on fait. Ce sont des gouvernements de transition qui doivent poser les jalons. Nous, nous avons dit que nous voulons un E\u0301tat refonde\u0301. Dans la refondation de l\u2019E\u0301tat, les relations avec les pays africains vont force\u0301ment occuper une grande place\u201d, a affirme\u0301 le Premier ministre malien.<\/p>\n<p><strong>Pour plus d&rsquo;informations et d&rsquo;analyses sur la <a href=\"https:\/\/www.africa-press.net\/mali\">Mali<\/a>, suivez <a href=\"https:\/\/www.africa-press.net\/\">Africa-Press<\/a><\/strong><\/p>\n","protected":false},"excerpt":{"rendered":"<p>Africa-Press &#8211; Mali. Aujourd\u2019hui, on peut dire que la peur a change\u0301 de camp. Ce ne sont plus les terroristes qui font peur aux Maliens, c\u2019est l\u2019arme\u0301e malienne et les Maliens qui font peur aux terroristes, c\u2019est le plus important, et cette coope\u0301ration va continuer de s\u2019intensifier\u201d, a dit M.Mai\u0308ga. \u201cLes dirigeants ont de\u0301cide\u0301 d\u2019e\u0302tre [&hellip;]<\/p>\n","protected":false},"author":82,"featured_media":31310,"comment_status":"open","ping_status":"closed","sticky":false,"template":"","format":"standard","meta":{"footnotes":""},"categories":[7,17],"tags":[76,86,19],"class_list":["post-31311","post","type-post","status-publish","format-standard","has-post-thumbnail","hentry","category-politique","category-toutes-les-actualites","tag-africa-press","tag-africa-press-mali","tag-mali"],"yoast_head":"<!-- This site is optimized with the Yoast SEO Premium plugin v26.1 (Yoast SEO v27.0) - https:\/\/yoast.com\/product\/yoast-seo-premium-wordpress\/ -->\n<title>Premier ministre malien: Le projet de f\u00e9d\u00e9ration est en phase avec la volont\u00e9 du peuple - Mali<\/title>\n<meta name=\"description\" content=\"Aujourd\u2019hui, on peut dire que la peur a change\u0301 de camp. Ce ne sont plus les terroristes qui font peur aux Maliens, c\u2019es ...\" \/>\n<meta name=\"robots\" content=\"index, follow, max-snippet:-1, max-image-preview:large, max-video-preview:-1\" \/>\n<link rel=\"canonical\" href=\"https:\/\/www.africa-press.net\/mali\/politique\/premier-ministre-malien-le-projet-de-federation-est-en-phase-avec-la-volonte-du-peuple\" \/>\n<meta property=\"og:locale\" content=\"fr_FR\" \/>\n<meta property=\"og:type\" content=\"article\" \/>\n<meta property=\"og:title\" content=\"Premier ministre malien: Le projet de f\u00e9d\u00e9ration est en phase avec la volont\u00e9 du peuple\" \/>\n<meta property=\"og:description\" content=\"Aujourd\u2019hui, on peut dire que la peur a change\u0301 de camp. Ce ne sont plus les terroristes qui font peur aux Maliens, c\u2019es ...\" \/>\n<meta property=\"og:url\" content=\"https:\/\/www.africa-press.net\/mali\/politique\/premier-ministre-malien-le-projet-de-federation-est-en-phase-avec-la-volonte-du-peuple\" \/>\n<meta property=\"og:site_name\" content=\"Mali\" \/>\n<meta property=\"article:publisher\" content=\"https:\/\/www.facebook.com\/AfricaPressTunisiaa\" \/>\n<meta property=\"article:published_time\" content=\"2023-03-01T20:11:42+00:00\" \/>\n<meta property=\"article:modified_time\" content=\"2023-03-01T21:00:23+00:00\" \/>\n<meta property=\"og:image\" content=\"https:\/\/static.africa-press.net\/mali\/sites\/21\/2023\/03\/postQueueImg_1677688922.35.jpg\" \/>\n\t<meta property=\"og:image:width\" content=\"1024\" \/>\n\t<meta property=\"og:image:height\" content=\"683\" \/>\n\t<meta property=\"og:image:type\" content=\"image\/jpeg\" \/>\n<meta name=\"author\" content=\"cfeditorfr\" \/>\n<meta name=\"twitter:card\" content=\"summary_large_image\" \/>\n<meta name=\"twitter:label1\" content=\"\u00c9crit par\" \/>\n\t<meta name=\"twitter:data1\" content=\"cfeditorfr\" \/>\n\t<meta name=\"twitter:label2\" content=\"Dur\u00e9e de lecture estim\u00e9e\" \/>\n\t<meta name=\"twitter:data2\" content=\"1 minute\" \/>\n<script type=\"application\/ld+json\" class=\"yoast-schema-graph\">{\"@context\":\"https:\/\/schema.org\",\"@graph\":[{\"@type\":\"Article\",\"@id\":\"https:\/\/www.africa-press.net\/mali\/politique\/premier-ministre-malien-le-projet-de-federation-est-en-phase-avec-la-volonte-du-peuple#article\",\"isPartOf\":{\"@id\":\"https:\/\/www.africa-press.net\/mali\/politique\/premier-ministre-malien-le-projet-de-federation-est-en-phase-avec-la-volonte-du-peuple\"},\"author\":{\"name\":\"cfeditorfr\",\"@id\":\"https:\/\/www.africa-press.net\/mali\/#\/schema\/person\/2b1cf3cd81a31e3cd26889ca66d677f1\"},\"headline\":\"Premier ministre malien: Le projet de f\u00e9d\u00e9ration est en phase avec la volont\u00e9 du peuple\",\"datePublished\":\"2023-03-01T20:11:42+00:00\",\"dateModified\":\"2023-03-01T21:00:23+00:00\",\"mainEntityOfPage\":{\"@id\":\"https:\/\/www.africa-press.net\/mali\/politique\/premier-ministre-malien-le-projet-de-federation-est-en-phase-avec-la-volonte-du-peuple\"},\"wordCount\":173,\"commentCount\":0,\"image\":{\"@id\":\"https:\/\/www.africa-press.net\/mali\/politique\/premier-ministre-malien-le-projet-de-federation-est-en-phase-avec-la-volonte-du-peuple#primaryimage\"},\"thumbnailUrl\":\"https:\/\/static.africa-press.net\/mali\/sites\/21\/2023\/03\/postQueueImg_1677688922.35.jpg\",\"keywords\":[\"Africa Press\",\"Africa Press-Mali\",\"mali\"],\"articleSection\":[\"Politique\",\"Toutes les actualit\u00e9s\"],\"inLanguage\":\"fr-FR\",\"potentialAction\":[{\"@type\":\"CommentAction\",\"name\":\"Comment\",\"target\":[\"https:\/\/www.africa-press.net\/mali\/politique\/premier-ministre-malien-le-projet-de-federation-est-en-phase-avec-la-volonte-du-peuple#respond\"]}]},{\"@type\":\"WebPage\",\"@id\":\"https:\/\/www.africa-press.net\/mali\/politique\/premier-ministre-malien-le-projet-de-federation-est-en-phase-avec-la-volonte-du-peuple\",\"url\":\"https:\/\/www.africa-press.net\/mali\/politique\/premier-ministre-malien-le-projet-de-federation-est-en-phase-avec-la-volonte-du-peuple\",\"name\":\"Premier ministre malien: Le projet de f\u00e9d\u00e9ration est en phase avec la volont\u00e9 du peuple - Mali\",\"isPartOf\":{\"@id\":\"https:\/\/www.africa-press.net\/mali\/#website\"},\"primaryImageOfPage\":{\"@id\":\"https:\/\/www.africa-press.net\/mali\/politique\/premier-ministre-malien-le-projet-de-federation-est-en-phase-avec-la-volonte-du-peuple#primaryimage\"},\"image\":{\"@id\":\"https:\/\/www.africa-press.net\/mali\/politique\/premier-ministre-malien-le-projet-de-federation-est-en-phase-avec-la-volonte-du-peuple#primaryimage\"},\"thumbnailUrl\":\"https:\/\/static.africa-press.net\/mali\/sites\/21\/2023\/03\/postQueueImg_1677688922.35.jpg\",\"datePublished\":\"2023-03-01T20:11:42+00:00\",\"dateModified\":\"2023-03-01T21:00:23+00:00\",\"author\":{\"@id\":\"https:\/\/www.africa-press.net\/mali\/#\/schema\/person\/2b1cf3cd81a31e3cd26889ca66d677f1\"},\"description\":\"Aujourd\u2019hui, on peut dire que la peur a change\u0301 de camp. Ce ne sont plus les terroristes qui font peur aux Maliens, c\u2019es ...\",\"breadcrumb\":{\"@id\":\"https:\/\/www.africa-press.net\/mali\/politique\/premier-ministre-malien-le-projet-de-federation-est-en-phase-avec-la-volonte-du-peuple#breadcrumb\"},\"inLanguage\":\"fr-FR\",\"potentialAction\":[{\"@type\":\"ReadAction\",\"target\":[\"https:\/\/www.africa-press.net\/mali\/politique\/premier-ministre-malien-le-projet-de-federation-est-en-phase-avec-la-volonte-du-peuple\"]}]},{\"@type\":\"ImageObject\",\"inLanguage\":\"fr-FR\",\"@id\":\"https:\/\/www.africa-press.net\/mali\/politique\/premier-ministre-malien-le-projet-de-federation-est-en-phase-avec-la-volonte-du-peuple#primaryimage\",\"url\":\"https:\/\/static.africa-press.net\/mali\/sites\/21\/2023\/03\/postQueueImg_1677688922.35.jpg\",\"contentUrl\":\"https:\/\/static.africa-press.net\/mali\/sites\/21\/2023\/03\/postQueueImg_1677688922.35.jpg\",\"width\":1024,\"height\":683,\"caption\":\"Premier ministre malien: Le projet de f\u00e9d\u00e9ration est en phase avec la volont\u00e9 du peuple\"},{\"@type\":\"BreadcrumbList\",\"@id\":\"https:\/\/www.africa-press.net\/mali\/politique\/premier-ministre-malien-le-projet-de-federation-est-en-phase-avec-la-volonte-du-peuple#breadcrumb\",\"itemListElement\":[{\"@type\":\"ListItem\",\"position\":1,\"name\":\"Home\",\"item\":\"https:\/\/www.africa-press.net\/mali\/\"},{\"@type\":\"ListItem\",\"position\":2,\"name\":\"Premier ministre malien: Le projet de f\u00e9d\u00e9ration est en phase avec la volont\u00e9 du peuple\"}]},{\"@type\":\"WebSite\",\"@id\":\"https:\/\/www.africa-press.net\/mali\/#website\",\"url\":\"https:\/\/www.africa-press.net\/mali\/\",\"name\":\"Mali\",\"description\":\"Just another Africa News Agency Sites site\",\"potentialAction\":[{\"@type\":\"SearchAction\",\"target\":{\"@type\":\"EntryPoint\",\"urlTemplate\":\"https:\/\/www.africa-press.net\/mali\/?s={search_term_string}\"},\"query-input\":{\"@type\":\"PropertyValueSpecification\",\"valueRequired\":true,\"valueName\":\"search_term_string\"}}],\"inLanguage\":\"fr-FR\"},{\"@type\":\"Person\",\"@id\":\"https:\/\/www.africa-press.net\/mali\/#\/schema\/person\/2b1cf3cd81a31e3cd26889ca66d677f1\",\"name\":\"cfeditorfr\"}]}<\/script>\n<!-- \/ Yoast SEO Premium plugin. -->","yoast_head_json":{"title":"Premier ministre malien: Le projet de f\u00e9d\u00e9ration est en phase avec la volont\u00e9 du peuple - Mali","description":"Aujourd\u2019hui, on peut dire que la peur a change\u0301 de camp. Ce ne sont plus les terroristes qui font peur aux Maliens, c\u2019es ...","robots":{"index":"index","follow":"follow","max-snippet":"max-snippet:-1","max-image-preview":"max-image-preview:large","max-video-preview":"max-video-preview:-1"},"canonical":"https:\/\/www.africa-press.net\/mali\/politique\/premier-ministre-malien-le-projet-de-federation-est-en-phase-avec-la-volonte-du-peuple","og_locale":"fr_FR","og_type":"article","og_title":"Premier ministre malien: Le projet de f\u00e9d\u00e9ration est en phase avec la volont\u00e9 du peuple","og_description":"Aujourd\u2019hui, on peut dire que la peur a change\u0301 de camp. Ce ne sont plus les terroristes qui font peur aux Maliens, c\u2019es ...","og_url":"https:\/\/www.africa-press.net\/mali\/politique\/premier-ministre-malien-le-projet-de-federation-est-en-phase-avec-la-volonte-du-peuple","og_site_name":"Mali","article_publisher":"https:\/\/www.facebook.com\/AfricaPressTunisiaa","article_published_time":"2023-03-01T20:11:42+00:00","article_modified_time":"2023-03-01T21:00:23+00:00","og_image":[{"width":1024,"height":683,"url":"https:\/\/static.africa-press.net\/mali\/sites\/21\/2023\/03\/postQueueImg_1677688922.35.jpg","type":"image\/jpeg"}],"author":"cfeditorfr","twitter_card":"summary_large_image","twitter_misc":{"\u00c9crit par":"cfeditorfr","Dur\u00e9e de lecture estim\u00e9e":"1 minute"},"schema":{"@context":"https:\/\/schema.org","@graph":[{"@type":"Article","@id":"https:\/\/www.africa-press.net\/mali\/politique\/premier-ministre-malien-le-projet-de-federation-est-en-phase-avec-la-volonte-du-peuple#article","isPartOf":{"@id":"https:\/\/www.africa-press.net\/mali\/politique\/premier-ministre-malien-le-projet-de-federation-est-en-phase-avec-la-volonte-du-peuple"},"author":{"name":"cfeditorfr","@id":"https:\/\/www.africa-press.net\/mali\/#\/schema\/person\/2b1cf3cd81a31e3cd26889ca66d677f1"},"headline":"Premier ministre malien: Le projet de f\u00e9d\u00e9ration est en phase avec la volont\u00e9 du peuple","datePublished":"2023-03-01T20:11:42+00:00","dateModified":"2023-03-01T21:00:23+00:00","mainEntityOfPage":{"@id":"https:\/\/www.africa-press.net\/mali\/politique\/premier-ministre-malien-le-projet-de-federation-est-en-phase-avec-la-volonte-du-peuple"},"wordCount":173,"commentCount":0,"image":{"@id":"https:\/\/www.africa-press.net\/mali\/politique\/premier-ministre-malien-le-projet-de-federation-est-en-phase-avec-la-volonte-du-peuple#primaryimage"},"thumbnailUrl":"https:\/\/static.africa-press.net\/mali\/sites\/21\/2023\/03\/postQueueImg_1677688922.35.jpg","keywords":["Africa Press","Africa Press-Mali","mali"],"articleSection":["Politique","Toutes les actualit\u00e9s"],"inLanguage":"fr-FR","potentialAction":[{"@type":"CommentAction","name":"Comment","target":["https:\/\/www.africa-press.net\/mali\/politique\/premier-ministre-malien-le-projet-de-federation-est-en-phase-avec-la-volonte-du-peuple#respond"]}]},{"@type":"WebPage","@id":"https:\/\/www.africa-press.net\/mali\/politique\/premier-ministre-malien-le-projet-de-federation-est-en-phase-avec-la-volonte-du-peuple","url":"https:\/\/www.africa-press.net\/mali\/politique\/premier-ministre-malien-le-projet-de-federation-est-en-phase-avec-la-volonte-du-peuple","name":"Premier ministre malien: Le projet de f\u00e9d\u00e9ration est en phase avec la volont\u00e9 du peuple - Mali","isPartOf":{"@id":"https:\/\/www.africa-press.net\/mali\/#website"},"primaryImageOfPage":{"@id":"https:\/\/www.africa-press.net\/mali\/politique\/premier-ministre-malien-le-projet-de-federation-est-en-phase-avec-la-volonte-du-peuple#primaryimage"},"image":{"@id":"https:\/\/www.africa-press.net\/mali\/politique\/premier-ministre-malien-le-projet-de-federation-est-en-phase-avec-la-volonte-du-peuple#primaryimage"},"thumbnailUrl":"https:\/\/static.africa-press.net\/mali\/sites\/21\/2023\/03\/postQueueImg_1677688922.35.jpg","datePublished":"2023-03-01T20:11:42+00:00","dateModified":"2023-03-01T21:00:23+00:00","author":{"@id":"https:\/\/www.africa-press.net\/mali\/#\/schema\/person\/2b1cf3cd81a31e3cd26889ca66d677f1"},"description":"Aujourd\u2019hui, on peut dire que la peur a change\u0301 de camp. Ce ne sont plus les terroristes qui font peur aux Maliens, c\u2019es ...","breadcrumb":{"@id":"https:\/\/www.africa-press.net\/mali\/politique\/premier-ministre-malien-le-projet-de-federation-est-en-phase-avec-la-volonte-du-peuple#breadcrumb"},"inLanguage":"fr-FR","potentialAction":[{"@type":"ReadAction","target":["https:\/\/www.africa-press.net\/mali\/politique\/premier-ministre-malien-le-projet-de-federation-est-en-phase-avec-la-volonte-du-peuple"]}]},{"@type":"ImageObject","inLanguage":"fr-FR","@id":"https:\/\/www.africa-press.net\/mali\/politique\/premier-ministre-malien-le-projet-de-federation-est-en-phase-avec-la-volonte-du-peuple#primaryimage","url":"https:\/\/static.africa-press.net\/mali\/sites\/21\/2023\/03\/postQueueImg_1677688922.35.jpg","contentUrl":"https:\/\/static.africa-press.net\/mali\/sites\/21\/2023\/03\/postQueueImg_1677688922.35.jpg","width":1024,"height":683,"caption":"Premier ministre malien: Le projet de f\u00e9d\u00e9ration est en phase avec la volont\u00e9 du peuple"},{"@type":"BreadcrumbList","@id":"https:\/\/www.africa-press.net\/mali\/politique\/premier-ministre-malien-le-projet-de-federation-est-en-phase-avec-la-volonte-du-peuple#breadcrumb","itemListElement":[{"@type":"ListItem","position":1,"name":"Home","item":"https:\/\/www.africa-press.net\/mali\/"},{"@type":"ListItem","position":2,"name":"Premier ministre malien: Le projet de f\u00e9d\u00e9ration est en phase avec la volont\u00e9 du peuple"}]},{"@type":"WebSite","@id":"https:\/\/www.africa-press.net\/mali\/#website","url":"https:\/\/www.africa-press.net\/mali\/","name":"Mali","description":"Just another Africa News Agency Sites site","potentialAction":[{"@type":"SearchAction","target":{"@type":"EntryPoint","urlTemplate":"https:\/\/www.africa-press.net\/mali\/?s={search_term_string}"},"query-input":{"@type":"PropertyValueSpecification","valueRequired":true,"valueName":"search_term_string"}}],"inLanguage":"fr-FR"},{"@type":"Person","@id":"https:\/\/www.africa-press.net\/mali\/#\/schema\/person\/2b1cf3cd81a31e3cd26889ca66d677f1","name":"cfeditorfr"}]}},"_links":{"self":[{"href":"https:\/\/www.africa-press.net\/mali\/wp-json\/wp\/v2\/posts\/31311","targetHints":{"allow":["GET"]}}],"collection":[{"href":"https:\/\/www.africa-press.net\/mali\/wp-json\/wp\/v2\/posts"}],"about":[{"href":"https:\/\/www.africa-press.net\/mali\/wp-json\/wp\/v2\/types\/post"}],"author":[{"embeddable":true,"href":"https:\/\/www.africa-press.net\/mali\/wp-json\/wp\/v2\/users\/82"}],"replies":[{"embeddable":true,"href":"https:\/\/www.africa-press.net\/mali\/wp-json\/wp\/v2\/comments?post=31311"}],"version-history":[{"count":0,"href":"https:\/\/www.africa-press.net\/mali\/wp-json\/wp\/v2\/posts\/31311\/revisions"}],"wp:featuredmedia":[{"embeddable":true,"href":"https:\/\/www.africa-press.net\/mali\/wp-json\/wp\/v2\/media\/31310"}],"wp:attachment":[{"href":"https:\/\/www.africa-press.net\/mali\/wp-json\/wp\/v2\/media?parent=31311"}],"wp:term":[{"taxonomy":"category","embeddable":true,"href":"https:\/\/www.africa-press.net\/mali\/wp-json\/wp\/v2\/categories?post=31311"},{"taxonomy":"post_tag","embeddable":true,"href":"https:\/\/www.africa-press.net\/mali\/wp-json\/wp\/v2\/tags?post=31311"}],"curies":[{"name":"wp","href":"https:\/\/api.w.org\/{rel}","templated":true}]}}