{"id":31316,"date":"2023-03-01T20:13:24","date_gmt":"2023-03-01T20:13:24","guid":{"rendered":"https:\/\/www.africa-press.net\/mali\/politique\/front-social-en-ebullition-aux-affaires-etrangeres-souverainete-retrouvee-et-diplomatie-malmenee"},"modified":"2023-03-01T21:01:51","modified_gmt":"2023-03-01T21:01:51","slug":"front-social-en-ebullition-aux-affaires-etrangeres-souverainete-retrouvee-et-diplomatie-malmenee","status":"publish","type":"post","link":"https:\/\/www.africa-press.net\/mali\/politique\/front-social-en-ebullition-aux-affaires-etrangeres-souverainete-retrouvee-et-diplomatie-malmenee","title":{"rendered":"Front social en \u00e9bullition aux Affaires \u00e9trang\u00e8res : \u00ab Souverainet\u00e9 retrouv\u00e9e \u00bb et diplomatie malmen\u00e9e ?"},"content":{"rendered":"<p><span style=\"color: #ff6600\"><strong>Africa-Press &#8211; Mali. <\/strong><\/span>Le syndicat des Travailleurs du ministe\u0300re des Affaires Etrange\u0300res et celui des Maliens e\u0301tablis a\u0300 l\u2019Exte\u0301rieur et de l\u2019Inte\u0301gration Africaine ont observe\u0301 un arre\u0302t de travail du 22 au 24 Fe\u0301vrier dernier, soit 72heures de gre\u0300ve. Ceci, apre\u0300s l\u2019e\u0301chec de la ne\u0301gociation avec le ministe\u0300re du Travail et de la Fonction Publique et du Dialogue Social, le 15 fe\u0301vrier 2023.<\/p>\n<p>Cette gre\u0300ve devrait en principe e\u0302tre reconduite, selon les syndicalistes, a\u0300 partir d\u2019hier mardi 28 Fe\u0301vrier au 3 mars 2023 ; et du lundi 6 au vendredi 10 mars 2023 en cas de non accord. Cette gre\u0300ve survient au moment ou\u0300 la diplomatie malienne est sur tous les fronts, en ve\u0301ritable ope\u0301ration pour convaincre les maliens et la communaute\u0301 internationale de la \u00ab souverainete\u0301 retrouve\u0301e \u00bb par le pays. Sauf que cette fronde sociale apparai\u0302t comme un caillou dans le pied des autorite\u0301s de cette Transition. Il urge de travailler a\u0300 y mettre fin le plus rapidement possible.<\/p>\n<p><strong>Pour plus d&rsquo;informations et d&rsquo;analyses sur la <a href=\"https:\/\/www.africa-press.net\/mali\">Mali<\/a>, suivez <a href=\"https:\/\/www.africa-press.net\/\">Africa-Press<\/a><\/strong><\/p>\n","protected":false},"excerpt":{"rendered":"<p>Africa-Press &#8211; Mali. Le syndicat des Travailleurs du ministe\u0300re des Affaires Etrange\u0300res et celui des Maliens e\u0301tablis a\u0300 l\u2019Exte\u0301rieur et de l\u2019Inte\u0301gration Africaine ont observe\u0301 un arre\u0302t de travail du 22 au 24 Fe\u0301vrier dernier, soit 72heures de gre\u0300ve. Ceci, apre\u0300s l\u2019e\u0301chec de la ne\u0301gociation avec le ministe\u0300re du Travail et de la Fonction Publique [&hellip;]<\/p>\n","protected":false},"author":82,"featured_media":31314,"comment_status":"open","ping_status":"closed","sticky":false,"template":"","format":"standard","meta":{"footnotes":""},"categories":[7,17],"tags":[76,86,19],"class_list":["post-31316","post","type-post","status-publish","format-standard","has-post-thumbnail","hentry","category-politique","category-toutes-les-actualites","tag-africa-press","tag-africa-press-mali","tag-mali"],"yoast_head":"<!-- This site is optimized with the Yoast SEO Premium plugin v26.1 (Yoast SEO v27.0) - https:\/\/yoast.com\/product\/yoast-seo-premium-wordpress\/ -->\n<title>Front social en \u00e9bullition aux Affaires \u00e9trang\u00e8res : \u00ab Souverainet\u00e9 retrouv\u00e9e \u00bb et diplomatie malmen\u00e9e ? - Mali<\/title>\n<meta name=\"description\" content=\"Le syndicat des Travailleurs du ministe\u0300re des Affaires Etrange\u0300res et celui des Maliens e\u0301tablis a\u0300 l\u2019Exte\u0301rieur et de ...\" \/>\n<meta name=\"robots\" content=\"index, follow, max-snippet:-1, max-image-preview:large, max-video-preview:-1\" \/>\n<link rel=\"canonical\" href=\"https:\/\/www.africa-press.net\/mali\/politique\/front-social-en-ebullition-aux-affaires-etrangeres-souverainete-retrouvee-et-diplomatie-malmenee\" \/>\n<meta property=\"og:locale\" content=\"fr_FR\" \/>\n<meta property=\"og:type\" content=\"article\" \/>\n<meta property=\"og:title\" content=\"Front social en \u00e9bullition aux Affaires \u00e9trang\u00e8res : \u00ab Souverainet\u00e9 retrouv\u00e9e \u00bb et diplomatie malmen\u00e9e ?\" \/>\n<meta property=\"og:description\" content=\"Le syndicat des Travailleurs du ministe\u0300re des Affaires Etrange\u0300res et celui des Maliens e\u0301tablis a\u0300 l\u2019Exte\u0301rieur et de ...\" \/>\n<meta property=\"og:url\" content=\"https:\/\/www.africa-press.net\/mali\/politique\/front-social-en-ebullition-aux-affaires-etrangeres-souverainete-retrouvee-et-diplomatie-malmenee\" \/>\n<meta property=\"og:site_name\" content=\"Mali\" \/>\n<meta property=\"article:publisher\" content=\"https:\/\/www.facebook.com\/AfricaPressTunisiaa\" \/>\n<meta property=\"article:published_time\" content=\"2023-03-01T20:13:24+00:00\" \/>\n<meta property=\"article:modified_time\" content=\"2023-03-01T21:01:51+00:00\" \/>\n<meta property=\"og:image\" content=\"https:\/\/static.africa-press.net\/mali\/sites\/21\/2023\/03\/postQueueImg_1677689018.10.jpg\" \/>\n\t<meta property=\"og:image:width\" content=\"720\" \/>\n\t<meta property=\"og:image:height\" content=\"540\" \/>\n\t<meta property=\"og:image:type\" content=\"image\/jpeg\" \/>\n<meta name=\"author\" content=\"cfeditorfr\" \/>\n<meta name=\"twitter:card\" content=\"summary_large_image\" \/>\n<meta name=\"twitter:label1\" content=\"\u00c9crit par\" \/>\n\t<meta name=\"twitter:data1\" content=\"cfeditorfr\" \/>\n\t<meta name=\"twitter:label2\" content=\"Dur\u00e9e de lecture estim\u00e9e\" \/>\n\t<meta name=\"twitter:data2\" content=\"1 minute\" \/>\n<script type=\"application\/ld+json\" class=\"yoast-schema-graph\">{\"@context\":\"https:\/\/schema.org\",\"@graph\":[{\"@type\":\"Article\",\"@id\":\"https:\/\/www.africa-press.net\/mali\/politique\/front-social-en-ebullition-aux-affaires-etrangeres-souverainete-retrouvee-et-diplomatie-malmenee#article\",\"isPartOf\":{\"@id\":\"https:\/\/www.africa-press.net\/mali\/politique\/front-social-en-ebullition-aux-affaires-etrangeres-souverainete-retrouvee-et-diplomatie-malmenee\"},\"author\":{\"name\":\"cfeditorfr\",\"@id\":\"https:\/\/www.africa-press.net\/mali\/#\/schema\/person\/2b1cf3cd81a31e3cd26889ca66d677f1\"},\"headline\":\"Front social en \u00e9bullition aux Affaires \u00e9trang\u00e8res : \u00ab Souverainet\u00e9 retrouv\u00e9e \u00bb et diplomatie malmen\u00e9e ?\",\"datePublished\":\"2023-03-01T20:13:24+00:00\",\"dateModified\":\"2023-03-01T21:01:51+00:00\",\"mainEntityOfPage\":{\"@id\":\"https:\/\/www.africa-press.net\/mali\/politique\/front-social-en-ebullition-aux-affaires-etrangeres-souverainete-retrouvee-et-diplomatie-malmenee\"},\"wordCount\":201,\"commentCount\":0,\"image\":{\"@id\":\"https:\/\/www.africa-press.net\/mali\/politique\/front-social-en-ebullition-aux-affaires-etrangeres-souverainete-retrouvee-et-diplomatie-malmenee#primaryimage\"},\"thumbnailUrl\":\"https:\/\/static.africa-press.net\/mali\/sites\/21\/2023\/03\/postQueueImg_1677689018.10.jpg\",\"keywords\":[\"Africa Press\",\"Africa Press-Mali\",\"mali\"],\"articleSection\":[\"Politique\",\"Toutes les actualit\u00e9s\"],\"inLanguage\":\"fr-FR\",\"potentialAction\":[{\"@type\":\"CommentAction\",\"name\":\"Comment\",\"target\":[\"https:\/\/www.africa-press.net\/mali\/politique\/front-social-en-ebullition-aux-affaires-etrangeres-souverainete-retrouvee-et-diplomatie-malmenee#respond\"]}]},{\"@type\":\"WebPage\",\"@id\":\"https:\/\/www.africa-press.net\/mali\/politique\/front-social-en-ebullition-aux-affaires-etrangeres-souverainete-retrouvee-et-diplomatie-malmenee\",\"url\":\"https:\/\/www.africa-press.net\/mali\/politique\/front-social-en-ebullition-aux-affaires-etrangeres-souverainete-retrouvee-et-diplomatie-malmenee\",\"name\":\"Front social en \u00e9bullition aux Affaires \u00e9trang\u00e8res : \u00ab Souverainet\u00e9 retrouv\u00e9e \u00bb et diplomatie malmen\u00e9e ? - Mali\",\"isPartOf\":{\"@id\":\"https:\/\/www.africa-press.net\/mali\/#website\"},\"primaryImageOfPage\":{\"@id\":\"https:\/\/www.africa-press.net\/mali\/politique\/front-social-en-ebullition-aux-affaires-etrangeres-souverainete-retrouvee-et-diplomatie-malmenee#primaryimage\"},\"image\":{\"@id\":\"https:\/\/www.africa-press.net\/mali\/politique\/front-social-en-ebullition-aux-affaires-etrangeres-souverainete-retrouvee-et-diplomatie-malmenee#primaryimage\"},\"thumbnailUrl\":\"https:\/\/static.africa-press.net\/mali\/sites\/21\/2023\/03\/postQueueImg_1677689018.10.jpg\",\"datePublished\":\"2023-03-01T20:13:24+00:00\",\"dateModified\":\"2023-03-01T21:01:51+00:00\",\"author\":{\"@id\":\"https:\/\/www.africa-press.net\/mali\/#\/schema\/person\/2b1cf3cd81a31e3cd26889ca66d677f1\"},\"description\":\"Le syndicat des Travailleurs du ministe\u0300re des Affaires Etrange\u0300res et celui des Maliens e\u0301tablis a\u0300 l\u2019Exte\u0301rieur et de ...\",\"breadcrumb\":{\"@id\":\"https:\/\/www.africa-press.net\/mali\/politique\/front-social-en-ebullition-aux-affaires-etrangeres-souverainete-retrouvee-et-diplomatie-malmenee#breadcrumb\"},\"inLanguage\":\"fr-FR\",\"potentialAction\":[{\"@type\":\"ReadAction\",\"target\":[\"https:\/\/www.africa-press.net\/mali\/politique\/front-social-en-ebullition-aux-affaires-etrangeres-souverainete-retrouvee-et-diplomatie-malmenee\"]}]},{\"@type\":\"ImageObject\",\"inLanguage\":\"fr-FR\",\"@id\":\"https:\/\/www.africa-press.net\/mali\/politique\/front-social-en-ebullition-aux-affaires-etrangeres-souverainete-retrouvee-et-diplomatie-malmenee#primaryimage\",\"url\":\"https:\/\/static.africa-press.net\/mali\/sites\/21\/2023\/03\/postQueueImg_1677689018.10.jpg\",\"contentUrl\":\"https:\/\/static.africa-press.net\/mali\/sites\/21\/2023\/03\/postQueueImg_1677689018.10.jpg\",\"width\":720,\"height\":540,\"caption\":\"Front social en \u00e9bullition aux Affaires \u00e9trang\u00e8res : \u00ab Souverainet\u00e9 retrouv\u00e9e \u00bb et diplomatie malmen\u00e9e ?\"},{\"@type\":\"BreadcrumbList\",\"@id\":\"https:\/\/www.africa-press.net\/mali\/politique\/front-social-en-ebullition-aux-affaires-etrangeres-souverainete-retrouvee-et-diplomatie-malmenee#breadcrumb\",\"itemListElement\":[{\"@type\":\"ListItem\",\"position\":1,\"name\":\"Home\",\"item\":\"https:\/\/www.africa-press.net\/mali\/\"},{\"@type\":\"ListItem\",\"position\":2,\"name\":\"Front social en \u00e9bullition aux Affaires \u00e9trang\u00e8res : \u00ab Souverainet\u00e9 retrouv\u00e9e \u00bb et diplomatie malmen\u00e9e ?\"}]},{\"@type\":\"WebSite\",\"@id\":\"https:\/\/www.africa-press.net\/mali\/#website\",\"url\":\"https:\/\/www.africa-press.net\/mali\/\",\"name\":\"Mali\",\"description\":\"Just another Africa News Agency Sites site\",\"potentialAction\":[{\"@type\":\"SearchAction\",\"target\":{\"@type\":\"EntryPoint\",\"urlTemplate\":\"https:\/\/www.africa-press.net\/mali\/?s={search_term_string}\"},\"query-input\":{\"@type\":\"PropertyValueSpecification\",\"valueRequired\":true,\"valueName\":\"search_term_string\"}}],\"inLanguage\":\"fr-FR\"},{\"@type\":\"Person\",\"@id\":\"https:\/\/www.africa-press.net\/mali\/#\/schema\/person\/2b1cf3cd81a31e3cd26889ca66d677f1\",\"name\":\"cfeditorfr\"}]}<\/script>\n<!-- \/ Yoast SEO Premium plugin. -->","yoast_head_json":{"title":"Front social en \u00e9bullition aux Affaires \u00e9trang\u00e8res : \u00ab Souverainet\u00e9 retrouv\u00e9e \u00bb et diplomatie malmen\u00e9e ? - Mali","description":"Le syndicat des Travailleurs du ministe\u0300re des Affaires Etrange\u0300res et celui des Maliens e\u0301tablis a\u0300 l\u2019Exte\u0301rieur et de ...","robots":{"index":"index","follow":"follow","max-snippet":"max-snippet:-1","max-image-preview":"max-image-preview:large","max-video-preview":"max-video-preview:-1"},"canonical":"https:\/\/www.africa-press.net\/mali\/politique\/front-social-en-ebullition-aux-affaires-etrangeres-souverainete-retrouvee-et-diplomatie-malmenee","og_locale":"fr_FR","og_type":"article","og_title":"Front social en \u00e9bullition aux Affaires \u00e9trang\u00e8res : \u00ab Souverainet\u00e9 retrouv\u00e9e \u00bb et diplomatie malmen\u00e9e ?","og_description":"Le syndicat des Travailleurs du ministe\u0300re des Affaires Etrange\u0300res et celui des Maliens e\u0301tablis a\u0300 l\u2019Exte\u0301rieur et de ...","og_url":"https:\/\/www.africa-press.net\/mali\/politique\/front-social-en-ebullition-aux-affaires-etrangeres-souverainete-retrouvee-et-diplomatie-malmenee","og_site_name":"Mali","article_publisher":"https:\/\/www.facebook.com\/AfricaPressTunisiaa","article_published_time":"2023-03-01T20:13:24+00:00","article_modified_time":"2023-03-01T21:01:51+00:00","og_image":[{"width":720,"height":540,"url":"https:\/\/static.africa-press.net\/mali\/sites\/21\/2023\/03\/postQueueImg_1677689018.10.jpg","type":"image\/jpeg"}],"author":"cfeditorfr","twitter_card":"summary_large_image","twitter_misc":{"\u00c9crit par":"cfeditorfr","Dur\u00e9e de lecture estim\u00e9e":"1 minute"},"schema":{"@context":"https:\/\/schema.org","@graph":[{"@type":"Article","@id":"https:\/\/www.africa-press.net\/mali\/politique\/front-social-en-ebullition-aux-affaires-etrangeres-souverainete-retrouvee-et-diplomatie-malmenee#article","isPartOf":{"@id":"https:\/\/www.africa-press.net\/mali\/politique\/front-social-en-ebullition-aux-affaires-etrangeres-souverainete-retrouvee-et-diplomatie-malmenee"},"author":{"name":"cfeditorfr","@id":"https:\/\/www.africa-press.net\/mali\/#\/schema\/person\/2b1cf3cd81a31e3cd26889ca66d677f1"},"headline":"Front social en \u00e9bullition aux Affaires \u00e9trang\u00e8res : \u00ab Souverainet\u00e9 retrouv\u00e9e \u00bb et diplomatie malmen\u00e9e ?","datePublished":"2023-03-01T20:13:24+00:00","dateModified":"2023-03-01T21:01:51+00:00","mainEntityOfPage":{"@id":"https:\/\/www.africa-press.net\/mali\/politique\/front-social-en-ebullition-aux-affaires-etrangeres-souverainete-retrouvee-et-diplomatie-malmenee"},"wordCount":201,"commentCount":0,"image":{"@id":"https:\/\/www.africa-press.net\/mali\/politique\/front-social-en-ebullition-aux-affaires-etrangeres-souverainete-retrouvee-et-diplomatie-malmenee#primaryimage"},"thumbnailUrl":"https:\/\/static.africa-press.net\/mali\/sites\/21\/2023\/03\/postQueueImg_1677689018.10.jpg","keywords":["Africa Press","Africa Press-Mali","mali"],"articleSection":["Politique","Toutes les actualit\u00e9s"],"inLanguage":"fr-FR","potentialAction":[{"@type":"CommentAction","name":"Comment","target":["https:\/\/www.africa-press.net\/mali\/politique\/front-social-en-ebullition-aux-affaires-etrangeres-souverainete-retrouvee-et-diplomatie-malmenee#respond"]}]},{"@type":"WebPage","@id":"https:\/\/www.africa-press.net\/mali\/politique\/front-social-en-ebullition-aux-affaires-etrangeres-souverainete-retrouvee-et-diplomatie-malmenee","url":"https:\/\/www.africa-press.net\/mali\/politique\/front-social-en-ebullition-aux-affaires-etrangeres-souverainete-retrouvee-et-diplomatie-malmenee","name":"Front social en \u00e9bullition aux Affaires \u00e9trang\u00e8res : \u00ab Souverainet\u00e9 retrouv\u00e9e \u00bb et diplomatie malmen\u00e9e ? - Mali","isPartOf":{"@id":"https:\/\/www.africa-press.net\/mali\/#website"},"primaryImageOfPage":{"@id":"https:\/\/www.africa-press.net\/mali\/politique\/front-social-en-ebullition-aux-affaires-etrangeres-souverainete-retrouvee-et-diplomatie-malmenee#primaryimage"},"image":{"@id":"https:\/\/www.africa-press.net\/mali\/politique\/front-social-en-ebullition-aux-affaires-etrangeres-souverainete-retrouvee-et-diplomatie-malmenee#primaryimage"},"thumbnailUrl":"https:\/\/static.africa-press.net\/mali\/sites\/21\/2023\/03\/postQueueImg_1677689018.10.jpg","datePublished":"2023-03-01T20:13:24+00:00","dateModified":"2023-03-01T21:01:51+00:00","author":{"@id":"https:\/\/www.africa-press.net\/mali\/#\/schema\/person\/2b1cf3cd81a31e3cd26889ca66d677f1"},"description":"Le syndicat des Travailleurs du ministe\u0300re des Affaires Etrange\u0300res et celui des Maliens e\u0301tablis a\u0300 l\u2019Exte\u0301rieur et de ...","breadcrumb":{"@id":"https:\/\/www.africa-press.net\/mali\/politique\/front-social-en-ebullition-aux-affaires-etrangeres-souverainete-retrouvee-et-diplomatie-malmenee#breadcrumb"},"inLanguage":"fr-FR","potentialAction":[{"@type":"ReadAction","target":["https:\/\/www.africa-press.net\/mali\/politique\/front-social-en-ebullition-aux-affaires-etrangeres-souverainete-retrouvee-et-diplomatie-malmenee"]}]},{"@type":"ImageObject","inLanguage":"fr-FR","@id":"https:\/\/www.africa-press.net\/mali\/politique\/front-social-en-ebullition-aux-affaires-etrangeres-souverainete-retrouvee-et-diplomatie-malmenee#primaryimage","url":"https:\/\/static.africa-press.net\/mali\/sites\/21\/2023\/03\/postQueueImg_1677689018.10.jpg","contentUrl":"https:\/\/static.africa-press.net\/mali\/sites\/21\/2023\/03\/postQueueImg_1677689018.10.jpg","width":720,"height":540,"caption":"Front social en \u00e9bullition aux Affaires \u00e9trang\u00e8res : \u00ab Souverainet\u00e9 retrouv\u00e9e \u00bb et diplomatie malmen\u00e9e ?"},{"@type":"BreadcrumbList","@id":"https:\/\/www.africa-press.net\/mali\/politique\/front-social-en-ebullition-aux-affaires-etrangeres-souverainete-retrouvee-et-diplomatie-malmenee#breadcrumb","itemListElement":[{"@type":"ListItem","position":1,"name":"Home","item":"https:\/\/www.africa-press.net\/mali\/"},{"@type":"ListItem","position":2,"name":"Front social en \u00e9bullition aux Affaires \u00e9trang\u00e8res : \u00ab Souverainet\u00e9 retrouv\u00e9e \u00bb et diplomatie malmen\u00e9e ?"}]},{"@type":"WebSite","@id":"https:\/\/www.africa-press.net\/mali\/#website","url":"https:\/\/www.africa-press.net\/mali\/","name":"Mali","description":"Just another Africa News Agency Sites site","potentialAction":[{"@type":"SearchAction","target":{"@type":"EntryPoint","urlTemplate":"https:\/\/www.africa-press.net\/mali\/?s={search_term_string}"},"query-input":{"@type":"PropertyValueSpecification","valueRequired":true,"valueName":"search_term_string"}}],"inLanguage":"fr-FR"},{"@type":"Person","@id":"https:\/\/www.africa-press.net\/mali\/#\/schema\/person\/2b1cf3cd81a31e3cd26889ca66d677f1","name":"cfeditorfr"}]}},"_links":{"self":[{"href":"https:\/\/www.africa-press.net\/mali\/wp-json\/wp\/v2\/posts\/31316","targetHints":{"allow":["GET"]}}],"collection":[{"href":"https:\/\/www.africa-press.net\/mali\/wp-json\/wp\/v2\/posts"}],"about":[{"href":"https:\/\/www.africa-press.net\/mali\/wp-json\/wp\/v2\/types\/post"}],"author":[{"embeddable":true,"href":"https:\/\/www.africa-press.net\/mali\/wp-json\/wp\/v2\/users\/82"}],"replies":[{"embeddable":true,"href":"https:\/\/www.africa-press.net\/mali\/wp-json\/wp\/v2\/comments?post=31316"}],"version-history":[{"count":0,"href":"https:\/\/www.africa-press.net\/mali\/wp-json\/wp\/v2\/posts\/31316\/revisions"}],"wp:featuredmedia":[{"embeddable":true,"href":"https:\/\/www.africa-press.net\/mali\/wp-json\/wp\/v2\/media\/31314"}],"wp:attachment":[{"href":"https:\/\/www.africa-press.net\/mali\/wp-json\/wp\/v2\/media?parent=31316"}],"wp:term":[{"taxonomy":"category","embeddable":true,"href":"https:\/\/www.africa-press.net\/mali\/wp-json\/wp\/v2\/categories?post=31316"},{"taxonomy":"post_tag","embeddable":true,"href":"https:\/\/www.africa-press.net\/mali\/wp-json\/wp\/v2\/tags?post=31316"}],"curies":[{"name":"wp","href":"https:\/\/api.w.org\/{rel}","templated":true}]}}