{"id":31318,"date":"2023-03-01T20:14:07","date_gmt":"2023-03-01T20:14:07","guid":{"rendered":"https:\/\/www.africa-press.net\/mali\/politique\/defi-securitaire-prochaines-elections-visite-du-pm-a-gao-les-4-verites-de-me-baber-gano"},"modified":"2023-03-01T21:02:28","modified_gmt":"2023-03-01T21:02:28","slug":"defi-securitaire-prochaines-elections-visite-du-pm-a-gao-les-4-verites-de-me-baber-gano","status":"publish","type":"post","link":"https:\/\/www.africa-press.net\/mali\/dossiers\/defi-securitaire-prochaines-elections-visite-du-pm-a-gao-les-4-verites-de-me-baber-gano","title":{"rendered":"D\u00e9fi s\u00e9curitaire, prochaines \u00e9lections, visite du PM \u00e0 Gao\u2026 Les 4 v\u00e9rit\u00e9s de Me Baber Gano"},"content":{"rendered":"<p><b>Bruno D SEGBEDJI<\/b><\/p>\n<p><span style=\"color: #ff6600\"><strong>Africa-Press &#8211; Mali. <\/strong><\/span>Brillant haut cadre du Rassemblement Pour le Mali (RPM) de feu Ibrahim Boubacar Ke\u0301ita alias IBK, Me Baber Gano, non moins plusieurs fois ministre d\u2019IBK, et ex-de\u0301pute\u0301 de Djenne\u0301, estime, dans une re\u0301cente interview accorde\u0301e a\u0300 notre confre\u0300re L\u2019Inde\u0301pendant, que le pre\u0301sident de la Transition doit rechercher un consensus politique pour aller aux e\u0301lections les plus importantes: un re\u0301fe\u0301rendum sur une re\u0301vision constitutionnelle a minima, la pre\u0301sidentielle et les le\u0301gislatives. Et d\u2019ajouter que \u00ab le PM a toujours renie\u0301 et de\u0301nie\u0301 l\u2019Accord pour la paix et la re\u0301conciliation issu du processus d\u2019Alger (APR), il n\u2019est donc pas e\u0301tonnant qu\u2019il soit juge\u0301 inde\u0301sirable a\u0300 Ansongo et Bourem &#8230;\u00bb.<\/p>\n<p>\u201cAu point de vue personnel, je n\u2019ai pas de reproche ou de grief a\u0300 porter a\u0300 la Transition, parce que, jusqu\u2019a\u0300 pre\u0301sent, les programmes de\u0301cline\u0301s au de\u0301but, en ce qui concerne les re\u0301formes majeures, sont engage\u0301s et en cours. Sur le plan de la se\u0301curite\u0301, je pense que la Transition re\u0301alise des progre\u0300s e\u0301normes. Ce n\u2019est pas contestable\u201d, a-t-il analyse\u0301, d\u2019entre\u0301e. Avant de se fe\u0301liciter de l\u2019option diplomatique concernant la souverainete\u0301 du pays. \u201cOn respecte de\u0301sormais le Malien. La Transition a re\u0301ussi a\u0300 hisser le Mali a\u0300 un certain niveau de respectabilite\u0301, que nous attendions d\u2019un Etat\u201d, a-t-il indique\u0301. Progre\u0300s inde\u0301niable au plan se\u0301curitaire<\/p>\n<p>Par rapport a\u0300 la situation se\u0301curitaire du pays, Me Baber Gano souligne qu\u2019elle n\u2019est pas parfaite, mais enregistre beaucoup de progre\u0300s. \u201cIl faut reconnaitre que la monte\u0301e en puissance de l\u2019Arme\u0301e est une re\u0301alite\u0301 et que, dans la mission de se\u0301curisation des populations et des biens, l\u2019Arme\u0301e est en train de gagner du terrain et gagner beaucoup sur les jihadistes et terroristes. Beaucoup de camps et foyers ont e\u0301te\u0301 de\u0301mantele\u0301s et beaucoup de chefs jihadistes et terroristes ont e\u0301te\u0301 mis en de\u0301route et neutralise\u0301s\u201d. Et d\u2019ajouter que les populations, qui avaient e\u0301te\u0301 chasse\u0301es de leurs localite\u0301s, ont regagne\u0301 leurs villages ou villes, et que les gens sont libres de leur mouvement&#8230;<\/p>\n<p>\u201cJe salue l\u2019acquisition des mate\u0301riels et des e\u0301quipements militaires, qui ont fait monter l\u2019Arme\u0301e en puissance et l\u2019ont rendue plus professionnelle. Ce qui se traduit aujourd\u2019hui par le constat que l\u2019Arme\u0301e est plus proche de la population et veille a\u0300 leur se\u0301curite\u0301. Cela est inde\u0301niable. J\u2019exhorte la Transition a\u0300 continuer dans ce sens, pour que nous puissions recouvrer totalement tous les territoires tombe\u0301s dans les mains des terroristes et jihadistes\u201d, a-t-il plaide\u0301.<\/p>\n<p>Concernant la re\u0301cente visite du Premier ministre a\u0300 Gao, sans pouvoir se rendre a\u0300 Ansongo et a\u0300 Bourem, l\u2019ancien ministre explique avoir e\u0301coute\u0301 le Chef du Gouvernement, qui a explique\u0301 cette fausse note par les conseils dissuasifs du Gouverneur de Gao. Mais il rele\u0300ve ne pas e\u0302tre convaincu par cet argument. \u201cMoi, je ne crois pas en sa version&#8230;.Je suis persuade\u0301 que le fait de n\u2019avoir pas pu atteindre Ansongo et Bourem, c\u2019est pour des raisons personnelles. Ce n\u2019est pas lie\u0301 a\u0300 la version officielle, parce que je connais un peu la zone.<\/p>\n<p>Je me suis convaincu davantage que cette version n\u2019est certainement pas celle qu\u2019il faut prendre en compte, parce que, dans sa de\u0301le\u0301gation, le ministre de la Re\u0301conciliation nationale, le Colonel-Major Ismae\u0308l Wague\u0301 a pu tenir une re\u0301union avec les mouvements arme\u0301s, dans le cadre du dialogue en cours pour la reprise des sessions du Comite\u0301 de suivi de l\u2019Accord (CSA, NDLR). Laquelle re\u0301union devait e\u0302tre pre\u0301side\u0301e par le Premier ministre. Je connais aussi les cautions religieuses, coutumie\u0300res et traditionnelles, qui garantissent la stabilite\u0301 dans ces localite\u0301s et qui sont ge\u0301ne\u0301ralement les facteurs d\u2019e\u0301quilibre accompagnant l\u2019Etat.<\/p>\n<p>Si la visite du Premier ministre n\u2019a pas pu s\u2019e\u0301tendre a\u0300 Ansongo et Bourem, je suis su\u0302r et certain que c\u2019est contre sa personne elle-me\u0302me, parce qu\u2019il n\u2019a certainement pas rec\u0327u le soutien de ces cautions (autorite\u0301s morales et religieuses). Deuxie\u0300mement, il a toujours e\u0301te\u0301 quelqu\u2019un qui porte des discours tre\u0300s critiques, parce qu\u2019il est l\u2019un des rares leaders politiques a\u0300 renier l\u2019Accord d\u2019Alger, un instrument juridique qui permet a\u0300 ces zones d\u2019amorcer le dialogue avec l\u2019Etat et de garantir entre l\u2019Etat et les mouvements signataires stabilite\u0301 et interaction (&#8230;). Ces choses ne peuvent pas rester sans e\u0302tre punies.<\/p>\n<p>Je suis su\u0302r et certain que c\u2019est le rejet de sa personne, qui est a\u0300 la base de cette annulation et non des raisons se\u0301curitaires. Ceci m\u2019ame\u0300ne a\u0300 revoir la le\u0301gitimite\u0301 d\u2019un tel Premier ministre, parce qu\u2019il est dans le souci de toute gouvernance de rendre l\u2019Etat plus proche de sa population. Comment les populations peuvent ne pas accepter d\u2019accueillir un Premier responsable de l\u2019Administration, surtout qu\u2019elles s\u2019attendent a\u0300 ce que ce haut responsable vienne prendre en charge leurs soucis de de\u0301veloppement et de services sociaux de base ? Tapis rouge et tous les honneurs a\u0300 Assimi Goi\u0308ta ou Malick Diaw<\/p>\n<p>Si nous devons nous en tenir a\u0300 sa the\u0300se, ce n\u2019est pas bon, parce que cela de\u0301moralise tous les Maliens. Elle peut saper un peu le moral de la population, qui va douter de la monte\u0301e en puissance de l\u2019Arme\u0301e, alors qu\u2019elle est re\u0301elle. Gao-Ansongo, c\u2019est 100 km. Gao-Bourem, c\u2019est 90 km. Il n\u2019a pas seulement a\u0300 prendre un he\u0301licopte\u0300re, il peut me\u0302me aller par la voie routie\u0300re et la forte pre\u0301sence de l\u2019Arme\u0301e dans cette re\u0301gion peut lui assurer pleinement la se\u0301curite\u0301. Ce serait quand me\u0302me e\u0301tonnant que lui, ressortissant de Gao, ne puisse pas e\u0302tre accueilli comme le digne fils, de retour dans sa ville natale, a\u0300 moins qu\u2019il y ait des litiges ou incidents non encore solde\u0301s entre lui et la population.<\/p>\n<p>Si, aujourd\u2019hui, Assimi Goi\u0308ta de\u0301cidait de se rendre a\u0300 Gao ou Ansongo ou bien Malick Diaw, vous allez voir, ils vont leur de\u0301rouler le tapis rouge. Ils vont l\u2019accueillir a\u0300 bras ouverts et le conduire avec tous les honneurs dans toutes les zones\u201d, a-t-il analyse\u0301.<\/p>\n<p>Pour Me Baber Gano, de la nomination du Premier ministre a\u0300 aujourd\u2019hui, beaucoup d\u2019eau a coule\u0301 sous le pont. \u201cLe M5-RFP s\u2019est de\u0301sinte\u0301gre\u0301. Le Comite\u0301 strate\u0301gique n\u2019est plus qu\u2019une coquille vide et Choguel K. Mai\u0308ga n\u2019est pas le\u0301gitime\u201d. Et de conseiller au pre\u0301sident de la Transition de \u201cconvoquer les forces vives de la Nation pour rendre la Transition plus inclusive, en re\u0301orientant le programme de la Transition avec un Gouvernement beaucoup plus inclusif et e\u0301toffe\u0301. Sinon, ce que je vois, le Premier ministre, avec les propos qui se tiennent, la Transition prendra beaucoup de coups, pas parce que le pre\u0301sident de la Transition n\u2019est pas le\u0301gitime, mais parce que le Premier ministre n\u2019a pas, aujourd\u2019hui, la le\u0301gitimite\u0301 de re\u0301aliser le programme de la Transition\u201d.<\/p>\n<p>Au plan diplomatique et par rapport aux partenariats du Mali, l\u2019orateur estime que l\u2019on ne peut pas imposer a\u0300 un pays souverain son partenariat. \u201cIl est libre de nouer ses partenariats. A un certain moment donne\u0301, compte tenu de l\u2019expression des besoins et de l\u2019orientation diplomatique. Celle-ci doit e\u0302tre adapte\u0301e avec le choix des partenaires. Notre souverainete\u0301 nous donne cette liberte\u0301 de choisir nos partenaires\u201d, a-t-il releve\u0301.<\/p>\n<p>Abordant la question de l\u2019agenda e\u0301lectoral pluto\u0302t engorge\u0301, Me Baber Gano se veut re\u0301aliste, en tablant sur un re\u0301ame\u0301nagement du chronogramme. \u201cSi le chronogramme re\u0301ame\u0301nage\u0301 peut se limiter seulement a\u0300 organiser des e\u0301lections cre\u0301dibles pour faire e\u0301lire un pre\u0301sident, dont le choix ne fera l\u2019objet d\u2019aucune contestation, ce sera de\u0301ja\u0300 un premier point de re\u0301ussite. Deuxie\u0300mement, mettre en place une Assemble\u0301e nationale propre et le\u0301gitime\u201d, a-t-il souligne\u0301. Avant de poursuivre: \u201cL\u2019ordre constitutionnel ne peut pas e\u0302tre re\u0301alise\u0301 qu\u2019avec l\u2019ensemble des institutions, qui doivent aujourd\u2019hui e\u0302tre renouvele\u0301es&#8230;.A mon avis, il faut re\u0301ame\u0301nager le chronogramme et l\u2019alle\u0301ger en se contentant de la re\u0301vision constitutionnelle. La Commission de finalisation du projet de Constitution peut proposer deux scenarios : une nouvelle Constitution et une Constitution re\u0301vise\u0301e. Si nous faisons une re\u0301vision a minima, qui permet d\u2019arriver aux e\u0301lections, le mode d\u2019e\u0301lection n\u2019est pas contestable. Si nous pouvons re\u0301ame\u0301nager le chronogramme des re\u0301formes et des e\u0301lections en optant pour une re\u0301vision constitutionnelle, je pense que ce sche\u0301ma peut e\u0302tre beaucoup plus apaisant\u201d.<\/p>\n<p>Il faut laisser les e\u0301lections locales, communales et re\u0301gionales au prochain pouvoir Pour l\u2019ancien ministre et Secre\u0301taire ge\u0301ne\u0301ral du RPM, il faut laisser les e\u0301lections locales, communales et re\u0301gionales au futur pouvoir de\u0301mocratiquement e\u0301lu. \u201cMais le re\u0301fe\u0301rendum, on peut le tenir avec une re\u0301vision constitutionnelle. De\u0300s qu\u2019on sort de la re\u0301vision constitutionnelle, on s\u2019attaque directement a\u0300 la pre\u0301sidentielle et aux le\u0301gislatives. On peut gagner ces trois e\u0301tapes dans la dure\u0301e actuelle de la Transition\u201d, a-t-il indique\u0301.<\/p>\n<p>A en croire Me Baber Gano, il urge que les plus hautes autorite\u0301s parviennent a\u0300 trouver un consensus politique avec l\u2019ensemble des forces vives du pays. Cela permettra de re\u0301viser la Constitution de 1992, dont nul n\u2019ignore les insuffisances. Et d\u2019ajouter qu\u2019il faudra ame\u0301liorer le cadre de gouvernance des institutions. \u201cOn a tous besoin d\u2019institutions fortes, parce que, si la pre\u0301sidence de la Re\u0301publique, le Parlement, le Gouvernent ne sont pas forts, on ne peut pas garantir la stabilite\u0301 politique\u201d, a-t-il souligne\u0301.<\/p>\n<p>Abordant la crise au sein du parti RPM, Baber Gano dira qu\u2019il n\u2019y a pas lieu de faire la fine bouche. \u201cLe parti a subi des e\u0301preuves tre\u0300s tre\u0300s dures, lie\u0301es au coup d\u2019Etat, qui a dissout notre re\u0301gime. Cela n\u2019a pas e\u0301te\u0301 sans conse\u0301quences sur la structuration du parti, qui traverse une pe\u0301riode difficile. Nous sommes entre nous dans des conflits. Il y a des crises de confiance, de leadership et de toutes sortes. Nous sommes en train de nous concerter et de voir dans quelle mesure nous allons sortir de toutes ces crises et essayer de re\u0301pondre a\u0300 notre mission de conque\u0302te du pouvoir. Il faut rassembler tous les militants, parce qu\u2019on ne peut pas e\u0302tre des responsables, si nous ne pensons qu\u2019a\u0300 nous-me\u0302mes&#8230;Nous sommes un grand parti. Nous devons nous ressaisir. Nous allons e\u0302tre oblige\u0301s de faire abstraction de nos ambitions et questions personnelles, pour faire face aux v\u0153ux de l\u2019ensemble de nos militants.<\/p>\n<p>Pour conclure, il dira que les autorite\u0301s doivent se battre pour la reconstruction de l\u2019unite\u0301 nationale du pays. Celle-ci re\u0301side, a-t-il explique\u0301, dans les pactes existants entre les ethnies, les religions et les races. \u00ab Que ces pactes puissent e\u0302tre consolide\u0301s sur la base de la devise du Mali, a\u0300 savoir \u00ab Un peuple Un but, une foi \u00bb,, qui est le meilleur exemple de l\u2019unite\u0301 nationale.<\/p>\n<p><b>Source: L\u2019Inde\u0301pendant<\/b><\/p>\n<p><strong>Pour plus d&rsquo;informations et d&rsquo;analyses sur la <a href=\"https:\/\/www.africa-press.net\/mali\">Mali<\/a>, suivez <a href=\"https:\/\/www.africa-press.net\/\">Africa-Press<\/a><\/strong><\/p>\n","protected":false},"excerpt":{"rendered":"<p>Bruno D SEGBEDJI Africa-Press &#8211; Mali. Brillant haut cadre du Rassemblement Pour le Mali (RPM) de feu Ibrahim Boubacar Ke\u0301ita alias IBK, Me Baber Gano, non moins plusieurs fois ministre d\u2019IBK, et ex-de\u0301pute\u0301 de Djenne\u0301, estime, dans une re\u0301cente interview accorde\u0301e a\u0300 notre confre\u0300re L\u2019Inde\u0301pendant, que le pre\u0301sident de la Transition doit rechercher un consensus [&hellip;]<\/p>\n","protected":false},"author":82,"featured_media":31317,"comment_status":"open","ping_status":"closed","sticky":false,"template":"","format":"standard","meta":{"footnotes":""},"categories":[13,17],"tags":[76,86,19],"class_list":["post-31318","post","type-post","status-publish","format-standard","has-post-thumbnail","hentry","category-dossiers","category-toutes-les-actualites","tag-africa-press","tag-africa-press-mali","tag-mali"],"yoast_head":"<!-- This site is optimized with the Yoast SEO Premium plugin v26.1 (Yoast SEO v27.0) - https:\/\/yoast.com\/product\/yoast-seo-premium-wordpress\/ -->\n<title>D\u00e9fi s\u00e9curitaire, prochaines \u00e9lections, visite du PM \u00e0 Gao\u2026 Les 4 v\u00e9rit\u00e9s de Me Baber Gano - Mali<\/title>\n<meta name=\"description\" content=\"Brillant haut cadre du Rassemblement Pour le Mali (RPM) de feu Ibrahim Boubacar Ke\u0301ita alias IBK, Me Baber Gano, non moi ...\" \/>\n<meta name=\"robots\" content=\"index, follow, max-snippet:-1, max-image-preview:large, max-video-preview:-1\" \/>\n<link rel=\"canonical\" href=\"https:\/\/www.africa-press.net\/mali\/dossiers\/defi-securitaire-prochaines-elections-visite-du-pm-a-gao-les-4-verites-de-me-baber-gano\" \/>\n<meta property=\"og:locale\" content=\"fr_FR\" \/>\n<meta property=\"og:type\" content=\"article\" \/>\n<meta property=\"og:title\" content=\"D\u00e9fi s\u00e9curitaire, prochaines \u00e9lections, visite du PM \u00e0 Gao\u2026 Les 4 v\u00e9rit\u00e9s de Me Baber Gano\" \/>\n<meta property=\"og:description\" content=\"Brillant haut cadre du Rassemblement Pour le Mali (RPM) de feu Ibrahim Boubacar Ke\u0301ita alias IBK, Me Baber Gano, non moi ...\" \/>\n<meta property=\"og:url\" content=\"https:\/\/www.africa-press.net\/mali\/dossiers\/defi-securitaire-prochaines-elections-visite-du-pm-a-gao-les-4-verites-de-me-baber-gano\" \/>\n<meta property=\"og:site_name\" content=\"Mali\" \/>\n<meta property=\"article:publisher\" content=\"https:\/\/www.facebook.com\/AfricaPressTunisiaa\" \/>\n<meta property=\"article:published_time\" content=\"2023-03-01T20:14:07+00:00\" \/>\n<meta property=\"article:modified_time\" content=\"2023-03-01T21:02:28+00:00\" \/>\n<meta property=\"og:image\" content=\"https:\/\/static.africa-press.net\/mali\/sites\/21\/2023\/03\/postQueueImg_1677689128.11.jpg\" \/>\n\t<meta property=\"og:image:width\" content=\"1280\" \/>\n\t<meta property=\"og:image:height\" content=\"720\" \/>\n\t<meta property=\"og:image:type\" content=\"image\/jpeg\" \/>\n<meta name=\"author\" content=\"cfeditorfr\" \/>\n<meta name=\"twitter:card\" content=\"summary_large_image\" \/>\n<meta name=\"twitter:label1\" content=\"\u00c9crit par\" \/>\n\t<meta name=\"twitter:data1\" content=\"cfeditorfr\" \/>\n\t<meta name=\"twitter:label2\" content=\"Dur\u00e9e de lecture estim\u00e9e\" \/>\n\t<meta name=\"twitter:data2\" content=\"10 minutes\" \/>\n<script type=\"application\/ld+json\" class=\"yoast-schema-graph\">{\"@context\":\"https:\/\/schema.org\",\"@graph\":[{\"@type\":\"Article\",\"@id\":\"https:\/\/www.africa-press.net\/mali\/dossiers\/defi-securitaire-prochaines-elections-visite-du-pm-a-gao-les-4-verites-de-me-baber-gano#article\",\"isPartOf\":{\"@id\":\"https:\/\/www.africa-press.net\/mali\/dossiers\/defi-securitaire-prochaines-elections-visite-du-pm-a-gao-les-4-verites-de-me-baber-gano\"},\"author\":{\"name\":\"cfeditorfr\",\"@id\":\"https:\/\/www.africa-press.net\/mali\/#\/schema\/person\/2b1cf3cd81a31e3cd26889ca66d677f1\"},\"headline\":\"D\u00e9fi s\u00e9curitaire, prochaines \u00e9lections, visite du PM \u00e0 Gao\u2026 Les 4 v\u00e9rit\u00e9s de Me Baber Gano\",\"datePublished\":\"2023-03-01T20:14:07+00:00\",\"dateModified\":\"2023-03-01T21:02:28+00:00\",\"mainEntityOfPage\":{\"@id\":\"https:\/\/www.africa-press.net\/mali\/dossiers\/defi-securitaire-prochaines-elections-visite-du-pm-a-gao-les-4-verites-de-me-baber-gano\"},\"wordCount\":2034,\"commentCount\":0,\"image\":{\"@id\":\"https:\/\/www.africa-press.net\/mali\/dossiers\/defi-securitaire-prochaines-elections-visite-du-pm-a-gao-les-4-verites-de-me-baber-gano#primaryimage\"},\"thumbnailUrl\":\"https:\/\/static.africa-press.net\/mali\/sites\/21\/2023\/03\/postQueueImg_1677689128.11.jpg\",\"keywords\":[\"Africa Press\",\"Africa Press-Mali\",\"mali\"],\"articleSection\":[\"Dossiers\",\"Toutes les actualit\u00e9s\"],\"inLanguage\":\"fr-FR\",\"potentialAction\":[{\"@type\":\"CommentAction\",\"name\":\"Comment\",\"target\":[\"https:\/\/www.africa-press.net\/mali\/dossiers\/defi-securitaire-prochaines-elections-visite-du-pm-a-gao-les-4-verites-de-me-baber-gano#respond\"]}]},{\"@type\":\"WebPage\",\"@id\":\"https:\/\/www.africa-press.net\/mali\/dossiers\/defi-securitaire-prochaines-elections-visite-du-pm-a-gao-les-4-verites-de-me-baber-gano\",\"url\":\"https:\/\/www.africa-press.net\/mali\/dossiers\/defi-securitaire-prochaines-elections-visite-du-pm-a-gao-les-4-verites-de-me-baber-gano\",\"name\":\"D\u00e9fi s\u00e9curitaire, prochaines \u00e9lections, visite du PM \u00e0 Gao\u2026 Les 4 v\u00e9rit\u00e9s de Me Baber Gano - Mali\",\"isPartOf\":{\"@id\":\"https:\/\/www.africa-press.net\/mali\/#website\"},\"primaryImageOfPage\":{\"@id\":\"https:\/\/www.africa-press.net\/mali\/dossiers\/defi-securitaire-prochaines-elections-visite-du-pm-a-gao-les-4-verites-de-me-baber-gano#primaryimage\"},\"image\":{\"@id\":\"https:\/\/www.africa-press.net\/mali\/dossiers\/defi-securitaire-prochaines-elections-visite-du-pm-a-gao-les-4-verites-de-me-baber-gano#primaryimage\"},\"thumbnailUrl\":\"https:\/\/static.africa-press.net\/mali\/sites\/21\/2023\/03\/postQueueImg_1677689128.11.jpg\",\"datePublished\":\"2023-03-01T20:14:07+00:00\",\"dateModified\":\"2023-03-01T21:02:28+00:00\",\"author\":{\"@id\":\"https:\/\/www.africa-press.net\/mali\/#\/schema\/person\/2b1cf3cd81a31e3cd26889ca66d677f1\"},\"description\":\"Brillant haut cadre du Rassemblement Pour le Mali (RPM) de feu Ibrahim Boubacar Ke\u0301ita alias IBK, Me Baber Gano, non moi ...\",\"breadcrumb\":{\"@id\":\"https:\/\/www.africa-press.net\/mali\/dossiers\/defi-securitaire-prochaines-elections-visite-du-pm-a-gao-les-4-verites-de-me-baber-gano#breadcrumb\"},\"inLanguage\":\"fr-FR\",\"potentialAction\":[{\"@type\":\"ReadAction\",\"target\":[\"https:\/\/www.africa-press.net\/mali\/dossiers\/defi-securitaire-prochaines-elections-visite-du-pm-a-gao-les-4-verites-de-me-baber-gano\"]}]},{\"@type\":\"ImageObject\",\"inLanguage\":\"fr-FR\",\"@id\":\"https:\/\/www.africa-press.net\/mali\/dossiers\/defi-securitaire-prochaines-elections-visite-du-pm-a-gao-les-4-verites-de-me-baber-gano#primaryimage\",\"url\":\"https:\/\/static.africa-press.net\/mali\/sites\/21\/2023\/03\/postQueueImg_1677689128.11.jpg\",\"contentUrl\":\"https:\/\/static.africa-press.net\/mali\/sites\/21\/2023\/03\/postQueueImg_1677689128.11.jpg\",\"width\":1280,\"height\":720,\"caption\":\"D\u00e9fi s\u00e9curitaire, prochaines \u00e9lections, visite du PM \u00e0 Gao\u2026 Les 4 v\u00e9rit\u00e9s de Me Baber Gano\"},{\"@type\":\"BreadcrumbList\",\"@id\":\"https:\/\/www.africa-press.net\/mali\/dossiers\/defi-securitaire-prochaines-elections-visite-du-pm-a-gao-les-4-verites-de-me-baber-gano#breadcrumb\",\"itemListElement\":[{\"@type\":\"ListItem\",\"position\":1,\"name\":\"Home\",\"item\":\"https:\/\/www.africa-press.net\/mali\/\"},{\"@type\":\"ListItem\",\"position\":2,\"name\":\"D\u00e9fi s\u00e9curitaire, prochaines \u00e9lections, visite du PM \u00e0 Gao\u2026 Les 4 v\u00e9rit\u00e9s de Me Baber Gano\"}]},{\"@type\":\"WebSite\",\"@id\":\"https:\/\/www.africa-press.net\/mali\/#website\",\"url\":\"https:\/\/www.africa-press.net\/mali\/\",\"name\":\"Mali\",\"description\":\"Just another Africa News Agency Sites site\",\"potentialAction\":[{\"@type\":\"SearchAction\",\"target\":{\"@type\":\"EntryPoint\",\"urlTemplate\":\"https:\/\/www.africa-press.net\/mali\/?s={search_term_string}\"},\"query-input\":{\"@type\":\"PropertyValueSpecification\",\"valueRequired\":true,\"valueName\":\"search_term_string\"}}],\"inLanguage\":\"fr-FR\"},{\"@type\":\"Person\",\"@id\":\"https:\/\/www.africa-press.net\/mali\/#\/schema\/person\/2b1cf3cd81a31e3cd26889ca66d677f1\",\"name\":\"cfeditorfr\"}]}<\/script>\n<!-- \/ Yoast SEO Premium plugin. -->","yoast_head_json":{"title":"D\u00e9fi s\u00e9curitaire, prochaines \u00e9lections, visite du PM \u00e0 Gao\u2026 Les 4 v\u00e9rit\u00e9s de Me Baber Gano - Mali","description":"Brillant haut cadre du Rassemblement Pour le Mali (RPM) de feu Ibrahim Boubacar Ke\u0301ita alias IBK, Me Baber Gano, non moi ...","robots":{"index":"index","follow":"follow","max-snippet":"max-snippet:-1","max-image-preview":"max-image-preview:large","max-video-preview":"max-video-preview:-1"},"canonical":"https:\/\/www.africa-press.net\/mali\/dossiers\/defi-securitaire-prochaines-elections-visite-du-pm-a-gao-les-4-verites-de-me-baber-gano","og_locale":"fr_FR","og_type":"article","og_title":"D\u00e9fi s\u00e9curitaire, prochaines \u00e9lections, visite du PM \u00e0 Gao\u2026 Les 4 v\u00e9rit\u00e9s de Me Baber Gano","og_description":"Brillant haut cadre du Rassemblement Pour le Mali (RPM) de feu Ibrahim Boubacar Ke\u0301ita alias IBK, Me Baber Gano, non moi ...","og_url":"https:\/\/www.africa-press.net\/mali\/dossiers\/defi-securitaire-prochaines-elections-visite-du-pm-a-gao-les-4-verites-de-me-baber-gano","og_site_name":"Mali","article_publisher":"https:\/\/www.facebook.com\/AfricaPressTunisiaa","article_published_time":"2023-03-01T20:14:07+00:00","article_modified_time":"2023-03-01T21:02:28+00:00","og_image":[{"width":1280,"height":720,"url":"https:\/\/static.africa-press.net\/mali\/sites\/21\/2023\/03\/postQueueImg_1677689128.11.jpg","type":"image\/jpeg"}],"author":"cfeditorfr","twitter_card":"summary_large_image","twitter_misc":{"\u00c9crit par":"cfeditorfr","Dur\u00e9e de lecture estim\u00e9e":"10 minutes"},"schema":{"@context":"https:\/\/schema.org","@graph":[{"@type":"Article","@id":"https:\/\/www.africa-press.net\/mali\/dossiers\/defi-securitaire-prochaines-elections-visite-du-pm-a-gao-les-4-verites-de-me-baber-gano#article","isPartOf":{"@id":"https:\/\/www.africa-press.net\/mali\/dossiers\/defi-securitaire-prochaines-elections-visite-du-pm-a-gao-les-4-verites-de-me-baber-gano"},"author":{"name":"cfeditorfr","@id":"https:\/\/www.africa-press.net\/mali\/#\/schema\/person\/2b1cf3cd81a31e3cd26889ca66d677f1"},"headline":"D\u00e9fi s\u00e9curitaire, prochaines \u00e9lections, visite du PM \u00e0 Gao\u2026 Les 4 v\u00e9rit\u00e9s de Me Baber Gano","datePublished":"2023-03-01T20:14:07+00:00","dateModified":"2023-03-01T21:02:28+00:00","mainEntityOfPage":{"@id":"https:\/\/www.africa-press.net\/mali\/dossiers\/defi-securitaire-prochaines-elections-visite-du-pm-a-gao-les-4-verites-de-me-baber-gano"},"wordCount":2034,"commentCount":0,"image":{"@id":"https:\/\/www.africa-press.net\/mali\/dossiers\/defi-securitaire-prochaines-elections-visite-du-pm-a-gao-les-4-verites-de-me-baber-gano#primaryimage"},"thumbnailUrl":"https:\/\/static.africa-press.net\/mali\/sites\/21\/2023\/03\/postQueueImg_1677689128.11.jpg","keywords":["Africa Press","Africa Press-Mali","mali"],"articleSection":["Dossiers","Toutes les actualit\u00e9s"],"inLanguage":"fr-FR","potentialAction":[{"@type":"CommentAction","name":"Comment","target":["https:\/\/www.africa-press.net\/mali\/dossiers\/defi-securitaire-prochaines-elections-visite-du-pm-a-gao-les-4-verites-de-me-baber-gano#respond"]}]},{"@type":"WebPage","@id":"https:\/\/www.africa-press.net\/mali\/dossiers\/defi-securitaire-prochaines-elections-visite-du-pm-a-gao-les-4-verites-de-me-baber-gano","url":"https:\/\/www.africa-press.net\/mali\/dossiers\/defi-securitaire-prochaines-elections-visite-du-pm-a-gao-les-4-verites-de-me-baber-gano","name":"D\u00e9fi s\u00e9curitaire, prochaines \u00e9lections, visite du PM \u00e0 Gao\u2026 Les 4 v\u00e9rit\u00e9s de Me Baber Gano - Mali","isPartOf":{"@id":"https:\/\/www.africa-press.net\/mali\/#website"},"primaryImageOfPage":{"@id":"https:\/\/www.africa-press.net\/mali\/dossiers\/defi-securitaire-prochaines-elections-visite-du-pm-a-gao-les-4-verites-de-me-baber-gano#primaryimage"},"image":{"@id":"https:\/\/www.africa-press.net\/mali\/dossiers\/defi-securitaire-prochaines-elections-visite-du-pm-a-gao-les-4-verites-de-me-baber-gano#primaryimage"},"thumbnailUrl":"https:\/\/static.africa-press.net\/mali\/sites\/21\/2023\/03\/postQueueImg_1677689128.11.jpg","datePublished":"2023-03-01T20:14:07+00:00","dateModified":"2023-03-01T21:02:28+00:00","author":{"@id":"https:\/\/www.africa-press.net\/mali\/#\/schema\/person\/2b1cf3cd81a31e3cd26889ca66d677f1"},"description":"Brillant haut cadre du Rassemblement Pour le Mali (RPM) de feu Ibrahim Boubacar Ke\u0301ita alias IBK, Me Baber Gano, non moi ...","breadcrumb":{"@id":"https:\/\/www.africa-press.net\/mali\/dossiers\/defi-securitaire-prochaines-elections-visite-du-pm-a-gao-les-4-verites-de-me-baber-gano#breadcrumb"},"inLanguage":"fr-FR","potentialAction":[{"@type":"ReadAction","target":["https:\/\/www.africa-press.net\/mali\/dossiers\/defi-securitaire-prochaines-elections-visite-du-pm-a-gao-les-4-verites-de-me-baber-gano"]}]},{"@type":"ImageObject","inLanguage":"fr-FR","@id":"https:\/\/www.africa-press.net\/mali\/dossiers\/defi-securitaire-prochaines-elections-visite-du-pm-a-gao-les-4-verites-de-me-baber-gano#primaryimage","url":"https:\/\/static.africa-press.net\/mali\/sites\/21\/2023\/03\/postQueueImg_1677689128.11.jpg","contentUrl":"https:\/\/static.africa-press.net\/mali\/sites\/21\/2023\/03\/postQueueImg_1677689128.11.jpg","width":1280,"height":720,"caption":"D\u00e9fi s\u00e9curitaire, prochaines \u00e9lections, visite du PM \u00e0 Gao\u2026 Les 4 v\u00e9rit\u00e9s de Me Baber Gano"},{"@type":"BreadcrumbList","@id":"https:\/\/www.africa-press.net\/mali\/dossiers\/defi-securitaire-prochaines-elections-visite-du-pm-a-gao-les-4-verites-de-me-baber-gano#breadcrumb","itemListElement":[{"@type":"ListItem","position":1,"name":"Home","item":"https:\/\/www.africa-press.net\/mali\/"},{"@type":"ListItem","position":2,"name":"D\u00e9fi s\u00e9curitaire, prochaines \u00e9lections, visite du PM \u00e0 Gao\u2026 Les 4 v\u00e9rit\u00e9s de Me Baber Gano"}]},{"@type":"WebSite","@id":"https:\/\/www.africa-press.net\/mali\/#website","url":"https:\/\/www.africa-press.net\/mali\/","name":"Mali","description":"Just another Africa News Agency Sites site","potentialAction":[{"@type":"SearchAction","target":{"@type":"EntryPoint","urlTemplate":"https:\/\/www.africa-press.net\/mali\/?s={search_term_string}"},"query-input":{"@type":"PropertyValueSpecification","valueRequired":true,"valueName":"search_term_string"}}],"inLanguage":"fr-FR"},{"@type":"Person","@id":"https:\/\/www.africa-press.net\/mali\/#\/schema\/person\/2b1cf3cd81a31e3cd26889ca66d677f1","name":"cfeditorfr"}]}},"_links":{"self":[{"href":"https:\/\/www.africa-press.net\/mali\/wp-json\/wp\/v2\/posts\/31318","targetHints":{"allow":["GET"]}}],"collection":[{"href":"https:\/\/www.africa-press.net\/mali\/wp-json\/wp\/v2\/posts"}],"about":[{"href":"https:\/\/www.africa-press.net\/mali\/wp-json\/wp\/v2\/types\/post"}],"author":[{"embeddable":true,"href":"https:\/\/www.africa-press.net\/mali\/wp-json\/wp\/v2\/users\/82"}],"replies":[{"embeddable":true,"href":"https:\/\/www.africa-press.net\/mali\/wp-json\/wp\/v2\/comments?post=31318"}],"version-history":[{"count":0,"href":"https:\/\/www.africa-press.net\/mali\/wp-json\/wp\/v2\/posts\/31318\/revisions"}],"wp:featuredmedia":[{"embeddable":true,"href":"https:\/\/www.africa-press.net\/mali\/wp-json\/wp\/v2\/media\/31317"}],"wp:attachment":[{"href":"https:\/\/www.africa-press.net\/mali\/wp-json\/wp\/v2\/media?parent=31318"}],"wp:term":[{"taxonomy":"category","embeddable":true,"href":"https:\/\/www.africa-press.net\/mali\/wp-json\/wp\/v2\/categories?post=31318"},{"taxonomy":"post_tag","embeddable":true,"href":"https:\/\/www.africa-press.net\/mali\/wp-json\/wp\/v2\/tags?post=31318"}],"curies":[{"name":"wp","href":"https:\/\/api.w.org\/{rel}","templated":true}]}}