{"id":31330,"date":"2023-03-01T20:17:52","date_gmt":"2023-03-01T20:17:52","guid":{"rendered":"https:\/\/www.africa-press.net\/mali\/politique\/citron-un-fruit-qui-se-fait-rare-sur-le-marche"},"modified":"2023-03-01T21:05:06","modified_gmt":"2023-03-01T21:05:06","slug":"citron-un-fruit-qui-se-fait-rare-sur-le-marche","status":"publish","type":"post","link":"https:\/\/www.africa-press.net\/mali\/communaute\/citron-un-fruit-qui-se-fait-rare-sur-le-marche","title":{"rendered":"Citron : Un fruit qui se fait rare sur le march\u00e9"},"content":{"rendered":"<p><span style=\"color: #ff6600\"><strong>Africa-Press &#8211; Mali. <\/strong><\/span>Le citron est l\u2019un des fruits les plus utilise\u0301s au Mali tant dans l\u2019alimentation, dans la me\u0301decine traditionnelle que dans les pratiques mystiques (sorcelleries). Il se fait rare sur le marche\u0301.<\/p>\n<p>Le citron est un fruit saisonnier qui apparai\u0302t principalement au Mali en de\u0301but du mois de juin jusqu\u2019en septembre voire octobre. En dehors de ces pe\u0301riodes c\u2019est le citron ivoirien qui inonde le marche\u0301 malien mais a des prix inaccessibles.<\/p>\n<p>C., vendeuse de citron au marche\u0301 de Oulofobougou explique que le prix du citron varie en fonction des saisons. \u201cRegardez mon panier de citron que je vends. Il vient principalement de la Co\u0302te d\u2019Ivoire. Avec 50 kg pour 30 000 F CFA malgre\u0301 la hausse du prix, le citron reste l\u2019un des fruits les plus demande\u0301s en raison de ses vertus\u201d.<\/p>\n<p>Selon Dr. Djibril Traore\u0301, nutritionniste, le citron se caracte\u0301rise par une haute teneur en vitamines C. Il est particulie\u0300rement bien pre\u0301serve\u0301 par son e\u0301corce. \u201cSon jus est riche en vitamines C, des vitamines du groupe B ainsi que des mine\u0301raux et oligo-e\u0301le\u0301ments : fer, calcium, potassium, phosphore, magne\u0301sium, cuivre\u201d, explique Dr. Traore\u0301.<\/p>\n<p>D\u2019apre\u0300s notre nutritionniste, un citron de 50ml permet de couvrir un tiers de nos besoins quotidiens en vitamines C. Il est compose\u0301 a\u0300 90 % d\u2019eau et relativement pauvre en glucides. \u201cLe citron est un fruit peu e\u0301nerge\u0301tique contenant des flavonoi\u0308des compose\u0301s d\u2019antioxydants qui contribuent a\u0300 pre\u0301server nos cellules du vieillissement pre\u0301mature\u0301 engendre\u0301 par les radicaux libres. Sa saveur acide est due a\u0300 ses acides organiques notamment l\u2019acide citrique. En plus des vitamines C et B, le citron renferme aussi les vitamines A et E. Elle a une faible valeur e\u0301nerge\u0301tique car il apporte en moyenne 27,60 calories (kcal) pour 100g, soit 118kj. D\u2019apre\u0300s les donne\u0301es de la table Chiqua 2020, le citron est le fruit le moins calorique, il pe\u0300se en moyenne 120 g avec un apport de 32,40 kcal\u201d, ajoute-t-il.<\/p>\n<p>Pour finir, Dr. Djibril Traore\u0301 nutritionniste rappelle que la vitamine C que comporte le citron traite la fatigue, son acide citrique facilite la digestion et les antioxydants contribuent a\u0300 pre\u0301server nos cellules du vieillissement cellulaire pre\u0301mature\u0301 engendre\u0301 par les radicaux libres. En d\u2019autres termes, l\u2019eau du citron nous prote\u0300ge contre la de\u0301shydratation.<\/p>\n<p>En plus de ses vertus scientifiques, le citron est utilise\u0301 dans la me\u0301decine traditionnelle en accompagnement des herbes traitant pour soigner des maladies. Il est aussi utilise\u0301 pour chasser les mauvaises ondes, attirer la prospe\u0301rite\u0301 lorsqu\u2019il est place\u0301 dans un portemonnaie. Certains l\u2019utilisent pour soit attirer l\u2019e\u0302tre aime\u0301, soit le mariage par des pratiques mystiques. Ses vertus sont multiples et pas tous connus jusqu\u2019a\u0300 nos jours.<\/p>\n<p><strong>Pour plus d&rsquo;informations et d&rsquo;analyses sur la <a href=\"https:\/\/www.africa-press.net\/mali\">Mali<\/a>, suivez <a href=\"https:\/\/www.africa-press.net\/\">Africa-Press<\/a><\/strong><\/p>\n","protected":false},"excerpt":{"rendered":"<p>Africa-Press &#8211; Mali. Le citron est l\u2019un des fruits les plus utilise\u0301s au Mali tant dans l\u2019alimentation, dans la me\u0301decine traditionnelle que dans les pratiques mystiques (sorcelleries). Il se fait rare sur le marche\u0301. Le citron est un fruit saisonnier qui apparai\u0302t principalement au Mali en de\u0301but du mois de juin jusqu\u2019en septembre voire octobre. [&hellip;]<\/p>\n","protected":false},"author":82,"featured_media":31328,"comment_status":"open","ping_status":"closed","sticky":false,"template":"","format":"standard","meta":{"footnotes":""},"categories":[4,17],"tags":[76,86,19],"class_list":["post-31330","post","type-post","status-publish","format-standard","has-post-thumbnail","hentry","category-communaute","category-toutes-les-actualites","tag-africa-press","tag-africa-press-mali","tag-mali"],"yoast_head":"<!-- This site is optimized with the Yoast SEO Premium plugin v26.1 (Yoast SEO v27.0) - https:\/\/yoast.com\/product\/yoast-seo-premium-wordpress\/ -->\n<title>Citron : Un fruit qui se fait rare sur le march\u00e9 - Mali<\/title>\n<meta name=\"description\" content=\"Le citron est l\u2019un des fruits les plus utilise\u0301s au Mali tant dans l\u2019alimentation, dans la me\u0301decine traditionnelle que ...\" \/>\n<meta name=\"robots\" content=\"index, follow, max-snippet:-1, max-image-preview:large, max-video-preview:-1\" \/>\n<link rel=\"canonical\" href=\"https:\/\/www.africa-press.net\/mali\/communaute\/citron-un-fruit-qui-se-fait-rare-sur-le-marche\" \/>\n<meta property=\"og:locale\" content=\"fr_FR\" \/>\n<meta property=\"og:type\" content=\"article\" \/>\n<meta property=\"og:title\" content=\"Citron : Un fruit qui se fait rare sur le march\u00e9\" \/>\n<meta property=\"og:description\" content=\"Le citron est l\u2019un des fruits les plus utilise\u0301s au Mali tant dans l\u2019alimentation, dans la me\u0301decine traditionnelle que ...\" \/>\n<meta property=\"og:url\" content=\"https:\/\/www.africa-press.net\/mali\/communaute\/citron-un-fruit-qui-se-fait-rare-sur-le-marche\" \/>\n<meta property=\"og:site_name\" content=\"Mali\" \/>\n<meta property=\"article:publisher\" content=\"https:\/\/www.facebook.com\/AfricaPressTunisiaa\" \/>\n<meta property=\"article:published_time\" content=\"2023-03-01T20:17:52+00:00\" \/>\n<meta property=\"article:modified_time\" content=\"2023-03-01T21:05:06+00:00\" \/>\n<meta property=\"og:image\" content=\"https:\/\/static.africa-press.net\/mali\/sites\/21\/2023\/03\/postQueueImg_1677689282.72.jpg\" \/>\n\t<meta property=\"og:image:width\" content=\"720\" \/>\n\t<meta property=\"og:image:height\" content=\"479\" \/>\n\t<meta property=\"og:image:type\" content=\"image\/jpeg\" \/>\n<meta name=\"author\" content=\"cfeditorfr\" \/>\n<meta name=\"twitter:card\" content=\"summary_large_image\" \/>\n<meta name=\"twitter:label1\" content=\"\u00c9crit par\" \/>\n\t<meta name=\"twitter:data1\" content=\"cfeditorfr\" \/>\n\t<meta name=\"twitter:label2\" content=\"Dur\u00e9e de lecture estim\u00e9e\" \/>\n\t<meta name=\"twitter:data2\" content=\"2 minutes\" \/>\n<script type=\"application\/ld+json\" class=\"yoast-schema-graph\">{\"@context\":\"https:\/\/schema.org\",\"@graph\":[{\"@type\":\"Article\",\"@id\":\"https:\/\/www.africa-press.net\/mali\/communaute\/citron-un-fruit-qui-se-fait-rare-sur-le-marche#article\",\"isPartOf\":{\"@id\":\"https:\/\/www.africa-press.net\/mali\/communaute\/citron-un-fruit-qui-se-fait-rare-sur-le-marche\"},\"author\":{\"name\":\"cfeditorfr\",\"@id\":\"https:\/\/www.africa-press.net\/mali\/#\/schema\/person\/2b1cf3cd81a31e3cd26889ca66d677f1\"},\"headline\":\"Citron : Un fruit qui se fait rare sur le march\u00e9\",\"datePublished\":\"2023-03-01T20:17:52+00:00\",\"dateModified\":\"2023-03-01T21:05:06+00:00\",\"mainEntityOfPage\":{\"@id\":\"https:\/\/www.africa-press.net\/mali\/communaute\/citron-un-fruit-qui-se-fait-rare-sur-le-marche\"},\"wordCount\":500,\"commentCount\":0,\"image\":{\"@id\":\"https:\/\/www.africa-press.net\/mali\/communaute\/citron-un-fruit-qui-se-fait-rare-sur-le-marche#primaryimage\"},\"thumbnailUrl\":\"https:\/\/static.africa-press.net\/mali\/sites\/21\/2023\/03\/postQueueImg_1677689282.72.jpg\",\"keywords\":[\"Africa Press\",\"Africa Press-Mali\",\"mali\"],\"articleSection\":[\"Communaut\u00e9\",\"Toutes les actualit\u00e9s\"],\"inLanguage\":\"fr-FR\",\"potentialAction\":[{\"@type\":\"CommentAction\",\"name\":\"Comment\",\"target\":[\"https:\/\/www.africa-press.net\/mali\/communaute\/citron-un-fruit-qui-se-fait-rare-sur-le-marche#respond\"]}]},{\"@type\":\"WebPage\",\"@id\":\"https:\/\/www.africa-press.net\/mali\/communaute\/citron-un-fruit-qui-se-fait-rare-sur-le-marche\",\"url\":\"https:\/\/www.africa-press.net\/mali\/communaute\/citron-un-fruit-qui-se-fait-rare-sur-le-marche\",\"name\":\"Citron : Un fruit qui se fait rare sur le march\u00e9 - Mali\",\"isPartOf\":{\"@id\":\"https:\/\/www.africa-press.net\/mali\/#website\"},\"primaryImageOfPage\":{\"@id\":\"https:\/\/www.africa-press.net\/mali\/communaute\/citron-un-fruit-qui-se-fait-rare-sur-le-marche#primaryimage\"},\"image\":{\"@id\":\"https:\/\/www.africa-press.net\/mali\/communaute\/citron-un-fruit-qui-se-fait-rare-sur-le-marche#primaryimage\"},\"thumbnailUrl\":\"https:\/\/static.africa-press.net\/mali\/sites\/21\/2023\/03\/postQueueImg_1677689282.72.jpg\",\"datePublished\":\"2023-03-01T20:17:52+00:00\",\"dateModified\":\"2023-03-01T21:05:06+00:00\",\"author\":{\"@id\":\"https:\/\/www.africa-press.net\/mali\/#\/schema\/person\/2b1cf3cd81a31e3cd26889ca66d677f1\"},\"description\":\"Le citron est l\u2019un des fruits les plus utilise\u0301s au Mali tant dans l\u2019alimentation, dans la me\u0301decine traditionnelle que ...\",\"breadcrumb\":{\"@id\":\"https:\/\/www.africa-press.net\/mali\/communaute\/citron-un-fruit-qui-se-fait-rare-sur-le-marche#breadcrumb\"},\"inLanguage\":\"fr-FR\",\"potentialAction\":[{\"@type\":\"ReadAction\",\"target\":[\"https:\/\/www.africa-press.net\/mali\/communaute\/citron-un-fruit-qui-se-fait-rare-sur-le-marche\"]}]},{\"@type\":\"ImageObject\",\"inLanguage\":\"fr-FR\",\"@id\":\"https:\/\/www.africa-press.net\/mali\/communaute\/citron-un-fruit-qui-se-fait-rare-sur-le-marche#primaryimage\",\"url\":\"https:\/\/static.africa-press.net\/mali\/sites\/21\/2023\/03\/postQueueImg_1677689282.72.jpg\",\"contentUrl\":\"https:\/\/static.africa-press.net\/mali\/sites\/21\/2023\/03\/postQueueImg_1677689282.72.jpg\",\"width\":720,\"height\":479,\"caption\":\"Citron : Un fruit qui se fait rare sur le march\u00e9\"},{\"@type\":\"BreadcrumbList\",\"@id\":\"https:\/\/www.africa-press.net\/mali\/communaute\/citron-un-fruit-qui-se-fait-rare-sur-le-marche#breadcrumb\",\"itemListElement\":[{\"@type\":\"ListItem\",\"position\":1,\"name\":\"Home\",\"item\":\"https:\/\/www.africa-press.net\/mali\/\"},{\"@type\":\"ListItem\",\"position\":2,\"name\":\"Citron : Un fruit qui se fait rare sur le march\u00e9\"}]},{\"@type\":\"WebSite\",\"@id\":\"https:\/\/www.africa-press.net\/mali\/#website\",\"url\":\"https:\/\/www.africa-press.net\/mali\/\",\"name\":\"Mali\",\"description\":\"Just another Africa News Agency Sites site\",\"potentialAction\":[{\"@type\":\"SearchAction\",\"target\":{\"@type\":\"EntryPoint\",\"urlTemplate\":\"https:\/\/www.africa-press.net\/mali\/?s={search_term_string}\"},\"query-input\":{\"@type\":\"PropertyValueSpecification\",\"valueRequired\":true,\"valueName\":\"search_term_string\"}}],\"inLanguage\":\"fr-FR\"},{\"@type\":\"Person\",\"@id\":\"https:\/\/www.africa-press.net\/mali\/#\/schema\/person\/2b1cf3cd81a31e3cd26889ca66d677f1\",\"name\":\"cfeditorfr\"}]}<\/script>\n<!-- \/ Yoast SEO Premium plugin. -->","yoast_head_json":{"title":"Citron : Un fruit qui se fait rare sur le march\u00e9 - Mali","description":"Le citron est l\u2019un des fruits les plus utilise\u0301s au Mali tant dans l\u2019alimentation, dans la me\u0301decine traditionnelle que ...","robots":{"index":"index","follow":"follow","max-snippet":"max-snippet:-1","max-image-preview":"max-image-preview:large","max-video-preview":"max-video-preview:-1"},"canonical":"https:\/\/www.africa-press.net\/mali\/communaute\/citron-un-fruit-qui-se-fait-rare-sur-le-marche","og_locale":"fr_FR","og_type":"article","og_title":"Citron : Un fruit qui se fait rare sur le march\u00e9","og_description":"Le citron est l\u2019un des fruits les plus utilise\u0301s au Mali tant dans l\u2019alimentation, dans la me\u0301decine traditionnelle que ...","og_url":"https:\/\/www.africa-press.net\/mali\/communaute\/citron-un-fruit-qui-se-fait-rare-sur-le-marche","og_site_name":"Mali","article_publisher":"https:\/\/www.facebook.com\/AfricaPressTunisiaa","article_published_time":"2023-03-01T20:17:52+00:00","article_modified_time":"2023-03-01T21:05:06+00:00","og_image":[{"width":720,"height":479,"url":"https:\/\/static.africa-press.net\/mali\/sites\/21\/2023\/03\/postQueueImg_1677689282.72.jpg","type":"image\/jpeg"}],"author":"cfeditorfr","twitter_card":"summary_large_image","twitter_misc":{"\u00c9crit par":"cfeditorfr","Dur\u00e9e de lecture estim\u00e9e":"2 minutes"},"schema":{"@context":"https:\/\/schema.org","@graph":[{"@type":"Article","@id":"https:\/\/www.africa-press.net\/mali\/communaute\/citron-un-fruit-qui-se-fait-rare-sur-le-marche#article","isPartOf":{"@id":"https:\/\/www.africa-press.net\/mali\/communaute\/citron-un-fruit-qui-se-fait-rare-sur-le-marche"},"author":{"name":"cfeditorfr","@id":"https:\/\/www.africa-press.net\/mali\/#\/schema\/person\/2b1cf3cd81a31e3cd26889ca66d677f1"},"headline":"Citron : Un fruit qui se fait rare sur le march\u00e9","datePublished":"2023-03-01T20:17:52+00:00","dateModified":"2023-03-01T21:05:06+00:00","mainEntityOfPage":{"@id":"https:\/\/www.africa-press.net\/mali\/communaute\/citron-un-fruit-qui-se-fait-rare-sur-le-marche"},"wordCount":500,"commentCount":0,"image":{"@id":"https:\/\/www.africa-press.net\/mali\/communaute\/citron-un-fruit-qui-se-fait-rare-sur-le-marche#primaryimage"},"thumbnailUrl":"https:\/\/static.africa-press.net\/mali\/sites\/21\/2023\/03\/postQueueImg_1677689282.72.jpg","keywords":["Africa Press","Africa Press-Mali","mali"],"articleSection":["Communaut\u00e9","Toutes les actualit\u00e9s"],"inLanguage":"fr-FR","potentialAction":[{"@type":"CommentAction","name":"Comment","target":["https:\/\/www.africa-press.net\/mali\/communaute\/citron-un-fruit-qui-se-fait-rare-sur-le-marche#respond"]}]},{"@type":"WebPage","@id":"https:\/\/www.africa-press.net\/mali\/communaute\/citron-un-fruit-qui-se-fait-rare-sur-le-marche","url":"https:\/\/www.africa-press.net\/mali\/communaute\/citron-un-fruit-qui-se-fait-rare-sur-le-marche","name":"Citron : Un fruit qui se fait rare sur le march\u00e9 - Mali","isPartOf":{"@id":"https:\/\/www.africa-press.net\/mali\/#website"},"primaryImageOfPage":{"@id":"https:\/\/www.africa-press.net\/mali\/communaute\/citron-un-fruit-qui-se-fait-rare-sur-le-marche#primaryimage"},"image":{"@id":"https:\/\/www.africa-press.net\/mali\/communaute\/citron-un-fruit-qui-se-fait-rare-sur-le-marche#primaryimage"},"thumbnailUrl":"https:\/\/static.africa-press.net\/mali\/sites\/21\/2023\/03\/postQueueImg_1677689282.72.jpg","datePublished":"2023-03-01T20:17:52+00:00","dateModified":"2023-03-01T21:05:06+00:00","author":{"@id":"https:\/\/www.africa-press.net\/mali\/#\/schema\/person\/2b1cf3cd81a31e3cd26889ca66d677f1"},"description":"Le citron est l\u2019un des fruits les plus utilise\u0301s au Mali tant dans l\u2019alimentation, dans la me\u0301decine traditionnelle que ...","breadcrumb":{"@id":"https:\/\/www.africa-press.net\/mali\/communaute\/citron-un-fruit-qui-se-fait-rare-sur-le-marche#breadcrumb"},"inLanguage":"fr-FR","potentialAction":[{"@type":"ReadAction","target":["https:\/\/www.africa-press.net\/mali\/communaute\/citron-un-fruit-qui-se-fait-rare-sur-le-marche"]}]},{"@type":"ImageObject","inLanguage":"fr-FR","@id":"https:\/\/www.africa-press.net\/mali\/communaute\/citron-un-fruit-qui-se-fait-rare-sur-le-marche#primaryimage","url":"https:\/\/static.africa-press.net\/mali\/sites\/21\/2023\/03\/postQueueImg_1677689282.72.jpg","contentUrl":"https:\/\/static.africa-press.net\/mali\/sites\/21\/2023\/03\/postQueueImg_1677689282.72.jpg","width":720,"height":479,"caption":"Citron : Un fruit qui se fait rare sur le march\u00e9"},{"@type":"BreadcrumbList","@id":"https:\/\/www.africa-press.net\/mali\/communaute\/citron-un-fruit-qui-se-fait-rare-sur-le-marche#breadcrumb","itemListElement":[{"@type":"ListItem","position":1,"name":"Home","item":"https:\/\/www.africa-press.net\/mali\/"},{"@type":"ListItem","position":2,"name":"Citron : Un fruit qui se fait rare sur le march\u00e9"}]},{"@type":"WebSite","@id":"https:\/\/www.africa-press.net\/mali\/#website","url":"https:\/\/www.africa-press.net\/mali\/","name":"Mali","description":"Just another Africa News Agency Sites site","potentialAction":[{"@type":"SearchAction","target":{"@type":"EntryPoint","urlTemplate":"https:\/\/www.africa-press.net\/mali\/?s={search_term_string}"},"query-input":{"@type":"PropertyValueSpecification","valueRequired":true,"valueName":"search_term_string"}}],"inLanguage":"fr-FR"},{"@type":"Person","@id":"https:\/\/www.africa-press.net\/mali\/#\/schema\/person\/2b1cf3cd81a31e3cd26889ca66d677f1","name":"cfeditorfr"}]}},"_links":{"self":[{"href":"https:\/\/www.africa-press.net\/mali\/wp-json\/wp\/v2\/posts\/31330","targetHints":{"allow":["GET"]}}],"collection":[{"href":"https:\/\/www.africa-press.net\/mali\/wp-json\/wp\/v2\/posts"}],"about":[{"href":"https:\/\/www.africa-press.net\/mali\/wp-json\/wp\/v2\/types\/post"}],"author":[{"embeddable":true,"href":"https:\/\/www.africa-press.net\/mali\/wp-json\/wp\/v2\/users\/82"}],"replies":[{"embeddable":true,"href":"https:\/\/www.africa-press.net\/mali\/wp-json\/wp\/v2\/comments?post=31330"}],"version-history":[{"count":0,"href":"https:\/\/www.africa-press.net\/mali\/wp-json\/wp\/v2\/posts\/31330\/revisions"}],"wp:featuredmedia":[{"embeddable":true,"href":"https:\/\/www.africa-press.net\/mali\/wp-json\/wp\/v2\/media\/31328"}],"wp:attachment":[{"href":"https:\/\/www.africa-press.net\/mali\/wp-json\/wp\/v2\/media?parent=31330"}],"wp:term":[{"taxonomy":"category","embeddable":true,"href":"https:\/\/www.africa-press.net\/mali\/wp-json\/wp\/v2\/categories?post=31330"},{"taxonomy":"post_tag","embeddable":true,"href":"https:\/\/www.africa-press.net\/mali\/wp-json\/wp\/v2\/tags?post=31330"}],"curies":[{"name":"wp","href":"https:\/\/api.w.org\/{rel}","templated":true}]}}