{"id":31332,"date":"2023-03-01T20:18:35","date_gmt":"2023-03-01T20:18:35","guid":{"rendered":"https:\/\/www.africa-press.net\/mali\/politique\/cooperation-mali-usa-des-senateurs-americains-au-mali-pour-booster-la-relation-bilaterale"},"modified":"2023-03-01T21:06:00","modified_gmt":"2023-03-01T21:06:00","slug":"cooperation-mali-usa-des-senateurs-americains-au-mali-pour-booster-la-relation-bilaterale","status":"publish","type":"post","link":"https:\/\/www.africa-press.net\/mali\/politique\/cooperation-mali-usa-des-senateurs-americains-au-mali-pour-booster-la-relation-bilaterale","title":{"rendered":"Coop\u00e9ration Mali-Usa : Des s\u00e9nateurs am\u00e9ricains au Mali pour booster la relation bilat\u00e9rale"},"content":{"rendered":"<p><span style=\"color: #ff6600\"><strong>Africa-Press &#8211; Mali. <\/strong><\/span>Deux membres du personnel administratif du Comite\u0301 des relations exte\u0301rieures du Se\u0301nat ame\u0301ricain ont visite\u0301 le Mali le 23 fe\u0301vrier dernier. John Tomaszewski et Alexis Arieff, se sont rendus au Mali au nom du Se\u0301nat ame\u0301ricain dans le cadre d\u2019un engagement spe\u0301cial pour une visite dans trois pays de la re\u0301gion, qui a commence\u0301 par le Mali.<\/p>\n<p>Au cours de leur visite de trois jours, la de\u0301le\u0301gation, accompagne\u0301e du chef de mission adjoint, Richard Nicholson, a rencontre\u0301 le ministre des Affaires e\u0301trange\u0300res, Abdoulaye Diop. Les e\u0301changes ont porte\u0301 sur diverses questions d\u2019inte\u0301re\u0302t bilate\u0301rales entre les Etats-Unis et le Mali, ainsi que la situation se\u0301curitaire et le retour a\u0300 l\u2019ordre constitutionnel.<\/p>\n<p>Les deux visiteurs ont e\u0301galement rencontre\u0301 le ministre d\u2019Etat, ministre de l\u2019Administration territoriale et de la De\u0301centralisation, le colonel Abdoulaye Mai\u0308ga sur des sujets comme la se\u0301curite\u0301 et les prochaines e\u0301lections.<\/p>\n<p>John Tomaszewski et Alexis Arieff ont consulte\u0301 un certain nombre de partis et d\u2019organes politiques, la socie\u0301te\u0301 civile et la Minusma afin de mieux comprendre la progression du processus e\u0301lectoral, le processus de paix de l\u2019Accord d\u2019Alger, et la protection de l\u2019espace civile. Ils ont e\u0301galement confe\u0301re\u0301 avec des chefs d\u2019entreprise membres du Conseil national du patronat du Mali afin d\u2019explorer les possibilite\u0301s de coope\u0301ration commerciale future.<\/p>\n<p>Ainsi, la de\u0301le\u0301gation a pu se faire une ide\u0301e pre\u0301cise des progre\u0300s re\u0301alise\u0301s par le gouvernement de Transition dans le cadre des accords. Elle a aussi rencontre\u0301 l\u2019USAID et d\u2019autres partenaires humanitaires du gouvernement ame\u0301ricain pour comprendre l\u2019impact du partenariat ame\u0301ricain avec les Maliens en vue de diriger leur propre de\u0301veloppement.<\/p>\n<p>Les deux honorables personnalite\u0301s ont quitte\u0301 le Mali avec une bonne appre\u0301ciation du contexte et des de\u0301fis que tente de relever le gouvernement de Transition, avec l\u2019espoir d\u2019un progre\u0300s du processus e\u0301lectoral dans un avenir proche.<\/p>\n<p><strong>Pour plus d&rsquo;informations et d&rsquo;analyses sur la <a href=\"https:\/\/www.africa-press.net\/mali\">Mali<\/a>, suivez <a href=\"https:\/\/www.africa-press.net\/\">Africa-Press<\/a><\/strong><\/p>\n","protected":false},"excerpt":{"rendered":"<p>Africa-Press &#8211; Mali. Deux membres du personnel administratif du Comite\u0301 des relations exte\u0301rieures du Se\u0301nat ame\u0301ricain ont visite\u0301 le Mali le 23 fe\u0301vrier dernier. John Tomaszewski et Alexis Arieff, se sont rendus au Mali au nom du Se\u0301nat ame\u0301ricain dans le cadre d\u2019un engagement spe\u0301cial pour une visite dans trois pays de la re\u0301gion, qui [&hellip;]<\/p>\n","protected":false},"author":82,"featured_media":31331,"comment_status":"open","ping_status":"closed","sticky":false,"template":"","format":"standard","meta":{"footnotes":""},"categories":[7,17],"tags":[76,86,19],"class_list":["post-31332","post","type-post","status-publish","format-standard","has-post-thumbnail","hentry","category-politique","category-toutes-les-actualites","tag-africa-press","tag-africa-press-mali","tag-mali"],"yoast_head":"<!-- This site is optimized with the Yoast SEO Premium plugin v26.1 (Yoast SEO v27.0) - https:\/\/yoast.com\/product\/yoast-seo-premium-wordpress\/ -->\n<title>Coop\u00e9ration Mali-Usa : Des s\u00e9nateurs am\u00e9ricains au Mali pour booster la relation bilat\u00e9rale - Mali<\/title>\n<meta name=\"description\" content=\"Deux membres du personnel administratif du Comite\u0301 des relations exte\u0301rieures du Se\u0301nat ame\u0301ricain ont visite\u0301 le Mali l ...\" \/>\n<meta name=\"robots\" content=\"index, follow, max-snippet:-1, max-image-preview:large, max-video-preview:-1\" \/>\n<link rel=\"canonical\" href=\"https:\/\/www.africa-press.net\/mali\/politique\/cooperation-mali-usa-des-senateurs-americains-au-mali-pour-booster-la-relation-bilaterale\" \/>\n<meta property=\"og:locale\" content=\"fr_FR\" \/>\n<meta property=\"og:type\" content=\"article\" \/>\n<meta property=\"og:title\" content=\"Coop\u00e9ration Mali-Usa : Des s\u00e9nateurs am\u00e9ricains au Mali pour booster la relation bilat\u00e9rale\" \/>\n<meta property=\"og:description\" content=\"Deux membres du personnel administratif du Comite\u0301 des relations exte\u0301rieures du Se\u0301nat ame\u0301ricain ont visite\u0301 le Mali l ...\" \/>\n<meta property=\"og:url\" content=\"https:\/\/www.africa-press.net\/mali\/politique\/cooperation-mali-usa-des-senateurs-americains-au-mali-pour-booster-la-relation-bilaterale\" \/>\n<meta property=\"og:site_name\" content=\"Mali\" \/>\n<meta property=\"article:publisher\" content=\"https:\/\/www.facebook.com\/AfricaPressTunisiaa\" \/>\n<meta property=\"article:published_time\" content=\"2023-03-01T20:18:35+00:00\" \/>\n<meta property=\"article:modified_time\" content=\"2023-03-01T21:06:00+00:00\" \/>\n<meta property=\"og:image\" content=\"https:\/\/static.africa-press.net\/mali\/sites\/21\/2023\/03\/postQueueImg_1677689323.37.jpg\" \/>\n\t<meta property=\"og:image:width\" content=\"720\" \/>\n\t<meta property=\"og:image:height\" content=\"480\" \/>\n\t<meta property=\"og:image:type\" content=\"image\/jpeg\" \/>\n<meta name=\"author\" content=\"cfeditorfr\" \/>\n<meta name=\"twitter:card\" content=\"summary_large_image\" \/>\n<meta name=\"twitter:label1\" content=\"\u00c9crit par\" \/>\n\t<meta name=\"twitter:data1\" content=\"cfeditorfr\" \/>\n\t<meta name=\"twitter:label2\" content=\"Dur\u00e9e de lecture estim\u00e9e\" \/>\n\t<meta name=\"twitter:data2\" content=\"2 minutes\" \/>\n<script type=\"application\/ld+json\" class=\"yoast-schema-graph\">{\"@context\":\"https:\/\/schema.org\",\"@graph\":[{\"@type\":\"Article\",\"@id\":\"https:\/\/www.africa-press.net\/mali\/politique\/cooperation-mali-usa-des-senateurs-americains-au-mali-pour-booster-la-relation-bilaterale#article\",\"isPartOf\":{\"@id\":\"https:\/\/www.africa-press.net\/mali\/politique\/cooperation-mali-usa-des-senateurs-americains-au-mali-pour-booster-la-relation-bilaterale\"},\"author\":{\"name\":\"cfeditorfr\",\"@id\":\"https:\/\/www.africa-press.net\/mali\/#\/schema\/person\/2b1cf3cd81a31e3cd26889ca66d677f1\"},\"headline\":\"Coop\u00e9ration Mali-Usa : Des s\u00e9nateurs am\u00e9ricains au Mali pour booster la relation bilat\u00e9rale\",\"datePublished\":\"2023-03-01T20:18:35+00:00\",\"dateModified\":\"2023-03-01T21:06:00+00:00\",\"mainEntityOfPage\":{\"@id\":\"https:\/\/www.africa-press.net\/mali\/politique\/cooperation-mali-usa-des-senateurs-americains-au-mali-pour-booster-la-relation-bilaterale\"},\"wordCount\":385,\"commentCount\":0,\"image\":{\"@id\":\"https:\/\/www.africa-press.net\/mali\/politique\/cooperation-mali-usa-des-senateurs-americains-au-mali-pour-booster-la-relation-bilaterale#primaryimage\"},\"thumbnailUrl\":\"https:\/\/static.africa-press.net\/mali\/sites\/21\/2023\/03\/postQueueImg_1677689323.37.jpg\",\"keywords\":[\"Africa Press\",\"Africa Press-Mali\",\"mali\"],\"articleSection\":[\"Politique\",\"Toutes les actualit\u00e9s\"],\"inLanguage\":\"fr-FR\",\"potentialAction\":[{\"@type\":\"CommentAction\",\"name\":\"Comment\",\"target\":[\"https:\/\/www.africa-press.net\/mali\/politique\/cooperation-mali-usa-des-senateurs-americains-au-mali-pour-booster-la-relation-bilaterale#respond\"]}]},{\"@type\":\"WebPage\",\"@id\":\"https:\/\/www.africa-press.net\/mali\/politique\/cooperation-mali-usa-des-senateurs-americains-au-mali-pour-booster-la-relation-bilaterale\",\"url\":\"https:\/\/www.africa-press.net\/mali\/politique\/cooperation-mali-usa-des-senateurs-americains-au-mali-pour-booster-la-relation-bilaterale\",\"name\":\"Coop\u00e9ration Mali-Usa : Des s\u00e9nateurs am\u00e9ricains au Mali pour booster la relation bilat\u00e9rale - Mali\",\"isPartOf\":{\"@id\":\"https:\/\/www.africa-press.net\/mali\/#website\"},\"primaryImageOfPage\":{\"@id\":\"https:\/\/www.africa-press.net\/mali\/politique\/cooperation-mali-usa-des-senateurs-americains-au-mali-pour-booster-la-relation-bilaterale#primaryimage\"},\"image\":{\"@id\":\"https:\/\/www.africa-press.net\/mali\/politique\/cooperation-mali-usa-des-senateurs-americains-au-mali-pour-booster-la-relation-bilaterale#primaryimage\"},\"thumbnailUrl\":\"https:\/\/static.africa-press.net\/mali\/sites\/21\/2023\/03\/postQueueImg_1677689323.37.jpg\",\"datePublished\":\"2023-03-01T20:18:35+00:00\",\"dateModified\":\"2023-03-01T21:06:00+00:00\",\"author\":{\"@id\":\"https:\/\/www.africa-press.net\/mali\/#\/schema\/person\/2b1cf3cd81a31e3cd26889ca66d677f1\"},\"description\":\"Deux membres du personnel administratif du Comite\u0301 des relations exte\u0301rieures du Se\u0301nat ame\u0301ricain ont visite\u0301 le Mali l ...\",\"breadcrumb\":{\"@id\":\"https:\/\/www.africa-press.net\/mali\/politique\/cooperation-mali-usa-des-senateurs-americains-au-mali-pour-booster-la-relation-bilaterale#breadcrumb\"},\"inLanguage\":\"fr-FR\",\"potentialAction\":[{\"@type\":\"ReadAction\",\"target\":[\"https:\/\/www.africa-press.net\/mali\/politique\/cooperation-mali-usa-des-senateurs-americains-au-mali-pour-booster-la-relation-bilaterale\"]}]},{\"@type\":\"ImageObject\",\"inLanguage\":\"fr-FR\",\"@id\":\"https:\/\/www.africa-press.net\/mali\/politique\/cooperation-mali-usa-des-senateurs-americains-au-mali-pour-booster-la-relation-bilaterale#primaryimage\",\"url\":\"https:\/\/static.africa-press.net\/mali\/sites\/21\/2023\/03\/postQueueImg_1677689323.37.jpg\",\"contentUrl\":\"https:\/\/static.africa-press.net\/mali\/sites\/21\/2023\/03\/postQueueImg_1677689323.37.jpg\",\"width\":720,\"height\":480,\"caption\":\"Coop\u00e9ration Mali-Usa : Des s\u00e9nateurs am\u00e9ricains au Mali pour booster la relation bilat\u00e9rale\"},{\"@type\":\"BreadcrumbList\",\"@id\":\"https:\/\/www.africa-press.net\/mali\/politique\/cooperation-mali-usa-des-senateurs-americains-au-mali-pour-booster-la-relation-bilaterale#breadcrumb\",\"itemListElement\":[{\"@type\":\"ListItem\",\"position\":1,\"name\":\"Home\",\"item\":\"https:\/\/www.africa-press.net\/mali\/\"},{\"@type\":\"ListItem\",\"position\":2,\"name\":\"Coop\u00e9ration Mali-Usa : Des s\u00e9nateurs am\u00e9ricains au Mali pour booster la relation bilat\u00e9rale\"}]},{\"@type\":\"WebSite\",\"@id\":\"https:\/\/www.africa-press.net\/mali\/#website\",\"url\":\"https:\/\/www.africa-press.net\/mali\/\",\"name\":\"Mali\",\"description\":\"Just another Africa News Agency Sites site\",\"potentialAction\":[{\"@type\":\"SearchAction\",\"target\":{\"@type\":\"EntryPoint\",\"urlTemplate\":\"https:\/\/www.africa-press.net\/mali\/?s={search_term_string}\"},\"query-input\":{\"@type\":\"PropertyValueSpecification\",\"valueRequired\":true,\"valueName\":\"search_term_string\"}}],\"inLanguage\":\"fr-FR\"},{\"@type\":\"Person\",\"@id\":\"https:\/\/www.africa-press.net\/mali\/#\/schema\/person\/2b1cf3cd81a31e3cd26889ca66d677f1\",\"name\":\"cfeditorfr\"}]}<\/script>\n<!-- \/ Yoast SEO Premium plugin. -->","yoast_head_json":{"title":"Coop\u00e9ration Mali-Usa : Des s\u00e9nateurs am\u00e9ricains au Mali pour booster la relation bilat\u00e9rale - Mali","description":"Deux membres du personnel administratif du Comite\u0301 des relations exte\u0301rieures du Se\u0301nat ame\u0301ricain ont visite\u0301 le Mali l ...","robots":{"index":"index","follow":"follow","max-snippet":"max-snippet:-1","max-image-preview":"max-image-preview:large","max-video-preview":"max-video-preview:-1"},"canonical":"https:\/\/www.africa-press.net\/mali\/politique\/cooperation-mali-usa-des-senateurs-americains-au-mali-pour-booster-la-relation-bilaterale","og_locale":"fr_FR","og_type":"article","og_title":"Coop\u00e9ration Mali-Usa : Des s\u00e9nateurs am\u00e9ricains au Mali pour booster la relation bilat\u00e9rale","og_description":"Deux membres du personnel administratif du Comite\u0301 des relations exte\u0301rieures du Se\u0301nat ame\u0301ricain ont visite\u0301 le Mali l ...","og_url":"https:\/\/www.africa-press.net\/mali\/politique\/cooperation-mali-usa-des-senateurs-americains-au-mali-pour-booster-la-relation-bilaterale","og_site_name":"Mali","article_publisher":"https:\/\/www.facebook.com\/AfricaPressTunisiaa","article_published_time":"2023-03-01T20:18:35+00:00","article_modified_time":"2023-03-01T21:06:00+00:00","og_image":[{"width":720,"height":480,"url":"https:\/\/static.africa-press.net\/mali\/sites\/21\/2023\/03\/postQueueImg_1677689323.37.jpg","type":"image\/jpeg"}],"author":"cfeditorfr","twitter_card":"summary_large_image","twitter_misc":{"\u00c9crit par":"cfeditorfr","Dur\u00e9e de lecture estim\u00e9e":"2 minutes"},"schema":{"@context":"https:\/\/schema.org","@graph":[{"@type":"Article","@id":"https:\/\/www.africa-press.net\/mali\/politique\/cooperation-mali-usa-des-senateurs-americains-au-mali-pour-booster-la-relation-bilaterale#article","isPartOf":{"@id":"https:\/\/www.africa-press.net\/mali\/politique\/cooperation-mali-usa-des-senateurs-americains-au-mali-pour-booster-la-relation-bilaterale"},"author":{"name":"cfeditorfr","@id":"https:\/\/www.africa-press.net\/mali\/#\/schema\/person\/2b1cf3cd81a31e3cd26889ca66d677f1"},"headline":"Coop\u00e9ration Mali-Usa : Des s\u00e9nateurs am\u00e9ricains au Mali pour booster la relation bilat\u00e9rale","datePublished":"2023-03-01T20:18:35+00:00","dateModified":"2023-03-01T21:06:00+00:00","mainEntityOfPage":{"@id":"https:\/\/www.africa-press.net\/mali\/politique\/cooperation-mali-usa-des-senateurs-americains-au-mali-pour-booster-la-relation-bilaterale"},"wordCount":385,"commentCount":0,"image":{"@id":"https:\/\/www.africa-press.net\/mali\/politique\/cooperation-mali-usa-des-senateurs-americains-au-mali-pour-booster-la-relation-bilaterale#primaryimage"},"thumbnailUrl":"https:\/\/static.africa-press.net\/mali\/sites\/21\/2023\/03\/postQueueImg_1677689323.37.jpg","keywords":["Africa Press","Africa Press-Mali","mali"],"articleSection":["Politique","Toutes les actualit\u00e9s"],"inLanguage":"fr-FR","potentialAction":[{"@type":"CommentAction","name":"Comment","target":["https:\/\/www.africa-press.net\/mali\/politique\/cooperation-mali-usa-des-senateurs-americains-au-mali-pour-booster-la-relation-bilaterale#respond"]}]},{"@type":"WebPage","@id":"https:\/\/www.africa-press.net\/mali\/politique\/cooperation-mali-usa-des-senateurs-americains-au-mali-pour-booster-la-relation-bilaterale","url":"https:\/\/www.africa-press.net\/mali\/politique\/cooperation-mali-usa-des-senateurs-americains-au-mali-pour-booster-la-relation-bilaterale","name":"Coop\u00e9ration Mali-Usa : Des s\u00e9nateurs am\u00e9ricains au Mali pour booster la relation bilat\u00e9rale - Mali","isPartOf":{"@id":"https:\/\/www.africa-press.net\/mali\/#website"},"primaryImageOfPage":{"@id":"https:\/\/www.africa-press.net\/mali\/politique\/cooperation-mali-usa-des-senateurs-americains-au-mali-pour-booster-la-relation-bilaterale#primaryimage"},"image":{"@id":"https:\/\/www.africa-press.net\/mali\/politique\/cooperation-mali-usa-des-senateurs-americains-au-mali-pour-booster-la-relation-bilaterale#primaryimage"},"thumbnailUrl":"https:\/\/static.africa-press.net\/mali\/sites\/21\/2023\/03\/postQueueImg_1677689323.37.jpg","datePublished":"2023-03-01T20:18:35+00:00","dateModified":"2023-03-01T21:06:00+00:00","author":{"@id":"https:\/\/www.africa-press.net\/mali\/#\/schema\/person\/2b1cf3cd81a31e3cd26889ca66d677f1"},"description":"Deux membres du personnel administratif du Comite\u0301 des relations exte\u0301rieures du Se\u0301nat ame\u0301ricain ont visite\u0301 le Mali l ...","breadcrumb":{"@id":"https:\/\/www.africa-press.net\/mali\/politique\/cooperation-mali-usa-des-senateurs-americains-au-mali-pour-booster-la-relation-bilaterale#breadcrumb"},"inLanguage":"fr-FR","potentialAction":[{"@type":"ReadAction","target":["https:\/\/www.africa-press.net\/mali\/politique\/cooperation-mali-usa-des-senateurs-americains-au-mali-pour-booster-la-relation-bilaterale"]}]},{"@type":"ImageObject","inLanguage":"fr-FR","@id":"https:\/\/www.africa-press.net\/mali\/politique\/cooperation-mali-usa-des-senateurs-americains-au-mali-pour-booster-la-relation-bilaterale#primaryimage","url":"https:\/\/static.africa-press.net\/mali\/sites\/21\/2023\/03\/postQueueImg_1677689323.37.jpg","contentUrl":"https:\/\/static.africa-press.net\/mali\/sites\/21\/2023\/03\/postQueueImg_1677689323.37.jpg","width":720,"height":480,"caption":"Coop\u00e9ration Mali-Usa : Des s\u00e9nateurs am\u00e9ricains au Mali pour booster la relation bilat\u00e9rale"},{"@type":"BreadcrumbList","@id":"https:\/\/www.africa-press.net\/mali\/politique\/cooperation-mali-usa-des-senateurs-americains-au-mali-pour-booster-la-relation-bilaterale#breadcrumb","itemListElement":[{"@type":"ListItem","position":1,"name":"Home","item":"https:\/\/www.africa-press.net\/mali\/"},{"@type":"ListItem","position":2,"name":"Coop\u00e9ration Mali-Usa : Des s\u00e9nateurs am\u00e9ricains au Mali pour booster la relation bilat\u00e9rale"}]},{"@type":"WebSite","@id":"https:\/\/www.africa-press.net\/mali\/#website","url":"https:\/\/www.africa-press.net\/mali\/","name":"Mali","description":"Just another Africa News Agency Sites site","potentialAction":[{"@type":"SearchAction","target":{"@type":"EntryPoint","urlTemplate":"https:\/\/www.africa-press.net\/mali\/?s={search_term_string}"},"query-input":{"@type":"PropertyValueSpecification","valueRequired":true,"valueName":"search_term_string"}}],"inLanguage":"fr-FR"},{"@type":"Person","@id":"https:\/\/www.africa-press.net\/mali\/#\/schema\/person\/2b1cf3cd81a31e3cd26889ca66d677f1","name":"cfeditorfr"}]}},"_links":{"self":[{"href":"https:\/\/www.africa-press.net\/mali\/wp-json\/wp\/v2\/posts\/31332","targetHints":{"allow":["GET"]}}],"collection":[{"href":"https:\/\/www.africa-press.net\/mali\/wp-json\/wp\/v2\/posts"}],"about":[{"href":"https:\/\/www.africa-press.net\/mali\/wp-json\/wp\/v2\/types\/post"}],"author":[{"embeddable":true,"href":"https:\/\/www.africa-press.net\/mali\/wp-json\/wp\/v2\/users\/82"}],"replies":[{"embeddable":true,"href":"https:\/\/www.africa-press.net\/mali\/wp-json\/wp\/v2\/comments?post=31332"}],"version-history":[{"count":0,"href":"https:\/\/www.africa-press.net\/mali\/wp-json\/wp\/v2\/posts\/31332\/revisions"}],"wp:featuredmedia":[{"embeddable":true,"href":"https:\/\/www.africa-press.net\/mali\/wp-json\/wp\/v2\/media\/31331"}],"wp:attachment":[{"href":"https:\/\/www.africa-press.net\/mali\/wp-json\/wp\/v2\/media?parent=31332"}],"wp:term":[{"taxonomy":"category","embeddable":true,"href":"https:\/\/www.africa-press.net\/mali\/wp-json\/wp\/v2\/categories?post=31332"},{"taxonomy":"post_tag","embeddable":true,"href":"https:\/\/www.africa-press.net\/mali\/wp-json\/wp\/v2\/tags?post=31332"}],"curies":[{"name":"wp","href":"https:\/\/api.w.org\/{rel}","templated":true}]}}