{"id":31345,"date":"2023-03-01T20:21:32","date_gmt":"2023-03-01T20:21:32","guid":{"rendered":"https:\/\/www.africa-press.net\/mali\/politique\/3e-journee-de-la-coupe-de-la-confederation-las-real-nen-profite-pas"},"modified":"2023-03-01T21:15:24","modified_gmt":"2023-03-01T21:15:24","slug":"3e-journee-de-la-coupe-de-la-confederation-las-real-nen-profite-pas","status":"publish","type":"post","link":"https:\/\/www.africa-press.net\/mali\/sports\/3e-journee-de-la-coupe-de-la-confederation-las-real-nen-profite-pas","title":{"rendered":"3\u00e8 journ\u00e9e de la coupe de la conf\u00e9d\u00e9ration : L\u2019AS R\u00e9al n\u2019en profite pas"},"content":{"rendered":"<p><span style=\"color: #ff6600\"><strong>Africa-Press &#8211; Mali. <\/strong><\/span>L\u2019AS Re\u0301al de Bamako et Young Afrcans de la Tanzanie ont partage\u0301 les points d\u2019un but partout, le dimanche 26 fe\u0301vrier 2023 au stade du 26-Mars. Un re\u0301sultat qui ne fait pas l\u2019affaire de notre repre\u0301sentant. Mieux le Re\u0301al n\u2019en profite pas avec la re\u0301sultat et la de\u0301faite du TP Mazembe\u0301 dans l\u2019autre match de la phase aller des groupes de la Coupe de la Confe\u0301de\u0301ration.<\/p>\n<p>L\u2019international congolais Fiston Kalala Mayele a ouvert le score pour les Tanzaniens a\u0300 la 60e\u0300 tandis qu\u2019E\u0301mile Kone\u0301 a sauve\u0301 les no\u0302tres au pie\u0300ge en e\u0301galisant a\u0300 la 91e\u0300.<\/p>\n<p>Signalons que ce match nul entre Young Africans et Real de Bamako a redonne\u0301 un peu de l\u2019espoir aux corbeaux du Tout Puissant Mazembe qui se sont agenouille\u0301s au me\u0302me moment face a\u0300 l\u2019Us Monastir de Tunisie a\u0300 Lubumbashi par 0-2. En revanche avec ce second nul a\u0300 domicile, le Re\u0301al se complique la ta\u0302che pour la suite de la compe\u0301tition.<\/p>\n<p>Pour espe\u0301rer voir la suite, le Re\u0301al se doit de gagner les trois matches de la phase retour et compter sur un miracle chez les adversaires. Le Tout -Puissant Mazembe\u0301 par exemple, pour se qualifier n\u2019a pas droit a\u0300 une autre erreur, les corbeaux sont oblige\u0301s de ne\u0301gocier au moins 3 points a\u0300 l\u2019exte\u0301rieur et 3 points a\u0300 domicile pour passer en quarts de finale.<\/p>\n<p>Au classement provisoire, Us Monastir est premier avec 7 points +4, suivi de Young Africains de la Tanzanie avec 4 points. Mazembe est 3e avec trois unite\u0301s -2 et Re\u0301al de Bamako (Mali) avec 2 points -2.<\/p>\n<p><b>St Eloi Lupopo de justesse<\/b><br \/>\n<img loading=\"lazy\" decoding=\"async\" width=\"650\" height=\"488\" class=\"alignnone wp-image-31343 size-full\" src=\"https:\/\/static.africa-press.net\/mali\/sites\/21\/2023\/03\/postMediaimg_17_1.jpg\" srcset=\"https:\/\/static.africa-press.net\/mali\/sites\/21\/2023\/03\/postMediaimg_17_1.jpg 650w, https:\/\/static.africa-press.net\/mali\/sites\/21\/2023\/03\/postMediaimg_17_1-300x225.jpg 300w, https:\/\/static.africa-press.net\/mali\/sites\/21\/2023\/03\/postMediaimg_17_1-80x60.jpg 80w\" sizes=\"auto, (max-width: 650px) 100vw, 650px\" \/><\/p>\n<p>Le FC St Eloi Lupopo de Lubumbashi (RDC) a enregistre\u0301 sa premie\u0300re victoire de la phase des groupes de la coupe de la confe\u0301de\u0301ration, apre\u0300s sa victoire a\u0300 Ndola Zambie face a\u0300 la formation Libyenne d\u2019Al-Akhdar Sport sur le score de 1-0, en match aller du groupe A dispute\u0301 au stade Levy Mwanawasa de Ndola en Zambie.<\/p>\n<p>L\u2019unique but des cheminots a e\u0301te\u0301 marque\u0301 par l\u2019entremise d\u2019Emmanuel Bola (45e+2). C\u2019est le premier succe\u0300s des hommes de notre compatriote et ex-se\u0301lectionneur des Aigles, Mohamed Magassouba apre\u0300s avoir perdu les deux premie\u0300res rencontres respectivement face a\u0300 USM d\u2019Alger et Marumo Gallants d\u2019Afrique du Sud.<\/p>\n<p><strong>Pour plus d&rsquo;informations et d&rsquo;analyses sur la <a href=\"https:\/\/www.africa-press.net\/mali\">Mali<\/a>, suivez <a href=\"https:\/\/www.africa-press.net\/\">Africa-Press<\/a><\/strong><\/p>\n","protected":false},"excerpt":{"rendered":"<p>Africa-Press &#8211; Mali. L\u2019AS Re\u0301al de Bamako et Young Afrcans de la Tanzanie ont partage\u0301 les points d\u2019un but partout, le dimanche 26 fe\u0301vrier 2023 au stade du 26-Mars. Un re\u0301sultat qui ne fait pas l\u2019affaire de notre repre\u0301sentant. Mieux le Re\u0301al n\u2019en profite pas avec la re\u0301sultat et la de\u0301faite du TP Mazembe\u0301 dans [&hellip;]<\/p>\n","protected":false},"author":82,"featured_media":31344,"comment_status":"open","ping_status":"closed","sticky":false,"template":"","format":"standard","meta":{"footnotes":""},"categories":[6,17],"tags":[76,86,19],"class_list":["post-31345","post","type-post","status-publish","format-standard","has-post-thumbnail","hentry","category-sports","category-toutes-les-actualites","tag-africa-press","tag-africa-press-mali","tag-mali"],"yoast_head":"<!-- This site is optimized with the Yoast SEO Premium plugin v26.1 (Yoast SEO v27.0) - https:\/\/yoast.com\/product\/yoast-seo-premium-wordpress\/ -->\n<title>3\u00e8 journ\u00e9e de la coupe de la conf\u00e9d\u00e9ration : L\u2019AS R\u00e9al n\u2019en profite pas - Mali<\/title>\n<meta name=\"description\" content=\"L\u2019AS Re\u0301al de Bamako et Young Afrcans de la Tanzanie ont partage\u0301 les points d\u2019un but partout, le dimanche 26 fe\u0301vrier 2 ...\" \/>\n<meta name=\"robots\" content=\"index, follow, max-snippet:-1, max-image-preview:large, max-video-preview:-1\" \/>\n<link rel=\"canonical\" href=\"https:\/\/www.africa-press.net\/mali\/sports\/3e-journee-de-la-coupe-de-la-confederation-las-real-nen-profite-pas\" \/>\n<meta property=\"og:locale\" content=\"fr_FR\" \/>\n<meta property=\"og:type\" content=\"article\" \/>\n<meta property=\"og:title\" content=\"3\u00e8 journ\u00e9e de la coupe de la conf\u00e9d\u00e9ration : L\u2019AS R\u00e9al n\u2019en profite pas\" \/>\n<meta property=\"og:description\" content=\"L\u2019AS Re\u0301al de Bamako et Young Afrcans de la Tanzanie ont partage\u0301 les points d\u2019un but partout, le dimanche 26 fe\u0301vrier 2 ...\" \/>\n<meta property=\"og:url\" content=\"https:\/\/www.africa-press.net\/mali\/sports\/3e-journee-de-la-coupe-de-la-confederation-las-real-nen-profite-pas\" \/>\n<meta property=\"og:site_name\" content=\"Mali\" \/>\n<meta property=\"article:publisher\" content=\"https:\/\/www.facebook.com\/AfricaPressTunisiaa\" \/>\n<meta property=\"article:published_time\" content=\"2023-03-01T20:21:32+00:00\" \/>\n<meta property=\"article:modified_time\" content=\"2023-03-01T21:15:24+00:00\" \/>\n<meta property=\"og:image\" content=\"https:\/\/static.africa-press.net\/mali\/sites\/21\/2023\/03\/postQueueImg_1677689569.90.jpg\" \/>\n\t<meta property=\"og:image:width\" content=\"720\" \/>\n\t<meta property=\"og:image:height\" content=\"478\" \/>\n\t<meta property=\"og:image:type\" content=\"image\/jpeg\" \/>\n<meta name=\"author\" content=\"cfeditorfr\" \/>\n<meta name=\"twitter:card\" content=\"summary_large_image\" \/>\n<meta name=\"twitter:label1\" content=\"\u00c9crit par\" \/>\n\t<meta name=\"twitter:data1\" content=\"cfeditorfr\" \/>\n\t<meta name=\"twitter:label2\" content=\"Dur\u00e9e de lecture estim\u00e9e\" \/>\n\t<meta name=\"twitter:data2\" content=\"3 minutes\" \/>\n<script type=\"application\/ld+json\" class=\"yoast-schema-graph\">{\"@context\":\"https:\/\/schema.org\",\"@graph\":[{\"@type\":\"Article\",\"@id\":\"https:\/\/www.africa-press.net\/mali\/sports\/3e-journee-de-la-coupe-de-la-confederation-las-real-nen-profite-pas#article\",\"isPartOf\":{\"@id\":\"https:\/\/www.africa-press.net\/mali\/sports\/3e-journee-de-la-coupe-de-la-confederation-las-real-nen-profite-pas\"},\"author\":{\"name\":\"cfeditorfr\",\"@id\":\"https:\/\/www.africa-press.net\/mali\/#\/schema\/person\/2b1cf3cd81a31e3cd26889ca66d677f1\"},\"headline\":\"3\u00e8 journ\u00e9e de la coupe de la conf\u00e9d\u00e9ration : L\u2019AS R\u00e9al n\u2019en profite pas\",\"datePublished\":\"2023-03-01T20:21:32+00:00\",\"dateModified\":\"2023-03-01T21:15:24+00:00\",\"mainEntityOfPage\":{\"@id\":\"https:\/\/www.africa-press.net\/mali\/sports\/3e-journee-de-la-coupe-de-la-confederation-las-real-nen-profite-pas\"},\"wordCount\":442,\"commentCount\":0,\"image\":{\"@id\":\"https:\/\/www.africa-press.net\/mali\/sports\/3e-journee-de-la-coupe-de-la-confederation-las-real-nen-profite-pas#primaryimage\"},\"thumbnailUrl\":\"https:\/\/static.africa-press.net\/mali\/sites\/21\/2023\/03\/postQueueImg_1677689569.90.jpg\",\"keywords\":[\"Africa Press\",\"Africa Press-Mali\",\"mali\"],\"articleSection\":[\"Sports\",\"Toutes les actualit\u00e9s\"],\"inLanguage\":\"fr-FR\",\"potentialAction\":[{\"@type\":\"CommentAction\",\"name\":\"Comment\",\"target\":[\"https:\/\/www.africa-press.net\/mali\/sports\/3e-journee-de-la-coupe-de-la-confederation-las-real-nen-profite-pas#respond\"]}]},{\"@type\":\"WebPage\",\"@id\":\"https:\/\/www.africa-press.net\/mali\/sports\/3e-journee-de-la-coupe-de-la-confederation-las-real-nen-profite-pas\",\"url\":\"https:\/\/www.africa-press.net\/mali\/sports\/3e-journee-de-la-coupe-de-la-confederation-las-real-nen-profite-pas\",\"name\":\"3\u00e8 journ\u00e9e de la coupe de la conf\u00e9d\u00e9ration : L\u2019AS R\u00e9al n\u2019en profite pas - Mali\",\"isPartOf\":{\"@id\":\"https:\/\/www.africa-press.net\/mali\/#website\"},\"primaryImageOfPage\":{\"@id\":\"https:\/\/www.africa-press.net\/mali\/sports\/3e-journee-de-la-coupe-de-la-confederation-las-real-nen-profite-pas#primaryimage\"},\"image\":{\"@id\":\"https:\/\/www.africa-press.net\/mali\/sports\/3e-journee-de-la-coupe-de-la-confederation-las-real-nen-profite-pas#primaryimage\"},\"thumbnailUrl\":\"https:\/\/static.africa-press.net\/mali\/sites\/21\/2023\/03\/postQueueImg_1677689569.90.jpg\",\"datePublished\":\"2023-03-01T20:21:32+00:00\",\"dateModified\":\"2023-03-01T21:15:24+00:00\",\"author\":{\"@id\":\"https:\/\/www.africa-press.net\/mali\/#\/schema\/person\/2b1cf3cd81a31e3cd26889ca66d677f1\"},\"description\":\"L\u2019AS Re\u0301al de Bamako et Young Afrcans de la Tanzanie ont partage\u0301 les points d\u2019un but partout, le dimanche 26 fe\u0301vrier 2 ...\",\"breadcrumb\":{\"@id\":\"https:\/\/www.africa-press.net\/mali\/sports\/3e-journee-de-la-coupe-de-la-confederation-las-real-nen-profite-pas#breadcrumb\"},\"inLanguage\":\"fr-FR\",\"potentialAction\":[{\"@type\":\"ReadAction\",\"target\":[\"https:\/\/www.africa-press.net\/mali\/sports\/3e-journee-de-la-coupe-de-la-confederation-las-real-nen-profite-pas\"]}]},{\"@type\":\"ImageObject\",\"inLanguage\":\"fr-FR\",\"@id\":\"https:\/\/www.africa-press.net\/mali\/sports\/3e-journee-de-la-coupe-de-la-confederation-las-real-nen-profite-pas#primaryimage\",\"url\":\"https:\/\/static.africa-press.net\/mali\/sites\/21\/2023\/03\/postQueueImg_1677689569.90.jpg\",\"contentUrl\":\"https:\/\/static.africa-press.net\/mali\/sites\/21\/2023\/03\/postQueueImg_1677689569.90.jpg\",\"width\":720,\"height\":478,\"caption\":\"3\u00e8 journ\u00e9e de la coupe de la conf\u00e9d\u00e9ration : L\u2019AS R\u00e9al n\u2019en profite pas\"},{\"@type\":\"BreadcrumbList\",\"@id\":\"https:\/\/www.africa-press.net\/mali\/sports\/3e-journee-de-la-coupe-de-la-confederation-las-real-nen-profite-pas#breadcrumb\",\"itemListElement\":[{\"@type\":\"ListItem\",\"position\":1,\"name\":\"Home\",\"item\":\"https:\/\/www.africa-press.net\/mali\/\"},{\"@type\":\"ListItem\",\"position\":2,\"name\":\"3\u00e8 journ\u00e9e de la coupe de la conf\u00e9d\u00e9ration : L\u2019AS R\u00e9al n\u2019en profite pas\"}]},{\"@type\":\"WebSite\",\"@id\":\"https:\/\/www.africa-press.net\/mali\/#website\",\"url\":\"https:\/\/www.africa-press.net\/mali\/\",\"name\":\"Mali\",\"description\":\"Just another Africa News Agency Sites site\",\"potentialAction\":[{\"@type\":\"SearchAction\",\"target\":{\"@type\":\"EntryPoint\",\"urlTemplate\":\"https:\/\/www.africa-press.net\/mali\/?s={search_term_string}\"},\"query-input\":{\"@type\":\"PropertyValueSpecification\",\"valueRequired\":true,\"valueName\":\"search_term_string\"}}],\"inLanguage\":\"fr-FR\"},{\"@type\":\"Person\",\"@id\":\"https:\/\/www.africa-press.net\/mali\/#\/schema\/person\/2b1cf3cd81a31e3cd26889ca66d677f1\",\"name\":\"cfeditorfr\"}]}<\/script>\n<!-- \/ Yoast SEO Premium plugin. -->","yoast_head_json":{"title":"3\u00e8 journ\u00e9e de la coupe de la conf\u00e9d\u00e9ration : L\u2019AS R\u00e9al n\u2019en profite pas - Mali","description":"L\u2019AS Re\u0301al de Bamako et Young Afrcans de la Tanzanie ont partage\u0301 les points d\u2019un but partout, le dimanche 26 fe\u0301vrier 2 ...","robots":{"index":"index","follow":"follow","max-snippet":"max-snippet:-1","max-image-preview":"max-image-preview:large","max-video-preview":"max-video-preview:-1"},"canonical":"https:\/\/www.africa-press.net\/mali\/sports\/3e-journee-de-la-coupe-de-la-confederation-las-real-nen-profite-pas","og_locale":"fr_FR","og_type":"article","og_title":"3\u00e8 journ\u00e9e de la coupe de la conf\u00e9d\u00e9ration : L\u2019AS R\u00e9al n\u2019en profite pas","og_description":"L\u2019AS Re\u0301al de Bamako et Young Afrcans de la Tanzanie ont partage\u0301 les points d\u2019un but partout, le dimanche 26 fe\u0301vrier 2 ...","og_url":"https:\/\/www.africa-press.net\/mali\/sports\/3e-journee-de-la-coupe-de-la-confederation-las-real-nen-profite-pas","og_site_name":"Mali","article_publisher":"https:\/\/www.facebook.com\/AfricaPressTunisiaa","article_published_time":"2023-03-01T20:21:32+00:00","article_modified_time":"2023-03-01T21:15:24+00:00","og_image":[{"width":720,"height":478,"url":"https:\/\/static.africa-press.net\/mali\/sites\/21\/2023\/03\/postQueueImg_1677689569.90.jpg","type":"image\/jpeg"}],"author":"cfeditorfr","twitter_card":"summary_large_image","twitter_misc":{"\u00c9crit par":"cfeditorfr","Dur\u00e9e de lecture estim\u00e9e":"3 minutes"},"schema":{"@context":"https:\/\/schema.org","@graph":[{"@type":"Article","@id":"https:\/\/www.africa-press.net\/mali\/sports\/3e-journee-de-la-coupe-de-la-confederation-las-real-nen-profite-pas#article","isPartOf":{"@id":"https:\/\/www.africa-press.net\/mali\/sports\/3e-journee-de-la-coupe-de-la-confederation-las-real-nen-profite-pas"},"author":{"name":"cfeditorfr","@id":"https:\/\/www.africa-press.net\/mali\/#\/schema\/person\/2b1cf3cd81a31e3cd26889ca66d677f1"},"headline":"3\u00e8 journ\u00e9e de la coupe de la conf\u00e9d\u00e9ration : L\u2019AS R\u00e9al n\u2019en profite pas","datePublished":"2023-03-01T20:21:32+00:00","dateModified":"2023-03-01T21:15:24+00:00","mainEntityOfPage":{"@id":"https:\/\/www.africa-press.net\/mali\/sports\/3e-journee-de-la-coupe-de-la-confederation-las-real-nen-profite-pas"},"wordCount":442,"commentCount":0,"image":{"@id":"https:\/\/www.africa-press.net\/mali\/sports\/3e-journee-de-la-coupe-de-la-confederation-las-real-nen-profite-pas#primaryimage"},"thumbnailUrl":"https:\/\/static.africa-press.net\/mali\/sites\/21\/2023\/03\/postQueueImg_1677689569.90.jpg","keywords":["Africa Press","Africa Press-Mali","mali"],"articleSection":["Sports","Toutes les actualit\u00e9s"],"inLanguage":"fr-FR","potentialAction":[{"@type":"CommentAction","name":"Comment","target":["https:\/\/www.africa-press.net\/mali\/sports\/3e-journee-de-la-coupe-de-la-confederation-las-real-nen-profite-pas#respond"]}]},{"@type":"WebPage","@id":"https:\/\/www.africa-press.net\/mali\/sports\/3e-journee-de-la-coupe-de-la-confederation-las-real-nen-profite-pas","url":"https:\/\/www.africa-press.net\/mali\/sports\/3e-journee-de-la-coupe-de-la-confederation-las-real-nen-profite-pas","name":"3\u00e8 journ\u00e9e de la coupe de la conf\u00e9d\u00e9ration : L\u2019AS R\u00e9al n\u2019en profite pas - Mali","isPartOf":{"@id":"https:\/\/www.africa-press.net\/mali\/#website"},"primaryImageOfPage":{"@id":"https:\/\/www.africa-press.net\/mali\/sports\/3e-journee-de-la-coupe-de-la-confederation-las-real-nen-profite-pas#primaryimage"},"image":{"@id":"https:\/\/www.africa-press.net\/mali\/sports\/3e-journee-de-la-coupe-de-la-confederation-las-real-nen-profite-pas#primaryimage"},"thumbnailUrl":"https:\/\/static.africa-press.net\/mali\/sites\/21\/2023\/03\/postQueueImg_1677689569.90.jpg","datePublished":"2023-03-01T20:21:32+00:00","dateModified":"2023-03-01T21:15:24+00:00","author":{"@id":"https:\/\/www.africa-press.net\/mali\/#\/schema\/person\/2b1cf3cd81a31e3cd26889ca66d677f1"},"description":"L\u2019AS Re\u0301al de Bamako et Young Afrcans de la Tanzanie ont partage\u0301 les points d\u2019un but partout, le dimanche 26 fe\u0301vrier 2 ...","breadcrumb":{"@id":"https:\/\/www.africa-press.net\/mali\/sports\/3e-journee-de-la-coupe-de-la-confederation-las-real-nen-profite-pas#breadcrumb"},"inLanguage":"fr-FR","potentialAction":[{"@type":"ReadAction","target":["https:\/\/www.africa-press.net\/mali\/sports\/3e-journee-de-la-coupe-de-la-confederation-las-real-nen-profite-pas"]}]},{"@type":"ImageObject","inLanguage":"fr-FR","@id":"https:\/\/www.africa-press.net\/mali\/sports\/3e-journee-de-la-coupe-de-la-confederation-las-real-nen-profite-pas#primaryimage","url":"https:\/\/static.africa-press.net\/mali\/sites\/21\/2023\/03\/postQueueImg_1677689569.90.jpg","contentUrl":"https:\/\/static.africa-press.net\/mali\/sites\/21\/2023\/03\/postQueueImg_1677689569.90.jpg","width":720,"height":478,"caption":"3\u00e8 journ\u00e9e de la coupe de la conf\u00e9d\u00e9ration : L\u2019AS R\u00e9al n\u2019en profite pas"},{"@type":"BreadcrumbList","@id":"https:\/\/www.africa-press.net\/mali\/sports\/3e-journee-de-la-coupe-de-la-confederation-las-real-nen-profite-pas#breadcrumb","itemListElement":[{"@type":"ListItem","position":1,"name":"Home","item":"https:\/\/www.africa-press.net\/mali\/"},{"@type":"ListItem","position":2,"name":"3\u00e8 journ\u00e9e de la coupe de la conf\u00e9d\u00e9ration : L\u2019AS R\u00e9al n\u2019en profite pas"}]},{"@type":"WebSite","@id":"https:\/\/www.africa-press.net\/mali\/#website","url":"https:\/\/www.africa-press.net\/mali\/","name":"Mali","description":"Just another Africa News Agency Sites site","potentialAction":[{"@type":"SearchAction","target":{"@type":"EntryPoint","urlTemplate":"https:\/\/www.africa-press.net\/mali\/?s={search_term_string}"},"query-input":{"@type":"PropertyValueSpecification","valueRequired":true,"valueName":"search_term_string"}}],"inLanguage":"fr-FR"},{"@type":"Person","@id":"https:\/\/www.africa-press.net\/mali\/#\/schema\/person\/2b1cf3cd81a31e3cd26889ca66d677f1","name":"cfeditorfr"}]}},"_links":{"self":[{"href":"https:\/\/www.africa-press.net\/mali\/wp-json\/wp\/v2\/posts\/31345","targetHints":{"allow":["GET"]}}],"collection":[{"href":"https:\/\/www.africa-press.net\/mali\/wp-json\/wp\/v2\/posts"}],"about":[{"href":"https:\/\/www.africa-press.net\/mali\/wp-json\/wp\/v2\/types\/post"}],"author":[{"embeddable":true,"href":"https:\/\/www.africa-press.net\/mali\/wp-json\/wp\/v2\/users\/82"}],"replies":[{"embeddable":true,"href":"https:\/\/www.africa-press.net\/mali\/wp-json\/wp\/v2\/comments?post=31345"}],"version-history":[{"count":0,"href":"https:\/\/www.africa-press.net\/mali\/wp-json\/wp\/v2\/posts\/31345\/revisions"}],"wp:featuredmedia":[{"embeddable":true,"href":"https:\/\/www.africa-press.net\/mali\/wp-json\/wp\/v2\/media\/31344"}],"wp:attachment":[{"href":"https:\/\/www.africa-press.net\/mali\/wp-json\/wp\/v2\/media?parent=31345"}],"wp:term":[{"taxonomy":"category","embeddable":true,"href":"https:\/\/www.africa-press.net\/mali\/wp-json\/wp\/v2\/categories?post=31345"},{"taxonomy":"post_tag","embeddable":true,"href":"https:\/\/www.africa-press.net\/mali\/wp-json\/wp\/v2\/tags?post=31345"}],"curies":[{"name":"wp","href":"https:\/\/api.w.org\/{rel}","templated":true}]}}