{"id":31350,"date":"2023-03-01T20:23:58","date_gmt":"2023-03-01T20:23:58","guid":{"rendered":"https:\/\/www.africa-press.net\/mali\/politique\/basketball-une-star-malienne-est-nee"},"modified":"2023-03-01T21:16:41","modified_gmt":"2023-03-01T21:16:41","slug":"basketball-une-star-malienne-est-nee","status":"publish","type":"post","link":"https:\/\/www.africa-press.net\/mali\/sports\/basketball-une-star-malienne-est-nee","title":{"rendered":"Basketball : Une star malienne est n\u00e9e"},"content":{"rendered":"<p><span style=\"color: #ff6600\"><strong>Africa-Press &#8211; Mali. <\/strong><\/span>Alors que le Real Madrid et le FC Barcelone se sont affronte\u0301s le dimanche en huitie\u0300me de finale de la Endesa Mini Cup U14, tournoi qui a notamment vu Luka Doncic et Ricky Rubio briller en leur temps, un jeune mutant du nom de Mahamadou Landoure\u0301 a laisse\u0301 bouche be\u0301e tous les observateurs. Il faut dire que le jeune Malien a signe\u0301 un match totalement dingue, qui laisse augurer d\u2019un futur radieux&#8230;<\/p>\n<p>Et si une star e\u0301tait ne\u0301e ? Il faudra patienter de nombreuses anne\u0301es avant d\u2019avoir la re\u0301ponse a\u0300 cette question, mais une chose est su\u0302re : Mahamadou Landoure\u0301 a totalement side\u0301re\u0301 la plane\u0300te basketball avec sa performance en finale de la Endesa Mini Cup 2023, qui mettait aux prises les e\u0301quipes U14 du Real Madrid, ou\u0300 il joue, et du FC Barcelone, pour lequel il a joue\u0301 par le passe\u0301.<\/p>\n<p>La feuille de statistique ubuesque de Mahamadou Landoure\u0301 De\u0301sormais membre des merengue, le Malien de 13 ans seulement a litte\u0301ralement e\u0301crase\u0301 ce match de sa pre\u0301sence. Du haut de ses 2m11 (!), il a passe\u0301 ses 35 minutes sur le parquet a\u0300 de\u0301gou\u0302ter la concurrence, en enchai\u0302nant paniers, contres et rebonds sans jamais faiblir. Et attention, le bilan statistique fait fre\u0301mir.<\/p>\n<p>Une fois la victoire assure\u0301e (84-74) et la coupe en poche, Landoure\u0301 a en effet pu consulter sa feuille de statistiques ahurissante : 56 points a\u0300 21\/29 au tir, 33 rebonds, 5 contres, 14 fautes provoque\u0301es, et une e\u0301valuation totalement dingue de 82.<\/p>\n<p><strong>Pour plus d&rsquo;informations et d&rsquo;analyses sur la <a href=\"https:\/\/www.africa-press.net\/mali\">Mali<\/a>, suivez <a href=\"https:\/\/www.africa-press.net\/\">Africa-Press<\/a><\/strong><\/p>\n","protected":false},"excerpt":{"rendered":"<p>Africa-Press &#8211; Mali. Alors que le Real Madrid et le FC Barcelone se sont affronte\u0301s le dimanche en huitie\u0300me de finale de la Endesa Mini Cup U14, tournoi qui a notamment vu Luka Doncic et Ricky Rubio briller en leur temps, un jeune mutant du nom de Mahamadou Landoure\u0301 a laisse\u0301 bouche be\u0301e tous les [&hellip;]<\/p>\n","protected":false},"author":82,"featured_media":31349,"comment_status":"open","ping_status":"closed","sticky":false,"template":"","format":"standard","meta":{"footnotes":""},"categories":[6,17],"tags":[76,86,19],"class_list":["post-31350","post","type-post","status-publish","format-standard","has-post-thumbnail","hentry","category-sports","category-toutes-les-actualites","tag-africa-press","tag-africa-press-mali","tag-mali"],"yoast_head":"<!-- This site is optimized with the Yoast SEO Premium plugin v26.1 (Yoast SEO v27.0) - https:\/\/yoast.com\/product\/yoast-seo-premium-wordpress\/ -->\n<title>Basketball : Une star malienne est n\u00e9e - Mali<\/title>\n<meta name=\"description\" content=\"Alors que le Real Madrid et le FC Barcelone se sont affronte\u0301s le dimanche en huitie\u0300me de finale de la Endesa Mini Cup ...\" \/>\n<meta name=\"robots\" content=\"index, follow, max-snippet:-1, max-image-preview:large, max-video-preview:-1\" \/>\n<link rel=\"canonical\" href=\"https:\/\/www.africa-press.net\/mali\/sports\/basketball-une-star-malienne-est-nee\" \/>\n<meta property=\"og:locale\" content=\"fr_FR\" \/>\n<meta property=\"og:type\" content=\"article\" \/>\n<meta property=\"og:title\" content=\"Basketball : Une star malienne est n\u00e9e\" \/>\n<meta property=\"og:description\" content=\"Alors que le Real Madrid et le FC Barcelone se sont affronte\u0301s le dimanche en huitie\u0300me de finale de la Endesa Mini Cup ...\" \/>\n<meta property=\"og:url\" content=\"https:\/\/www.africa-press.net\/mali\/sports\/basketball-une-star-malienne-est-nee\" \/>\n<meta property=\"og:site_name\" content=\"Mali\" \/>\n<meta property=\"article:publisher\" content=\"https:\/\/www.facebook.com\/AfricaPressTunisiaa\" \/>\n<meta property=\"article:published_time\" content=\"2023-03-01T20:23:58+00:00\" \/>\n<meta property=\"article:modified_time\" content=\"2023-03-01T21:16:41+00:00\" \/>\n<meta property=\"og:image\" content=\"https:\/\/static.africa-press.net\/mali\/sites\/21\/2023\/03\/postQueueImg_1677689646.17.jpg\" \/>\n\t<meta property=\"og:image:width\" content=\"720\" \/>\n\t<meta property=\"og:image:height\" content=\"498\" \/>\n\t<meta property=\"og:image:type\" content=\"image\/jpeg\" \/>\n<meta name=\"author\" content=\"cfeditorfr\" \/>\n<meta name=\"twitter:card\" content=\"summary_large_image\" \/>\n<meta name=\"twitter:label1\" content=\"\u00c9crit par\" \/>\n\t<meta name=\"twitter:data1\" content=\"cfeditorfr\" \/>\n\t<meta name=\"twitter:label2\" content=\"Dur\u00e9e de lecture estim\u00e9e\" \/>\n\t<meta name=\"twitter:data2\" content=\"1 minute\" \/>\n<script type=\"application\/ld+json\" class=\"yoast-schema-graph\">{\"@context\":\"https:\/\/schema.org\",\"@graph\":[{\"@type\":\"Article\",\"@id\":\"https:\/\/www.africa-press.net\/mali\/sports\/basketball-une-star-malienne-est-nee#article\",\"isPartOf\":{\"@id\":\"https:\/\/www.africa-press.net\/mali\/sports\/basketball-une-star-malienne-est-nee\"},\"author\":{\"name\":\"cfeditorfr\",\"@id\":\"https:\/\/www.africa-press.net\/mali\/#\/schema\/person\/2b1cf3cd81a31e3cd26889ca66d677f1\"},\"headline\":\"Basketball : Une star malienne est n\u00e9e\",\"datePublished\":\"2023-03-01T20:23:58+00:00\",\"dateModified\":\"2023-03-01T21:16:41+00:00\",\"mainEntityOfPage\":{\"@id\":\"https:\/\/www.africa-press.net\/mali\/sports\/basketball-une-star-malienne-est-nee\"},\"wordCount\":279,\"commentCount\":0,\"image\":{\"@id\":\"https:\/\/www.africa-press.net\/mali\/sports\/basketball-une-star-malienne-est-nee#primaryimage\"},\"thumbnailUrl\":\"https:\/\/static.africa-press.net\/mali\/sites\/21\/2023\/03\/postQueueImg_1677689646.17.jpg\",\"keywords\":[\"Africa Press\",\"Africa Press-Mali\",\"mali\"],\"articleSection\":[\"Sports\",\"Toutes les actualit\u00e9s\"],\"inLanguage\":\"fr-FR\",\"potentialAction\":[{\"@type\":\"CommentAction\",\"name\":\"Comment\",\"target\":[\"https:\/\/www.africa-press.net\/mali\/sports\/basketball-une-star-malienne-est-nee#respond\"]}]},{\"@type\":\"WebPage\",\"@id\":\"https:\/\/www.africa-press.net\/mali\/sports\/basketball-une-star-malienne-est-nee\",\"url\":\"https:\/\/www.africa-press.net\/mali\/sports\/basketball-une-star-malienne-est-nee\",\"name\":\"Basketball : Une star malienne est n\u00e9e - Mali\",\"isPartOf\":{\"@id\":\"https:\/\/www.africa-press.net\/mali\/#website\"},\"primaryImageOfPage\":{\"@id\":\"https:\/\/www.africa-press.net\/mali\/sports\/basketball-une-star-malienne-est-nee#primaryimage\"},\"image\":{\"@id\":\"https:\/\/www.africa-press.net\/mali\/sports\/basketball-une-star-malienne-est-nee#primaryimage\"},\"thumbnailUrl\":\"https:\/\/static.africa-press.net\/mali\/sites\/21\/2023\/03\/postQueueImg_1677689646.17.jpg\",\"datePublished\":\"2023-03-01T20:23:58+00:00\",\"dateModified\":\"2023-03-01T21:16:41+00:00\",\"author\":{\"@id\":\"https:\/\/www.africa-press.net\/mali\/#\/schema\/person\/2b1cf3cd81a31e3cd26889ca66d677f1\"},\"description\":\"Alors que le Real Madrid et le FC Barcelone se sont affronte\u0301s le dimanche en huitie\u0300me de finale de la Endesa Mini Cup ...\",\"breadcrumb\":{\"@id\":\"https:\/\/www.africa-press.net\/mali\/sports\/basketball-une-star-malienne-est-nee#breadcrumb\"},\"inLanguage\":\"fr-FR\",\"potentialAction\":[{\"@type\":\"ReadAction\",\"target\":[\"https:\/\/www.africa-press.net\/mali\/sports\/basketball-une-star-malienne-est-nee\"]}]},{\"@type\":\"ImageObject\",\"inLanguage\":\"fr-FR\",\"@id\":\"https:\/\/www.africa-press.net\/mali\/sports\/basketball-une-star-malienne-est-nee#primaryimage\",\"url\":\"https:\/\/static.africa-press.net\/mali\/sites\/21\/2023\/03\/postQueueImg_1677689646.17.jpg\",\"contentUrl\":\"https:\/\/static.africa-press.net\/mali\/sites\/21\/2023\/03\/postQueueImg_1677689646.17.jpg\",\"width\":720,\"height\":498,\"caption\":\"Basketball : Une star malienne est n\u00e9e\"},{\"@type\":\"BreadcrumbList\",\"@id\":\"https:\/\/www.africa-press.net\/mali\/sports\/basketball-une-star-malienne-est-nee#breadcrumb\",\"itemListElement\":[{\"@type\":\"ListItem\",\"position\":1,\"name\":\"Home\",\"item\":\"https:\/\/www.africa-press.net\/mali\/\"},{\"@type\":\"ListItem\",\"position\":2,\"name\":\"Basketball : Une star malienne est n\u00e9e\"}]},{\"@type\":\"WebSite\",\"@id\":\"https:\/\/www.africa-press.net\/mali\/#website\",\"url\":\"https:\/\/www.africa-press.net\/mali\/\",\"name\":\"Mali\",\"description\":\"Just another Africa News Agency Sites site\",\"potentialAction\":[{\"@type\":\"SearchAction\",\"target\":{\"@type\":\"EntryPoint\",\"urlTemplate\":\"https:\/\/www.africa-press.net\/mali\/?s={search_term_string}\"},\"query-input\":{\"@type\":\"PropertyValueSpecification\",\"valueRequired\":true,\"valueName\":\"search_term_string\"}}],\"inLanguage\":\"fr-FR\"},{\"@type\":\"Person\",\"@id\":\"https:\/\/www.africa-press.net\/mali\/#\/schema\/person\/2b1cf3cd81a31e3cd26889ca66d677f1\",\"name\":\"cfeditorfr\"}]}<\/script>\n<!-- \/ Yoast SEO Premium plugin. -->","yoast_head_json":{"title":"Basketball : Une star malienne est n\u00e9e - Mali","description":"Alors que le Real Madrid et le FC Barcelone se sont affronte\u0301s le dimanche en huitie\u0300me de finale de la Endesa Mini Cup ...","robots":{"index":"index","follow":"follow","max-snippet":"max-snippet:-1","max-image-preview":"max-image-preview:large","max-video-preview":"max-video-preview:-1"},"canonical":"https:\/\/www.africa-press.net\/mali\/sports\/basketball-une-star-malienne-est-nee","og_locale":"fr_FR","og_type":"article","og_title":"Basketball : Une star malienne est n\u00e9e","og_description":"Alors que le Real Madrid et le FC Barcelone se sont affronte\u0301s le dimanche en huitie\u0300me de finale de la Endesa Mini Cup ...","og_url":"https:\/\/www.africa-press.net\/mali\/sports\/basketball-une-star-malienne-est-nee","og_site_name":"Mali","article_publisher":"https:\/\/www.facebook.com\/AfricaPressTunisiaa","article_published_time":"2023-03-01T20:23:58+00:00","article_modified_time":"2023-03-01T21:16:41+00:00","og_image":[{"width":720,"height":498,"url":"https:\/\/static.africa-press.net\/mali\/sites\/21\/2023\/03\/postQueueImg_1677689646.17.jpg","type":"image\/jpeg"}],"author":"cfeditorfr","twitter_card":"summary_large_image","twitter_misc":{"\u00c9crit par":"cfeditorfr","Dur\u00e9e de lecture estim\u00e9e":"1 minute"},"schema":{"@context":"https:\/\/schema.org","@graph":[{"@type":"Article","@id":"https:\/\/www.africa-press.net\/mali\/sports\/basketball-une-star-malienne-est-nee#article","isPartOf":{"@id":"https:\/\/www.africa-press.net\/mali\/sports\/basketball-une-star-malienne-est-nee"},"author":{"name":"cfeditorfr","@id":"https:\/\/www.africa-press.net\/mali\/#\/schema\/person\/2b1cf3cd81a31e3cd26889ca66d677f1"},"headline":"Basketball : Une star malienne est n\u00e9e","datePublished":"2023-03-01T20:23:58+00:00","dateModified":"2023-03-01T21:16:41+00:00","mainEntityOfPage":{"@id":"https:\/\/www.africa-press.net\/mali\/sports\/basketball-une-star-malienne-est-nee"},"wordCount":279,"commentCount":0,"image":{"@id":"https:\/\/www.africa-press.net\/mali\/sports\/basketball-une-star-malienne-est-nee#primaryimage"},"thumbnailUrl":"https:\/\/static.africa-press.net\/mali\/sites\/21\/2023\/03\/postQueueImg_1677689646.17.jpg","keywords":["Africa Press","Africa Press-Mali","mali"],"articleSection":["Sports","Toutes les actualit\u00e9s"],"inLanguage":"fr-FR","potentialAction":[{"@type":"CommentAction","name":"Comment","target":["https:\/\/www.africa-press.net\/mali\/sports\/basketball-une-star-malienne-est-nee#respond"]}]},{"@type":"WebPage","@id":"https:\/\/www.africa-press.net\/mali\/sports\/basketball-une-star-malienne-est-nee","url":"https:\/\/www.africa-press.net\/mali\/sports\/basketball-une-star-malienne-est-nee","name":"Basketball : Une star malienne est n\u00e9e - Mali","isPartOf":{"@id":"https:\/\/www.africa-press.net\/mali\/#website"},"primaryImageOfPage":{"@id":"https:\/\/www.africa-press.net\/mali\/sports\/basketball-une-star-malienne-est-nee#primaryimage"},"image":{"@id":"https:\/\/www.africa-press.net\/mali\/sports\/basketball-une-star-malienne-est-nee#primaryimage"},"thumbnailUrl":"https:\/\/static.africa-press.net\/mali\/sites\/21\/2023\/03\/postQueueImg_1677689646.17.jpg","datePublished":"2023-03-01T20:23:58+00:00","dateModified":"2023-03-01T21:16:41+00:00","author":{"@id":"https:\/\/www.africa-press.net\/mali\/#\/schema\/person\/2b1cf3cd81a31e3cd26889ca66d677f1"},"description":"Alors que le Real Madrid et le FC Barcelone se sont affronte\u0301s le dimanche en huitie\u0300me de finale de la Endesa Mini Cup ...","breadcrumb":{"@id":"https:\/\/www.africa-press.net\/mali\/sports\/basketball-une-star-malienne-est-nee#breadcrumb"},"inLanguage":"fr-FR","potentialAction":[{"@type":"ReadAction","target":["https:\/\/www.africa-press.net\/mali\/sports\/basketball-une-star-malienne-est-nee"]}]},{"@type":"ImageObject","inLanguage":"fr-FR","@id":"https:\/\/www.africa-press.net\/mali\/sports\/basketball-une-star-malienne-est-nee#primaryimage","url":"https:\/\/static.africa-press.net\/mali\/sites\/21\/2023\/03\/postQueueImg_1677689646.17.jpg","contentUrl":"https:\/\/static.africa-press.net\/mali\/sites\/21\/2023\/03\/postQueueImg_1677689646.17.jpg","width":720,"height":498,"caption":"Basketball : Une star malienne est n\u00e9e"},{"@type":"BreadcrumbList","@id":"https:\/\/www.africa-press.net\/mali\/sports\/basketball-une-star-malienne-est-nee#breadcrumb","itemListElement":[{"@type":"ListItem","position":1,"name":"Home","item":"https:\/\/www.africa-press.net\/mali\/"},{"@type":"ListItem","position":2,"name":"Basketball : Une star malienne est n\u00e9e"}]},{"@type":"WebSite","@id":"https:\/\/www.africa-press.net\/mali\/#website","url":"https:\/\/www.africa-press.net\/mali\/","name":"Mali","description":"Just another Africa News Agency Sites site","potentialAction":[{"@type":"SearchAction","target":{"@type":"EntryPoint","urlTemplate":"https:\/\/www.africa-press.net\/mali\/?s={search_term_string}"},"query-input":{"@type":"PropertyValueSpecification","valueRequired":true,"valueName":"search_term_string"}}],"inLanguage":"fr-FR"},{"@type":"Person","@id":"https:\/\/www.africa-press.net\/mali\/#\/schema\/person\/2b1cf3cd81a31e3cd26889ca66d677f1","name":"cfeditorfr"}]}},"_links":{"self":[{"href":"https:\/\/www.africa-press.net\/mali\/wp-json\/wp\/v2\/posts\/31350","targetHints":{"allow":["GET"]}}],"collection":[{"href":"https:\/\/www.africa-press.net\/mali\/wp-json\/wp\/v2\/posts"}],"about":[{"href":"https:\/\/www.africa-press.net\/mali\/wp-json\/wp\/v2\/types\/post"}],"author":[{"embeddable":true,"href":"https:\/\/www.africa-press.net\/mali\/wp-json\/wp\/v2\/users\/82"}],"replies":[{"embeddable":true,"href":"https:\/\/www.africa-press.net\/mali\/wp-json\/wp\/v2\/comments?post=31350"}],"version-history":[{"count":0,"href":"https:\/\/www.africa-press.net\/mali\/wp-json\/wp\/v2\/posts\/31350\/revisions"}],"wp:featuredmedia":[{"embeddable":true,"href":"https:\/\/www.africa-press.net\/mali\/wp-json\/wp\/v2\/media\/31349"}],"wp:attachment":[{"href":"https:\/\/www.africa-press.net\/mali\/wp-json\/wp\/v2\/media?parent=31350"}],"wp:term":[{"taxonomy":"category","embeddable":true,"href":"https:\/\/www.africa-press.net\/mali\/wp-json\/wp\/v2\/categories?post=31350"},{"taxonomy":"post_tag","embeddable":true,"href":"https:\/\/www.africa-press.net\/mali\/wp-json\/wp\/v2\/tags?post=31350"}],"curies":[{"name":"wp","href":"https:\/\/api.w.org\/{rel}","templated":true}]}}