{"id":31371,"date":"2023-03-01T21:46:12","date_gmt":"2023-03-01T21:46:12","guid":{"rendered":"https:\/\/www.africa-press.net\/mali\/politique\/le-mali-dassimi-goita-se-dirige-t-il-vers-une-prolongation-de-la-transition"},"modified":"2023-03-01T23:03:03","modified_gmt":"2023-03-01T23:03:03","slug":"le-mali-dassimi-goita-se-dirige-t-il-vers-une-prolongation-de-la-transition","status":"publish","type":"post","link":"https:\/\/www.africa-press.net\/mali\/dossiers\/le-mali-dassimi-goita-se-dirige-t-il-vers-une-prolongation-de-la-transition","title":{"rendered":"Le Mali d\u2019Assimi Go\u00efta se dirige-t-il vers une prolongation de la transition ?"},"content":{"rendered":"<p><b>Par Flore MONTEAU<\/b><\/p>\n<p><span style=\"color: #ff6600\"><strong>Africa-Press &#8211; Mali. <\/strong><\/span>Alors qu\u2019un re\u0301fe\u0301rendum constitutionnel est pre\u0301vu dans trois semaines, tout indique qu\u2019il ne pourra pas se tenir le 19 mars. Un retard qui met en pe\u0301ril la pre\u0301sidentielle de 2024, et pourrait permettre a\u0300 la junte de se maintenir plus longtemps a\u0300 la te\u0302te du Mali.<\/p>\n<p>\u00ab Le document final que je viens de recevoir aujourd\u2019hui cristallisera a\u0300 n\u2019en pas douter l\u2019espoir de la nation tout entie\u0300re quant a\u0300 l\u2019instauration d\u2019une ve\u0301ritable de\u0301mocratie. \u00bb Dans la salle des banquets de Koulouba a\u0300 Bamako, ce lundi 27 fe\u0301vrier, le pre\u0301sident de transition Assimi Goi\u0308ta se fe\u0301licite de la remise du projet de nouvelle constitution. Tre\u0300s attendu, le texte, qui n\u2019a pas encore e\u0301te\u0301 publie\u0301 officiellement, pre\u0301voit notamment que les pouvoirs du pre\u0301sident soit renforce\u0301s. Si ce projet est adopte\u0301, le chef de l\u2019E\u0301tat nommera le Premier ministre et les ministres et \u00ab de\u0301termine[ra] la politique de la Nation \u00bb, alors qu\u2019aujourd\u2019hui le gouvernement en est officiellement charge\u0301. Enfin, \u00ab le gouvernement [sera] responsable devant le pre\u0301sident \u00bb, et non plus devant l\u2019Assemble\u0301e nationale.<\/p>\n<p>Selon le calendrier e\u0301lectoral de transition, cette nouvelle constitution doit e\u0302tre soumise a\u0300 re\u0301fe\u0301rendum le 19 mars. Mais rien n\u2019est moins su\u0302r. Lors de son allocution le pre\u0301sident malien n\u2019a pas e\u0301voque\u0301 la date de cette consultation populaire, et tous les signaux indiquent que ce scrutin sera reporte\u0301.<\/p>\n<p><b>En retard sur le calendrier<\/b><\/p>\n<p>Depuis dix jours, le Conseil national de transition (CNT) est re\u0301uni en session extraordinaire apre\u0300s convocation de dernie\u0300re minute par le pre\u0301sident malien. Comme pour re\u0301pondre a\u0300 ceux qui s\u2019inquie\u0300tent du retard pris sur le chronogramme e\u0301lectoral, plusieurs projets de loi ont depuis e\u0301te\u0301 examine\u0301s. Mardi 26 fe\u0301vrier, la loi e\u0301lectorale a e\u0301te\u0301 adopte\u0301e, e\u0301largissant les bureaux de vote aux garnisons militaires et actant le vote par anticipation des forces arme\u0301es, tre\u0300s mobilise\u0301es sur les diffe\u0301rents fronts face aux jihadistes.<\/p>\n<p>En outre, une nouvelle organisation territoriale et administrative a e\u0301te\u0301 acte\u0301e. Elle dote le Mali de 19 re\u0301gions, 156 cercles, 819 communes et 466 arrondissements, une de\u0301coupage qui doit \u00ab servir de base pour l\u2019organisation du prochain re\u0301fe\u0301rendum et des e\u0301lections ge\u0301ne\u0301rales \u00bb, comme l\u2019a de\u0301clare\u0301 le ministre Abdoulaye Maiga, ministre de l\u2019Administration territoriale et de la De\u0301centralisation.<\/p>\n<p>Pourtant, celui-ci ne cesse de s\u2019e\u0301loigner. Selon Brima Ely Dicko, sociologue et anthropologue, il est de\u0301sormais \u00ab techniquement impossible \u00bb d\u2019organiser cette consultation dans les temps. Pour lui, l\u2019Autorite\u0301 inde\u0301pendante de gestion des e\u0301lections (Aige), cense\u0301e ge\u0301rer le processus e\u0301lectoral, n\u2019est pas pre\u0302te : \u00ab Il faut installer les bureaux administratifs, recruter des agents et les former \u00bb. Et avant de pouvoir soumettre la constitution a\u0300 re\u0301fe\u0301rendum, \u00ab il va falloir la traduire dans toutes les langues, puis la communiquer. Une campagne re\u0301fe\u0301rendaire peut prendre de deux semaines a\u0300 deux mois \u00bb, pre\u0301cise le sociologue.<\/p>\n<p>Parmi les nombreux obstacles rencontre\u0301s, celui des cartes e\u0301lectorales est de taille. Les huit millions d\u2019e\u0301lecteurs maliens doivent re\u0301cupe\u0301rer ce nouveau document qui servira aussi de carte nationale d\u2019identite\u0301 biome\u0301trique se\u0301curise\u0301e. \u00ab Le processus d\u2019enro\u0302lement et d\u2019actualisation des donne\u0301es a commence\u0301 il y a un mois, et n\u2019est pas fini \u00bb, indique Brema Ely Dicko. Ces cartes devront ensuite e\u0302tre produites et distribue\u0301es. \u00ab C\u2019est impossible que nous ayons nos cartes avant le 19 mars \u00bb, conclut-il.<\/p>\n<p><b>Des de\u0301lais techniquement impossibles a\u0300 tenir<\/b><\/p>\n<p>De\u0301ja\u0300 la semaine dernie\u0300re, en marge du colloque international sur le processus e\u0301lectoral qui s\u2019est tenu a\u0300 Bamako, le pre\u0301sident de la Cour constitutionnelle, Amadou Ousmane Toure\u0301, avait reconnu que tout n\u2019e\u0301tait pas re\u0301uni pour que le calendrier soit respecte\u0301. \u00ab Si c\u2019est pour demain, nous ne sommes pas pre\u0302ts, et me\u0302me dans quelques mois nous ne le serons pas \u00bb, avait-il de\u0301clare\u0301, appelant a\u0300 plus de moyens financiers pour tenir les e\u0301lections.<\/p>\n<p>D\u2019autres voix s\u2019e\u0301le\u0300vent pour de\u0301noncer le retard pris. Dans un communique\u0301 datant du 20 fe\u0301vrier, la Coalition pour l\u2019observation citoyenne des e\u0301lections au Mali (Cocem) souligne elle aussi qu\u2019il n\u2019est \u00ab techniquement plus possible de tenir le re\u0301fe\u0301rendum le 19 mars prochain \u00bb. Elle a propose\u0301 une autre date, le 25 juin. La coalition invite le gouvernement de transition a\u0300 \u00ab actualiser et communiquer le nouveau calendrier e\u0301lectoral \u00bb. En effet, le colle\u0300ge e\u0301lectoral qui devait e\u0302tre convoque\u0301 un mois avant le scrutin, soit le 17 fe\u0301vrier dernier, ne l\u2019a toujours e\u0301te\u0301, indique le me\u0302me communique\u0301.<\/p>\n<p>Toujours selon la Cocem, repousser les e\u0301lections permettrait de finaliser d\u2019autres processus essentiels comme le projet de loi sur la modification de la loi e\u0301lectorale, l\u2019actualisation du fichier e\u0301lectoral, la distribution de la carte d\u2019e\u0301lecteurs, la vulgarisation de la nouvelle constitution et la mise en place des coordinations de l\u2019Aige.<\/p>\n<p><b>Renoncer a\u0300 des e\u0301lections interme\u0301diaires ?<\/b><\/p>\n<p>Ce glissement du calendrier suscite d\u2019ores et de\u0301ja\u0300 des inquie\u0301tudes. Le calendrier de la transition pre\u0301voit en effet, apre\u0300s le re\u0301fe\u0301rendum constitutionnel, l\u2019e\u0301lection des collectivite\u0301s territoriales en juin 2023, des le\u0301gislatives en novembre et enfin, l\u2019e\u0301lection pre\u0301sidentielle en fe\u0301vrier 2024. Celle-ci doit mettre fin a\u0300 la transition entame\u0301e en aou\u0302t 2020 par le coup d\u2019E\u0301tat qui a renverse\u0301 Ibrahim Boubacar Kei\u0308ta.<\/p>\n<p>Assimi Goi\u0308ta cherche-t-il par ce biais a\u0300 se maintenir un peu plus au pouvoir ? Ainsi, pour e\u0301viter toute prolongation de la transition, certains pre\u0301conisent de renoncer aux e\u0301lections interme\u0301diaires. \u00ab Une fois le re\u0301fe\u0301rendum de\u0301cale\u0301, tout le reste l\u2019est aussi, a\u0300 moins d\u2019y renoncer. Il faut aller a\u0300 l\u2019essentiel : l\u2019e\u0301lection d\u2019un nouveau pre\u0301sident \u00bb, estime un cadre de l\u2019Adema.<\/p>\n<p>Les attaques jihadistes, brandies par les autorite\u0301s de transition pour expliquer les retards du calendrier e\u0301lectoral, sont pour certains une raison de plus de ne pas se disperser dans de trop nombreuses e\u0301lections. Pour notre interlocuteur, il faut mettre fin a\u0300 la pe\u0301riode de transition au plus vite. \u00ab Avec l\u2019appui de la communaute\u0301 internationale, 80 % des e\u0301lecteurs maliens pourraient voter ce qui est le plus important, l\u2019e\u0301lection d\u2019un Pre\u0301sident \u00bb, conclut-il.<\/p>\n<p>Le glissement du calendrier de la transition est suivi de pre\u0300s par la Cedeao qui a maintenu, lors d\u2019un sommet a\u0300 Addis-Abbeba le 17 fe\u0301vrier, les sanctions contre les autorite\u0301s maliennes. Goodluck Jonathan, le me\u0301diateur de l\u2019organisation re\u0301gionale pour le Mali s\u2019est entretenu trois jours plus tard avec Abdoulaye Mai\u0308ga pour aborder le calendrier de la transition, qui devra prendre en compte le mois de ramadan qui commence le 22 ou 23 mars. Mais sans qu\u2019aucune assurance ne soit apporte\u0301e par les autorite\u0301s maliennes.<\/p>\n<p><strong>Pour plus d&rsquo;informations et d&rsquo;analyses sur la <a href=\"https:\/\/www.africa-press.net\/mali\">Mali<\/a>, suivez <a href=\"https:\/\/www.africa-press.net\/\">Africa-Press<\/a><\/strong><\/p>\n","protected":false},"excerpt":{"rendered":"<p>Par Flore MONTEAU Africa-Press &#8211; Mali. Alors qu\u2019un re\u0301fe\u0301rendum constitutionnel est pre\u0301vu dans trois semaines, tout indique qu\u2019il ne pourra pas se tenir le 19 mars. Un retard qui met en pe\u0301ril la pre\u0301sidentielle de 2024, et pourrait permettre a\u0300 la junte de se maintenir plus longtemps a\u0300 la te\u0302te du Mali. \u00ab Le document [&hellip;]<\/p>\n","protected":false},"author":82,"featured_media":31370,"comment_status":"open","ping_status":"closed","sticky":false,"template":"","format":"standard","meta":{"footnotes":""},"categories":[13,17],"tags":[76,86,19],"class_list":["post-31371","post","type-post","status-publish","format-standard","has-post-thumbnail","hentry","category-dossiers","category-toutes-les-actualites","tag-africa-press","tag-africa-press-mali","tag-mali"],"yoast_head":"<!-- This site is optimized with the Yoast SEO Premium plugin v26.1 (Yoast SEO v27.0) - https:\/\/yoast.com\/product\/yoast-seo-premium-wordpress\/ -->\n<title>Le Mali d\u2019Assimi Go\u00efta se dirige-t-il vers une prolongation de la transition ? - Mali<\/title>\n<meta name=\"description\" content=\"Alors qu\u2019un re\u0301fe\u0301rendum constitutionnel est pre\u0301vu dans trois semaines, tout indique qu\u2019il ne pourra pas se tenir le 19 ...\" \/>\n<meta name=\"robots\" content=\"index, follow, max-snippet:-1, max-image-preview:large, max-video-preview:-1\" \/>\n<link rel=\"canonical\" href=\"https:\/\/www.africa-press.net\/mali\/dossiers\/le-mali-dassimi-goita-se-dirige-t-il-vers-une-prolongation-de-la-transition\" \/>\n<meta property=\"og:locale\" content=\"fr_FR\" \/>\n<meta property=\"og:type\" content=\"article\" \/>\n<meta property=\"og:title\" content=\"Le Mali d\u2019Assimi Go\u00efta se dirige-t-il vers une prolongation de la transition ?\" \/>\n<meta property=\"og:description\" content=\"Alors qu\u2019un re\u0301fe\u0301rendum constitutionnel est pre\u0301vu dans trois semaines, tout indique qu\u2019il ne pourra pas se tenir le 19 ...\" \/>\n<meta property=\"og:url\" content=\"https:\/\/www.africa-press.net\/mali\/dossiers\/le-mali-dassimi-goita-se-dirige-t-il-vers-une-prolongation-de-la-transition\" \/>\n<meta property=\"og:site_name\" content=\"Mali\" \/>\n<meta property=\"article:publisher\" content=\"https:\/\/www.facebook.com\/AfricaPressTunisiaa\" \/>\n<meta property=\"article:published_time\" content=\"2023-03-01T21:46:12+00:00\" \/>\n<meta property=\"article:modified_time\" content=\"2023-03-01T23:03:03+00:00\" \/>\n<meta property=\"og:image\" content=\"https:\/\/static.africa-press.net\/mali\/sites\/21\/2023\/03\/postQueueImg_1677695319.77.jpg\" \/>\n\t<meta property=\"og:image:width\" content=\"1256\" \/>\n\t<meta property=\"og:image:height\" content=\"628\" \/>\n\t<meta property=\"og:image:type\" content=\"image\/jpeg\" \/>\n<meta name=\"author\" content=\"cfeditorfr\" \/>\n<meta name=\"twitter:card\" content=\"summary_large_image\" \/>\n<meta name=\"twitter:label1\" content=\"\u00c9crit par\" \/>\n\t<meta name=\"twitter:data1\" content=\"cfeditorfr\" \/>\n\t<meta name=\"twitter:label2\" content=\"Dur\u00e9e de lecture estim\u00e9e\" \/>\n\t<meta name=\"twitter:data2\" content=\"6 minutes\" \/>\n<script type=\"application\/ld+json\" class=\"yoast-schema-graph\">{\"@context\":\"https:\/\/schema.org\",\"@graph\":[{\"@type\":\"Article\",\"@id\":\"https:\/\/www.africa-press.net\/mali\/dossiers\/le-mali-dassimi-goita-se-dirige-t-il-vers-une-prolongation-de-la-transition#article\",\"isPartOf\":{\"@id\":\"https:\/\/www.africa-press.net\/mali\/dossiers\/le-mali-dassimi-goita-se-dirige-t-il-vers-une-prolongation-de-la-transition\"},\"author\":{\"name\":\"cfeditorfr\",\"@id\":\"https:\/\/www.africa-press.net\/mali\/#\/schema\/person\/2b1cf3cd81a31e3cd26889ca66d677f1\"},\"headline\":\"Le Mali d\u2019Assimi Go\u00efta se dirige-t-il vers une prolongation de la transition ?\",\"datePublished\":\"2023-03-01T21:46:12+00:00\",\"dateModified\":\"2023-03-01T23:03:03+00:00\",\"mainEntityOfPage\":{\"@id\":\"https:\/\/www.africa-press.net\/mali\/dossiers\/le-mali-dassimi-goita-se-dirige-t-il-vers-une-prolongation-de-la-transition\"},\"wordCount\":1237,\"commentCount\":0,\"image\":{\"@id\":\"https:\/\/www.africa-press.net\/mali\/dossiers\/le-mali-dassimi-goita-se-dirige-t-il-vers-une-prolongation-de-la-transition#primaryimage\"},\"thumbnailUrl\":\"https:\/\/static.africa-press.net\/mali\/sites\/21\/2023\/03\/postQueueImg_1677695319.77.jpg\",\"keywords\":[\"Africa Press\",\"Africa Press-Mali\",\"mali\"],\"articleSection\":[\"Dossiers\",\"Toutes les actualit\u00e9s\"],\"inLanguage\":\"fr-FR\",\"potentialAction\":[{\"@type\":\"CommentAction\",\"name\":\"Comment\",\"target\":[\"https:\/\/www.africa-press.net\/mali\/dossiers\/le-mali-dassimi-goita-se-dirige-t-il-vers-une-prolongation-de-la-transition#respond\"]}]},{\"@type\":\"WebPage\",\"@id\":\"https:\/\/www.africa-press.net\/mali\/dossiers\/le-mali-dassimi-goita-se-dirige-t-il-vers-une-prolongation-de-la-transition\",\"url\":\"https:\/\/www.africa-press.net\/mali\/dossiers\/le-mali-dassimi-goita-se-dirige-t-il-vers-une-prolongation-de-la-transition\",\"name\":\"Le Mali d\u2019Assimi Go\u00efta se dirige-t-il vers une prolongation de la transition ? - Mali\",\"isPartOf\":{\"@id\":\"https:\/\/www.africa-press.net\/mali\/#website\"},\"primaryImageOfPage\":{\"@id\":\"https:\/\/www.africa-press.net\/mali\/dossiers\/le-mali-dassimi-goita-se-dirige-t-il-vers-une-prolongation-de-la-transition#primaryimage\"},\"image\":{\"@id\":\"https:\/\/www.africa-press.net\/mali\/dossiers\/le-mali-dassimi-goita-se-dirige-t-il-vers-une-prolongation-de-la-transition#primaryimage\"},\"thumbnailUrl\":\"https:\/\/static.africa-press.net\/mali\/sites\/21\/2023\/03\/postQueueImg_1677695319.77.jpg\",\"datePublished\":\"2023-03-01T21:46:12+00:00\",\"dateModified\":\"2023-03-01T23:03:03+00:00\",\"author\":{\"@id\":\"https:\/\/www.africa-press.net\/mali\/#\/schema\/person\/2b1cf3cd81a31e3cd26889ca66d677f1\"},\"description\":\"Alors qu\u2019un re\u0301fe\u0301rendum constitutionnel est pre\u0301vu dans trois semaines, tout indique qu\u2019il ne pourra pas se tenir le 19 ...\",\"breadcrumb\":{\"@id\":\"https:\/\/www.africa-press.net\/mali\/dossiers\/le-mali-dassimi-goita-se-dirige-t-il-vers-une-prolongation-de-la-transition#breadcrumb\"},\"inLanguage\":\"fr-FR\",\"potentialAction\":[{\"@type\":\"ReadAction\",\"target\":[\"https:\/\/www.africa-press.net\/mali\/dossiers\/le-mali-dassimi-goita-se-dirige-t-il-vers-une-prolongation-de-la-transition\"]}]},{\"@type\":\"ImageObject\",\"inLanguage\":\"fr-FR\",\"@id\":\"https:\/\/www.africa-press.net\/mali\/dossiers\/le-mali-dassimi-goita-se-dirige-t-il-vers-une-prolongation-de-la-transition#primaryimage\",\"url\":\"https:\/\/static.africa-press.net\/mali\/sites\/21\/2023\/03\/postQueueImg_1677695319.77.jpg\",\"contentUrl\":\"https:\/\/static.africa-press.net\/mali\/sites\/21\/2023\/03\/postQueueImg_1677695319.77.jpg\",\"width\":1256,\"height\":628,\"caption\":\"Le Mali d\u2019Assimi Go\u00efta se dirige-t-il vers une prolongation de la transition ?\"},{\"@type\":\"BreadcrumbList\",\"@id\":\"https:\/\/www.africa-press.net\/mali\/dossiers\/le-mali-dassimi-goita-se-dirige-t-il-vers-une-prolongation-de-la-transition#breadcrumb\",\"itemListElement\":[{\"@type\":\"ListItem\",\"position\":1,\"name\":\"Home\",\"item\":\"https:\/\/www.africa-press.net\/mali\/\"},{\"@type\":\"ListItem\",\"position\":2,\"name\":\"Le Mali d\u2019Assimi Go\u00efta se dirige-t-il vers une prolongation de la transition ?\"}]},{\"@type\":\"WebSite\",\"@id\":\"https:\/\/www.africa-press.net\/mali\/#website\",\"url\":\"https:\/\/www.africa-press.net\/mali\/\",\"name\":\"Mali\",\"description\":\"Just another Africa News Agency Sites site\",\"potentialAction\":[{\"@type\":\"SearchAction\",\"target\":{\"@type\":\"EntryPoint\",\"urlTemplate\":\"https:\/\/www.africa-press.net\/mali\/?s={search_term_string}\"},\"query-input\":{\"@type\":\"PropertyValueSpecification\",\"valueRequired\":true,\"valueName\":\"search_term_string\"}}],\"inLanguage\":\"fr-FR\"},{\"@type\":\"Person\",\"@id\":\"https:\/\/www.africa-press.net\/mali\/#\/schema\/person\/2b1cf3cd81a31e3cd26889ca66d677f1\",\"name\":\"cfeditorfr\"}]}<\/script>\n<!-- \/ Yoast SEO Premium plugin. -->","yoast_head_json":{"title":"Le Mali d\u2019Assimi Go\u00efta se dirige-t-il vers une prolongation de la transition ? - Mali","description":"Alors qu\u2019un re\u0301fe\u0301rendum constitutionnel est pre\u0301vu dans trois semaines, tout indique qu\u2019il ne pourra pas se tenir le 19 ...","robots":{"index":"index","follow":"follow","max-snippet":"max-snippet:-1","max-image-preview":"max-image-preview:large","max-video-preview":"max-video-preview:-1"},"canonical":"https:\/\/www.africa-press.net\/mali\/dossiers\/le-mali-dassimi-goita-se-dirige-t-il-vers-une-prolongation-de-la-transition","og_locale":"fr_FR","og_type":"article","og_title":"Le Mali d\u2019Assimi Go\u00efta se dirige-t-il vers une prolongation de la transition ?","og_description":"Alors qu\u2019un re\u0301fe\u0301rendum constitutionnel est pre\u0301vu dans trois semaines, tout indique qu\u2019il ne pourra pas se tenir le 19 ...","og_url":"https:\/\/www.africa-press.net\/mali\/dossiers\/le-mali-dassimi-goita-se-dirige-t-il-vers-une-prolongation-de-la-transition","og_site_name":"Mali","article_publisher":"https:\/\/www.facebook.com\/AfricaPressTunisiaa","article_published_time":"2023-03-01T21:46:12+00:00","article_modified_time":"2023-03-01T23:03:03+00:00","og_image":[{"width":1256,"height":628,"url":"https:\/\/static.africa-press.net\/mali\/sites\/21\/2023\/03\/postQueueImg_1677695319.77.jpg","type":"image\/jpeg"}],"author":"cfeditorfr","twitter_card":"summary_large_image","twitter_misc":{"\u00c9crit par":"cfeditorfr","Dur\u00e9e de lecture estim\u00e9e":"6 minutes"},"schema":{"@context":"https:\/\/schema.org","@graph":[{"@type":"Article","@id":"https:\/\/www.africa-press.net\/mali\/dossiers\/le-mali-dassimi-goita-se-dirige-t-il-vers-une-prolongation-de-la-transition#article","isPartOf":{"@id":"https:\/\/www.africa-press.net\/mali\/dossiers\/le-mali-dassimi-goita-se-dirige-t-il-vers-une-prolongation-de-la-transition"},"author":{"name":"cfeditorfr","@id":"https:\/\/www.africa-press.net\/mali\/#\/schema\/person\/2b1cf3cd81a31e3cd26889ca66d677f1"},"headline":"Le Mali d\u2019Assimi Go\u00efta se dirige-t-il vers une prolongation de la transition ?","datePublished":"2023-03-01T21:46:12+00:00","dateModified":"2023-03-01T23:03:03+00:00","mainEntityOfPage":{"@id":"https:\/\/www.africa-press.net\/mali\/dossiers\/le-mali-dassimi-goita-se-dirige-t-il-vers-une-prolongation-de-la-transition"},"wordCount":1237,"commentCount":0,"image":{"@id":"https:\/\/www.africa-press.net\/mali\/dossiers\/le-mali-dassimi-goita-se-dirige-t-il-vers-une-prolongation-de-la-transition#primaryimage"},"thumbnailUrl":"https:\/\/static.africa-press.net\/mali\/sites\/21\/2023\/03\/postQueueImg_1677695319.77.jpg","keywords":["Africa Press","Africa Press-Mali","mali"],"articleSection":["Dossiers","Toutes les actualit\u00e9s"],"inLanguage":"fr-FR","potentialAction":[{"@type":"CommentAction","name":"Comment","target":["https:\/\/www.africa-press.net\/mali\/dossiers\/le-mali-dassimi-goita-se-dirige-t-il-vers-une-prolongation-de-la-transition#respond"]}]},{"@type":"WebPage","@id":"https:\/\/www.africa-press.net\/mali\/dossiers\/le-mali-dassimi-goita-se-dirige-t-il-vers-une-prolongation-de-la-transition","url":"https:\/\/www.africa-press.net\/mali\/dossiers\/le-mali-dassimi-goita-se-dirige-t-il-vers-une-prolongation-de-la-transition","name":"Le Mali d\u2019Assimi Go\u00efta se dirige-t-il vers une prolongation de la transition ? - Mali","isPartOf":{"@id":"https:\/\/www.africa-press.net\/mali\/#website"},"primaryImageOfPage":{"@id":"https:\/\/www.africa-press.net\/mali\/dossiers\/le-mali-dassimi-goita-se-dirige-t-il-vers-une-prolongation-de-la-transition#primaryimage"},"image":{"@id":"https:\/\/www.africa-press.net\/mali\/dossiers\/le-mali-dassimi-goita-se-dirige-t-il-vers-une-prolongation-de-la-transition#primaryimage"},"thumbnailUrl":"https:\/\/static.africa-press.net\/mali\/sites\/21\/2023\/03\/postQueueImg_1677695319.77.jpg","datePublished":"2023-03-01T21:46:12+00:00","dateModified":"2023-03-01T23:03:03+00:00","author":{"@id":"https:\/\/www.africa-press.net\/mali\/#\/schema\/person\/2b1cf3cd81a31e3cd26889ca66d677f1"},"description":"Alors qu\u2019un re\u0301fe\u0301rendum constitutionnel est pre\u0301vu dans trois semaines, tout indique qu\u2019il ne pourra pas se tenir le 19 ...","breadcrumb":{"@id":"https:\/\/www.africa-press.net\/mali\/dossiers\/le-mali-dassimi-goita-se-dirige-t-il-vers-une-prolongation-de-la-transition#breadcrumb"},"inLanguage":"fr-FR","potentialAction":[{"@type":"ReadAction","target":["https:\/\/www.africa-press.net\/mali\/dossiers\/le-mali-dassimi-goita-se-dirige-t-il-vers-une-prolongation-de-la-transition"]}]},{"@type":"ImageObject","inLanguage":"fr-FR","@id":"https:\/\/www.africa-press.net\/mali\/dossiers\/le-mali-dassimi-goita-se-dirige-t-il-vers-une-prolongation-de-la-transition#primaryimage","url":"https:\/\/static.africa-press.net\/mali\/sites\/21\/2023\/03\/postQueueImg_1677695319.77.jpg","contentUrl":"https:\/\/static.africa-press.net\/mali\/sites\/21\/2023\/03\/postQueueImg_1677695319.77.jpg","width":1256,"height":628,"caption":"Le Mali d\u2019Assimi Go\u00efta se dirige-t-il vers une prolongation de la transition ?"},{"@type":"BreadcrumbList","@id":"https:\/\/www.africa-press.net\/mali\/dossiers\/le-mali-dassimi-goita-se-dirige-t-il-vers-une-prolongation-de-la-transition#breadcrumb","itemListElement":[{"@type":"ListItem","position":1,"name":"Home","item":"https:\/\/www.africa-press.net\/mali\/"},{"@type":"ListItem","position":2,"name":"Le Mali d\u2019Assimi Go\u00efta se dirige-t-il vers une prolongation de la transition ?"}]},{"@type":"WebSite","@id":"https:\/\/www.africa-press.net\/mali\/#website","url":"https:\/\/www.africa-press.net\/mali\/","name":"Mali","description":"Just another Africa News Agency Sites site","potentialAction":[{"@type":"SearchAction","target":{"@type":"EntryPoint","urlTemplate":"https:\/\/www.africa-press.net\/mali\/?s={search_term_string}"},"query-input":{"@type":"PropertyValueSpecification","valueRequired":true,"valueName":"search_term_string"}}],"inLanguage":"fr-FR"},{"@type":"Person","@id":"https:\/\/www.africa-press.net\/mali\/#\/schema\/person\/2b1cf3cd81a31e3cd26889ca66d677f1","name":"cfeditorfr"}]}},"_links":{"self":[{"href":"https:\/\/www.africa-press.net\/mali\/wp-json\/wp\/v2\/posts\/31371","targetHints":{"allow":["GET"]}}],"collection":[{"href":"https:\/\/www.africa-press.net\/mali\/wp-json\/wp\/v2\/posts"}],"about":[{"href":"https:\/\/www.africa-press.net\/mali\/wp-json\/wp\/v2\/types\/post"}],"author":[{"embeddable":true,"href":"https:\/\/www.africa-press.net\/mali\/wp-json\/wp\/v2\/users\/82"}],"replies":[{"embeddable":true,"href":"https:\/\/www.africa-press.net\/mali\/wp-json\/wp\/v2\/comments?post=31371"}],"version-history":[{"count":0,"href":"https:\/\/www.africa-press.net\/mali\/wp-json\/wp\/v2\/posts\/31371\/revisions"}],"wp:featuredmedia":[{"embeddable":true,"href":"https:\/\/www.africa-press.net\/mali\/wp-json\/wp\/v2\/media\/31370"}],"wp:attachment":[{"href":"https:\/\/www.africa-press.net\/mali\/wp-json\/wp\/v2\/media?parent=31371"}],"wp:term":[{"taxonomy":"category","embeddable":true,"href":"https:\/\/www.africa-press.net\/mali\/wp-json\/wp\/v2\/categories?post=31371"},{"taxonomy":"post_tag","embeddable":true,"href":"https:\/\/www.africa-press.net\/mali\/wp-json\/wp\/v2\/tags?post=31371"}],"curies":[{"name":"wp","href":"https:\/\/api.w.org\/{rel}","templated":true}]}}