{"id":31373,"date":"2023-03-01T21:58:39","date_gmt":"2023-03-01T21:58:39","guid":{"rendered":"https:\/\/www.africa-press.net\/mali\/politique\/protestation-contre-le-nepotisme-du-recrutement-dans-les-universites"},"modified":"2023-03-01T23:03:35","modified_gmt":"2023-03-01T23:03:35","slug":"protestation-contre-le-nepotisme-du-recrutement-dans-les-universites","status":"publish","type":"post","link":"https:\/\/www.africa-press.net\/mali\/politique\/protestation-contre-le-nepotisme-du-recrutement-dans-les-universites","title":{"rendered":"protestation contre le \u00abn\u00e9potisme\u00bb du recrutement dans les universit\u00e9s"},"content":{"rendered":"<p><span style=\"color: #ff6600\"><strong>Africa-Press &#8211; Mali. <\/strong><\/span>Le collectif des docteurs vacataires des universite\u0301s, instituts et grandes e\u0301coles du Mali a organise\u0301 mardi 28 fe\u0301vrier un rassemblement devant la cite\u0301 administrative de Bamako et adresse\u0301 une lettre au pre\u0301sident de la transition, le colonel Assimi Goi\u0308ta, pour de\u0301noncer la \u00ab corruption \u00bb et le \u00ab ne\u0301potisme \u00bb dans les processus de recrutement.<\/p>\n<p>\u00ab La fraude qu&rsquo;il y a actuellement dans le recrutement, c&rsquo;est du jamais vu \u00bb, assure un enseignant-chercheur malien. Le collectif des docteurs vacataires des universite\u0301s, instituts et grandes e\u0301coles du Mali de\u0301plore l&rsquo;opacite\u0301 des processus de recrutement et de\u0301nonce des irre\u0301gularite\u0301s et des cas de favoritisme.<\/p>\n<p>Plusieurs chercheurs, membres de ce collectif ou non, enseignant dans des universite\u0301s de la capitale ou a\u0300 Se\u0301gou, se confient anonymement, car certains affirment avoir rec\u0327u des menaces de leur hie\u0301rarchie, d&rsquo;autres craignent simplement d&rsquo;exprimer une parole trop critique dans le contexte politique actuel.<\/p>\n<p>\u00ab Ils favorisent les proches \u00bb<\/p>\n<p>\u00ab Ils ont fait un appel a\u0300 candidatures pour le recrutement de mai\u0302tres-assistants, nous e\u0301tions plus d&rsquo;une vingtaine de candidats. Mais lors de la proclamation des re\u0301sultats, ils ont dit qu&rsquo;une seule personne avait postule\u0301, et c&rsquo;est cette personne qui a e\u0301te\u0301 admise \u00bb, explique l&rsquo;un d&rsquo;eux. Plusieurs candidats joints par RFI assurent que leurs dossiers ont e\u0301te\u0301 e\u0301carte\u0301s, efface\u0301s. \u00ab C&rsquo;est comme s&rsquo;ils n&rsquo;avaient jamais existe\u0301 \u00bb, explique un enseignant-chercheur. \u00ab Ils favorisent les proches des doyens ou des recteurs \u00bb, assure un autre.<\/p>\n<p>Face a\u0300 cette situation, le collectif exige l&rsquo;annulation des recrutements valide\u0301s en octobre dernier par les autorite\u0301s de transition, l\u2019organisation d\u2019une nouvelle session de recrutement \u00ab digne de ce nom \u00bb et la de\u0301mission pure et simple du ministre de l&rsquo;Enseignement supe\u0301rieur, Amadou Keita, qui a refuse\u0301 de recevoir le collectif. Sollicite\u0301 par RFI, le ministe\u0300re n&rsquo;a pas donne\u0301 suite.<\/p>\n<p><strong>Pour plus d&rsquo;informations et d&rsquo;analyses sur la <a href=\"https:\/\/www.africa-press.net\/mali\">Mali<\/a>, suivez <a href=\"https:\/\/www.africa-press.net\/\">Africa-Press<\/a><\/strong><\/p>\n","protected":false},"excerpt":{"rendered":"<p>Africa-Press &#8211; Mali. Le collectif des docteurs vacataires des universite\u0301s, instituts et grandes e\u0301coles du Mali a organise\u0301 mardi 28 fe\u0301vrier un rassemblement devant la cite\u0301 administrative de Bamako et adresse\u0301 une lettre au pre\u0301sident de la transition, le colonel Assimi Goi\u0308ta, pour de\u0301noncer la \u00ab corruption \u00bb et le \u00ab ne\u0301potisme \u00bb dans les [&hellip;]<\/p>\n","protected":false},"author":82,"featured_media":31372,"comment_status":"open","ping_status":"closed","sticky":false,"template":"","format":"standard","meta":{"footnotes":""},"categories":[7,17],"tags":[76,86,19],"class_list":["post-31373","post","type-post","status-publish","format-standard","has-post-thumbnail","hentry","category-politique","category-toutes-les-actualites","tag-africa-press","tag-africa-press-mali","tag-mali"],"yoast_head":"<!-- This site is optimized with the Yoast SEO Premium plugin v26.1 (Yoast SEO v27.0) - https:\/\/yoast.com\/product\/yoast-seo-premium-wordpress\/ -->\n<title>protestation contre le \u00abn\u00e9potisme\u00bb du recrutement dans les universit\u00e9s - Mali<\/title>\n<meta name=\"description\" content=\"Le collectif des docteurs vacataires des universite\u0301s, instituts et grandes e\u0301coles du Mali a organise\u0301 mardi 28 fe\u0301vrie ...\" \/>\n<meta name=\"robots\" content=\"index, follow, max-snippet:-1, max-image-preview:large, max-video-preview:-1\" \/>\n<link rel=\"canonical\" href=\"https:\/\/www.africa-press.net\/mali\/politique\/protestation-contre-le-nepotisme-du-recrutement-dans-les-universites\" \/>\n<meta property=\"og:locale\" content=\"fr_FR\" \/>\n<meta property=\"og:type\" content=\"article\" \/>\n<meta property=\"og:title\" content=\"protestation contre le \u00abn\u00e9potisme\u00bb du recrutement dans les universit\u00e9s\" \/>\n<meta property=\"og:description\" content=\"Le collectif des docteurs vacataires des universite\u0301s, instituts et grandes e\u0301coles du Mali a organise\u0301 mardi 28 fe\u0301vrie ...\" \/>\n<meta property=\"og:url\" content=\"https:\/\/www.africa-press.net\/mali\/politique\/protestation-contre-le-nepotisme-du-recrutement-dans-les-universites\" \/>\n<meta property=\"og:site_name\" content=\"Mali\" \/>\n<meta property=\"article:publisher\" content=\"https:\/\/www.facebook.com\/AfricaPressTunisiaa\" \/>\n<meta property=\"article:published_time\" content=\"2023-03-01T21:58:39+00:00\" \/>\n<meta property=\"article:modified_time\" content=\"2023-03-01T23:03:35+00:00\" \/>\n<meta property=\"og:image\" content=\"https:\/\/static.africa-press.net\/mali\/sites\/21\/2023\/03\/postQueueImg_1677695572.90.jpg\" \/>\n\t<meta property=\"og:image:width\" content=\"980\" \/>\n\t<meta property=\"og:image:height\" content=\"552\" \/>\n\t<meta property=\"og:image:type\" content=\"image\/jpeg\" \/>\n<meta name=\"author\" content=\"cfeditorfr\" \/>\n<meta name=\"twitter:card\" content=\"summary_large_image\" \/>\n<meta name=\"twitter:label1\" content=\"\u00c9crit par\" \/>\n\t<meta name=\"twitter:data1\" content=\"cfeditorfr\" \/>\n\t<meta name=\"twitter:label2\" content=\"Dur\u00e9e de lecture estim\u00e9e\" \/>\n\t<meta name=\"twitter:data2\" content=\"2 minutes\" \/>\n<script type=\"application\/ld+json\" class=\"yoast-schema-graph\">{\"@context\":\"https:\/\/schema.org\",\"@graph\":[{\"@type\":\"Article\",\"@id\":\"https:\/\/www.africa-press.net\/mali\/politique\/protestation-contre-le-nepotisme-du-recrutement-dans-les-universites#article\",\"isPartOf\":{\"@id\":\"https:\/\/www.africa-press.net\/mali\/politique\/protestation-contre-le-nepotisme-du-recrutement-dans-les-universites\"},\"author\":{\"name\":\"cfeditorfr\",\"@id\":\"https:\/\/www.africa-press.net\/mali\/#\/schema\/person\/2b1cf3cd81a31e3cd26889ca66d677f1\"},\"headline\":\"protestation contre le \u00abn\u00e9potisme\u00bb du recrutement dans les universit\u00e9s\",\"datePublished\":\"2023-03-01T21:58:39+00:00\",\"dateModified\":\"2023-03-01T23:03:35+00:00\",\"mainEntityOfPage\":{\"@id\":\"https:\/\/www.africa-press.net\/mali\/politique\/protestation-contre-le-nepotisme-du-recrutement-dans-les-universites\"},\"wordCount\":354,\"commentCount\":0,\"image\":{\"@id\":\"https:\/\/www.africa-press.net\/mali\/politique\/protestation-contre-le-nepotisme-du-recrutement-dans-les-universites#primaryimage\"},\"thumbnailUrl\":\"https:\/\/static.africa-press.net\/mali\/sites\/21\/2023\/03\/postQueueImg_1677695572.90.jpg\",\"keywords\":[\"Africa Press\",\"Africa Press-Mali\",\"mali\"],\"articleSection\":[\"Politique\",\"Toutes les actualit\u00e9s\"],\"inLanguage\":\"fr-FR\",\"potentialAction\":[{\"@type\":\"CommentAction\",\"name\":\"Comment\",\"target\":[\"https:\/\/www.africa-press.net\/mali\/politique\/protestation-contre-le-nepotisme-du-recrutement-dans-les-universites#respond\"]}]},{\"@type\":\"WebPage\",\"@id\":\"https:\/\/www.africa-press.net\/mali\/politique\/protestation-contre-le-nepotisme-du-recrutement-dans-les-universites\",\"url\":\"https:\/\/www.africa-press.net\/mali\/politique\/protestation-contre-le-nepotisme-du-recrutement-dans-les-universites\",\"name\":\"protestation contre le \u00abn\u00e9potisme\u00bb du recrutement dans les universit\u00e9s - Mali\",\"isPartOf\":{\"@id\":\"https:\/\/www.africa-press.net\/mali\/#website\"},\"primaryImageOfPage\":{\"@id\":\"https:\/\/www.africa-press.net\/mali\/politique\/protestation-contre-le-nepotisme-du-recrutement-dans-les-universites#primaryimage\"},\"image\":{\"@id\":\"https:\/\/www.africa-press.net\/mali\/politique\/protestation-contre-le-nepotisme-du-recrutement-dans-les-universites#primaryimage\"},\"thumbnailUrl\":\"https:\/\/static.africa-press.net\/mali\/sites\/21\/2023\/03\/postQueueImg_1677695572.90.jpg\",\"datePublished\":\"2023-03-01T21:58:39+00:00\",\"dateModified\":\"2023-03-01T23:03:35+00:00\",\"author\":{\"@id\":\"https:\/\/www.africa-press.net\/mali\/#\/schema\/person\/2b1cf3cd81a31e3cd26889ca66d677f1\"},\"description\":\"Le collectif des docteurs vacataires des universite\u0301s, instituts et grandes e\u0301coles du Mali a organise\u0301 mardi 28 fe\u0301vrie ...\",\"breadcrumb\":{\"@id\":\"https:\/\/www.africa-press.net\/mali\/politique\/protestation-contre-le-nepotisme-du-recrutement-dans-les-universites#breadcrumb\"},\"inLanguage\":\"fr-FR\",\"potentialAction\":[{\"@type\":\"ReadAction\",\"target\":[\"https:\/\/www.africa-press.net\/mali\/politique\/protestation-contre-le-nepotisme-du-recrutement-dans-les-universites\"]}]},{\"@type\":\"ImageObject\",\"inLanguage\":\"fr-FR\",\"@id\":\"https:\/\/www.africa-press.net\/mali\/politique\/protestation-contre-le-nepotisme-du-recrutement-dans-les-universites#primaryimage\",\"url\":\"https:\/\/static.africa-press.net\/mali\/sites\/21\/2023\/03\/postQueueImg_1677695572.90.jpg\",\"contentUrl\":\"https:\/\/static.africa-press.net\/mali\/sites\/21\/2023\/03\/postQueueImg_1677695572.90.jpg\",\"width\":980,\"height\":552,\"caption\":\"protestation contre le \u00abn\u00e9potisme\u00bb du recrutement dans les universit\u00e9s\"},{\"@type\":\"BreadcrumbList\",\"@id\":\"https:\/\/www.africa-press.net\/mali\/politique\/protestation-contre-le-nepotisme-du-recrutement-dans-les-universites#breadcrumb\",\"itemListElement\":[{\"@type\":\"ListItem\",\"position\":1,\"name\":\"Home\",\"item\":\"https:\/\/www.africa-press.net\/mali\/\"},{\"@type\":\"ListItem\",\"position\":2,\"name\":\"protestation contre le \u00abn\u00e9potisme\u00bb du recrutement dans les universit\u00e9s\"}]},{\"@type\":\"WebSite\",\"@id\":\"https:\/\/www.africa-press.net\/mali\/#website\",\"url\":\"https:\/\/www.africa-press.net\/mali\/\",\"name\":\"Mali\",\"description\":\"Just another Africa News Agency Sites site\",\"potentialAction\":[{\"@type\":\"SearchAction\",\"target\":{\"@type\":\"EntryPoint\",\"urlTemplate\":\"https:\/\/www.africa-press.net\/mali\/?s={search_term_string}\"},\"query-input\":{\"@type\":\"PropertyValueSpecification\",\"valueRequired\":true,\"valueName\":\"search_term_string\"}}],\"inLanguage\":\"fr-FR\"},{\"@type\":\"Person\",\"@id\":\"https:\/\/www.africa-press.net\/mali\/#\/schema\/person\/2b1cf3cd81a31e3cd26889ca66d677f1\",\"name\":\"cfeditorfr\"}]}<\/script>\n<!-- \/ Yoast SEO Premium plugin. -->","yoast_head_json":{"title":"protestation contre le \u00abn\u00e9potisme\u00bb du recrutement dans les universit\u00e9s - Mali","description":"Le collectif des docteurs vacataires des universite\u0301s, instituts et grandes e\u0301coles du Mali a organise\u0301 mardi 28 fe\u0301vrie ...","robots":{"index":"index","follow":"follow","max-snippet":"max-snippet:-1","max-image-preview":"max-image-preview:large","max-video-preview":"max-video-preview:-1"},"canonical":"https:\/\/www.africa-press.net\/mali\/politique\/protestation-contre-le-nepotisme-du-recrutement-dans-les-universites","og_locale":"fr_FR","og_type":"article","og_title":"protestation contre le \u00abn\u00e9potisme\u00bb du recrutement dans les universit\u00e9s","og_description":"Le collectif des docteurs vacataires des universite\u0301s, instituts et grandes e\u0301coles du Mali a organise\u0301 mardi 28 fe\u0301vrie ...","og_url":"https:\/\/www.africa-press.net\/mali\/politique\/protestation-contre-le-nepotisme-du-recrutement-dans-les-universites","og_site_name":"Mali","article_publisher":"https:\/\/www.facebook.com\/AfricaPressTunisiaa","article_published_time":"2023-03-01T21:58:39+00:00","article_modified_time":"2023-03-01T23:03:35+00:00","og_image":[{"width":980,"height":552,"url":"https:\/\/static.africa-press.net\/mali\/sites\/21\/2023\/03\/postQueueImg_1677695572.90.jpg","type":"image\/jpeg"}],"author":"cfeditorfr","twitter_card":"summary_large_image","twitter_misc":{"\u00c9crit par":"cfeditorfr","Dur\u00e9e de lecture estim\u00e9e":"2 minutes"},"schema":{"@context":"https:\/\/schema.org","@graph":[{"@type":"Article","@id":"https:\/\/www.africa-press.net\/mali\/politique\/protestation-contre-le-nepotisme-du-recrutement-dans-les-universites#article","isPartOf":{"@id":"https:\/\/www.africa-press.net\/mali\/politique\/protestation-contre-le-nepotisme-du-recrutement-dans-les-universites"},"author":{"name":"cfeditorfr","@id":"https:\/\/www.africa-press.net\/mali\/#\/schema\/person\/2b1cf3cd81a31e3cd26889ca66d677f1"},"headline":"protestation contre le \u00abn\u00e9potisme\u00bb du recrutement dans les universit\u00e9s","datePublished":"2023-03-01T21:58:39+00:00","dateModified":"2023-03-01T23:03:35+00:00","mainEntityOfPage":{"@id":"https:\/\/www.africa-press.net\/mali\/politique\/protestation-contre-le-nepotisme-du-recrutement-dans-les-universites"},"wordCount":354,"commentCount":0,"image":{"@id":"https:\/\/www.africa-press.net\/mali\/politique\/protestation-contre-le-nepotisme-du-recrutement-dans-les-universites#primaryimage"},"thumbnailUrl":"https:\/\/static.africa-press.net\/mali\/sites\/21\/2023\/03\/postQueueImg_1677695572.90.jpg","keywords":["Africa Press","Africa Press-Mali","mali"],"articleSection":["Politique","Toutes les actualit\u00e9s"],"inLanguage":"fr-FR","potentialAction":[{"@type":"CommentAction","name":"Comment","target":["https:\/\/www.africa-press.net\/mali\/politique\/protestation-contre-le-nepotisme-du-recrutement-dans-les-universites#respond"]}]},{"@type":"WebPage","@id":"https:\/\/www.africa-press.net\/mali\/politique\/protestation-contre-le-nepotisme-du-recrutement-dans-les-universites","url":"https:\/\/www.africa-press.net\/mali\/politique\/protestation-contre-le-nepotisme-du-recrutement-dans-les-universites","name":"protestation contre le \u00abn\u00e9potisme\u00bb du recrutement dans les universit\u00e9s - Mali","isPartOf":{"@id":"https:\/\/www.africa-press.net\/mali\/#website"},"primaryImageOfPage":{"@id":"https:\/\/www.africa-press.net\/mali\/politique\/protestation-contre-le-nepotisme-du-recrutement-dans-les-universites#primaryimage"},"image":{"@id":"https:\/\/www.africa-press.net\/mali\/politique\/protestation-contre-le-nepotisme-du-recrutement-dans-les-universites#primaryimage"},"thumbnailUrl":"https:\/\/static.africa-press.net\/mali\/sites\/21\/2023\/03\/postQueueImg_1677695572.90.jpg","datePublished":"2023-03-01T21:58:39+00:00","dateModified":"2023-03-01T23:03:35+00:00","author":{"@id":"https:\/\/www.africa-press.net\/mali\/#\/schema\/person\/2b1cf3cd81a31e3cd26889ca66d677f1"},"description":"Le collectif des docteurs vacataires des universite\u0301s, instituts et grandes e\u0301coles du Mali a organise\u0301 mardi 28 fe\u0301vrie ...","breadcrumb":{"@id":"https:\/\/www.africa-press.net\/mali\/politique\/protestation-contre-le-nepotisme-du-recrutement-dans-les-universites#breadcrumb"},"inLanguage":"fr-FR","potentialAction":[{"@type":"ReadAction","target":["https:\/\/www.africa-press.net\/mali\/politique\/protestation-contre-le-nepotisme-du-recrutement-dans-les-universites"]}]},{"@type":"ImageObject","inLanguage":"fr-FR","@id":"https:\/\/www.africa-press.net\/mali\/politique\/protestation-contre-le-nepotisme-du-recrutement-dans-les-universites#primaryimage","url":"https:\/\/static.africa-press.net\/mali\/sites\/21\/2023\/03\/postQueueImg_1677695572.90.jpg","contentUrl":"https:\/\/static.africa-press.net\/mali\/sites\/21\/2023\/03\/postQueueImg_1677695572.90.jpg","width":980,"height":552,"caption":"protestation contre le \u00abn\u00e9potisme\u00bb du recrutement dans les universit\u00e9s"},{"@type":"BreadcrumbList","@id":"https:\/\/www.africa-press.net\/mali\/politique\/protestation-contre-le-nepotisme-du-recrutement-dans-les-universites#breadcrumb","itemListElement":[{"@type":"ListItem","position":1,"name":"Home","item":"https:\/\/www.africa-press.net\/mali\/"},{"@type":"ListItem","position":2,"name":"protestation contre le \u00abn\u00e9potisme\u00bb du recrutement dans les universit\u00e9s"}]},{"@type":"WebSite","@id":"https:\/\/www.africa-press.net\/mali\/#website","url":"https:\/\/www.africa-press.net\/mali\/","name":"Mali","description":"Just another Africa News Agency Sites site","potentialAction":[{"@type":"SearchAction","target":{"@type":"EntryPoint","urlTemplate":"https:\/\/www.africa-press.net\/mali\/?s={search_term_string}"},"query-input":{"@type":"PropertyValueSpecification","valueRequired":true,"valueName":"search_term_string"}}],"inLanguage":"fr-FR"},{"@type":"Person","@id":"https:\/\/www.africa-press.net\/mali\/#\/schema\/person\/2b1cf3cd81a31e3cd26889ca66d677f1","name":"cfeditorfr"}]}},"_links":{"self":[{"href":"https:\/\/www.africa-press.net\/mali\/wp-json\/wp\/v2\/posts\/31373","targetHints":{"allow":["GET"]}}],"collection":[{"href":"https:\/\/www.africa-press.net\/mali\/wp-json\/wp\/v2\/posts"}],"about":[{"href":"https:\/\/www.africa-press.net\/mali\/wp-json\/wp\/v2\/types\/post"}],"author":[{"embeddable":true,"href":"https:\/\/www.africa-press.net\/mali\/wp-json\/wp\/v2\/users\/82"}],"replies":[{"embeddable":true,"href":"https:\/\/www.africa-press.net\/mali\/wp-json\/wp\/v2\/comments?post=31373"}],"version-history":[{"count":0,"href":"https:\/\/www.africa-press.net\/mali\/wp-json\/wp\/v2\/posts\/31373\/revisions"}],"wp:featuredmedia":[{"embeddable":true,"href":"https:\/\/www.africa-press.net\/mali\/wp-json\/wp\/v2\/media\/31372"}],"wp:attachment":[{"href":"https:\/\/www.africa-press.net\/mali\/wp-json\/wp\/v2\/media?parent=31373"}],"wp:term":[{"taxonomy":"category","embeddable":true,"href":"https:\/\/www.africa-press.net\/mali\/wp-json\/wp\/v2\/categories?post=31373"},{"taxonomy":"post_tag","embeddable":true,"href":"https:\/\/www.africa-press.net\/mali\/wp-json\/wp\/v2\/tags?post=31373"}],"curies":[{"name":"wp","href":"https:\/\/api.w.org\/{rel}","templated":true}]}}