{"id":31376,"date":"2023-03-01T22:02:58","date_gmt":"2023-03-01T22:02:58","guid":{"rendered":"https:\/\/www.africa-press.net\/mali\/politique\/la-junte-met-en-garde-contre-les-menaces-sur-un-important-accord-de-paix"},"modified":"2023-03-01T23:04:22","modified_gmt":"2023-03-01T23:04:22","slug":"la-junte-met-en-garde-contre-les-menaces-sur-un-important-accord-de-paix","status":"publish","type":"post","link":"https:\/\/www.africa-press.net\/mali\/politique\/la-junte-met-en-garde-contre-les-menaces-sur-un-important-accord-de-paix","title":{"rendered":"la junte met en garde contre les menaces sur un important accord de paix"},"content":{"rendered":"<p><span style=\"color: #ff6600\"><strong>Africa-Press &#8211; Mali. <\/strong><\/span>La junte au pouvoir au Mali a fermement mis en garde l&rsquo;Alge\u0301rie et un certain nombre de partenaires internationaux contre les menaces pesant sur un important accord de paix avec des groupes arme\u0301s du nord du pays, dans un courrier obtenu ce mercredi par l&rsquo;AFP.L&rsquo;un des hommes forts de la junte, le colonel major Ismae\u0308l Wague\u0301, accuse l&rsquo;un des signataires, la Coordination des mouvements de l&rsquo;Azawad (CMA), alliance de groupes inde\u0301pendantistes et autonomistes a\u0300 dominante touare\u0300gue, de violations re\u0301pe\u0301te\u0301es de l&rsquo;accord d&rsquo;Alger de 2015, dans une lettre date\u0301e du 24 fe\u0301vrier et adresse\u0301e au ministre alge\u0301rien des Affaires e\u0301trange\u0300res Ramtane Lamamra. Il va jusqu&rsquo;a\u0300 remettre en question le cre\u0301dit de la me\u0301diation internationale qui appuie la mise en \u0153uvre de cet accord. L&rsquo;Alge\u0301rie est la cheffe de file de cette me\u0301diation qui associe l&rsquo;ONU, des organisations africaines et des partenaires e\u0301trangers. \u00abLe comportement de certains mouvements constitue une entrave a\u0300 la paix\u00bb, dit le ministre. Il accuse la CMA de \u00abcollusion de plus en plus manifeste avec les groupes terroristes\u00bb. \u00abLe gouvernement, tout en restant attache\u0301 a\u0300 la mise en \u0153uvre intelligente de l&rsquo;accord, rejettera d&rsquo;office toute accusation qui serait de nature a\u0300 le tenir responsable des e\u0301ventuelles conse\u0301quences de (sa) violation\u00bb, pre\u0301vient-il.<\/p>\n<p><b>Tensions entre Alger et Bamako<\/b><\/p>\n<p>Cet avertissement intervient dans une pe\u0301riode de vives tensions entre les colonels qui ont pris le pouvoir par la force en 2020 a\u0300 Bamako et les signataires de l&rsquo;accord d&rsquo;Alger, au premier rang desquels la CMA. Le doute va grandissant sur l&rsquo;avenir de l&rsquo;accord. L&rsquo;accord signe\u0301 en 2015 par l&rsquo;E\u0301tat malien et des groupes loyalistes avec la CMA a mis fin aux hostilite\u0301s enclenche\u0301es avec les insurrections inde\u0301pendantiste et salafiste de 2012 dans le nord. Les jihadistes continuent, eux, de combattre et la crise se\u0301curitaire s&rsquo;est propage\u0301e au centre du Mali ainsi qu&rsquo;au Burkina Faso et au Niger voisins.<\/p>\n<p>L&rsquo;accord de 2015 est pre\u0301sente\u0301 par la me\u0301diation internationale comme essentiel en vue d&rsquo;une stabilisation d&rsquo;un pays dans la tourmente. Mais il est mal en point depuis des anne\u0301es. La CMA a annonce\u0301 en de\u0301cembre suspendre sa participation a\u0300 sa mise en \u0153uvre. Un responsable soutenant la junte a pre\u0301dit en fe\u0301vrier une reprise prochaine des hostilite\u0301s.<\/p>\n<p><strong>Pour plus d&rsquo;informations et d&rsquo;analyses sur la <a href=\"https:\/\/www.africa-press.net\/mali\">Mali<\/a>, suivez <a href=\"https:\/\/www.africa-press.net\/\">Africa-Press<\/a><\/strong><\/p>\n","protected":false},"excerpt":{"rendered":"<p>Africa-Press &#8211; Mali. La junte au pouvoir au Mali a fermement mis en garde l&rsquo;Alge\u0301rie et un certain nombre de partenaires internationaux contre les menaces pesant sur un important accord de paix avec des groupes arme\u0301s du nord du pays, dans un courrier obtenu ce mercredi par l&rsquo;AFP.L&rsquo;un des hommes forts de la junte, le [&hellip;]<\/p>\n","protected":false},"author":82,"featured_media":31375,"comment_status":"open","ping_status":"closed","sticky":false,"template":"","format":"standard","meta":{"footnotes":""},"categories":[7,17],"tags":[76,86,19],"class_list":["post-31376","post","type-post","status-publish","format-standard","has-post-thumbnail","hentry","category-politique","category-toutes-les-actualites","tag-africa-press","tag-africa-press-mali","tag-mali"],"yoast_head":"<!-- This site is optimized with the Yoast SEO Premium plugin v26.1 (Yoast SEO v27.0) - https:\/\/yoast.com\/product\/yoast-seo-premium-wordpress\/ -->\n<title>la junte met en garde contre les menaces sur un important accord de paix - Mali<\/title>\n<meta name=\"description\" content=\"La junte au pouvoir au Mali a fermement mis en garde l&#039;Alge\u0301rie et un certain nombre de partenaires internationaux contr ...\" \/>\n<meta name=\"robots\" content=\"index, follow, max-snippet:-1, max-image-preview:large, max-video-preview:-1\" \/>\n<link rel=\"canonical\" href=\"https:\/\/www.africa-press.net\/mali\/politique\/la-junte-met-en-garde-contre-les-menaces-sur-un-important-accord-de-paix\" \/>\n<meta property=\"og:locale\" content=\"fr_FR\" \/>\n<meta property=\"og:type\" content=\"article\" \/>\n<meta property=\"og:title\" content=\"la junte met en garde contre les menaces sur un important accord de paix\" \/>\n<meta property=\"og:description\" content=\"La junte au pouvoir au Mali a fermement mis en garde l&#039;Alge\u0301rie et un certain nombre de partenaires internationaux contr ...\" \/>\n<meta property=\"og:url\" content=\"https:\/\/www.africa-press.net\/mali\/politique\/la-junte-met-en-garde-contre-les-menaces-sur-un-important-accord-de-paix\" \/>\n<meta property=\"og:site_name\" content=\"Mali\" \/>\n<meta property=\"article:publisher\" content=\"https:\/\/www.facebook.com\/AfricaPressTunisiaa\" \/>\n<meta property=\"article:published_time\" content=\"2023-03-01T22:02:58+00:00\" \/>\n<meta property=\"article:modified_time\" content=\"2023-03-01T23:04:22+00:00\" \/>\n<meta property=\"og:image\" content=\"https:\/\/static.africa-press.net\/mali\/sites\/21\/2023\/03\/postQueueImg_1677695797.60.jpg\" \/>\n\t<meta property=\"og:image:width\" content=\"616\" \/>\n\t<meta property=\"og:image:height\" content=\"347\" \/>\n\t<meta property=\"og:image:type\" content=\"image\/jpeg\" \/>\n<meta name=\"author\" content=\"cfeditorfr\" \/>\n<meta name=\"twitter:card\" content=\"summary_large_image\" \/>\n<meta name=\"twitter:label1\" content=\"\u00c9crit par\" \/>\n\t<meta name=\"twitter:data1\" content=\"cfeditorfr\" \/>\n\t<meta name=\"twitter:label2\" content=\"Dur\u00e9e de lecture estim\u00e9e\" \/>\n\t<meta name=\"twitter:data2\" content=\"2 minutes\" \/>\n<script type=\"application\/ld+json\" class=\"yoast-schema-graph\">{\"@context\":\"https:\/\/schema.org\",\"@graph\":[{\"@type\":\"Article\",\"@id\":\"https:\/\/www.africa-press.net\/mali\/politique\/la-junte-met-en-garde-contre-les-menaces-sur-un-important-accord-de-paix#article\",\"isPartOf\":{\"@id\":\"https:\/\/www.africa-press.net\/mali\/politique\/la-junte-met-en-garde-contre-les-menaces-sur-un-important-accord-de-paix\"},\"author\":{\"name\":\"cfeditorfr\",\"@id\":\"https:\/\/www.africa-press.net\/mali\/#\/schema\/person\/2b1cf3cd81a31e3cd26889ca66d677f1\"},\"headline\":\"la junte met en garde contre les menaces sur un important accord de paix\",\"datePublished\":\"2023-03-01T22:02:58+00:00\",\"dateModified\":\"2023-03-01T23:04:22+00:00\",\"mainEntityOfPage\":{\"@id\":\"https:\/\/www.africa-press.net\/mali\/politique\/la-junte-met-en-garde-contre-les-menaces-sur-un-important-accord-de-paix\"},\"wordCount\":447,\"commentCount\":0,\"image\":{\"@id\":\"https:\/\/www.africa-press.net\/mali\/politique\/la-junte-met-en-garde-contre-les-menaces-sur-un-important-accord-de-paix#primaryimage\"},\"thumbnailUrl\":\"https:\/\/static.africa-press.net\/mali\/sites\/21\/2023\/03\/postQueueImg_1677695797.60.jpg\",\"keywords\":[\"Africa Press\",\"Africa Press-Mali\",\"mali\"],\"articleSection\":[\"Politique\",\"Toutes les actualit\u00e9s\"],\"inLanguage\":\"fr-FR\",\"potentialAction\":[{\"@type\":\"CommentAction\",\"name\":\"Comment\",\"target\":[\"https:\/\/www.africa-press.net\/mali\/politique\/la-junte-met-en-garde-contre-les-menaces-sur-un-important-accord-de-paix#respond\"]}]},{\"@type\":\"WebPage\",\"@id\":\"https:\/\/www.africa-press.net\/mali\/politique\/la-junte-met-en-garde-contre-les-menaces-sur-un-important-accord-de-paix\",\"url\":\"https:\/\/www.africa-press.net\/mali\/politique\/la-junte-met-en-garde-contre-les-menaces-sur-un-important-accord-de-paix\",\"name\":\"la junte met en garde contre les menaces sur un important accord de paix - Mali\",\"isPartOf\":{\"@id\":\"https:\/\/www.africa-press.net\/mali\/#website\"},\"primaryImageOfPage\":{\"@id\":\"https:\/\/www.africa-press.net\/mali\/politique\/la-junte-met-en-garde-contre-les-menaces-sur-un-important-accord-de-paix#primaryimage\"},\"image\":{\"@id\":\"https:\/\/www.africa-press.net\/mali\/politique\/la-junte-met-en-garde-contre-les-menaces-sur-un-important-accord-de-paix#primaryimage\"},\"thumbnailUrl\":\"https:\/\/static.africa-press.net\/mali\/sites\/21\/2023\/03\/postQueueImg_1677695797.60.jpg\",\"datePublished\":\"2023-03-01T22:02:58+00:00\",\"dateModified\":\"2023-03-01T23:04:22+00:00\",\"author\":{\"@id\":\"https:\/\/www.africa-press.net\/mali\/#\/schema\/person\/2b1cf3cd81a31e3cd26889ca66d677f1\"},\"description\":\"La junte au pouvoir au Mali a fermement mis en garde l'Alge\u0301rie et un certain nombre de partenaires internationaux contr ...\",\"breadcrumb\":{\"@id\":\"https:\/\/www.africa-press.net\/mali\/politique\/la-junte-met-en-garde-contre-les-menaces-sur-un-important-accord-de-paix#breadcrumb\"},\"inLanguage\":\"fr-FR\",\"potentialAction\":[{\"@type\":\"ReadAction\",\"target\":[\"https:\/\/www.africa-press.net\/mali\/politique\/la-junte-met-en-garde-contre-les-menaces-sur-un-important-accord-de-paix\"]}]},{\"@type\":\"ImageObject\",\"inLanguage\":\"fr-FR\",\"@id\":\"https:\/\/www.africa-press.net\/mali\/politique\/la-junte-met-en-garde-contre-les-menaces-sur-un-important-accord-de-paix#primaryimage\",\"url\":\"https:\/\/static.africa-press.net\/mali\/sites\/21\/2023\/03\/postQueueImg_1677695797.60.jpg\",\"contentUrl\":\"https:\/\/static.africa-press.net\/mali\/sites\/21\/2023\/03\/postQueueImg_1677695797.60.jpg\",\"width\":616,\"height\":347,\"caption\":\"la junte met en garde contre les menaces sur un important accord de paix\"},{\"@type\":\"BreadcrumbList\",\"@id\":\"https:\/\/www.africa-press.net\/mali\/politique\/la-junte-met-en-garde-contre-les-menaces-sur-un-important-accord-de-paix#breadcrumb\",\"itemListElement\":[{\"@type\":\"ListItem\",\"position\":1,\"name\":\"Home\",\"item\":\"https:\/\/www.africa-press.net\/mali\/\"},{\"@type\":\"ListItem\",\"position\":2,\"name\":\"la junte met en garde contre les menaces sur un important accord de paix\"}]},{\"@type\":\"WebSite\",\"@id\":\"https:\/\/www.africa-press.net\/mali\/#website\",\"url\":\"https:\/\/www.africa-press.net\/mali\/\",\"name\":\"Mali\",\"description\":\"Just another Africa News Agency Sites site\",\"potentialAction\":[{\"@type\":\"SearchAction\",\"target\":{\"@type\":\"EntryPoint\",\"urlTemplate\":\"https:\/\/www.africa-press.net\/mali\/?s={search_term_string}\"},\"query-input\":{\"@type\":\"PropertyValueSpecification\",\"valueRequired\":true,\"valueName\":\"search_term_string\"}}],\"inLanguage\":\"fr-FR\"},{\"@type\":\"Person\",\"@id\":\"https:\/\/www.africa-press.net\/mali\/#\/schema\/person\/2b1cf3cd81a31e3cd26889ca66d677f1\",\"name\":\"cfeditorfr\"}]}<\/script>\n<!-- \/ Yoast SEO Premium plugin. -->","yoast_head_json":{"title":"la junte met en garde contre les menaces sur un important accord de paix - Mali","description":"La junte au pouvoir au Mali a fermement mis en garde l'Alge\u0301rie et un certain nombre de partenaires internationaux contr ...","robots":{"index":"index","follow":"follow","max-snippet":"max-snippet:-1","max-image-preview":"max-image-preview:large","max-video-preview":"max-video-preview:-1"},"canonical":"https:\/\/www.africa-press.net\/mali\/politique\/la-junte-met-en-garde-contre-les-menaces-sur-un-important-accord-de-paix","og_locale":"fr_FR","og_type":"article","og_title":"la junte met en garde contre les menaces sur un important accord de paix","og_description":"La junte au pouvoir au Mali a fermement mis en garde l'Alge\u0301rie et un certain nombre de partenaires internationaux contr ...","og_url":"https:\/\/www.africa-press.net\/mali\/politique\/la-junte-met-en-garde-contre-les-menaces-sur-un-important-accord-de-paix","og_site_name":"Mali","article_publisher":"https:\/\/www.facebook.com\/AfricaPressTunisiaa","article_published_time":"2023-03-01T22:02:58+00:00","article_modified_time":"2023-03-01T23:04:22+00:00","og_image":[{"width":616,"height":347,"url":"https:\/\/static.africa-press.net\/mali\/sites\/21\/2023\/03\/postQueueImg_1677695797.60.jpg","type":"image\/jpeg"}],"author":"cfeditorfr","twitter_card":"summary_large_image","twitter_misc":{"\u00c9crit par":"cfeditorfr","Dur\u00e9e de lecture estim\u00e9e":"2 minutes"},"schema":{"@context":"https:\/\/schema.org","@graph":[{"@type":"Article","@id":"https:\/\/www.africa-press.net\/mali\/politique\/la-junte-met-en-garde-contre-les-menaces-sur-un-important-accord-de-paix#article","isPartOf":{"@id":"https:\/\/www.africa-press.net\/mali\/politique\/la-junte-met-en-garde-contre-les-menaces-sur-un-important-accord-de-paix"},"author":{"name":"cfeditorfr","@id":"https:\/\/www.africa-press.net\/mali\/#\/schema\/person\/2b1cf3cd81a31e3cd26889ca66d677f1"},"headline":"la junte met en garde contre les menaces sur un important accord de paix","datePublished":"2023-03-01T22:02:58+00:00","dateModified":"2023-03-01T23:04:22+00:00","mainEntityOfPage":{"@id":"https:\/\/www.africa-press.net\/mali\/politique\/la-junte-met-en-garde-contre-les-menaces-sur-un-important-accord-de-paix"},"wordCount":447,"commentCount":0,"image":{"@id":"https:\/\/www.africa-press.net\/mali\/politique\/la-junte-met-en-garde-contre-les-menaces-sur-un-important-accord-de-paix#primaryimage"},"thumbnailUrl":"https:\/\/static.africa-press.net\/mali\/sites\/21\/2023\/03\/postQueueImg_1677695797.60.jpg","keywords":["Africa Press","Africa Press-Mali","mali"],"articleSection":["Politique","Toutes les actualit\u00e9s"],"inLanguage":"fr-FR","potentialAction":[{"@type":"CommentAction","name":"Comment","target":["https:\/\/www.africa-press.net\/mali\/politique\/la-junte-met-en-garde-contre-les-menaces-sur-un-important-accord-de-paix#respond"]}]},{"@type":"WebPage","@id":"https:\/\/www.africa-press.net\/mali\/politique\/la-junte-met-en-garde-contre-les-menaces-sur-un-important-accord-de-paix","url":"https:\/\/www.africa-press.net\/mali\/politique\/la-junte-met-en-garde-contre-les-menaces-sur-un-important-accord-de-paix","name":"la junte met en garde contre les menaces sur un important accord de paix - Mali","isPartOf":{"@id":"https:\/\/www.africa-press.net\/mali\/#website"},"primaryImageOfPage":{"@id":"https:\/\/www.africa-press.net\/mali\/politique\/la-junte-met-en-garde-contre-les-menaces-sur-un-important-accord-de-paix#primaryimage"},"image":{"@id":"https:\/\/www.africa-press.net\/mali\/politique\/la-junte-met-en-garde-contre-les-menaces-sur-un-important-accord-de-paix#primaryimage"},"thumbnailUrl":"https:\/\/static.africa-press.net\/mali\/sites\/21\/2023\/03\/postQueueImg_1677695797.60.jpg","datePublished":"2023-03-01T22:02:58+00:00","dateModified":"2023-03-01T23:04:22+00:00","author":{"@id":"https:\/\/www.africa-press.net\/mali\/#\/schema\/person\/2b1cf3cd81a31e3cd26889ca66d677f1"},"description":"La junte au pouvoir au Mali a fermement mis en garde l'Alge\u0301rie et un certain nombre de partenaires internationaux contr ...","breadcrumb":{"@id":"https:\/\/www.africa-press.net\/mali\/politique\/la-junte-met-en-garde-contre-les-menaces-sur-un-important-accord-de-paix#breadcrumb"},"inLanguage":"fr-FR","potentialAction":[{"@type":"ReadAction","target":["https:\/\/www.africa-press.net\/mali\/politique\/la-junte-met-en-garde-contre-les-menaces-sur-un-important-accord-de-paix"]}]},{"@type":"ImageObject","inLanguage":"fr-FR","@id":"https:\/\/www.africa-press.net\/mali\/politique\/la-junte-met-en-garde-contre-les-menaces-sur-un-important-accord-de-paix#primaryimage","url":"https:\/\/static.africa-press.net\/mali\/sites\/21\/2023\/03\/postQueueImg_1677695797.60.jpg","contentUrl":"https:\/\/static.africa-press.net\/mali\/sites\/21\/2023\/03\/postQueueImg_1677695797.60.jpg","width":616,"height":347,"caption":"la junte met en garde contre les menaces sur un important accord de paix"},{"@type":"BreadcrumbList","@id":"https:\/\/www.africa-press.net\/mali\/politique\/la-junte-met-en-garde-contre-les-menaces-sur-un-important-accord-de-paix#breadcrumb","itemListElement":[{"@type":"ListItem","position":1,"name":"Home","item":"https:\/\/www.africa-press.net\/mali\/"},{"@type":"ListItem","position":2,"name":"la junte met en garde contre les menaces sur un important accord de paix"}]},{"@type":"WebSite","@id":"https:\/\/www.africa-press.net\/mali\/#website","url":"https:\/\/www.africa-press.net\/mali\/","name":"Mali","description":"Just another Africa News Agency Sites site","potentialAction":[{"@type":"SearchAction","target":{"@type":"EntryPoint","urlTemplate":"https:\/\/www.africa-press.net\/mali\/?s={search_term_string}"},"query-input":{"@type":"PropertyValueSpecification","valueRequired":true,"valueName":"search_term_string"}}],"inLanguage":"fr-FR"},{"@type":"Person","@id":"https:\/\/www.africa-press.net\/mali\/#\/schema\/person\/2b1cf3cd81a31e3cd26889ca66d677f1","name":"cfeditorfr"}]}},"_links":{"self":[{"href":"https:\/\/www.africa-press.net\/mali\/wp-json\/wp\/v2\/posts\/31376","targetHints":{"allow":["GET"]}}],"collection":[{"href":"https:\/\/www.africa-press.net\/mali\/wp-json\/wp\/v2\/posts"}],"about":[{"href":"https:\/\/www.africa-press.net\/mali\/wp-json\/wp\/v2\/types\/post"}],"author":[{"embeddable":true,"href":"https:\/\/www.africa-press.net\/mali\/wp-json\/wp\/v2\/users\/82"}],"replies":[{"embeddable":true,"href":"https:\/\/www.africa-press.net\/mali\/wp-json\/wp\/v2\/comments?post=31376"}],"version-history":[{"count":0,"href":"https:\/\/www.africa-press.net\/mali\/wp-json\/wp\/v2\/posts\/31376\/revisions"}],"wp:featuredmedia":[{"embeddable":true,"href":"https:\/\/www.africa-press.net\/mali\/wp-json\/wp\/v2\/media\/31375"}],"wp:attachment":[{"href":"https:\/\/www.africa-press.net\/mali\/wp-json\/wp\/v2\/media?parent=31376"}],"wp:term":[{"taxonomy":"category","embeddable":true,"href":"https:\/\/www.africa-press.net\/mali\/wp-json\/wp\/v2\/categories?post=31376"},{"taxonomy":"post_tag","embeddable":true,"href":"https:\/\/www.africa-press.net\/mali\/wp-json\/wp\/v2\/tags?post=31376"}],"curies":[{"name":"wp","href":"https:\/\/api.w.org\/{rel}","templated":true}]}}