{"id":31379,"date":"2023-03-01T22:06:37","date_gmt":"2023-03-01T22:06:37","guid":{"rendered":"https:\/\/www.africa-press.net\/mali\/politique\/soldats-decedes-au-mali-letat-a-pris-des-mesures-sociales-pour-accompagner-les-familles"},"modified":"2023-03-01T23:04:47","modified_gmt":"2023-03-01T23:04:47","slug":"soldats-decedes-au-mali-letat-a-pris-des-mesures-sociales-pour-accompagner-les-familles","status":"publish","type":"post","link":"https:\/\/www.africa-press.net\/mali\/top-nouvelles\/soldats-decedes-au-mali-letat-a-pris-des-mesures-sociales-pour-accompagner-les-familles","title":{"rendered":"Soldats d\u00e9c\u00e9d\u00e9s au Mali : L&rsquo;Etat a pris des mesures sociales pour accompagner les familles"},"content":{"rendered":"<p><span style=\"color: #ff6600\"><strong>Africa-Press &#8211; Mali. <\/strong><\/span>Le ministre des Forces Arme\u0301es, Sidiki Kaba a annonce\u0301 mercredi a\u0300 Dakar que l\u2019Etat a pris des mesures sociales fortes pour accompagner les familles des trois soldats tue\u0301s dans le cadre des ope\u0301rations de la Mission multidimensionnelle inte\u0301gre\u0301e des Nations unies pour la stabilisation au Mali (MINUSMA).<\/p>\n<p>\u2018\u2019L&rsquo;E\u0301tat a de\u0301ja\u0300 pris des mesures sociales fortes pour accompagner leurs familles dans le deuil et aussi de fac\u0327on durable inde\u0301pendamment de ce qui est pre\u0301vu par les Nations unies\u2019\u2019, a-t-il dit lors de la ce\u0301re\u0301monie de leve\u0301e de corps des trois Jambars au camp Dial Diop de Dakar, sie\u0300ge de l\u2019Etat major des arme\u0301es se\u0301ne\u0301galaises.<\/p>\n<p>Les soldats Euge\u0300ne Idrissa Badhine Mingou, Ousseynou Diallo et Pierre Tama Boubane ont e\u0301te\u0301 e\u0301leve\u0301s aux rangs de chevaliers dans l\u2019Ordre national du Lion a\u0300 titre Posthume.<\/p>\n<p><strong>Pour plus d&rsquo;informations et d&rsquo;analyses sur la <a href=\"https:\/\/www.africa-press.net\/mali\">Mali<\/a>, suivez <a href=\"https:\/\/www.africa-press.net\/\">Africa-Press<\/a><\/strong><\/p>\n","protected":false},"excerpt":{"rendered":"<p>Africa-Press &#8211; Mali. Le ministre des Forces Arme\u0301es, Sidiki Kaba a annonce\u0301 mercredi a\u0300 Dakar que l\u2019Etat a pris des mesures sociales fortes pour accompagner les familles des trois soldats tue\u0301s dans le cadre des ope\u0301rations de la Mission multidimensionnelle inte\u0301gre\u0301e des Nations unies pour la stabilisation au Mali (MINUSMA). \u2018\u2019L&rsquo;E\u0301tat a de\u0301ja\u0300 pris des [&hellip;]<\/p>\n","protected":false},"author":82,"featured_media":31377,"comment_status":"open","ping_status":"closed","sticky":false,"template":"","format":"standard","meta":{"footnotes":""},"categories":[7,5,17],"tags":[76,86,19],"class_list":["post-31379","post","type-post","status-publish","format-standard","has-post-thumbnail","hentry","category-politique","category-top-nouvelles","category-toutes-les-actualites","tag-africa-press","tag-africa-press-mali","tag-mali"],"yoast_head":"<!-- This site is optimized with the Yoast SEO Premium plugin v26.1 (Yoast SEO v27.0) - https:\/\/yoast.com\/product\/yoast-seo-premium-wordpress\/ -->\n<title>Soldats d\u00e9c\u00e9d\u00e9s au Mali : L&#039;Etat a pris des mesures sociales pour accompagner les familles - Mali<\/title>\n<meta name=\"description\" content=\"Le ministre des Forces Arme\u0301es, Sidiki Kaba a annonce\u0301 mercredi a\u0300 Dakar que l\u2019Etat a pris des mesures sociales fortes p ...\" \/>\n<meta name=\"robots\" content=\"index, follow, max-snippet:-1, max-image-preview:large, max-video-preview:-1\" \/>\n<link rel=\"canonical\" href=\"https:\/\/www.africa-press.net\/mali\/top-nouvelles\/soldats-decedes-au-mali-letat-a-pris-des-mesures-sociales-pour-accompagner-les-familles\" \/>\n<meta property=\"og:locale\" content=\"fr_FR\" \/>\n<meta property=\"og:type\" content=\"article\" \/>\n<meta property=\"og:title\" content=\"Soldats d\u00e9c\u00e9d\u00e9s au Mali : L&#039;Etat a pris des mesures sociales pour accompagner les familles\" \/>\n<meta property=\"og:description\" content=\"Le ministre des Forces Arme\u0301es, Sidiki Kaba a annonce\u0301 mercredi a\u0300 Dakar que l\u2019Etat a pris des mesures sociales fortes p ...\" \/>\n<meta property=\"og:url\" content=\"https:\/\/www.africa-press.net\/mali\/top-nouvelles\/soldats-decedes-au-mali-letat-a-pris-des-mesures-sociales-pour-accompagner-les-familles\" \/>\n<meta property=\"og:site_name\" content=\"Mali\" \/>\n<meta property=\"article:publisher\" content=\"https:\/\/www.facebook.com\/AfricaPressTunisiaa\" \/>\n<meta property=\"article:published_time\" content=\"2023-03-01T22:06:37+00:00\" \/>\n<meta property=\"article:modified_time\" content=\"2023-03-01T23:04:47+00:00\" \/>\n<meta property=\"og:image\" content=\"https:\/\/static.africa-press.net\/mali\/sites\/21\/2023\/03\/postQueueImg_1677695898.44.jpg\" \/>\n\t<meta property=\"og:image:width\" content=\"641\" \/>\n\t<meta property=\"og:image:height\" content=\"408\" \/>\n\t<meta property=\"og:image:type\" content=\"image\/jpeg\" \/>\n<meta name=\"author\" content=\"cfeditorfr\" \/>\n<meta name=\"twitter:card\" content=\"summary_large_image\" \/>\n<meta name=\"twitter:label1\" content=\"\u00c9crit par\" \/>\n\t<meta name=\"twitter:data1\" content=\"cfeditorfr\" \/>\n\t<meta name=\"twitter:label2\" content=\"Dur\u00e9e de lecture estim\u00e9e\" \/>\n\t<meta name=\"twitter:data2\" content=\"1 minute\" \/>\n<script type=\"application\/ld+json\" class=\"yoast-schema-graph\">{\"@context\":\"https:\/\/schema.org\",\"@graph\":[{\"@type\":\"Article\",\"@id\":\"https:\/\/www.africa-press.net\/mali\/top-nouvelles\/soldats-decedes-au-mali-letat-a-pris-des-mesures-sociales-pour-accompagner-les-familles#article\",\"isPartOf\":{\"@id\":\"https:\/\/www.africa-press.net\/mali\/top-nouvelles\/soldats-decedes-au-mali-letat-a-pris-des-mesures-sociales-pour-accompagner-les-familles\"},\"author\":{\"name\":\"cfeditorfr\",\"@id\":\"https:\/\/www.africa-press.net\/mali\/#\/schema\/person\/2b1cf3cd81a31e3cd26889ca66d677f1\"},\"headline\":\"Soldats d\u00e9c\u00e9d\u00e9s au Mali : L&rsquo;Etat a pris des mesures sociales pour accompagner les familles\",\"datePublished\":\"2023-03-01T22:06:37+00:00\",\"dateModified\":\"2023-03-01T23:04:47+00:00\",\"mainEntityOfPage\":{\"@id\":\"https:\/\/www.africa-press.net\/mali\/top-nouvelles\/soldats-decedes-au-mali-letat-a-pris-des-mesures-sociales-pour-accompagner-les-familles\"},\"wordCount\":188,\"commentCount\":0,\"image\":{\"@id\":\"https:\/\/www.africa-press.net\/mali\/top-nouvelles\/soldats-decedes-au-mali-letat-a-pris-des-mesures-sociales-pour-accompagner-les-familles#primaryimage\"},\"thumbnailUrl\":\"https:\/\/static.africa-press.net\/mali\/sites\/21\/2023\/03\/postQueueImg_1677695898.44.jpg\",\"keywords\":[\"Africa Press\",\"Africa Press-Mali\",\"mali\"],\"articleSection\":[\"Politique\",\"Top Nouvelles\",\"Toutes les actualit\u00e9s\"],\"inLanguage\":\"fr-FR\",\"potentialAction\":[{\"@type\":\"CommentAction\",\"name\":\"Comment\",\"target\":[\"https:\/\/www.africa-press.net\/mali\/top-nouvelles\/soldats-decedes-au-mali-letat-a-pris-des-mesures-sociales-pour-accompagner-les-familles#respond\"]}]},{\"@type\":\"WebPage\",\"@id\":\"https:\/\/www.africa-press.net\/mali\/top-nouvelles\/soldats-decedes-au-mali-letat-a-pris-des-mesures-sociales-pour-accompagner-les-familles\",\"url\":\"https:\/\/www.africa-press.net\/mali\/top-nouvelles\/soldats-decedes-au-mali-letat-a-pris-des-mesures-sociales-pour-accompagner-les-familles\",\"name\":\"Soldats d\u00e9c\u00e9d\u00e9s au Mali : L'Etat a pris des mesures sociales pour accompagner les familles - Mali\",\"isPartOf\":{\"@id\":\"https:\/\/www.africa-press.net\/mali\/#website\"},\"primaryImageOfPage\":{\"@id\":\"https:\/\/www.africa-press.net\/mali\/top-nouvelles\/soldats-decedes-au-mali-letat-a-pris-des-mesures-sociales-pour-accompagner-les-familles#primaryimage\"},\"image\":{\"@id\":\"https:\/\/www.africa-press.net\/mali\/top-nouvelles\/soldats-decedes-au-mali-letat-a-pris-des-mesures-sociales-pour-accompagner-les-familles#primaryimage\"},\"thumbnailUrl\":\"https:\/\/static.africa-press.net\/mali\/sites\/21\/2023\/03\/postQueueImg_1677695898.44.jpg\",\"datePublished\":\"2023-03-01T22:06:37+00:00\",\"dateModified\":\"2023-03-01T23:04:47+00:00\",\"author\":{\"@id\":\"https:\/\/www.africa-press.net\/mali\/#\/schema\/person\/2b1cf3cd81a31e3cd26889ca66d677f1\"},\"description\":\"Le ministre des Forces Arme\u0301es, Sidiki Kaba a annonce\u0301 mercredi a\u0300 Dakar que l\u2019Etat a pris des mesures sociales fortes p ...\",\"breadcrumb\":{\"@id\":\"https:\/\/www.africa-press.net\/mali\/top-nouvelles\/soldats-decedes-au-mali-letat-a-pris-des-mesures-sociales-pour-accompagner-les-familles#breadcrumb\"},\"inLanguage\":\"fr-FR\",\"potentialAction\":[{\"@type\":\"ReadAction\",\"target\":[\"https:\/\/www.africa-press.net\/mali\/top-nouvelles\/soldats-decedes-au-mali-letat-a-pris-des-mesures-sociales-pour-accompagner-les-familles\"]}]},{\"@type\":\"ImageObject\",\"inLanguage\":\"fr-FR\",\"@id\":\"https:\/\/www.africa-press.net\/mali\/top-nouvelles\/soldats-decedes-au-mali-letat-a-pris-des-mesures-sociales-pour-accompagner-les-familles#primaryimage\",\"url\":\"https:\/\/static.africa-press.net\/mali\/sites\/21\/2023\/03\/postQueueImg_1677695898.44.jpg\",\"contentUrl\":\"https:\/\/static.africa-press.net\/mali\/sites\/21\/2023\/03\/postQueueImg_1677695898.44.jpg\",\"width\":641,\"height\":408,\"caption\":\"Soldats d\u00e9c\u00e9d\u00e9s au Mali : L'Etat a pris des mesures sociales pour accompagner les familles\"},{\"@type\":\"BreadcrumbList\",\"@id\":\"https:\/\/www.africa-press.net\/mali\/top-nouvelles\/soldats-decedes-au-mali-letat-a-pris-des-mesures-sociales-pour-accompagner-les-familles#breadcrumb\",\"itemListElement\":[{\"@type\":\"ListItem\",\"position\":1,\"name\":\"Home\",\"item\":\"https:\/\/www.africa-press.net\/mali\/\"},{\"@type\":\"ListItem\",\"position\":2,\"name\":\"Soldats d\u00e9c\u00e9d\u00e9s au Mali : L&rsquo;Etat a pris des mesures sociales pour accompagner les familles\"}]},{\"@type\":\"WebSite\",\"@id\":\"https:\/\/www.africa-press.net\/mali\/#website\",\"url\":\"https:\/\/www.africa-press.net\/mali\/\",\"name\":\"Mali\",\"description\":\"Just another Africa News Agency Sites site\",\"potentialAction\":[{\"@type\":\"SearchAction\",\"target\":{\"@type\":\"EntryPoint\",\"urlTemplate\":\"https:\/\/www.africa-press.net\/mali\/?s={search_term_string}\"},\"query-input\":{\"@type\":\"PropertyValueSpecification\",\"valueRequired\":true,\"valueName\":\"search_term_string\"}}],\"inLanguage\":\"fr-FR\"},{\"@type\":\"Person\",\"@id\":\"https:\/\/www.africa-press.net\/mali\/#\/schema\/person\/2b1cf3cd81a31e3cd26889ca66d677f1\",\"name\":\"cfeditorfr\"}]}<\/script>\n<!-- \/ Yoast SEO Premium plugin. -->","yoast_head_json":{"title":"Soldats d\u00e9c\u00e9d\u00e9s au Mali : L'Etat a pris des mesures sociales pour accompagner les familles - Mali","description":"Le ministre des Forces Arme\u0301es, Sidiki Kaba a annonce\u0301 mercredi a\u0300 Dakar que l\u2019Etat a pris des mesures sociales fortes p ...","robots":{"index":"index","follow":"follow","max-snippet":"max-snippet:-1","max-image-preview":"max-image-preview:large","max-video-preview":"max-video-preview:-1"},"canonical":"https:\/\/www.africa-press.net\/mali\/top-nouvelles\/soldats-decedes-au-mali-letat-a-pris-des-mesures-sociales-pour-accompagner-les-familles","og_locale":"fr_FR","og_type":"article","og_title":"Soldats d\u00e9c\u00e9d\u00e9s au Mali : L'Etat a pris des mesures sociales pour accompagner les familles","og_description":"Le ministre des Forces Arme\u0301es, Sidiki Kaba a annonce\u0301 mercredi a\u0300 Dakar que l\u2019Etat a pris des mesures sociales fortes p ...","og_url":"https:\/\/www.africa-press.net\/mali\/top-nouvelles\/soldats-decedes-au-mali-letat-a-pris-des-mesures-sociales-pour-accompagner-les-familles","og_site_name":"Mali","article_publisher":"https:\/\/www.facebook.com\/AfricaPressTunisiaa","article_published_time":"2023-03-01T22:06:37+00:00","article_modified_time":"2023-03-01T23:04:47+00:00","og_image":[{"width":641,"height":408,"url":"https:\/\/static.africa-press.net\/mali\/sites\/21\/2023\/03\/postQueueImg_1677695898.44.jpg","type":"image\/jpeg"}],"author":"cfeditorfr","twitter_card":"summary_large_image","twitter_misc":{"\u00c9crit par":"cfeditorfr","Dur\u00e9e de lecture estim\u00e9e":"1 minute"},"schema":{"@context":"https:\/\/schema.org","@graph":[{"@type":"Article","@id":"https:\/\/www.africa-press.net\/mali\/top-nouvelles\/soldats-decedes-au-mali-letat-a-pris-des-mesures-sociales-pour-accompagner-les-familles#article","isPartOf":{"@id":"https:\/\/www.africa-press.net\/mali\/top-nouvelles\/soldats-decedes-au-mali-letat-a-pris-des-mesures-sociales-pour-accompagner-les-familles"},"author":{"name":"cfeditorfr","@id":"https:\/\/www.africa-press.net\/mali\/#\/schema\/person\/2b1cf3cd81a31e3cd26889ca66d677f1"},"headline":"Soldats d\u00e9c\u00e9d\u00e9s au Mali : L&rsquo;Etat a pris des mesures sociales pour accompagner les familles","datePublished":"2023-03-01T22:06:37+00:00","dateModified":"2023-03-01T23:04:47+00:00","mainEntityOfPage":{"@id":"https:\/\/www.africa-press.net\/mali\/top-nouvelles\/soldats-decedes-au-mali-letat-a-pris-des-mesures-sociales-pour-accompagner-les-familles"},"wordCount":188,"commentCount":0,"image":{"@id":"https:\/\/www.africa-press.net\/mali\/top-nouvelles\/soldats-decedes-au-mali-letat-a-pris-des-mesures-sociales-pour-accompagner-les-familles#primaryimage"},"thumbnailUrl":"https:\/\/static.africa-press.net\/mali\/sites\/21\/2023\/03\/postQueueImg_1677695898.44.jpg","keywords":["Africa Press","Africa Press-Mali","mali"],"articleSection":["Politique","Top Nouvelles","Toutes les actualit\u00e9s"],"inLanguage":"fr-FR","potentialAction":[{"@type":"CommentAction","name":"Comment","target":["https:\/\/www.africa-press.net\/mali\/top-nouvelles\/soldats-decedes-au-mali-letat-a-pris-des-mesures-sociales-pour-accompagner-les-familles#respond"]}]},{"@type":"WebPage","@id":"https:\/\/www.africa-press.net\/mali\/top-nouvelles\/soldats-decedes-au-mali-letat-a-pris-des-mesures-sociales-pour-accompagner-les-familles","url":"https:\/\/www.africa-press.net\/mali\/top-nouvelles\/soldats-decedes-au-mali-letat-a-pris-des-mesures-sociales-pour-accompagner-les-familles","name":"Soldats d\u00e9c\u00e9d\u00e9s au Mali : L'Etat a pris des mesures sociales pour accompagner les familles - Mali","isPartOf":{"@id":"https:\/\/www.africa-press.net\/mali\/#website"},"primaryImageOfPage":{"@id":"https:\/\/www.africa-press.net\/mali\/top-nouvelles\/soldats-decedes-au-mali-letat-a-pris-des-mesures-sociales-pour-accompagner-les-familles#primaryimage"},"image":{"@id":"https:\/\/www.africa-press.net\/mali\/top-nouvelles\/soldats-decedes-au-mali-letat-a-pris-des-mesures-sociales-pour-accompagner-les-familles#primaryimage"},"thumbnailUrl":"https:\/\/static.africa-press.net\/mali\/sites\/21\/2023\/03\/postQueueImg_1677695898.44.jpg","datePublished":"2023-03-01T22:06:37+00:00","dateModified":"2023-03-01T23:04:47+00:00","author":{"@id":"https:\/\/www.africa-press.net\/mali\/#\/schema\/person\/2b1cf3cd81a31e3cd26889ca66d677f1"},"description":"Le ministre des Forces Arme\u0301es, Sidiki Kaba a annonce\u0301 mercredi a\u0300 Dakar que l\u2019Etat a pris des mesures sociales fortes p ...","breadcrumb":{"@id":"https:\/\/www.africa-press.net\/mali\/top-nouvelles\/soldats-decedes-au-mali-letat-a-pris-des-mesures-sociales-pour-accompagner-les-familles#breadcrumb"},"inLanguage":"fr-FR","potentialAction":[{"@type":"ReadAction","target":["https:\/\/www.africa-press.net\/mali\/top-nouvelles\/soldats-decedes-au-mali-letat-a-pris-des-mesures-sociales-pour-accompagner-les-familles"]}]},{"@type":"ImageObject","inLanguage":"fr-FR","@id":"https:\/\/www.africa-press.net\/mali\/top-nouvelles\/soldats-decedes-au-mali-letat-a-pris-des-mesures-sociales-pour-accompagner-les-familles#primaryimage","url":"https:\/\/static.africa-press.net\/mali\/sites\/21\/2023\/03\/postQueueImg_1677695898.44.jpg","contentUrl":"https:\/\/static.africa-press.net\/mali\/sites\/21\/2023\/03\/postQueueImg_1677695898.44.jpg","width":641,"height":408,"caption":"Soldats d\u00e9c\u00e9d\u00e9s au Mali : L'Etat a pris des mesures sociales pour accompagner les familles"},{"@type":"BreadcrumbList","@id":"https:\/\/www.africa-press.net\/mali\/top-nouvelles\/soldats-decedes-au-mali-letat-a-pris-des-mesures-sociales-pour-accompagner-les-familles#breadcrumb","itemListElement":[{"@type":"ListItem","position":1,"name":"Home","item":"https:\/\/www.africa-press.net\/mali\/"},{"@type":"ListItem","position":2,"name":"Soldats d\u00e9c\u00e9d\u00e9s au Mali : L&rsquo;Etat a pris des mesures sociales pour accompagner les familles"}]},{"@type":"WebSite","@id":"https:\/\/www.africa-press.net\/mali\/#website","url":"https:\/\/www.africa-press.net\/mali\/","name":"Mali","description":"Just another Africa News Agency Sites site","potentialAction":[{"@type":"SearchAction","target":{"@type":"EntryPoint","urlTemplate":"https:\/\/www.africa-press.net\/mali\/?s={search_term_string}"},"query-input":{"@type":"PropertyValueSpecification","valueRequired":true,"valueName":"search_term_string"}}],"inLanguage":"fr-FR"},{"@type":"Person","@id":"https:\/\/www.africa-press.net\/mali\/#\/schema\/person\/2b1cf3cd81a31e3cd26889ca66d677f1","name":"cfeditorfr"}]}},"_links":{"self":[{"href":"https:\/\/www.africa-press.net\/mali\/wp-json\/wp\/v2\/posts\/31379","targetHints":{"allow":["GET"]}}],"collection":[{"href":"https:\/\/www.africa-press.net\/mali\/wp-json\/wp\/v2\/posts"}],"about":[{"href":"https:\/\/www.africa-press.net\/mali\/wp-json\/wp\/v2\/types\/post"}],"author":[{"embeddable":true,"href":"https:\/\/www.africa-press.net\/mali\/wp-json\/wp\/v2\/users\/82"}],"replies":[{"embeddable":true,"href":"https:\/\/www.africa-press.net\/mali\/wp-json\/wp\/v2\/comments?post=31379"}],"version-history":[{"count":0,"href":"https:\/\/www.africa-press.net\/mali\/wp-json\/wp\/v2\/posts\/31379\/revisions"}],"wp:featuredmedia":[{"embeddable":true,"href":"https:\/\/www.africa-press.net\/mali\/wp-json\/wp\/v2\/media\/31377"}],"wp:attachment":[{"href":"https:\/\/www.africa-press.net\/mali\/wp-json\/wp\/v2\/media?parent=31379"}],"wp:term":[{"taxonomy":"category","embeddable":true,"href":"https:\/\/www.africa-press.net\/mali\/wp-json\/wp\/v2\/categories?post=31379"},{"taxonomy":"post_tag","embeddable":true,"href":"https:\/\/www.africa-press.net\/mali\/wp-json\/wp\/v2\/tags?post=31379"}],"curies":[{"name":"wp","href":"https:\/\/api.w.org\/{rel}","templated":true}]}}