{"id":31386,"date":"2023-03-02T13:38:40","date_gmt":"2023-03-02T13:38:40","guid":{"rendered":"https:\/\/www.africa-press.net\/mali\/politique\/le-pm-choguel-maiga-a-ouagadougou-loptimisme-dune-victoire-sur-le-terrorisme-partage-avec-les-autorites-du-burkina-faso"},"modified":"2023-03-02T13:49:55","modified_gmt":"2023-03-02T13:49:55","slug":"le-pm-choguel-maiga-a-ouagadougou-loptimisme-dune-victoire-sur-le-terrorisme-partage-avec-les-autorites-du-burkina-faso","status":"publish","type":"post","link":"https:\/\/www.africa-press.net\/mali\/parties\/le-pm-choguel-maiga-a-ouagadougou-loptimisme-dune-victoire-sur-le-terrorisme-partage-avec-les-autorites-du-burkina-faso","title":{"rendered":"LE PM Choguel Ma\u00efga \u00e0 Ouagadougou : L\u2019optimisme d\u2019une victoire sur le terrorisme partag\u00e9 avec les autorit\u00e9s du Burkina Faso"},"content":{"rendered":"<p><span style=\"color: #ff6600\"><strong>Africa-Press &#8211; Mali. <\/strong><\/span>Le Premier ministre, Dr Choguel Kokalla Mai\u0308ga, a se\u0301journe\u0301 la semaine dernie\u0300re (23-26 fe\u0301vrier 2023) a\u0300 Ouagadougou ou\u0300 il est arrive\u0301 le jeudi 23 fe\u0301vrier 2023. A la te\u0302te d\u2019une forte de\u0301le\u0301gation, il a e\u0301te\u0301 accueilli par son homologue du Burkina Faso, M. Apollinaire Joachim Kye\u0301lem de Tambela. Au centre des diffe\u0301rents e\u0301changes, de nombreux sujets d\u2019inte\u0301re\u0302ts communs, notamment la lutte contre le terrorisme qui de\u0301stabilise les deux pays entrai\u0302nant souvent des pertes e\u0301normes au sein des forces arme\u0301es comme le Burkina l\u2019a ve\u0301cu, il y a quelques jours.<\/p>\n<p>\u00abNous perdons des batailles, mais nous allons gagner la guerre contre le terrorisme\u00bb, a martele\u0301 Dr Choguel Kokala Mai\u0308ga interroge\u0301 par la presse a\u0300 son arrive\u0301e dans la capitale burkinabe\u0300. \u00abCe que vous vivez actuellement, nous l\u2019avons e\u0301galement ve\u0301cu. Il fut un temps ou\u0300 au Mali, des villages e\u0301taient rase\u0301s, des camps e\u0301taient attaque\u0301s. Nous avons tenu bon. Ce qui vous arrive aujourd\u2019hui, c\u2019est pour vous de\u0301moraliser. C\u2019est pour que vous doutiez de votre arme\u0301e, car vous avez fait des choix qui ne sont pas du gou\u0302t de tout le monde\u00bb, a-t-il rappele\u0301.<\/p>\n<p>Et de poursuivre, \u00abcomme tous les grands peuples, le peuple burkinabe\u0301 doit e\u0302tre debout, pour soutenir son arme\u0301e. Personne ne viendra vous de\u0301fendre a\u0300 la place de votre arme\u0301e. Il faut que le peuple burkinabe\u0301 soit derrie\u0300re son arme\u0301e\u00bb. Et le chef du gouvernement malien ne doute pas d\u2019une victoire sur les forces du mal au Mali et Burkina voire au Sahel. \u00abNous sommes su\u0302rs que le terrorisme sera vaincu au Sahel parce que la guerre des sahe\u0301liens est une guerre juste. Nous perdons certes des batailles, mais nous allons gagner cette guerre. Il faut que cela soit clair, nous allons la gagner avec nos arme\u0301es&#8230;\u00bb, a-t-il affirme\u0301.<\/p>\n<p>Cette visite avait aussi pour objectif de renforcer la coope\u0301ration bilate\u0301rale entre les deux pays. \u00abEn re\u0301alite\u0301, nos peuples sont en avance sur nous. Par exemple, quand il y a eu l\u2019embargo ille\u0301gal, ille\u0301gitime et inhumain contre le Mali, les frontie\u0300res ae\u0301riennes ont e\u0301te\u0301 ferme\u0301es, mais nos peuples ont de\u0301gage\u0301 les frontie\u0300res terrestres. Donc, il faut nous adapter a\u0300 ce que veulent nos peuples\u00bb, a souligne\u0301 Choguel.<\/p>\n<p>\u00abNous devons intensifier notre coope\u0301ration et, les jours a\u0300 venir, nous allons aller dans le sens de la volonte\u0301 de nos peuples. Avec les orientations de nos chefs d\u2019Etat, nos e\u0301quipes gouvernementales et nos assemble\u0301es nationales transitoires vont travailler pour aller dans le me\u0302me sens que nos populations\u00bb, a-t-il assure\u0301.<\/p>\n<p>Le Premier ministre a e\u0301te\u0301 rec\u0327u en audience vendredi dernier (24 fe\u0301vrier 2023) par le pre\u0301sident de la Transition du Faso, Capitaine Ibrahim Traore\u0301 \u00abNous sommes venus rendre compte au chef de l\u2019e\u0301tat des conclusions du conseil des ministres conjoints que nous venons de tenir\u00bb, a de\u0301clare\u0301 son homologue burkinabe\u0301 dans une interview accorde\u0301e a\u0300 la presse a\u0300 la sortie de l\u2019audience.<\/p>\n<p>A noter aussi que Choguel Kokalla Mai\u0308ga a pris part samedi (25 fe\u0301vrier 2023) a\u0300 la ce\u0301re\u0301monie d\u2019ouverture de la 28e e\u0301dition du Festival panafricain du cine\u0301ma et de la te\u0301le\u0301vision de Ouagadougou (FESPACO) dont le Mali est le pays invite\u0301 d\u2019honneur !<\/p>\n<p><strong>Pour plus d&rsquo;informations et d&rsquo;analyses sur la <a href=\"https:\/\/www.africa-press.net\/mali\">Mali<\/a>, suivez <a href=\"https:\/\/www.africa-press.net\/\">Africa-Press<\/a><\/strong><\/p>\n","protected":false},"excerpt":{"rendered":"<p>Africa-Press &#8211; Mali. Le Premier ministre, Dr Choguel Kokalla Mai\u0308ga, a se\u0301journe\u0301 la semaine dernie\u0300re (23-26 fe\u0301vrier 2023) a\u0300 Ouagadougou ou\u0300 il est arrive\u0301 le jeudi 23 fe\u0301vrier 2023. A la te\u0302te d\u2019une forte de\u0301le\u0301gation, il a e\u0301te\u0301 accueilli par son homologue du Burkina Faso, M. Apollinaire Joachim Kye\u0301lem de Tambela. Au centre des diffe\u0301rents [&hellip;]<\/p>\n","protected":false},"author":82,"featured_media":31385,"comment_status":"open","ping_status":"closed","sticky":false,"template":"","format":"standard","meta":{"footnotes":""},"categories":[10,17],"tags":[76,86,19],"class_list":["post-31386","post","type-post","status-publish","format-standard","has-post-thumbnail","hentry","category-parties","category-toutes-les-actualites","tag-africa-press","tag-africa-press-mali","tag-mali"],"yoast_head":"<!-- This site is optimized with the Yoast SEO Premium plugin v26.1 (Yoast SEO v27.0) - https:\/\/yoast.com\/product\/yoast-seo-premium-wordpress\/ -->\n<title>LE PM Choguel Ma\u00efga \u00e0 Ouagadougou : L\u2019optimisme d\u2019une victoire sur le terrorisme partag\u00e9 avec les autorit\u00e9s du Burkina Faso - Mali<\/title>\n<meta name=\"description\" content=\"Le Premier ministre, Dr Choguel Kokalla Mai\u0308ga, a se\u0301journe\u0301 la semaine dernie\u0300re (23-26 fe\u0301vrier 2023) a\u0300 Ouagadougou o ...\" \/>\n<meta name=\"robots\" content=\"index, follow, max-snippet:-1, max-image-preview:large, max-video-preview:-1\" \/>\n<link rel=\"canonical\" href=\"https:\/\/www.africa-press.net\/mali\/parties\/le-pm-choguel-maiga-a-ouagadougou-loptimisme-dune-victoire-sur-le-terrorisme-partage-avec-les-autorites-du-burkina-faso\" \/>\n<meta property=\"og:locale\" content=\"fr_FR\" \/>\n<meta property=\"og:type\" content=\"article\" \/>\n<meta property=\"og:title\" content=\"LE PM Choguel Ma\u00efga \u00e0 Ouagadougou : L\u2019optimisme d\u2019une victoire sur le terrorisme partag\u00e9 avec les autorit\u00e9s du Burkina Faso\" \/>\n<meta property=\"og:description\" content=\"Le Premier ministre, Dr Choguel Kokalla Mai\u0308ga, a se\u0301journe\u0301 la semaine dernie\u0300re (23-26 fe\u0301vrier 2023) a\u0300 Ouagadougou o ...\" \/>\n<meta property=\"og:url\" content=\"https:\/\/www.africa-press.net\/mali\/parties\/le-pm-choguel-maiga-a-ouagadougou-loptimisme-dune-victoire-sur-le-terrorisme-partage-avec-les-autorites-du-burkina-faso\" \/>\n<meta property=\"og:site_name\" content=\"Mali\" \/>\n<meta property=\"article:publisher\" content=\"https:\/\/www.facebook.com\/AfricaPressTunisiaa\" \/>\n<meta property=\"article:published_time\" content=\"2023-03-02T13:38:40+00:00\" \/>\n<meta property=\"article:modified_time\" content=\"2023-03-02T13:49:55+00:00\" \/>\n<meta property=\"og:image\" content=\"https:\/\/static.africa-press.net\/mali\/sites\/21\/2023\/03\/postQueueImg_1677751732.82.jpg\" \/>\n\t<meta property=\"og:image:width\" content=\"720\" \/>\n\t<meta property=\"og:image:height\" content=\"717\" \/>\n\t<meta property=\"og:image:type\" content=\"image\/jpeg\" \/>\n<meta name=\"author\" content=\"cfeditorfr\" \/>\n<meta name=\"twitter:card\" content=\"summary_large_image\" \/>\n<meta name=\"twitter:label1\" content=\"\u00c9crit par\" \/>\n\t<meta name=\"twitter:data1\" content=\"cfeditorfr\" \/>\n\t<meta name=\"twitter:label2\" content=\"Dur\u00e9e de lecture estim\u00e9e\" \/>\n\t<meta name=\"twitter:data2\" content=\"3 minutes\" \/>\n<script type=\"application\/ld+json\" class=\"yoast-schema-graph\">{\"@context\":\"https:\/\/schema.org\",\"@graph\":[{\"@type\":\"Article\",\"@id\":\"https:\/\/www.africa-press.net\/mali\/parties\/le-pm-choguel-maiga-a-ouagadougou-loptimisme-dune-victoire-sur-le-terrorisme-partage-avec-les-autorites-du-burkina-faso#article\",\"isPartOf\":{\"@id\":\"https:\/\/www.africa-press.net\/mali\/parties\/le-pm-choguel-maiga-a-ouagadougou-loptimisme-dune-victoire-sur-le-terrorisme-partage-avec-les-autorites-du-burkina-faso\"},\"author\":{\"name\":\"cfeditorfr\",\"@id\":\"https:\/\/www.africa-press.net\/mali\/#\/schema\/person\/2b1cf3cd81a31e3cd26889ca66d677f1\"},\"headline\":\"LE PM Choguel Ma\u00efga \u00e0 Ouagadougou : L\u2019optimisme d\u2019une victoire sur le terrorisme partag\u00e9 avec les autorit\u00e9s du Burkina Faso\",\"datePublished\":\"2023-03-02T13:38:40+00:00\",\"dateModified\":\"2023-03-02T13:49:55+00:00\",\"mainEntityOfPage\":{\"@id\":\"https:\/\/www.africa-press.net\/mali\/parties\/le-pm-choguel-maiga-a-ouagadougou-loptimisme-dune-victoire-sur-le-terrorisme-partage-avec-les-autorites-du-burkina-faso\"},\"wordCount\":624,\"commentCount\":0,\"image\":{\"@id\":\"https:\/\/www.africa-press.net\/mali\/parties\/le-pm-choguel-maiga-a-ouagadougou-loptimisme-dune-victoire-sur-le-terrorisme-partage-avec-les-autorites-du-burkina-faso#primaryimage\"},\"thumbnailUrl\":\"https:\/\/static.africa-press.net\/mali\/sites\/21\/2023\/03\/postQueueImg_1677751732.82.jpg\",\"keywords\":[\"Africa Press\",\"Africa Press-Mali\",\"mali\"],\"articleSection\":[\"Parties\",\"Toutes les actualit\u00e9s\"],\"inLanguage\":\"fr-FR\",\"potentialAction\":[{\"@type\":\"CommentAction\",\"name\":\"Comment\",\"target\":[\"https:\/\/www.africa-press.net\/mali\/parties\/le-pm-choguel-maiga-a-ouagadougou-loptimisme-dune-victoire-sur-le-terrorisme-partage-avec-les-autorites-du-burkina-faso#respond\"]}]},{\"@type\":\"WebPage\",\"@id\":\"https:\/\/www.africa-press.net\/mali\/parties\/le-pm-choguel-maiga-a-ouagadougou-loptimisme-dune-victoire-sur-le-terrorisme-partage-avec-les-autorites-du-burkina-faso\",\"url\":\"https:\/\/www.africa-press.net\/mali\/parties\/le-pm-choguel-maiga-a-ouagadougou-loptimisme-dune-victoire-sur-le-terrorisme-partage-avec-les-autorites-du-burkina-faso\",\"name\":\"LE PM Choguel Ma\u00efga \u00e0 Ouagadougou : L\u2019optimisme d\u2019une victoire sur le terrorisme partag\u00e9 avec les autorit\u00e9s du Burkina Faso - Mali\",\"isPartOf\":{\"@id\":\"https:\/\/www.africa-press.net\/mali\/#website\"},\"primaryImageOfPage\":{\"@id\":\"https:\/\/www.africa-press.net\/mali\/parties\/le-pm-choguel-maiga-a-ouagadougou-loptimisme-dune-victoire-sur-le-terrorisme-partage-avec-les-autorites-du-burkina-faso#primaryimage\"},\"image\":{\"@id\":\"https:\/\/www.africa-press.net\/mali\/parties\/le-pm-choguel-maiga-a-ouagadougou-loptimisme-dune-victoire-sur-le-terrorisme-partage-avec-les-autorites-du-burkina-faso#primaryimage\"},\"thumbnailUrl\":\"https:\/\/static.africa-press.net\/mali\/sites\/21\/2023\/03\/postQueueImg_1677751732.82.jpg\",\"datePublished\":\"2023-03-02T13:38:40+00:00\",\"dateModified\":\"2023-03-02T13:49:55+00:00\",\"author\":{\"@id\":\"https:\/\/www.africa-press.net\/mali\/#\/schema\/person\/2b1cf3cd81a31e3cd26889ca66d677f1\"},\"description\":\"Le Premier ministre, Dr Choguel Kokalla Mai\u0308ga, a se\u0301journe\u0301 la semaine dernie\u0300re (23-26 fe\u0301vrier 2023) a\u0300 Ouagadougou o ...\",\"breadcrumb\":{\"@id\":\"https:\/\/www.africa-press.net\/mali\/parties\/le-pm-choguel-maiga-a-ouagadougou-loptimisme-dune-victoire-sur-le-terrorisme-partage-avec-les-autorites-du-burkina-faso#breadcrumb\"},\"inLanguage\":\"fr-FR\",\"potentialAction\":[{\"@type\":\"ReadAction\",\"target\":[\"https:\/\/www.africa-press.net\/mali\/parties\/le-pm-choguel-maiga-a-ouagadougou-loptimisme-dune-victoire-sur-le-terrorisme-partage-avec-les-autorites-du-burkina-faso\"]}]},{\"@type\":\"ImageObject\",\"inLanguage\":\"fr-FR\",\"@id\":\"https:\/\/www.africa-press.net\/mali\/parties\/le-pm-choguel-maiga-a-ouagadougou-loptimisme-dune-victoire-sur-le-terrorisme-partage-avec-les-autorites-du-burkina-faso#primaryimage\",\"url\":\"https:\/\/static.africa-press.net\/mali\/sites\/21\/2023\/03\/postQueueImg_1677751732.82.jpg\",\"contentUrl\":\"https:\/\/static.africa-press.net\/mali\/sites\/21\/2023\/03\/postQueueImg_1677751732.82.jpg\",\"width\":720,\"height\":717,\"caption\":\"LE PM Choguel Ma\u00efga \u00e0 Ouagadougou : L\u2019optimisme d\u2019une victoire sur le terrorisme partag\u00e9 avec les autorit\u00e9s du Burkina Faso\"},{\"@type\":\"BreadcrumbList\",\"@id\":\"https:\/\/www.africa-press.net\/mali\/parties\/le-pm-choguel-maiga-a-ouagadougou-loptimisme-dune-victoire-sur-le-terrorisme-partage-avec-les-autorites-du-burkina-faso#breadcrumb\",\"itemListElement\":[{\"@type\":\"ListItem\",\"position\":1,\"name\":\"Home\",\"item\":\"https:\/\/www.africa-press.net\/mali\/\"},{\"@type\":\"ListItem\",\"position\":2,\"name\":\"LE PM Choguel Ma\u00efga \u00e0 Ouagadougou : L\u2019optimisme d\u2019une victoire sur le terrorisme partag\u00e9 avec les autorit\u00e9s du Burkina Faso\"}]},{\"@type\":\"WebSite\",\"@id\":\"https:\/\/www.africa-press.net\/mali\/#website\",\"url\":\"https:\/\/www.africa-press.net\/mali\/\",\"name\":\"Mali\",\"description\":\"Just another Africa News Agency Sites site\",\"potentialAction\":[{\"@type\":\"SearchAction\",\"target\":{\"@type\":\"EntryPoint\",\"urlTemplate\":\"https:\/\/www.africa-press.net\/mali\/?s={search_term_string}\"},\"query-input\":{\"@type\":\"PropertyValueSpecification\",\"valueRequired\":true,\"valueName\":\"search_term_string\"}}],\"inLanguage\":\"fr-FR\"},{\"@type\":\"Person\",\"@id\":\"https:\/\/www.africa-press.net\/mali\/#\/schema\/person\/2b1cf3cd81a31e3cd26889ca66d677f1\",\"name\":\"cfeditorfr\"}]}<\/script>\n<!-- \/ Yoast SEO Premium plugin. -->","yoast_head_json":{"title":"LE PM Choguel Ma\u00efga \u00e0 Ouagadougou : L\u2019optimisme d\u2019une victoire sur le terrorisme partag\u00e9 avec les autorit\u00e9s du Burkina Faso - Mali","description":"Le Premier ministre, Dr Choguel Kokalla Mai\u0308ga, a se\u0301journe\u0301 la semaine dernie\u0300re (23-26 fe\u0301vrier 2023) a\u0300 Ouagadougou o ...","robots":{"index":"index","follow":"follow","max-snippet":"max-snippet:-1","max-image-preview":"max-image-preview:large","max-video-preview":"max-video-preview:-1"},"canonical":"https:\/\/www.africa-press.net\/mali\/parties\/le-pm-choguel-maiga-a-ouagadougou-loptimisme-dune-victoire-sur-le-terrorisme-partage-avec-les-autorites-du-burkina-faso","og_locale":"fr_FR","og_type":"article","og_title":"LE PM Choguel Ma\u00efga \u00e0 Ouagadougou : L\u2019optimisme d\u2019une victoire sur le terrorisme partag\u00e9 avec les autorit\u00e9s du Burkina Faso","og_description":"Le Premier ministre, Dr Choguel Kokalla Mai\u0308ga, a se\u0301journe\u0301 la semaine dernie\u0300re (23-26 fe\u0301vrier 2023) a\u0300 Ouagadougou o ...","og_url":"https:\/\/www.africa-press.net\/mali\/parties\/le-pm-choguel-maiga-a-ouagadougou-loptimisme-dune-victoire-sur-le-terrorisme-partage-avec-les-autorites-du-burkina-faso","og_site_name":"Mali","article_publisher":"https:\/\/www.facebook.com\/AfricaPressTunisiaa","article_published_time":"2023-03-02T13:38:40+00:00","article_modified_time":"2023-03-02T13:49:55+00:00","og_image":[{"width":720,"height":717,"url":"https:\/\/static.africa-press.net\/mali\/sites\/21\/2023\/03\/postQueueImg_1677751732.82.jpg","type":"image\/jpeg"}],"author":"cfeditorfr","twitter_card":"summary_large_image","twitter_misc":{"\u00c9crit par":"cfeditorfr","Dur\u00e9e de lecture estim\u00e9e":"3 minutes"},"schema":{"@context":"https:\/\/schema.org","@graph":[{"@type":"Article","@id":"https:\/\/www.africa-press.net\/mali\/parties\/le-pm-choguel-maiga-a-ouagadougou-loptimisme-dune-victoire-sur-le-terrorisme-partage-avec-les-autorites-du-burkina-faso#article","isPartOf":{"@id":"https:\/\/www.africa-press.net\/mali\/parties\/le-pm-choguel-maiga-a-ouagadougou-loptimisme-dune-victoire-sur-le-terrorisme-partage-avec-les-autorites-du-burkina-faso"},"author":{"name":"cfeditorfr","@id":"https:\/\/www.africa-press.net\/mali\/#\/schema\/person\/2b1cf3cd81a31e3cd26889ca66d677f1"},"headline":"LE PM Choguel Ma\u00efga \u00e0 Ouagadougou : L\u2019optimisme d\u2019une victoire sur le terrorisme partag\u00e9 avec les autorit\u00e9s du Burkina Faso","datePublished":"2023-03-02T13:38:40+00:00","dateModified":"2023-03-02T13:49:55+00:00","mainEntityOfPage":{"@id":"https:\/\/www.africa-press.net\/mali\/parties\/le-pm-choguel-maiga-a-ouagadougou-loptimisme-dune-victoire-sur-le-terrorisme-partage-avec-les-autorites-du-burkina-faso"},"wordCount":624,"commentCount":0,"image":{"@id":"https:\/\/www.africa-press.net\/mali\/parties\/le-pm-choguel-maiga-a-ouagadougou-loptimisme-dune-victoire-sur-le-terrorisme-partage-avec-les-autorites-du-burkina-faso#primaryimage"},"thumbnailUrl":"https:\/\/static.africa-press.net\/mali\/sites\/21\/2023\/03\/postQueueImg_1677751732.82.jpg","keywords":["Africa Press","Africa Press-Mali","mali"],"articleSection":["Parties","Toutes les actualit\u00e9s"],"inLanguage":"fr-FR","potentialAction":[{"@type":"CommentAction","name":"Comment","target":["https:\/\/www.africa-press.net\/mali\/parties\/le-pm-choguel-maiga-a-ouagadougou-loptimisme-dune-victoire-sur-le-terrorisme-partage-avec-les-autorites-du-burkina-faso#respond"]}]},{"@type":"WebPage","@id":"https:\/\/www.africa-press.net\/mali\/parties\/le-pm-choguel-maiga-a-ouagadougou-loptimisme-dune-victoire-sur-le-terrorisme-partage-avec-les-autorites-du-burkina-faso","url":"https:\/\/www.africa-press.net\/mali\/parties\/le-pm-choguel-maiga-a-ouagadougou-loptimisme-dune-victoire-sur-le-terrorisme-partage-avec-les-autorites-du-burkina-faso","name":"LE PM Choguel Ma\u00efga \u00e0 Ouagadougou : L\u2019optimisme d\u2019une victoire sur le terrorisme partag\u00e9 avec les autorit\u00e9s du Burkina Faso - Mali","isPartOf":{"@id":"https:\/\/www.africa-press.net\/mali\/#website"},"primaryImageOfPage":{"@id":"https:\/\/www.africa-press.net\/mali\/parties\/le-pm-choguel-maiga-a-ouagadougou-loptimisme-dune-victoire-sur-le-terrorisme-partage-avec-les-autorites-du-burkina-faso#primaryimage"},"image":{"@id":"https:\/\/www.africa-press.net\/mali\/parties\/le-pm-choguel-maiga-a-ouagadougou-loptimisme-dune-victoire-sur-le-terrorisme-partage-avec-les-autorites-du-burkina-faso#primaryimage"},"thumbnailUrl":"https:\/\/static.africa-press.net\/mali\/sites\/21\/2023\/03\/postQueueImg_1677751732.82.jpg","datePublished":"2023-03-02T13:38:40+00:00","dateModified":"2023-03-02T13:49:55+00:00","author":{"@id":"https:\/\/www.africa-press.net\/mali\/#\/schema\/person\/2b1cf3cd81a31e3cd26889ca66d677f1"},"description":"Le Premier ministre, Dr Choguel Kokalla Mai\u0308ga, a se\u0301journe\u0301 la semaine dernie\u0300re (23-26 fe\u0301vrier 2023) a\u0300 Ouagadougou o ...","breadcrumb":{"@id":"https:\/\/www.africa-press.net\/mali\/parties\/le-pm-choguel-maiga-a-ouagadougou-loptimisme-dune-victoire-sur-le-terrorisme-partage-avec-les-autorites-du-burkina-faso#breadcrumb"},"inLanguage":"fr-FR","potentialAction":[{"@type":"ReadAction","target":["https:\/\/www.africa-press.net\/mali\/parties\/le-pm-choguel-maiga-a-ouagadougou-loptimisme-dune-victoire-sur-le-terrorisme-partage-avec-les-autorites-du-burkina-faso"]}]},{"@type":"ImageObject","inLanguage":"fr-FR","@id":"https:\/\/www.africa-press.net\/mali\/parties\/le-pm-choguel-maiga-a-ouagadougou-loptimisme-dune-victoire-sur-le-terrorisme-partage-avec-les-autorites-du-burkina-faso#primaryimage","url":"https:\/\/static.africa-press.net\/mali\/sites\/21\/2023\/03\/postQueueImg_1677751732.82.jpg","contentUrl":"https:\/\/static.africa-press.net\/mali\/sites\/21\/2023\/03\/postQueueImg_1677751732.82.jpg","width":720,"height":717,"caption":"LE PM Choguel Ma\u00efga \u00e0 Ouagadougou : L\u2019optimisme d\u2019une victoire sur le terrorisme partag\u00e9 avec les autorit\u00e9s du Burkina Faso"},{"@type":"BreadcrumbList","@id":"https:\/\/www.africa-press.net\/mali\/parties\/le-pm-choguel-maiga-a-ouagadougou-loptimisme-dune-victoire-sur-le-terrorisme-partage-avec-les-autorites-du-burkina-faso#breadcrumb","itemListElement":[{"@type":"ListItem","position":1,"name":"Home","item":"https:\/\/www.africa-press.net\/mali\/"},{"@type":"ListItem","position":2,"name":"LE PM Choguel Ma\u00efga \u00e0 Ouagadougou : L\u2019optimisme d\u2019une victoire sur le terrorisme partag\u00e9 avec les autorit\u00e9s du Burkina Faso"}]},{"@type":"WebSite","@id":"https:\/\/www.africa-press.net\/mali\/#website","url":"https:\/\/www.africa-press.net\/mali\/","name":"Mali","description":"Just another Africa News Agency Sites site","potentialAction":[{"@type":"SearchAction","target":{"@type":"EntryPoint","urlTemplate":"https:\/\/www.africa-press.net\/mali\/?s={search_term_string}"},"query-input":{"@type":"PropertyValueSpecification","valueRequired":true,"valueName":"search_term_string"}}],"inLanguage":"fr-FR"},{"@type":"Person","@id":"https:\/\/www.africa-press.net\/mali\/#\/schema\/person\/2b1cf3cd81a31e3cd26889ca66d677f1","name":"cfeditorfr"}]}},"_links":{"self":[{"href":"https:\/\/www.africa-press.net\/mali\/wp-json\/wp\/v2\/posts\/31386","targetHints":{"allow":["GET"]}}],"collection":[{"href":"https:\/\/www.africa-press.net\/mali\/wp-json\/wp\/v2\/posts"}],"about":[{"href":"https:\/\/www.africa-press.net\/mali\/wp-json\/wp\/v2\/types\/post"}],"author":[{"embeddable":true,"href":"https:\/\/www.africa-press.net\/mali\/wp-json\/wp\/v2\/users\/82"}],"replies":[{"embeddable":true,"href":"https:\/\/www.africa-press.net\/mali\/wp-json\/wp\/v2\/comments?post=31386"}],"version-history":[{"count":0,"href":"https:\/\/www.africa-press.net\/mali\/wp-json\/wp\/v2\/posts\/31386\/revisions"}],"wp:featuredmedia":[{"embeddable":true,"href":"https:\/\/www.africa-press.net\/mali\/wp-json\/wp\/v2\/media\/31385"}],"wp:attachment":[{"href":"https:\/\/www.africa-press.net\/mali\/wp-json\/wp\/v2\/media?parent=31386"}],"wp:term":[{"taxonomy":"category","embeddable":true,"href":"https:\/\/www.africa-press.net\/mali\/wp-json\/wp\/v2\/categories?post=31386"},{"taxonomy":"post_tag","embeddable":true,"href":"https:\/\/www.africa-press.net\/mali\/wp-json\/wp\/v2\/tags?post=31386"}],"curies":[{"name":"wp","href":"https:\/\/api.w.org\/{rel}","templated":true}]}}