{"id":31388,"date":"2023-03-02T13:39:18","date_gmt":"2023-03-02T13:39:18","guid":{"rendered":"https:\/\/www.africa-press.net\/mali\/politique\/loeil-de-le-matin-le-sanctuaire-de-la-liberte-dexpression-et-dassociation-profane"},"modified":"2023-03-02T13:50:28","modified_gmt":"2023-03-02T13:50:28","slug":"loeil-de-le-matin-le-sanctuaire-de-la-liberte-dexpression-et-dassociation-profane","status":"publish","type":"post","link":"https:\/\/www.africa-press.net\/mali\/dossiers\/loeil-de-le-matin-le-sanctuaire-de-la-liberte-dexpression-et-dassociation-profane","title":{"rendered":"L\u2019oeil de Le Matin : Le sanctuaire de la libert\u00e9 d\u2019expression et d\u2019association profan\u00e9"},"content":{"rendered":"<p><b>Moussa Bolly<\/b><\/p>\n<p><span style=\"color: #ff6600\"><strong>Africa-Press &#8211; Mali. <\/strong><\/span>Sacrile\u0300ge ! Ils ont ose\u0301 profaner le sanctuaire de la liberte\u0301 de presse, d\u2019expression et d\u2019association ! He\u0301las ! Me\u0302me la Maison de la presse n\u2019a pas e\u0301chappe\u0301 a\u0300 leur haine. Comme l\u2019a si bien mentionne\u0301 notre ami et jeune leader politique, \u00abla Maison de la presse est un sanctuaire. On y fac\u0327onne l\u2019opinion nationale, on y prend le pouls de la nation. Elle doit rester inviolable&#8230;\u00bb !<\/p>\n<p>Malheureusement, ses locaux ont e\u0301te\u0301 saccage\u0301s dans l\u2019apre\u0300s-midi du lundi 20 fe\u0301vrier 2023 par de pre\u0301sume\u0301s opposants a\u0300 la tenue du meeting de la plateforme \u00abAppel du 20 fe\u0301vrier pour Sauver le Mali\u00bb. Nous allons e\u0302tre longtemps hante\u0301s par l\u2019image de badauds manipule\u0301s pourchassant des personnalite\u0301s pre\u0301sentes (de l\u2019a\u0302ge de leurs pe\u0300res voir de leurs grands-pe\u0300res) avec une grossie\u0300rete\u0301 side\u0301rante.<\/p>\n<p>Depuis le putsch du 18 aou\u0302t 2020, la classe politique issue du Mouvement de\u0301mocratique est indexe\u0301e comme le principal responsable de l\u2019effritement des valeurs de\u0301mocratiques et de la de\u0301liquescence de la gouvernance du pays. Et nous e\u0301tions nombreux a\u0300 nous exprimer en faveur d\u2019un rajeunissement des acteurs politiques.<\/p>\n<p>Mais, qu\u2019espe\u0301rer d\u2019une jeunesse qui n\u2019a pas encore compris qu\u2019on peut avoir des convictions diffe\u0301rentes et e\u0302tre amis ou parents ? Comment peut-on espe\u0301rer de jeunes qui se laissent encore manipuler par des gens dont le seul de\u0301sir est de toujours voir le pays de\u0301stabilise\u0301 afin de tirer leur e\u0301pingle du jeu ?<\/p>\n<p>Comment miser sur des jeunes convaincus d\u2019imposer leurs de\u0301sirs en couvrant leurs adversaires d\u2019injures au lieu de chercher a\u0300 les confondre par la clarte\u0301 et la pertinence de leurs ide\u0301es. Comme a re\u0301agi un internaute outre\u0301 et de\u0301pite\u0301, \u00abun e\u0302tre humain qui peut convaincre avec ses injures et non par ses ide\u0301es est comme une be\u0302te sans cervelle\u00bb. Comment ne pas e\u0302tre de\u0301passe\u0301 par le degre\u0301 de suivisme des jeunes en regardant les images qui ont fait le buzz sur les re\u0301seaux sociaux ?<\/p>\n<p>Me\u0302me audacieux et assez optimisme, comment miser sur des jeunes qui n\u2019ont visiblement pas pris conscience que la situation de\u0301licate dans laquelle se trouve notre pays depuis au moins deux de\u0301cennies doit nous exhorter a\u0300 faire fi de nos ambitions personnelles et surtout a\u0300 ne plus suivre aveugleument ces hommes et ces femmes dont le seul de\u0301sir est de toujours nous opposer pour en tirer les dividendes ?<\/p>\n<p>Symbole de Liberte\u0301, la Maison de la presse s\u2019est toujours illustre\u0301e comme un lieu \u00abd\u2019expression plurielle\u00bb au service de l\u2019ensemble des forces vives de notre de\u0301mocratie. Nous avions jusque-la\u0300 nai\u0308vement cru que la liberte\u0301 de presse et d\u2019expression e\u0301tait un acquis ine\u0301luctable de notre processus de\u0301mocratique. Mais, les actes pose\u0301s le 20 fe\u0301vrier dernier nous ont ramene\u0301s a\u0300 la re\u0301alite\u0301 pour comprendre qu\u2019il n\u2019y a pas d\u2019acquis inalie\u0301nables.<\/p>\n<p>Il faut rappeler que ce spectacle de de\u0301solation s\u2019est produit le me\u0302me jour ou\u0300 l\u2019expert inde\u0301pendant des Nations unies (Alioune Tine) publiait a\u0300 Gene\u0300ve (Suisse) une de\u0301claration tire\u0301e de son dernier rapport de mission dans notre pays. Un document qui exprime aussi sa pre\u0301occupation par rapport aux atteintes a\u0300 cette liberte\u0301 d\u2019expression et d\u2019association.<\/p>\n<p>Selon M. Tine, les de\u0301fenseurs des droits humains, les journalistes et les autres professionnels des me\u0301dias ont e\u0301voque\u0301 des sujets tabous qu\u2019ils n\u2019osent plus aborder par peur des repre\u0301sailles des autorite\u0301s maliennes de transition et de leurs partisans, notamment sur les re\u0301seaux sociaux.<\/p>\n<p>Et pour lui, ce \u00abclimat lourd et malsain\u00bb est entretenu par un groupe d\u2019individus et d\u2019organisations non e\u0301tatiques qui \u00abmenacent et jettent le discre\u0301dit sur la socie\u0301te\u0301 civile et les institutions internationales et rele\u0300guent au second plan les progre\u0300s re\u0301alise\u0301s par le Mali\u00bb. La re\u0301alite\u0301 est effectivement pre\u0301occupante. \u00abActuellement, dans ce pays, quand tu dis la ve\u0301rite\u0301, soit ils te font taire, soit on t\u2019envoie en prison ou ils font ce qu\u2019ils veulent de toi\u00bb, de\u0301plorait un politicien sur le plateau d\u2019une te\u0301le\u0301vision. Et l\u2019autocensure est devenue le meilleur exercice pratique pour de nombreux confre\u0300res et consoeurs.<\/p>\n<p>Faut-il avoir autant peur de de\u0301fendre ses convictions et les renier ? Que nous arriverait-il alors si nous ne sommes me\u0302me plus capables d\u2019assumer nos opinions et d\u2019exprimer nos convictions ? Et, malheureusement, c\u2019est a\u0300 cela que nous assistons ces derniers mois. Tout le monde a\u0300 peur d\u2019exprimer un avis contraire a\u0300 ce qui se dit plus haut. Et pourtant, il se dit partout que l\u2019inclusivite\u0301 doit e\u0302tre au c\u0153ur de toutes les re\u0301formes devant aboutir a\u0300 la refondation de l\u2019Etat, de sa gouvernance. Peut-on parler d\u2019inclusivite\u0301 dans un cercle ou\u0300 tout le monde a\u0300 peur de dire le fond de sa pense\u0301e par crainte des repre\u0301sailles ?<\/p>\n<p>Il est temps de nous reprendre, de vaincre notre peur et d\u2019exprimer nos convictions par rapport au processus enclenche\u0301, par rapport a\u0300 la gestion de cette transition. Redevenons des hommes pour qui la prison ou la tombe peuvent aussi l\u2019aboutissement d\u2019une lutte noble et he\u0301roi\u0308que ! Assumons donc nos opinions et nos convictions quel que soit le prix a\u0300 payer. Critiquer ne signifie pas non plus saboter. Tout comme exprimer un avis contraire ne fait pas d\u2019un citoyen un ennemi de la Re\u0301publique.<\/p>\n<p>Nous devons donc rester des remparts contre tout ennemi qui peut empe\u0302cher cette transition de re\u0301ussir, de mener les re\u0301formes indispensables a\u0300 la refondation de l\u2019Etat. Mais, nous devons aussi de\u0301noncer toute tentative visant a\u0300 brimer, a\u0300 humilier&#8230; ceux qui expriment clairement et since\u0300rement des ide\u0301es oppose\u0301es a\u0300 celles des dirigeants actuels. Exprimer sa de\u0301sapprobation, son opposition a\u0300 une re\u0301forme ne peut aucune signifier que l\u2019on a pas l\u2019amour de la patrie et qu\u2019on est de\u0301pourvu de conviction citoyenne voire patriotique.<\/p>\n<p>La de\u0301mocratie est aujourd\u2019hui un choix souverain du peuple malien. Et le respect de ses principes doit s\u2019imposer a\u0300 tous, aussi bien au peuple qu\u200b\u2019\u200baux de\u0301cideurs. Et chaque fois que ce n\u2019est pas le cas, n\u2019ayons pas peur de le de\u0301noncer. Ce serait trahir la me\u0301moire de nos Martyrs que, apre\u0300s leur ultime sacrifice pour l\u2019ave\u0300nement de la de\u0301mocratie, que nous courbions aujourd\u2019hui l\u2019e\u0301chine devant des opportunistes et des propagandistes en les laissant prendre ce pays en otage.<\/p>\n<p>C\u2019est pourquoi le crime commis le 20 fe\u0301vrier dernier ne doit pas rester impuni. Et cela d\u2019autant plus qu\u2019il porte atteinte a\u0300 un principe de\u0301mocratique au moment ou\u0300 les Maliens font preuve de re\u0301silience face aux e\u0301preuves impose\u0301es par la refondation de l\u2019Etat. Il ne doit pas rester impuni car c\u2019est une alerte a\u0300 prendre au se\u0301rieux a\u0300 la veille des campagnes e\u0301lectorales dont l\u2019issue doit beaucoup peser sur l\u2019avenir de notre pays. Minimiser ces actes de vandalisme politique, c\u2019est encourager la violence qui peut e\u0301mailler les futures campagnes a\u0300 cause de l\u2019intole\u0301rance.<\/p>\n<p>Cette transition est cense\u0301e rassembler les Maliens autour des convictions fortes et des chantiers nobles comme la restauration de notre souverainete\u0301&#8230; Mais, que ceux qui veulent en faire une opportunite\u0301 de restauration des principes anti-de\u0301mocratiques sachent que nous ne fle\u0301chirons pas dans notre de\u0301termination a\u0300 de\u0301fendre les maigres acquis de notre de\u0301mocratie.<\/p>\n<p>Aujourd\u2019hui, comme hier, nous de\u0301fendons la Re\u0301publique. Et parce que, contrairement a\u0300 ces jeunes marionnettes, nous sommes conscients aucun homme, aucune femme, ne me\u0301rite qu\u2019on sacrifice notre pays pour ses inte\u0301re\u0302ts, ses ambitions e\u0301goi\u0308stes ! Et cette sagesse attribue\u0301e a\u0300 Voltaire (e\u0301crivain, philosophe, dramaturge, poe\u0300te et encyclope\u0301diste) demeure notre leitmotiv : \u00abJe ne suis pas d\u2019accord avec ce que vous dites mais je me battrai jusqu\u2019a\u0300 la mort pour que vous puissiez le dire\u00bb ! Nous nous battrons donc sans concession et sans peur pour le respect des principes de\u0301mocratiques et des valeurs re\u0301publicaines.<\/p>\n<p><strong>Pour plus d&rsquo;informations et d&rsquo;analyses sur la <a href=\"https:\/\/www.africa-press.net\/mali\">Mali<\/a>, suivez <a href=\"https:\/\/www.africa-press.net\/\">Africa-Press<\/a><\/strong><\/p>\n","protected":false},"excerpt":{"rendered":"<p>Moussa Bolly Africa-Press &#8211; Mali. Sacrile\u0300ge ! Ils ont ose\u0301 profaner le sanctuaire de la liberte\u0301 de presse, d\u2019expression et d\u2019association ! He\u0301las ! Me\u0302me la Maison de la presse n\u2019a pas e\u0301chappe\u0301 a\u0300 leur haine. Comme l\u2019a si bien mentionne\u0301 notre ami et jeune leader politique, \u00abla Maison de la presse est un sanctuaire. [&hellip;]<\/p>\n","protected":false},"author":82,"featured_media":31387,"comment_status":"open","ping_status":"closed","sticky":false,"template":"","format":"standard","meta":{"footnotes":""},"categories":[13,17],"tags":[76,86,19],"class_list":["post-31388","post","type-post","status-publish","format-standard","has-post-thumbnail","hentry","category-dossiers","category-toutes-les-actualites","tag-africa-press","tag-africa-press-mali","tag-mali"],"yoast_head":"<!-- This site is optimized with the Yoast SEO Premium plugin v26.1 (Yoast SEO v27.0) - https:\/\/yoast.com\/product\/yoast-seo-premium-wordpress\/ -->\n<title>L\u2019oeil de Le Matin : Le sanctuaire de la libert\u00e9 d\u2019expression et d\u2019association profan\u00e9 - Mali<\/title>\n<meta name=\"description\" content=\"Sacrile\u0300ge ! Ils ont ose\u0301 profaner le sanctuaire de la liberte\u0301 de presse, d\u2019expression et d\u2019association ! He\u0301las ! Me\u0302m ...\" \/>\n<meta name=\"robots\" content=\"index, follow, max-snippet:-1, max-image-preview:large, max-video-preview:-1\" \/>\n<link rel=\"canonical\" href=\"https:\/\/www.africa-press.net\/mali\/dossiers\/loeil-de-le-matin-le-sanctuaire-de-la-liberte-dexpression-et-dassociation-profane\" \/>\n<meta property=\"og:locale\" content=\"fr_FR\" \/>\n<meta property=\"og:type\" content=\"article\" \/>\n<meta property=\"og:title\" content=\"L\u2019oeil de Le Matin : Le sanctuaire de la libert\u00e9 d\u2019expression et d\u2019association profan\u00e9\" \/>\n<meta property=\"og:description\" content=\"Sacrile\u0300ge ! Ils ont ose\u0301 profaner le sanctuaire de la liberte\u0301 de presse, d\u2019expression et d\u2019association ! He\u0301las ! Me\u0302m ...\" \/>\n<meta property=\"og:url\" content=\"https:\/\/www.africa-press.net\/mali\/dossiers\/loeil-de-le-matin-le-sanctuaire-de-la-liberte-dexpression-et-dassociation-profane\" \/>\n<meta property=\"og:site_name\" content=\"Mali\" \/>\n<meta property=\"article:publisher\" content=\"https:\/\/www.facebook.com\/AfricaPressTunisiaa\" \/>\n<meta property=\"article:published_time\" content=\"2023-03-02T13:39:18+00:00\" \/>\n<meta property=\"article:modified_time\" content=\"2023-03-02T13:50:28+00:00\" \/>\n<meta property=\"og:image\" content=\"https:\/\/static.africa-press.net\/mali\/sites\/21\/2023\/03\/postQueueImg_1677751780.15.jpg\" \/>\n\t<meta property=\"og:image:width\" content=\"1280\" \/>\n\t<meta property=\"og:image:height\" content=\"720\" \/>\n\t<meta property=\"og:image:type\" content=\"image\/jpeg\" \/>\n<meta name=\"author\" content=\"cfeditorfr\" \/>\n<meta name=\"twitter:card\" content=\"summary_large_image\" \/>\n<meta name=\"twitter:label1\" content=\"\u00c9crit par\" \/>\n\t<meta name=\"twitter:data1\" content=\"cfeditorfr\" \/>\n\t<meta name=\"twitter:label2\" content=\"Dur\u00e9e de lecture estim\u00e9e\" \/>\n\t<meta name=\"twitter:data2\" content=\"7 minutes\" \/>\n<script type=\"application\/ld+json\" class=\"yoast-schema-graph\">{\"@context\":\"https:\/\/schema.org\",\"@graph\":[{\"@type\":\"Article\",\"@id\":\"https:\/\/www.africa-press.net\/mali\/dossiers\/loeil-de-le-matin-le-sanctuaire-de-la-liberte-dexpression-et-dassociation-profane#article\",\"isPartOf\":{\"@id\":\"https:\/\/www.africa-press.net\/mali\/dossiers\/loeil-de-le-matin-le-sanctuaire-de-la-liberte-dexpression-et-dassociation-profane\"},\"author\":{\"name\":\"cfeditorfr\",\"@id\":\"https:\/\/www.africa-press.net\/mali\/#\/schema\/person\/2b1cf3cd81a31e3cd26889ca66d677f1\"},\"headline\":\"L\u2019oeil de Le Matin : Le sanctuaire de la libert\u00e9 d\u2019expression et d\u2019association profan\u00e9\",\"datePublished\":\"2023-03-02T13:39:18+00:00\",\"dateModified\":\"2023-03-02T13:50:28+00:00\",\"mainEntityOfPage\":{\"@id\":\"https:\/\/www.africa-press.net\/mali\/dossiers\/loeil-de-le-matin-le-sanctuaire-de-la-liberte-dexpression-et-dassociation-profane\"},\"wordCount\":1458,\"commentCount\":0,\"image\":{\"@id\":\"https:\/\/www.africa-press.net\/mali\/dossiers\/loeil-de-le-matin-le-sanctuaire-de-la-liberte-dexpression-et-dassociation-profane#primaryimage\"},\"thumbnailUrl\":\"https:\/\/static.africa-press.net\/mali\/sites\/21\/2023\/03\/postQueueImg_1677751780.15.jpg\",\"keywords\":[\"Africa Press\",\"Africa Press-Mali\",\"mali\"],\"articleSection\":[\"Dossiers\",\"Toutes les actualit\u00e9s\"],\"inLanguage\":\"fr-FR\",\"potentialAction\":[{\"@type\":\"CommentAction\",\"name\":\"Comment\",\"target\":[\"https:\/\/www.africa-press.net\/mali\/dossiers\/loeil-de-le-matin-le-sanctuaire-de-la-liberte-dexpression-et-dassociation-profane#respond\"]}]},{\"@type\":\"WebPage\",\"@id\":\"https:\/\/www.africa-press.net\/mali\/dossiers\/loeil-de-le-matin-le-sanctuaire-de-la-liberte-dexpression-et-dassociation-profane\",\"url\":\"https:\/\/www.africa-press.net\/mali\/dossiers\/loeil-de-le-matin-le-sanctuaire-de-la-liberte-dexpression-et-dassociation-profane\",\"name\":\"L\u2019oeil de Le Matin : Le sanctuaire de la libert\u00e9 d\u2019expression et d\u2019association profan\u00e9 - Mali\",\"isPartOf\":{\"@id\":\"https:\/\/www.africa-press.net\/mali\/#website\"},\"primaryImageOfPage\":{\"@id\":\"https:\/\/www.africa-press.net\/mali\/dossiers\/loeil-de-le-matin-le-sanctuaire-de-la-liberte-dexpression-et-dassociation-profane#primaryimage\"},\"image\":{\"@id\":\"https:\/\/www.africa-press.net\/mali\/dossiers\/loeil-de-le-matin-le-sanctuaire-de-la-liberte-dexpression-et-dassociation-profane#primaryimage\"},\"thumbnailUrl\":\"https:\/\/static.africa-press.net\/mali\/sites\/21\/2023\/03\/postQueueImg_1677751780.15.jpg\",\"datePublished\":\"2023-03-02T13:39:18+00:00\",\"dateModified\":\"2023-03-02T13:50:28+00:00\",\"author\":{\"@id\":\"https:\/\/www.africa-press.net\/mali\/#\/schema\/person\/2b1cf3cd81a31e3cd26889ca66d677f1\"},\"description\":\"Sacrile\u0300ge ! Ils ont ose\u0301 profaner le sanctuaire de la liberte\u0301 de presse, d\u2019expression et d\u2019association ! He\u0301las ! Me\u0302m ...\",\"breadcrumb\":{\"@id\":\"https:\/\/www.africa-press.net\/mali\/dossiers\/loeil-de-le-matin-le-sanctuaire-de-la-liberte-dexpression-et-dassociation-profane#breadcrumb\"},\"inLanguage\":\"fr-FR\",\"potentialAction\":[{\"@type\":\"ReadAction\",\"target\":[\"https:\/\/www.africa-press.net\/mali\/dossiers\/loeil-de-le-matin-le-sanctuaire-de-la-liberte-dexpression-et-dassociation-profane\"]}]},{\"@type\":\"ImageObject\",\"inLanguage\":\"fr-FR\",\"@id\":\"https:\/\/www.africa-press.net\/mali\/dossiers\/loeil-de-le-matin-le-sanctuaire-de-la-liberte-dexpression-et-dassociation-profane#primaryimage\",\"url\":\"https:\/\/static.africa-press.net\/mali\/sites\/21\/2023\/03\/postQueueImg_1677751780.15.jpg\",\"contentUrl\":\"https:\/\/static.africa-press.net\/mali\/sites\/21\/2023\/03\/postQueueImg_1677751780.15.jpg\",\"width\":1280,\"height\":720,\"caption\":\"L\u2019oeil de Le Matin : Le sanctuaire de la libert\u00e9 d\u2019expression et d\u2019association profan\u00e9\"},{\"@type\":\"BreadcrumbList\",\"@id\":\"https:\/\/www.africa-press.net\/mali\/dossiers\/loeil-de-le-matin-le-sanctuaire-de-la-liberte-dexpression-et-dassociation-profane#breadcrumb\",\"itemListElement\":[{\"@type\":\"ListItem\",\"position\":1,\"name\":\"Home\",\"item\":\"https:\/\/www.africa-press.net\/mali\/\"},{\"@type\":\"ListItem\",\"position\":2,\"name\":\"L\u2019oeil de Le Matin : Le sanctuaire de la libert\u00e9 d\u2019expression et d\u2019association profan\u00e9\"}]},{\"@type\":\"WebSite\",\"@id\":\"https:\/\/www.africa-press.net\/mali\/#website\",\"url\":\"https:\/\/www.africa-press.net\/mali\/\",\"name\":\"Mali\",\"description\":\"Just another Africa News Agency Sites site\",\"potentialAction\":[{\"@type\":\"SearchAction\",\"target\":{\"@type\":\"EntryPoint\",\"urlTemplate\":\"https:\/\/www.africa-press.net\/mali\/?s={search_term_string}\"},\"query-input\":{\"@type\":\"PropertyValueSpecification\",\"valueRequired\":true,\"valueName\":\"search_term_string\"}}],\"inLanguage\":\"fr-FR\"},{\"@type\":\"Person\",\"@id\":\"https:\/\/www.africa-press.net\/mali\/#\/schema\/person\/2b1cf3cd81a31e3cd26889ca66d677f1\",\"name\":\"cfeditorfr\"}]}<\/script>\n<!-- \/ Yoast SEO Premium plugin. -->","yoast_head_json":{"title":"L\u2019oeil de Le Matin : Le sanctuaire de la libert\u00e9 d\u2019expression et d\u2019association profan\u00e9 - Mali","description":"Sacrile\u0300ge ! Ils ont ose\u0301 profaner le sanctuaire de la liberte\u0301 de presse, d\u2019expression et d\u2019association ! He\u0301las ! Me\u0302m ...","robots":{"index":"index","follow":"follow","max-snippet":"max-snippet:-1","max-image-preview":"max-image-preview:large","max-video-preview":"max-video-preview:-1"},"canonical":"https:\/\/www.africa-press.net\/mali\/dossiers\/loeil-de-le-matin-le-sanctuaire-de-la-liberte-dexpression-et-dassociation-profane","og_locale":"fr_FR","og_type":"article","og_title":"L\u2019oeil de Le Matin : Le sanctuaire de la libert\u00e9 d\u2019expression et d\u2019association profan\u00e9","og_description":"Sacrile\u0300ge ! Ils ont ose\u0301 profaner le sanctuaire de la liberte\u0301 de presse, d\u2019expression et d\u2019association ! He\u0301las ! Me\u0302m ...","og_url":"https:\/\/www.africa-press.net\/mali\/dossiers\/loeil-de-le-matin-le-sanctuaire-de-la-liberte-dexpression-et-dassociation-profane","og_site_name":"Mali","article_publisher":"https:\/\/www.facebook.com\/AfricaPressTunisiaa","article_published_time":"2023-03-02T13:39:18+00:00","article_modified_time":"2023-03-02T13:50:28+00:00","og_image":[{"width":1280,"height":720,"url":"https:\/\/static.africa-press.net\/mali\/sites\/21\/2023\/03\/postQueueImg_1677751780.15.jpg","type":"image\/jpeg"}],"author":"cfeditorfr","twitter_card":"summary_large_image","twitter_misc":{"\u00c9crit par":"cfeditorfr","Dur\u00e9e de lecture estim\u00e9e":"7 minutes"},"schema":{"@context":"https:\/\/schema.org","@graph":[{"@type":"Article","@id":"https:\/\/www.africa-press.net\/mali\/dossiers\/loeil-de-le-matin-le-sanctuaire-de-la-liberte-dexpression-et-dassociation-profane#article","isPartOf":{"@id":"https:\/\/www.africa-press.net\/mali\/dossiers\/loeil-de-le-matin-le-sanctuaire-de-la-liberte-dexpression-et-dassociation-profane"},"author":{"name":"cfeditorfr","@id":"https:\/\/www.africa-press.net\/mali\/#\/schema\/person\/2b1cf3cd81a31e3cd26889ca66d677f1"},"headline":"L\u2019oeil de Le Matin : Le sanctuaire de la libert\u00e9 d\u2019expression et d\u2019association profan\u00e9","datePublished":"2023-03-02T13:39:18+00:00","dateModified":"2023-03-02T13:50:28+00:00","mainEntityOfPage":{"@id":"https:\/\/www.africa-press.net\/mali\/dossiers\/loeil-de-le-matin-le-sanctuaire-de-la-liberte-dexpression-et-dassociation-profane"},"wordCount":1458,"commentCount":0,"image":{"@id":"https:\/\/www.africa-press.net\/mali\/dossiers\/loeil-de-le-matin-le-sanctuaire-de-la-liberte-dexpression-et-dassociation-profane#primaryimage"},"thumbnailUrl":"https:\/\/static.africa-press.net\/mali\/sites\/21\/2023\/03\/postQueueImg_1677751780.15.jpg","keywords":["Africa Press","Africa Press-Mali","mali"],"articleSection":["Dossiers","Toutes les actualit\u00e9s"],"inLanguage":"fr-FR","potentialAction":[{"@type":"CommentAction","name":"Comment","target":["https:\/\/www.africa-press.net\/mali\/dossiers\/loeil-de-le-matin-le-sanctuaire-de-la-liberte-dexpression-et-dassociation-profane#respond"]}]},{"@type":"WebPage","@id":"https:\/\/www.africa-press.net\/mali\/dossiers\/loeil-de-le-matin-le-sanctuaire-de-la-liberte-dexpression-et-dassociation-profane","url":"https:\/\/www.africa-press.net\/mali\/dossiers\/loeil-de-le-matin-le-sanctuaire-de-la-liberte-dexpression-et-dassociation-profane","name":"L\u2019oeil de Le Matin : Le sanctuaire de la libert\u00e9 d\u2019expression et d\u2019association profan\u00e9 - Mali","isPartOf":{"@id":"https:\/\/www.africa-press.net\/mali\/#website"},"primaryImageOfPage":{"@id":"https:\/\/www.africa-press.net\/mali\/dossiers\/loeil-de-le-matin-le-sanctuaire-de-la-liberte-dexpression-et-dassociation-profane#primaryimage"},"image":{"@id":"https:\/\/www.africa-press.net\/mali\/dossiers\/loeil-de-le-matin-le-sanctuaire-de-la-liberte-dexpression-et-dassociation-profane#primaryimage"},"thumbnailUrl":"https:\/\/static.africa-press.net\/mali\/sites\/21\/2023\/03\/postQueueImg_1677751780.15.jpg","datePublished":"2023-03-02T13:39:18+00:00","dateModified":"2023-03-02T13:50:28+00:00","author":{"@id":"https:\/\/www.africa-press.net\/mali\/#\/schema\/person\/2b1cf3cd81a31e3cd26889ca66d677f1"},"description":"Sacrile\u0300ge ! Ils ont ose\u0301 profaner le sanctuaire de la liberte\u0301 de presse, d\u2019expression et d\u2019association ! He\u0301las ! Me\u0302m ...","breadcrumb":{"@id":"https:\/\/www.africa-press.net\/mali\/dossiers\/loeil-de-le-matin-le-sanctuaire-de-la-liberte-dexpression-et-dassociation-profane#breadcrumb"},"inLanguage":"fr-FR","potentialAction":[{"@type":"ReadAction","target":["https:\/\/www.africa-press.net\/mali\/dossiers\/loeil-de-le-matin-le-sanctuaire-de-la-liberte-dexpression-et-dassociation-profane"]}]},{"@type":"ImageObject","inLanguage":"fr-FR","@id":"https:\/\/www.africa-press.net\/mali\/dossiers\/loeil-de-le-matin-le-sanctuaire-de-la-liberte-dexpression-et-dassociation-profane#primaryimage","url":"https:\/\/static.africa-press.net\/mali\/sites\/21\/2023\/03\/postQueueImg_1677751780.15.jpg","contentUrl":"https:\/\/static.africa-press.net\/mali\/sites\/21\/2023\/03\/postQueueImg_1677751780.15.jpg","width":1280,"height":720,"caption":"L\u2019oeil de Le Matin : Le sanctuaire de la libert\u00e9 d\u2019expression et d\u2019association profan\u00e9"},{"@type":"BreadcrumbList","@id":"https:\/\/www.africa-press.net\/mali\/dossiers\/loeil-de-le-matin-le-sanctuaire-de-la-liberte-dexpression-et-dassociation-profane#breadcrumb","itemListElement":[{"@type":"ListItem","position":1,"name":"Home","item":"https:\/\/www.africa-press.net\/mali\/"},{"@type":"ListItem","position":2,"name":"L\u2019oeil de Le Matin : Le sanctuaire de la libert\u00e9 d\u2019expression et d\u2019association profan\u00e9"}]},{"@type":"WebSite","@id":"https:\/\/www.africa-press.net\/mali\/#website","url":"https:\/\/www.africa-press.net\/mali\/","name":"Mali","description":"Just another Africa News Agency Sites site","potentialAction":[{"@type":"SearchAction","target":{"@type":"EntryPoint","urlTemplate":"https:\/\/www.africa-press.net\/mali\/?s={search_term_string}"},"query-input":{"@type":"PropertyValueSpecification","valueRequired":true,"valueName":"search_term_string"}}],"inLanguage":"fr-FR"},{"@type":"Person","@id":"https:\/\/www.africa-press.net\/mali\/#\/schema\/person\/2b1cf3cd81a31e3cd26889ca66d677f1","name":"cfeditorfr"}]}},"_links":{"self":[{"href":"https:\/\/www.africa-press.net\/mali\/wp-json\/wp\/v2\/posts\/31388","targetHints":{"allow":["GET"]}}],"collection":[{"href":"https:\/\/www.africa-press.net\/mali\/wp-json\/wp\/v2\/posts"}],"about":[{"href":"https:\/\/www.africa-press.net\/mali\/wp-json\/wp\/v2\/types\/post"}],"author":[{"embeddable":true,"href":"https:\/\/www.africa-press.net\/mali\/wp-json\/wp\/v2\/users\/82"}],"replies":[{"embeddable":true,"href":"https:\/\/www.africa-press.net\/mali\/wp-json\/wp\/v2\/comments?post=31388"}],"version-history":[{"count":0,"href":"https:\/\/www.africa-press.net\/mali\/wp-json\/wp\/v2\/posts\/31388\/revisions"}],"wp:featuredmedia":[{"embeddable":true,"href":"https:\/\/www.africa-press.net\/mali\/wp-json\/wp\/v2\/media\/31387"}],"wp:attachment":[{"href":"https:\/\/www.africa-press.net\/mali\/wp-json\/wp\/v2\/media?parent=31388"}],"wp:term":[{"taxonomy":"category","embeddable":true,"href":"https:\/\/www.africa-press.net\/mali\/wp-json\/wp\/v2\/categories?post=31388"},{"taxonomy":"post_tag","embeddable":true,"href":"https:\/\/www.africa-press.net\/mali\/wp-json\/wp\/v2\/tags?post=31388"}],"curies":[{"name":"wp","href":"https:\/\/api.w.org\/{rel}","templated":true}]}}