{"id":31390,"date":"2023-03-02T13:40:20","date_gmt":"2023-03-02T13:40:20","guid":{"rendered":"https:\/\/www.africa-press.net\/mali\/politique\/m-oumar-traore-1ervice-president-pmtr-tout-bon-malien-doit-soutenir-cette-transition"},"modified":"2023-03-02T13:50:58","modified_gmt":"2023-03-02T13:50:58","slug":"m-oumar-traore-1ervice-president-pmtr-tout-bon-malien-doit-soutenir-cette-transition","status":"publish","type":"post","link":"https:\/\/www.africa-press.net\/mali\/politique\/m-oumar-traore-1ervice-president-pmtr-tout-bon-malien-doit-soutenir-cette-transition","title":{"rendered":"M. Oumar Traor\u00e9, 1ervice-pr\u00e9sident PMTR : \u00ab Tout bon malien doit soutenir cette transition \u00bb"},"content":{"rendered":"<p><span style=\"color: #ff6600\"><strong>Africa-Press &#8211; Mali. <\/strong><\/span>Ancien cadre du RPM et ancien de\u0301pute\u0301 de Goundam, M. Oumar Traore\u0301, s\u2019est prononce\u0301 sur la cre\u0301ation du Parti Malien du Travail et la Refondation dont il en est le premier vice-pre\u0301sident. Occasion pour le cadre de Goundam de donner son avis sur d\u2019autres sujets comme le processus de la transition en cours dans notre pays.<\/p>\n<p>Selon l\u2019homme politique, la cre\u0301ation du Parti Malien du Travail et la Refondation (PMTR) est partie de plusieurs constats. Notamment, d\u2019une divergence de vues et d\u2019ide\u0301es au sein du Rassemblement Pour le Mali (RPM) sous la houlette du Dr BocaryTre\u0301ta avec qui l\u2019ide\u0301al n\u2019est pas partage\u0301. C\u2019est pourquoi, plusieurs autres camarades, anciens ministres et responsables ont songe\u0301 a\u0300 la cre\u0301ation du PMTR ; qui a de\u0301cide\u0301 a\u0300 la diffe\u0301rence des autres partis, de faire la politique autrement. \u00ab Faire la politique autrement, c\u2019est de faire en sorte que les maliens puissent se soigner chez eux, avoir des emplois de\u0301cents et se nourrir a\u0300 leur fin. C\u2019est aussi faire en sorte que les paysans et pe\u0302cheurs soient dans la gestion de la chose publique et de\u0301velopper le pays sur la base des diffe\u0301rentes ressources dont il regorge \u00bb, explique le vice-pre\u0301sident.<\/p>\n<p>De\u0301ja\u0300, il se re\u0301jouit du fait qu\u2019a\u0300 seulement deux mois de sa cre\u0301ation, le PMTR sous le leadership de Baba Moulaye est a\u0300 30% d\u2019implantation au niveau national. \u00ab Le lancement de Djenne\u0301, a de\u0301passe\u0301 l\u2019imagination \u00bb, se vante-t-il.<\/p>\n<p>En ce qui concerne la transition en cours, il estime que tout bon malien doit l\u2019accompagner. Pas pour qui que ce soit mais pluto\u0302t pour l\u2019inte\u0301re\u0302t ge\u0301ne\u0301ral du Mali. \u00ab Pour un Mali prospe\u0300re ou\u0300, il fait bon vivre, nous n\u2019avons pas le choix de ne pas soutenir cette transition. Si elle e\u0301choue, d\u2019une manie\u0300re ge\u0301ne\u0301rale, c\u0327a ne donnera pas les pre\u0301mices d\u2019un Mali de paix \u00bb, a-t-il averti.<\/p>\n<p>Par rapport a\u0300 la tenue des e\u0301lections, ila salue\u0301 les efforts des autorite\u0301s de la transition et a e\u0301voque\u0301 la ne\u0301cessite\u0301 d\u2019une synergie d\u2019action pour relever les de\u0301fis. Cela pour e\u0301viter de retomber dans les erreurs du passe\u0301, comme le coup d\u2019E\u0301tat contre ATT et Ibrahim Boubacar Keita.<\/p>\n<p>Parlant de la finalisation de la nouvelle constitution, il a salue\u0301 le pre\u0301sident de la transition pour l\u2019initiative pour laquelle des maliens sont de\u0301signe\u0301s. \u00abSi elle est mal e\u0301labore\u0301e ou mal finalise\u0301e, ces les maliens de\u0301signe\u0301s qui vont re\u0301pondre devant l\u2019histoire, ceux-la\u0300 qui ont pour ta\u0302che de revoir la constitution \u00bb a-t-il martele\u0301, avant de conclure, qu\u2019il n\u2019est pas bon d\u2019aller vers une 4e\u0300me re\u0301publique sans re\u0301vision constitutionnelle.<\/p>\n<p><strong>Pour plus d&rsquo;informations et d&rsquo;analyses sur la <a href=\"https:\/\/www.africa-press.net\/mali\">Mali<\/a>, suivez <a href=\"https:\/\/www.africa-press.net\/\">Africa-Press<\/a><\/strong><\/p>\n","protected":false},"excerpt":{"rendered":"<p>Africa-Press &#8211; Mali. Ancien cadre du RPM et ancien de\u0301pute\u0301 de Goundam, M. Oumar Traore\u0301, s\u2019est prononce\u0301 sur la cre\u0301ation du Parti Malien du Travail et la Refondation dont il en est le premier vice-pre\u0301sident. Occasion pour le cadre de Goundam de donner son avis sur d\u2019autres sujets comme le processus de la transition en [&hellip;]<\/p>\n","protected":false},"author":82,"featured_media":31389,"comment_status":"open","ping_status":"closed","sticky":false,"template":"","format":"standard","meta":{"footnotes":""},"categories":[7,17],"tags":[76,86,19],"class_list":["post-31390","post","type-post","status-publish","format-standard","has-post-thumbnail","hentry","category-politique","category-toutes-les-actualites","tag-africa-press","tag-africa-press-mali","tag-mali"],"yoast_head":"<!-- This site is optimized with the Yoast SEO Premium plugin v26.1 (Yoast SEO v27.0) - https:\/\/yoast.com\/product\/yoast-seo-premium-wordpress\/ -->\n<title>M. Oumar Traor\u00e9, 1ervice-pr\u00e9sident PMTR : \u00ab Tout bon malien doit soutenir cette transition \u00bb - Mali<\/title>\n<meta name=\"description\" content=\"Ancien cadre du RPM et ancien de\u0301pute\u0301 de Goundam, M. Oumar Traore\u0301, s\u2019est prononce\u0301 sur la cre\u0301ation du Parti Malien du ...\" \/>\n<meta name=\"robots\" content=\"index, follow, max-snippet:-1, max-image-preview:large, max-video-preview:-1\" \/>\n<link rel=\"canonical\" href=\"https:\/\/www.africa-press.net\/mali\/politique\/m-oumar-traore-1ervice-president-pmtr-tout-bon-malien-doit-soutenir-cette-transition\" \/>\n<meta property=\"og:locale\" content=\"fr_FR\" \/>\n<meta property=\"og:type\" content=\"article\" \/>\n<meta property=\"og:title\" content=\"M. Oumar Traor\u00e9, 1ervice-pr\u00e9sident PMTR : \u00ab Tout bon malien doit soutenir cette transition \u00bb\" \/>\n<meta property=\"og:description\" content=\"Ancien cadre du RPM et ancien de\u0301pute\u0301 de Goundam, M. Oumar Traore\u0301, s\u2019est prononce\u0301 sur la cre\u0301ation du Parti Malien du ...\" \/>\n<meta property=\"og:url\" content=\"https:\/\/www.africa-press.net\/mali\/politique\/m-oumar-traore-1ervice-president-pmtr-tout-bon-malien-doit-soutenir-cette-transition\" \/>\n<meta property=\"og:site_name\" content=\"Mali\" \/>\n<meta property=\"article:publisher\" content=\"https:\/\/www.facebook.com\/AfricaPressTunisiaa\" \/>\n<meta property=\"article:published_time\" content=\"2023-03-02T13:40:20+00:00\" \/>\n<meta property=\"article:modified_time\" content=\"2023-03-02T13:50:58+00:00\" \/>\n<meta property=\"og:image\" content=\"https:\/\/static.africa-press.net\/mali\/sites\/21\/2023\/03\/postQueueImg_1677751828.62.jpg\" \/>\n\t<meta property=\"og:image:width\" content=\"720\" \/>\n\t<meta property=\"og:image:height\" content=\"480\" \/>\n\t<meta property=\"og:image:type\" content=\"image\/jpeg\" \/>\n<meta name=\"author\" content=\"cfeditorfr\" \/>\n<meta name=\"twitter:card\" content=\"summary_large_image\" \/>\n<meta name=\"twitter:label1\" content=\"\u00c9crit par\" \/>\n\t<meta name=\"twitter:data1\" content=\"cfeditorfr\" \/>\n\t<meta name=\"twitter:label2\" content=\"Dur\u00e9e de lecture estim\u00e9e\" \/>\n\t<meta name=\"twitter:data2\" content=\"3 minutes\" \/>\n<script type=\"application\/ld+json\" class=\"yoast-schema-graph\">{\"@context\":\"https:\/\/schema.org\",\"@graph\":[{\"@type\":\"Article\",\"@id\":\"https:\/\/www.africa-press.net\/mali\/politique\/m-oumar-traore-1ervice-president-pmtr-tout-bon-malien-doit-soutenir-cette-transition#article\",\"isPartOf\":{\"@id\":\"https:\/\/www.africa-press.net\/mali\/politique\/m-oumar-traore-1ervice-president-pmtr-tout-bon-malien-doit-soutenir-cette-transition\"},\"author\":{\"name\":\"cfeditorfr\",\"@id\":\"https:\/\/www.africa-press.net\/mali\/#\/schema\/person\/2b1cf3cd81a31e3cd26889ca66d677f1\"},\"headline\":\"M. Oumar Traor\u00e9, 1ervice-pr\u00e9sident PMTR : \u00ab Tout bon malien doit soutenir cette transition \u00bb\",\"datePublished\":\"2023-03-02T13:40:20+00:00\",\"dateModified\":\"2023-03-02T13:50:58+00:00\",\"mainEntityOfPage\":{\"@id\":\"https:\/\/www.africa-press.net\/mali\/politique\/m-oumar-traore-1ervice-president-pmtr-tout-bon-malien-doit-soutenir-cette-transition\"},\"wordCount\":516,\"commentCount\":0,\"image\":{\"@id\":\"https:\/\/www.africa-press.net\/mali\/politique\/m-oumar-traore-1ervice-president-pmtr-tout-bon-malien-doit-soutenir-cette-transition#primaryimage\"},\"thumbnailUrl\":\"https:\/\/static.africa-press.net\/mali\/sites\/21\/2023\/03\/postQueueImg_1677751828.62.jpg\",\"keywords\":[\"Africa Press\",\"Africa Press-Mali\",\"mali\"],\"articleSection\":[\"Politique\",\"Toutes les actualit\u00e9s\"],\"inLanguage\":\"fr-FR\",\"potentialAction\":[{\"@type\":\"CommentAction\",\"name\":\"Comment\",\"target\":[\"https:\/\/www.africa-press.net\/mali\/politique\/m-oumar-traore-1ervice-president-pmtr-tout-bon-malien-doit-soutenir-cette-transition#respond\"]}]},{\"@type\":\"WebPage\",\"@id\":\"https:\/\/www.africa-press.net\/mali\/politique\/m-oumar-traore-1ervice-president-pmtr-tout-bon-malien-doit-soutenir-cette-transition\",\"url\":\"https:\/\/www.africa-press.net\/mali\/politique\/m-oumar-traore-1ervice-president-pmtr-tout-bon-malien-doit-soutenir-cette-transition\",\"name\":\"M. Oumar Traor\u00e9, 1ervice-pr\u00e9sident PMTR : \u00ab Tout bon malien doit soutenir cette transition \u00bb - Mali\",\"isPartOf\":{\"@id\":\"https:\/\/www.africa-press.net\/mali\/#website\"},\"primaryImageOfPage\":{\"@id\":\"https:\/\/www.africa-press.net\/mali\/politique\/m-oumar-traore-1ervice-president-pmtr-tout-bon-malien-doit-soutenir-cette-transition#primaryimage\"},\"image\":{\"@id\":\"https:\/\/www.africa-press.net\/mali\/politique\/m-oumar-traore-1ervice-president-pmtr-tout-bon-malien-doit-soutenir-cette-transition#primaryimage\"},\"thumbnailUrl\":\"https:\/\/static.africa-press.net\/mali\/sites\/21\/2023\/03\/postQueueImg_1677751828.62.jpg\",\"datePublished\":\"2023-03-02T13:40:20+00:00\",\"dateModified\":\"2023-03-02T13:50:58+00:00\",\"author\":{\"@id\":\"https:\/\/www.africa-press.net\/mali\/#\/schema\/person\/2b1cf3cd81a31e3cd26889ca66d677f1\"},\"description\":\"Ancien cadre du RPM et ancien de\u0301pute\u0301 de Goundam, M. Oumar Traore\u0301, s\u2019est prononce\u0301 sur la cre\u0301ation du Parti Malien du ...\",\"breadcrumb\":{\"@id\":\"https:\/\/www.africa-press.net\/mali\/politique\/m-oumar-traore-1ervice-president-pmtr-tout-bon-malien-doit-soutenir-cette-transition#breadcrumb\"},\"inLanguage\":\"fr-FR\",\"potentialAction\":[{\"@type\":\"ReadAction\",\"target\":[\"https:\/\/www.africa-press.net\/mali\/politique\/m-oumar-traore-1ervice-president-pmtr-tout-bon-malien-doit-soutenir-cette-transition\"]}]},{\"@type\":\"ImageObject\",\"inLanguage\":\"fr-FR\",\"@id\":\"https:\/\/www.africa-press.net\/mali\/politique\/m-oumar-traore-1ervice-president-pmtr-tout-bon-malien-doit-soutenir-cette-transition#primaryimage\",\"url\":\"https:\/\/static.africa-press.net\/mali\/sites\/21\/2023\/03\/postQueueImg_1677751828.62.jpg\",\"contentUrl\":\"https:\/\/static.africa-press.net\/mali\/sites\/21\/2023\/03\/postQueueImg_1677751828.62.jpg\",\"width\":720,\"height\":480,\"caption\":\"M. Oumar Traor\u00e9, 1ervice-pr\u00e9sident PMTR : \u00ab Tout bon malien doit soutenir cette transition \u00bb\"},{\"@type\":\"BreadcrumbList\",\"@id\":\"https:\/\/www.africa-press.net\/mali\/politique\/m-oumar-traore-1ervice-president-pmtr-tout-bon-malien-doit-soutenir-cette-transition#breadcrumb\",\"itemListElement\":[{\"@type\":\"ListItem\",\"position\":1,\"name\":\"Home\",\"item\":\"https:\/\/www.africa-press.net\/mali\/\"},{\"@type\":\"ListItem\",\"position\":2,\"name\":\"M. Oumar Traor\u00e9, 1ervice-pr\u00e9sident PMTR : \u00ab Tout bon malien doit soutenir cette transition \u00bb\"}]},{\"@type\":\"WebSite\",\"@id\":\"https:\/\/www.africa-press.net\/mali\/#website\",\"url\":\"https:\/\/www.africa-press.net\/mali\/\",\"name\":\"Mali\",\"description\":\"Just another Africa News Agency Sites site\",\"potentialAction\":[{\"@type\":\"SearchAction\",\"target\":{\"@type\":\"EntryPoint\",\"urlTemplate\":\"https:\/\/www.africa-press.net\/mali\/?s={search_term_string}\"},\"query-input\":{\"@type\":\"PropertyValueSpecification\",\"valueRequired\":true,\"valueName\":\"search_term_string\"}}],\"inLanguage\":\"fr-FR\"},{\"@type\":\"Person\",\"@id\":\"https:\/\/www.africa-press.net\/mali\/#\/schema\/person\/2b1cf3cd81a31e3cd26889ca66d677f1\",\"name\":\"cfeditorfr\"}]}<\/script>\n<!-- \/ Yoast SEO Premium plugin. -->","yoast_head_json":{"title":"M. Oumar Traor\u00e9, 1ervice-pr\u00e9sident PMTR : \u00ab Tout bon malien doit soutenir cette transition \u00bb - Mali","description":"Ancien cadre du RPM et ancien de\u0301pute\u0301 de Goundam, M. Oumar Traore\u0301, s\u2019est prononce\u0301 sur la cre\u0301ation du Parti Malien du ...","robots":{"index":"index","follow":"follow","max-snippet":"max-snippet:-1","max-image-preview":"max-image-preview:large","max-video-preview":"max-video-preview:-1"},"canonical":"https:\/\/www.africa-press.net\/mali\/politique\/m-oumar-traore-1ervice-president-pmtr-tout-bon-malien-doit-soutenir-cette-transition","og_locale":"fr_FR","og_type":"article","og_title":"M. Oumar Traor\u00e9, 1ervice-pr\u00e9sident PMTR : \u00ab Tout bon malien doit soutenir cette transition \u00bb","og_description":"Ancien cadre du RPM et ancien de\u0301pute\u0301 de Goundam, M. Oumar Traore\u0301, s\u2019est prononce\u0301 sur la cre\u0301ation du Parti Malien du ...","og_url":"https:\/\/www.africa-press.net\/mali\/politique\/m-oumar-traore-1ervice-president-pmtr-tout-bon-malien-doit-soutenir-cette-transition","og_site_name":"Mali","article_publisher":"https:\/\/www.facebook.com\/AfricaPressTunisiaa","article_published_time":"2023-03-02T13:40:20+00:00","article_modified_time":"2023-03-02T13:50:58+00:00","og_image":[{"width":720,"height":480,"url":"https:\/\/static.africa-press.net\/mali\/sites\/21\/2023\/03\/postQueueImg_1677751828.62.jpg","type":"image\/jpeg"}],"author":"cfeditorfr","twitter_card":"summary_large_image","twitter_misc":{"\u00c9crit par":"cfeditorfr","Dur\u00e9e de lecture estim\u00e9e":"3 minutes"},"schema":{"@context":"https:\/\/schema.org","@graph":[{"@type":"Article","@id":"https:\/\/www.africa-press.net\/mali\/politique\/m-oumar-traore-1ervice-president-pmtr-tout-bon-malien-doit-soutenir-cette-transition#article","isPartOf":{"@id":"https:\/\/www.africa-press.net\/mali\/politique\/m-oumar-traore-1ervice-president-pmtr-tout-bon-malien-doit-soutenir-cette-transition"},"author":{"name":"cfeditorfr","@id":"https:\/\/www.africa-press.net\/mali\/#\/schema\/person\/2b1cf3cd81a31e3cd26889ca66d677f1"},"headline":"M. Oumar Traor\u00e9, 1ervice-pr\u00e9sident PMTR : \u00ab Tout bon malien doit soutenir cette transition \u00bb","datePublished":"2023-03-02T13:40:20+00:00","dateModified":"2023-03-02T13:50:58+00:00","mainEntityOfPage":{"@id":"https:\/\/www.africa-press.net\/mali\/politique\/m-oumar-traore-1ervice-president-pmtr-tout-bon-malien-doit-soutenir-cette-transition"},"wordCount":516,"commentCount":0,"image":{"@id":"https:\/\/www.africa-press.net\/mali\/politique\/m-oumar-traore-1ervice-president-pmtr-tout-bon-malien-doit-soutenir-cette-transition#primaryimage"},"thumbnailUrl":"https:\/\/static.africa-press.net\/mali\/sites\/21\/2023\/03\/postQueueImg_1677751828.62.jpg","keywords":["Africa Press","Africa Press-Mali","mali"],"articleSection":["Politique","Toutes les actualit\u00e9s"],"inLanguage":"fr-FR","potentialAction":[{"@type":"CommentAction","name":"Comment","target":["https:\/\/www.africa-press.net\/mali\/politique\/m-oumar-traore-1ervice-president-pmtr-tout-bon-malien-doit-soutenir-cette-transition#respond"]}]},{"@type":"WebPage","@id":"https:\/\/www.africa-press.net\/mali\/politique\/m-oumar-traore-1ervice-president-pmtr-tout-bon-malien-doit-soutenir-cette-transition","url":"https:\/\/www.africa-press.net\/mali\/politique\/m-oumar-traore-1ervice-president-pmtr-tout-bon-malien-doit-soutenir-cette-transition","name":"M. Oumar Traor\u00e9, 1ervice-pr\u00e9sident PMTR : \u00ab Tout bon malien doit soutenir cette transition \u00bb - Mali","isPartOf":{"@id":"https:\/\/www.africa-press.net\/mali\/#website"},"primaryImageOfPage":{"@id":"https:\/\/www.africa-press.net\/mali\/politique\/m-oumar-traore-1ervice-president-pmtr-tout-bon-malien-doit-soutenir-cette-transition#primaryimage"},"image":{"@id":"https:\/\/www.africa-press.net\/mali\/politique\/m-oumar-traore-1ervice-president-pmtr-tout-bon-malien-doit-soutenir-cette-transition#primaryimage"},"thumbnailUrl":"https:\/\/static.africa-press.net\/mali\/sites\/21\/2023\/03\/postQueueImg_1677751828.62.jpg","datePublished":"2023-03-02T13:40:20+00:00","dateModified":"2023-03-02T13:50:58+00:00","author":{"@id":"https:\/\/www.africa-press.net\/mali\/#\/schema\/person\/2b1cf3cd81a31e3cd26889ca66d677f1"},"description":"Ancien cadre du RPM et ancien de\u0301pute\u0301 de Goundam, M. Oumar Traore\u0301, s\u2019est prononce\u0301 sur la cre\u0301ation du Parti Malien du ...","breadcrumb":{"@id":"https:\/\/www.africa-press.net\/mali\/politique\/m-oumar-traore-1ervice-president-pmtr-tout-bon-malien-doit-soutenir-cette-transition#breadcrumb"},"inLanguage":"fr-FR","potentialAction":[{"@type":"ReadAction","target":["https:\/\/www.africa-press.net\/mali\/politique\/m-oumar-traore-1ervice-president-pmtr-tout-bon-malien-doit-soutenir-cette-transition"]}]},{"@type":"ImageObject","inLanguage":"fr-FR","@id":"https:\/\/www.africa-press.net\/mali\/politique\/m-oumar-traore-1ervice-president-pmtr-tout-bon-malien-doit-soutenir-cette-transition#primaryimage","url":"https:\/\/static.africa-press.net\/mali\/sites\/21\/2023\/03\/postQueueImg_1677751828.62.jpg","contentUrl":"https:\/\/static.africa-press.net\/mali\/sites\/21\/2023\/03\/postQueueImg_1677751828.62.jpg","width":720,"height":480,"caption":"M. Oumar Traor\u00e9, 1ervice-pr\u00e9sident PMTR : \u00ab Tout bon malien doit soutenir cette transition \u00bb"},{"@type":"BreadcrumbList","@id":"https:\/\/www.africa-press.net\/mali\/politique\/m-oumar-traore-1ervice-president-pmtr-tout-bon-malien-doit-soutenir-cette-transition#breadcrumb","itemListElement":[{"@type":"ListItem","position":1,"name":"Home","item":"https:\/\/www.africa-press.net\/mali\/"},{"@type":"ListItem","position":2,"name":"M. Oumar Traor\u00e9, 1ervice-pr\u00e9sident PMTR : \u00ab Tout bon malien doit soutenir cette transition \u00bb"}]},{"@type":"WebSite","@id":"https:\/\/www.africa-press.net\/mali\/#website","url":"https:\/\/www.africa-press.net\/mali\/","name":"Mali","description":"Just another Africa News Agency Sites site","potentialAction":[{"@type":"SearchAction","target":{"@type":"EntryPoint","urlTemplate":"https:\/\/www.africa-press.net\/mali\/?s={search_term_string}"},"query-input":{"@type":"PropertyValueSpecification","valueRequired":true,"valueName":"search_term_string"}}],"inLanguage":"fr-FR"},{"@type":"Person","@id":"https:\/\/www.africa-press.net\/mali\/#\/schema\/person\/2b1cf3cd81a31e3cd26889ca66d677f1","name":"cfeditorfr"}]}},"_links":{"self":[{"href":"https:\/\/www.africa-press.net\/mali\/wp-json\/wp\/v2\/posts\/31390","targetHints":{"allow":["GET"]}}],"collection":[{"href":"https:\/\/www.africa-press.net\/mali\/wp-json\/wp\/v2\/posts"}],"about":[{"href":"https:\/\/www.africa-press.net\/mali\/wp-json\/wp\/v2\/types\/post"}],"author":[{"embeddable":true,"href":"https:\/\/www.africa-press.net\/mali\/wp-json\/wp\/v2\/users\/82"}],"replies":[{"embeddable":true,"href":"https:\/\/www.africa-press.net\/mali\/wp-json\/wp\/v2\/comments?post=31390"}],"version-history":[{"count":0,"href":"https:\/\/www.africa-press.net\/mali\/wp-json\/wp\/v2\/posts\/31390\/revisions"}],"wp:featuredmedia":[{"embeddable":true,"href":"https:\/\/www.africa-press.net\/mali\/wp-json\/wp\/v2\/media\/31389"}],"wp:attachment":[{"href":"https:\/\/www.africa-press.net\/mali\/wp-json\/wp\/v2\/media?parent=31390"}],"wp:term":[{"taxonomy":"category","embeddable":true,"href":"https:\/\/www.africa-press.net\/mali\/wp-json\/wp\/v2\/categories?post=31390"},{"taxonomy":"post_tag","embeddable":true,"href":"https:\/\/www.africa-press.net\/mali\/wp-json\/wp\/v2\/tags?post=31390"}],"curies":[{"name":"wp","href":"https:\/\/api.w.org\/{rel}","templated":true}]}}