{"id":31398,"date":"2023-03-02T13:42:53","date_gmt":"2023-03-02T13:42:53","guid":{"rendered":"https:\/\/www.africa-press.net\/mali\/politique\/premiere-edition-du-salon-des-investisseurs-pour-lenergie-au-mali-siema-2023-sortir-de-la-dependance-au-thermique-en-investissant-dans-les-energies-renouvelables-comme-le-solaire-et-l"},"modified":"2023-03-02T13:52:11","modified_gmt":"2023-03-02T13:52:11","slug":"premiere-edition-du-salon-des-investisseurs-pour-lenergie-au-mali-siema-2023-sortir-de-la-dependance-au-thermique-en-investissant-dans-les-energies-renouvelables-comme-le-solaire-et-l","status":"publish","type":"post","link":"https:\/\/www.africa-press.net\/mali\/economie\/premiere-edition-du-salon-des-investisseurs-pour-lenergie-au-mali-siema-2023-sortir-de-la-dependance-au-thermique-en-investissant-dans-les-energies-renouvelables-comme-le-solaire-et-l","title":{"rendered":"Premi\u00e8re \u00e9dition du salon des investisseurs pour l\u2019\u00e9nergie au mali (SIEMA 2023) : Sortir de la d\u00e9pendance au thermique en investissant dans les \u00e9nergies renouvelables comme le solaire et l\u2019hydraulique en mobilisant 780 milliards de F CFA"},"content":{"rendered":"<p><span style=\"color: #ff6600\"><strong>Africa-Press &#8211; Mali. <\/strong><\/span>La premie\u0300re e\u0301dition du Salon des Investisseurs pour l\u2019E\u0301nergie au Mali (SIEMA 2023) s\u2019est tenue du 21 au 22 fe\u0301vrier 2023 au Centre International de Confe\u0301rence de Bamako. Elle a e\u0301te\u0301 organise\u0301e par la socie\u0301te\u0301 E\u0301nergie du Mali (EDM-sa) avec le soutien du ministe\u0300re de l\u2019E\u0301conomie et des Finances (MEF) et du ministe\u0300re des Mines, de l\u2019Energie et de l\u2019Eau. L\u2019e\u0301ve\u0300nement a e\u0301te\u0301 pre\u0301side\u0301 par le ministre d\u2019Etat, ministre de l\u2019Administration territoriale et de la De\u0301centralisation, le colonel Abdoulaye Mai\u0308ga, en pre\u0301sence des ministres des Mines, de l\u2019Energie et de l\u2019Eau, Lamine Seydou Traore\u0301 et de son homologue de l\u2019Economie et des Finances, Alousse\u0301ni Sanou.<\/p>\n<p>Place\u0301e sous le the\u0300me \u201cInvestir pour ame\u0301liorer le mix e\u0301nerge\u0301tique\u201d, cette premie\u0300re e\u0301dition a enregistre\u0301 la participation de plusieurs acteurs nationaux et internationaux du secteur de l\u2019e\u0301nergie. Dans son discours, le ministre d\u2019Etat, Colonel Abdoulaye Mai\u0308ga, a salue\u0301 l\u2019initiative du Salon, qui peut e\u0302tre une solution au proble\u0300me de financement. Il a rappele\u0301 que pour mettre fin au de\u0301se\u0301quilibre financier que la Socie\u0301te\u0301 Energie du Mali (EDM-sa) connai\u0302t depuis plusieurs anne\u0301es, un plan de de\u0301veloppement du sous-secteur a e\u0301te\u0301 approuve\u0301 par les autorite\u0301s de la transition sur la pe\u0301riode 2022-2026. Et que ce plan vise a\u0300 apporter des solutions durables aux difficulte\u0301s du sous-secteur de l\u2019e\u0301lectricite\u0301 d\u2019atteindre l\u2019e\u0301quilibre financier de la socie\u0301te\u0301 Energie du Mali, d\u2019ame\u0301liorer la gouvernance du secteur et le cou\u0302t du mix de production d\u2019e\u0301lectricite\u0301. \u201cLedit plan, valide\u0301 en conseil des ministres du mercredi 30 mars 2022 repose sur un important programme d\u2019investissement axe\u0301 sur l\u2019exploitation des gisements d\u2019e\u0301nergies renouvelables, la construction de lignes de transport et de distribution d\u2019e\u0301lectricite\u0301 afin de limiter la de\u0301pendance aux e\u0301nergies fossiles, tre\u0300s polluantes et one\u0301reuses\u201d, a indique\u0301 le ministre de l\u2019Administration territoriale et de la De\u0301centralisation. A propos de la mise en \u0153uvre de ce plan, il a pre\u0301cise\u0301 qu\u2019il permettra le renforcement de la part de la production solaire, la diminution de la part de la production thermique, l\u2019ame\u0301lioration des indicateurs ope\u0301rationnels et financiers par l\u2019augmentation du rendement et la re\u0301duction du cou\u0302t du kilo-watt-heure. Quant au Directeur ge\u0301ne\u0301ral de la socie\u0301te\u0301 EDM-SA, Koureissi Konare\u0301, il a de\u0301cline\u0301 les objectifs du Salon, a\u0300 savoir : la mobilisation de 580 milliards F CFA pour financer des projets prioritaires dans les domaines de la production, du transport et de la distribution. Il a, aussi, insiste\u0301 sur l\u2019importance du the\u0300me \u201cInvestir pour ame\u0301liorer le mix e\u0301nerge\u0301tique\u201d. Selon lui, \u2018\u2019Ce choix traduit la volonte\u0301 de la socie\u0301te\u0301 EDM de sortir de la de\u0301pendance au thermique, qui constitue aujourd\u2019hui plus de 50 % de son parc de production. Il s\u2019agira donc d\u2019investir dans les e\u0301nergies renouvelables, le solaire et l\u2019hydraulique. La re\u0301alisation des projets qui seront soumis aux investisseurs permettra de re\u0301duire conside\u0301rable le cou\u0302t de production et du coup de faciliter l\u2019acce\u0300s a\u0300 l\u2019e\u0301lectricite\u0301 au moindre cou\u0302t pour les populations\u201d.<\/p>\n<p>Il faut souligner que le SIEMA 2023 constitue une opportunite\u0301 pour regrouper les partenaires et les investisseurs dans un cadre d\u2019e\u0301changes, de propositions et d\u2019engagements pour la re\u0301alisation des projets prioritaires de EDM SA, dans les domaines de la production, du transport et de la distribution. C\u2019est pourquoi, en plus des projets de production, EDM-SA a pre\u0301sente\u0301 des projets portant sur le transport et la distribution. L\u2019objectif est de satisfaire la demande qui ne cesse d\u2019accroitre. L\u2019e\u0301nergie e\u0301tant le moteur du de\u0301veloppement socio-e\u0301conomique, tout sera mis en \u0153uvre pour la rendre accessible partout au Mali, rassurent les autorite\u0301s. Qu\u2019est-ce que le Mali peut-il offrir comme opportunite\u0301s aux investisseurs ?<\/p>\n<p>L\u2019e\u0301nergie est a\u0300 la base de tout de\u0301veloppement. Aussi, la satisfaction des besoins humains fondamentaux notamment, l\u2019eau, l\u2019alimentation, la sante\u0301, l\u2019e\u0301ducation, l\u2019industrie, de\u0301pend de la disponibilite\u0301 de l\u2019e\u0301nergie en quantite\u0301, en qualite\u0301 et accessible par tous de fac\u0327on durable. La transition vers les e\u0301nergies vertes doit s\u2019ope\u0301rer de fac\u0327on harmonieuse pour soutenir le de\u0301veloppement des pays, comme le Mali, qui ont des gaps importants en matie\u0300re d\u2019e\u0301lectrification notamment en milieu rural. La baisse des cou\u0302ts des e\u0301quipements solaires a rendu ces technologies de plus en plus compe\u0301titives. Sur la question du financement des projets d\u2019e\u0301nergies renouvelables qui me\u0301rite une attention particulie\u0300re, il faut noter que des obstacles majeurs existent. Ainsi des me\u0301canismes approprie\u0301s doivent e\u0302tre mise en place pour faciliter le financement et la mobilisation des fonds. Le Mali, conforme\u0301ment aux orientations des hautes Autorite\u0301s de la Transition, s\u2019est dote\u0301 d\u2019un cadre favorable pour le de\u0301veloppement des e\u0301nergies renouvelables a\u0300 travers notamment son ouverture aux investisseurs prive\u0301s, les garanties de l\u2019Etat au plan de la se\u0301curite\u0301, ou encore l\u2019exone\u0301ration des e\u0301quipements a\u0300 l\u2019importation. Le Mali a e\u0301galement adhe\u0301re\u0301 aux diffe\u0301rentes initiatives et programmes lance\u0301s au niveau re\u0301gional et international dont l\u2019Energie durable pour tous en 2030, ou le parc solaire re\u0301gional, \u00abDesert to Power \u00bb, entre autres. A titre de rappel, il faut retenir que la consommation e\u0301nerge\u0301tique globale du Mali provient principalement de la biomasse (81%), des produits pe\u0301troliers (16%) et de l\u2019e\u0301lectricite\u0301 (3%). Cette consommation se re\u0301partit comme suit : Me\u0301nages (environ 86%, dont 23% et 77% respectivement pour les me\u0301nages urbains et ruraux) ; Transport (pre\u0300s de 10%, dont 88% et 9% respectivement pour les transports routiers et ae\u0301riens) ; Industries (environ 3%, dont la moitie\u0301 est constitue\u0301e de la consommation des industries extractives) ; Agriculture (moins de 1%).<\/p>\n<p>Quant aux E\u0301nergies Renouvelables (solaire, e\u0301olienne, micro\/mini, hydroe\u0301lectricite\u0301 etc.), elles sont actuellement utilise\u0301es a\u0300 un niveau insignifiant. Toutefois, plusieurs projets de centrales hydroe\u0301lectriques ou solaires photovoltai\u0308ques sont en cours de de\u0301veloppement ainsi qu\u2019un projet de parc e\u0301olien. Il s\u2019agit, entre autres, des projets suivants : Se\u0301gou Solaire : construction d\u2019une centrale solaire photovoltai\u0308que de 33 MWc en BOOT a\u0300 Se\u0301gou ; Akuo Energy : construction d\u2019une centrale solaire photovoltai\u0308que de 50 MWc en BOOT a\u0300 Kita ; Power Pro : construction d\u2019une centrale solaire photovoltai\u0308que de 50 MWc a\u0300 Sikasso ; construction d\u2019une centrale solaire photovoltai\u0308que de 65 MWc a\u0300 Kati ; ACCESS : construction d\u2019une centrale solaire de 25 MWc a\u0300 Koutiala. Les autres principaux programmes en cours sont : \u00ab Promotion de la production et de l\u2019utilisation de l\u2019huile de Jatropha comme biocarburant durable au Mali \u00bb ; \u00ab Projet de gestion inte\u0301gre\u0301e des ressources naturelles du Massif du Fouta Djallon \u00bb finance\u0301 par l\u2019Union africaine, le FEM, la FAO et le PNUE (5 millions de $ EU) est un projet re\u0301gional qui couvre la Gambie, la Guine\u0301e, la Guine\u0301e-Bissau, le Mali, la Mauritanie, le Niger, le Se\u0301ne\u0301gal et la Sierra Leone ; \u00ab Renforcement de la re\u0301silience des groupes de femmes productrices et des communaute\u0301s vulne\u0301rables aux changements climatiques au Mali dans 10 communes vulne\u0301rables des Cercles de Kayes, Koulikoro et Sikasso\u00bb ; \u00ab Syste\u0300mes hybrides pour l\u2019e\u0301lectrification rurale dans 30 villages au Mali \u00bb ; \u00ab Plateformes multifonctionnelles nationales au Mali \u00bb ; Programme d\u2019appui aux Collectivite\u0301s territoriales (PACT) qui ciblait au de\u0301part les Cercles de Koulikoro, Se\u0301gou et Mopti, mais qui a e\u0301te\u0301 e\u0301tendu, a\u0300 pre\u0301sent, a\u0300 tout le Mali ; \u00abProgramme d\u2019appui a\u0300 l\u2019adaptation aux changements climatiques dans les re\u0301gions vulne\u0301rables de Mopti et de Tombouctou \u00bb ; le projet du Programme Solaire et Energies renouvelables (PSER) au Mali qui contribuera a\u0300 accroi\u0302tre le nombre et la capacite\u0301 des grands syste\u0300mes d\u2019EnR (Energies renouvelables) pour les services e\u0301lectriques (PV solaire et biocarburants) dans les syste\u0300mes thermiques existants et les nouveaux mini-re\u0301seaux en milieu rural.<\/p>\n<p>Le secteur de l\u2019e\u0301lectricite\u0301 est domine\u0301 par la socie\u0301te\u0301 EDM-SA. Il comprend e\u0301galement quelques syste\u0300mes isole\u0301s prive\u0301s et plusieurs dizaines de plateformes multifonctionnelles ge\u0301re\u0301es par les communaute\u0301s locales. Le potentiel en hydoe\u0301lectricite\u0301 identifie\u0301 est de 1 150 MW sur une vingtaine de sites avec un productible moyen annuel correspondant de 5 600 GWh environ. Actuellement pre\u0300s de 840 MW de ce potentiel reste disponible, non ame\u0301nage\u0301 et re\u0301parti en 3 grands groupes : sites au stade des e\u0301tudes de faisabilite\u0301 (150 MW) ; sites au stade de pre\u0301faisabilite\u0301 (342 MW) ; sites au stade de reconnaissance (150 MW). En ce qui concerne l\u2019Energie solaire, l\u2019irradiation solaire est tre\u0300s importante et re\u0301partie sur l\u2019ensemble du territoire national. Elle atteint en moyenne 6 kWh\/m2\/j pour une dure\u0301e d\u2019ensoleillement journalier de 7 a\u0300 10 heures. Le potentiel de bois e\u0301nergie est e\u0301value\u0301 a\u0300 33 millions d\u2019hectares avec un volume sur pied d\u2019environ 520 millions de m3 et une productivite\u0301 ponde\u0301re\u0301e sur l\u2019ensemble du pays d\u2019environ 0,86 m3\/ha\/an. La mise en \u0153uvre par l\u2019AMADER des Sche\u0301mas Directeurs d\u2019Approvisionnement (SDA) sur toute l\u2019e\u0301tendue du territoire a permis d\u2019e\u0301tablir la cartographie suivante du gisement en bois-e\u0301nergie. Le Mali dispose d\u2019un potentiel important de production d\u2019e\u0301nergie a\u0300 partir des de\u0301chets agricoles : 1,5 million de tonnes de de\u0301chets de riz et de coton (coques, tiges, etc.) en 2010 ; pre\u0300s de 3,5 millions de tonnes en 2018, suite a\u0300 une croissance annuelle de 10 % de la production de ce\u0301re\u0301ales principalement autour de Sikasso (coton) et Se\u0301gou\/Mopti (riz). Le Mali est un grand producteur re\u0301gional d\u2019ole\u0301agineux : plus de 500 000 tonnes d\u2019arachide, 370 000 tonnes de graines de coton et 200 000 tonnes de noix de karite\u0301 ce qui entraine la production de grandes quantite\u0301s de tourteaux. Premier producteur re\u0301gional de be\u0301tail avec plus de 30 % du total de be\u0301tail de l\u2019UEMOA, une croissance annuelle avoisinant les 5 %, le Mali offre des possibilite\u0301s non exploite\u0301es de valorisation des de\u0301chets d\u2019origine animale. Il existe en outre des espe\u0300ces aquatiques envahissantes et des de\u0301chets me\u0301nagers de pre\u0300s de 600 000 tonnes par an. Quant aux cultures e\u0301nerge\u0301tiques, les conditions sont optimales pour la production de canne a\u0300 sucre avec un ensoleillement abondant et l\u2019eau pour l\u2019irrigation. La production est concentre\u0301e dans la zone de l\u2019Office du Niger dans des usines sucrie\u0300res existantes (Sukala et Nsukala). Les 20 000 hectares cultive\u0301s produisent 140 000 tonnes de sucre et 11 millions de litres d\u2019e\u0301thanol exporte\u0301s avec succe\u0300s. La culture du jatropha (pourghe\u0300re) a longtemps e\u0301te\u0301 utilise\u0301e au Mali comme clo\u0302ture traditionnelle. Principalement concentre\u0301e dans les re\u0301gions de Sikasso, Koulikoro, Kayes et Se\u0301gou, 65 000 ha de jatropha permettent une production estime\u0301e a\u0300 5 500 tonnes de graines en 2016. Quatre pressoirs et une raffinerie sont de\u0301ja\u0300 en exploitation, 740 000 litres de biocarburant a\u0300 base de jatropha ont e\u0301te\u0301 produits en 2016, avec une croissance annuelle de 35 % depuis 2010.<\/p>\n<p><strong>Pour plus d&rsquo;informations et d&rsquo;analyses sur la <a href=\"https:\/\/www.africa-press.net\/mali\">Mali<\/a>, suivez <a href=\"https:\/\/www.africa-press.net\/\">Africa-Press<\/a><\/strong><\/p>\n","protected":false},"excerpt":{"rendered":"<p>Africa-Press &#8211; Mali. La premie\u0300re e\u0301dition du Salon des Investisseurs pour l\u2019E\u0301nergie au Mali (SIEMA 2023) s\u2019est tenue du 21 au 22 fe\u0301vrier 2023 au Centre International de Confe\u0301rence de Bamako. Elle a e\u0301te\u0301 organise\u0301e par la socie\u0301te\u0301 E\u0301nergie du Mali (EDM-sa) avec le soutien du ministe\u0300re de l\u2019E\u0301conomie et des Finances (MEF) et du [&hellip;]<\/p>\n","protected":false},"author":82,"featured_media":31397,"comment_status":"open","ping_status":"closed","sticky":false,"template":"","format":"standard","meta":{"footnotes":""},"categories":[12,17],"tags":[76,86,19],"class_list":["post-31398","post","type-post","status-publish","format-standard","has-post-thumbnail","hentry","category-economie","category-toutes-les-actualites","tag-africa-press","tag-africa-press-mali","tag-mali"],"yoast_head":"<!-- This site is optimized with the Yoast SEO Premium plugin v26.1 (Yoast SEO v27.0) - https:\/\/yoast.com\/product\/yoast-seo-premium-wordpress\/ -->\n<title>Premi\u00e8re \u00e9dition du salon des investisseurs pour l\u2019\u00e9nergie au mali (SIEMA 2023) : Sortir de la d\u00e9pendance au thermique en investissant dans les \u00e9nergies renouvelables comme le solaire et l\u2019hydraulique en mobilisant 780 milliards de F CFA - Mali<\/title>\n<meta name=\"description\" content=\"La premie\u0300re e\u0301dition du Salon des Investisseurs pour l\u2019E\u0301nergie au Mali (SIEMA 2023) s\u2019est tenue du 21 au 22 fe\u0301vrier 2 ...\" \/>\n<meta name=\"robots\" content=\"index, follow, max-snippet:-1, max-image-preview:large, max-video-preview:-1\" \/>\n<link rel=\"canonical\" href=\"https:\/\/www.africa-press.net\/mali\/economie\/premiere-edition-du-salon-des-investisseurs-pour-lenergie-au-mali-siema-2023-sortir-de-la-dependance-au-thermique-en-investissant-dans-les-energies-renouvelables-comme-le-solaire-et-l\" \/>\n<meta property=\"og:locale\" content=\"fr_FR\" \/>\n<meta property=\"og:type\" content=\"article\" \/>\n<meta property=\"og:title\" content=\"Premi\u00e8re \u00e9dition du salon des investisseurs pour l\u2019\u00e9nergie au mali (SIEMA 2023) : Sortir de la d\u00e9pendance au thermique en investissant dans les \u00e9nergies renouvelables comme le solaire et l\u2019hydraulique en mobilisant 780 milliards de F CFA\" \/>\n<meta property=\"og:description\" content=\"La premie\u0300re e\u0301dition du Salon des Investisseurs pour l\u2019E\u0301nergie au Mali (SIEMA 2023) s\u2019est tenue du 21 au 22 fe\u0301vrier 2 ...\" \/>\n<meta property=\"og:url\" content=\"https:\/\/www.africa-press.net\/mali\/economie\/premiere-edition-du-salon-des-investisseurs-pour-lenergie-au-mali-siema-2023-sortir-de-la-dependance-au-thermique-en-investissant-dans-les-energies-renouvelables-comme-le-solaire-et-l\" \/>\n<meta property=\"og:site_name\" content=\"Mali\" \/>\n<meta property=\"article:publisher\" content=\"https:\/\/www.facebook.com\/AfricaPressTunisiaa\" \/>\n<meta property=\"article:published_time\" content=\"2023-03-02T13:42:53+00:00\" \/>\n<meta property=\"article:modified_time\" content=\"2023-03-02T13:52:11+00:00\" \/>\n<meta property=\"og:image\" content=\"https:\/\/static.africa-press.net\/mali\/sites\/21\/2023\/03\/postQueueImg_1677751989.83.jpg\" \/>\n\t<meta property=\"og:image:width\" content=\"720\" \/>\n\t<meta property=\"og:image:height\" content=\"600\" \/>\n\t<meta property=\"og:image:type\" content=\"image\/jpeg\" \/>\n<meta name=\"author\" content=\"cfeditorfr\" \/>\n<meta name=\"twitter:card\" content=\"summary_large_image\" \/>\n<meta name=\"twitter:label1\" content=\"\u00c9crit par\" \/>\n\t<meta name=\"twitter:data1\" content=\"cfeditorfr\" \/>\n\t<meta name=\"twitter:label2\" content=\"Dur\u00e9e de lecture estim\u00e9e\" \/>\n\t<meta name=\"twitter:data2\" content=\"10 minutes\" \/>\n<script type=\"application\/ld+json\" class=\"yoast-schema-graph\">{\"@context\":\"https:\/\/schema.org\",\"@graph\":[{\"@type\":\"Article\",\"@id\":\"https:\/\/www.africa-press.net\/mali\/economie\/premiere-edition-du-salon-des-investisseurs-pour-lenergie-au-mali-siema-2023-sortir-de-la-dependance-au-thermique-en-investissant-dans-les-energies-renouvelables-comme-le-solaire-et-l#article\",\"isPartOf\":{\"@id\":\"https:\/\/www.africa-press.net\/mali\/economie\/premiere-edition-du-salon-des-investisseurs-pour-lenergie-au-mali-siema-2023-sortir-de-la-dependance-au-thermique-en-investissant-dans-les-energies-renouvelables-comme-le-solaire-et-l\"},\"author\":{\"name\":\"cfeditorfr\",\"@id\":\"https:\/\/www.africa-press.net\/mali\/#\/schema\/person\/2b1cf3cd81a31e3cd26889ca66d677f1\"},\"headline\":\"Premi\u00e8re \u00e9dition du salon des investisseurs pour l\u2019\u00e9nergie au mali (SIEMA 2023) : Sortir de la d\u00e9pendance au thermique en investissant dans les \u00e9nergies renouvelables comme le solaire et l\u2019hydraulique en mobilisant 780 milliards de F CFA\",\"datePublished\":\"2023-03-02T13:42:53+00:00\",\"dateModified\":\"2023-03-02T13:52:11+00:00\",\"mainEntityOfPage\":{\"@id\":\"https:\/\/www.africa-press.net\/mali\/economie\/premiere-edition-du-salon-des-investisseurs-pour-lenergie-au-mali-siema-2023-sortir-de-la-dependance-au-thermique-en-investissant-dans-les-energies-renouvelables-comme-le-solaire-et-l\"},\"wordCount\":1965,\"commentCount\":0,\"image\":{\"@id\":\"https:\/\/www.africa-press.net\/mali\/economie\/premiere-edition-du-salon-des-investisseurs-pour-lenergie-au-mali-siema-2023-sortir-de-la-dependance-au-thermique-en-investissant-dans-les-energies-renouvelables-comme-le-solaire-et-l#primaryimage\"},\"thumbnailUrl\":\"https:\/\/static.africa-press.net\/mali\/sites\/21\/2023\/03\/postQueueImg_1677751989.83.jpg\",\"keywords\":[\"Africa Press\",\"Africa Press-Mali\",\"mali\"],\"articleSection\":[\"\u00c9conomie\",\"Toutes les actualit\u00e9s\"],\"inLanguage\":\"fr-FR\",\"potentialAction\":[{\"@type\":\"CommentAction\",\"name\":\"Comment\",\"target\":[\"https:\/\/www.africa-press.net\/mali\/economie\/premiere-edition-du-salon-des-investisseurs-pour-lenergie-au-mali-siema-2023-sortir-de-la-dependance-au-thermique-en-investissant-dans-les-energies-renouvelables-comme-le-solaire-et-l#respond\"]}]},{\"@type\":\"WebPage\",\"@id\":\"https:\/\/www.africa-press.net\/mali\/economie\/premiere-edition-du-salon-des-investisseurs-pour-lenergie-au-mali-siema-2023-sortir-de-la-dependance-au-thermique-en-investissant-dans-les-energies-renouvelables-comme-le-solaire-et-l\",\"url\":\"https:\/\/www.africa-press.net\/mali\/economie\/premiere-edition-du-salon-des-investisseurs-pour-lenergie-au-mali-siema-2023-sortir-de-la-dependance-au-thermique-en-investissant-dans-les-energies-renouvelables-comme-le-solaire-et-l\",\"name\":\"Premi\u00e8re \u00e9dition du salon des investisseurs pour l\u2019\u00e9nergie au mali (SIEMA 2023) : Sortir de la d\u00e9pendance au thermique en investissant dans les \u00e9nergies renouvelables comme le solaire et l\u2019hydraulique en mobilisant 780 milliards de F CFA - Mali\",\"isPartOf\":{\"@id\":\"https:\/\/www.africa-press.net\/mali\/#website\"},\"primaryImageOfPage\":{\"@id\":\"https:\/\/www.africa-press.net\/mali\/economie\/premiere-edition-du-salon-des-investisseurs-pour-lenergie-au-mali-siema-2023-sortir-de-la-dependance-au-thermique-en-investissant-dans-les-energies-renouvelables-comme-le-solaire-et-l#primaryimage\"},\"image\":{\"@id\":\"https:\/\/www.africa-press.net\/mali\/economie\/premiere-edition-du-salon-des-investisseurs-pour-lenergie-au-mali-siema-2023-sortir-de-la-dependance-au-thermique-en-investissant-dans-les-energies-renouvelables-comme-le-solaire-et-l#primaryimage\"},\"thumbnailUrl\":\"https:\/\/static.africa-press.net\/mali\/sites\/21\/2023\/03\/postQueueImg_1677751989.83.jpg\",\"datePublished\":\"2023-03-02T13:42:53+00:00\",\"dateModified\":\"2023-03-02T13:52:11+00:00\",\"author\":{\"@id\":\"https:\/\/www.africa-press.net\/mali\/#\/schema\/person\/2b1cf3cd81a31e3cd26889ca66d677f1\"},\"description\":\"La premie\u0300re e\u0301dition du Salon des Investisseurs pour l\u2019E\u0301nergie au Mali (SIEMA 2023) s\u2019est tenue du 21 au 22 fe\u0301vrier 2 ...\",\"breadcrumb\":{\"@id\":\"https:\/\/www.africa-press.net\/mali\/economie\/premiere-edition-du-salon-des-investisseurs-pour-lenergie-au-mali-siema-2023-sortir-de-la-dependance-au-thermique-en-investissant-dans-les-energies-renouvelables-comme-le-solaire-et-l#breadcrumb\"},\"inLanguage\":\"fr-FR\",\"potentialAction\":[{\"@type\":\"ReadAction\",\"target\":[\"https:\/\/www.africa-press.net\/mali\/economie\/premiere-edition-du-salon-des-investisseurs-pour-lenergie-au-mali-siema-2023-sortir-de-la-dependance-au-thermique-en-investissant-dans-les-energies-renouvelables-comme-le-solaire-et-l\"]}]},{\"@type\":\"ImageObject\",\"inLanguage\":\"fr-FR\",\"@id\":\"https:\/\/www.africa-press.net\/mali\/economie\/premiere-edition-du-salon-des-investisseurs-pour-lenergie-au-mali-siema-2023-sortir-de-la-dependance-au-thermique-en-investissant-dans-les-energies-renouvelables-comme-le-solaire-et-l#primaryimage\",\"url\":\"https:\/\/static.africa-press.net\/mali\/sites\/21\/2023\/03\/postQueueImg_1677751989.83.jpg\",\"contentUrl\":\"https:\/\/static.africa-press.net\/mali\/sites\/21\/2023\/03\/postQueueImg_1677751989.83.jpg\",\"width\":720,\"height\":600,\"caption\":\"Premi\u00e8re \u00e9dition du salon des investisseurs pour l\u2019\u00e9nergie au mali (SIEMA 2023) : Sortir de la d\u00e9pendance au thermique en investissant dans les \u00e9nergies renouvelables comme le solaire et l\u2019hydraulique en mobilisant 780 milliards de F CFA\"},{\"@type\":\"BreadcrumbList\",\"@id\":\"https:\/\/www.africa-press.net\/mali\/economie\/premiere-edition-du-salon-des-investisseurs-pour-lenergie-au-mali-siema-2023-sortir-de-la-dependance-au-thermique-en-investissant-dans-les-energies-renouvelables-comme-le-solaire-et-l#breadcrumb\",\"itemListElement\":[{\"@type\":\"ListItem\",\"position\":1,\"name\":\"Home\",\"item\":\"https:\/\/www.africa-press.net\/mali\/\"},{\"@type\":\"ListItem\",\"position\":2,\"name\":\"Premi\u00e8re \u00e9dition du salon des investisseurs pour l\u2019\u00e9nergie au mali (SIEMA 2023) : Sortir de la d\u00e9pendance au thermique en investissant dans les \u00e9nergies renouvelables comme le solaire et l\u2019hydraulique en mobilisant 780 milliards de F CFA\"}]},{\"@type\":\"WebSite\",\"@id\":\"https:\/\/www.africa-press.net\/mali\/#website\",\"url\":\"https:\/\/www.africa-press.net\/mali\/\",\"name\":\"Mali\",\"description\":\"Just another Africa News Agency Sites site\",\"potentialAction\":[{\"@type\":\"SearchAction\",\"target\":{\"@type\":\"EntryPoint\",\"urlTemplate\":\"https:\/\/www.africa-press.net\/mali\/?s={search_term_string}\"},\"query-input\":{\"@type\":\"PropertyValueSpecification\",\"valueRequired\":true,\"valueName\":\"search_term_string\"}}],\"inLanguage\":\"fr-FR\"},{\"@type\":\"Person\",\"@id\":\"https:\/\/www.africa-press.net\/mali\/#\/schema\/person\/2b1cf3cd81a31e3cd26889ca66d677f1\",\"name\":\"cfeditorfr\"}]}<\/script>\n<!-- \/ Yoast SEO Premium plugin. -->","yoast_head_json":{"title":"Premi\u00e8re \u00e9dition du salon des investisseurs pour l\u2019\u00e9nergie au mali (SIEMA 2023) : Sortir de la d\u00e9pendance au thermique en investissant dans les \u00e9nergies renouvelables comme le solaire et l\u2019hydraulique en mobilisant 780 milliards de F CFA - Mali","description":"La premie\u0300re e\u0301dition du Salon des Investisseurs pour l\u2019E\u0301nergie au Mali (SIEMA 2023) s\u2019est tenue du 21 au 22 fe\u0301vrier 2 ...","robots":{"index":"index","follow":"follow","max-snippet":"max-snippet:-1","max-image-preview":"max-image-preview:large","max-video-preview":"max-video-preview:-1"},"canonical":"https:\/\/www.africa-press.net\/mali\/economie\/premiere-edition-du-salon-des-investisseurs-pour-lenergie-au-mali-siema-2023-sortir-de-la-dependance-au-thermique-en-investissant-dans-les-energies-renouvelables-comme-le-solaire-et-l","og_locale":"fr_FR","og_type":"article","og_title":"Premi\u00e8re \u00e9dition du salon des investisseurs pour l\u2019\u00e9nergie au mali (SIEMA 2023) : Sortir de la d\u00e9pendance au thermique en investissant dans les \u00e9nergies renouvelables comme le solaire et l\u2019hydraulique en mobilisant 780 milliards de F CFA","og_description":"La premie\u0300re e\u0301dition du Salon des Investisseurs pour l\u2019E\u0301nergie au Mali (SIEMA 2023) s\u2019est tenue du 21 au 22 fe\u0301vrier 2 ...","og_url":"https:\/\/www.africa-press.net\/mali\/economie\/premiere-edition-du-salon-des-investisseurs-pour-lenergie-au-mali-siema-2023-sortir-de-la-dependance-au-thermique-en-investissant-dans-les-energies-renouvelables-comme-le-solaire-et-l","og_site_name":"Mali","article_publisher":"https:\/\/www.facebook.com\/AfricaPressTunisiaa","article_published_time":"2023-03-02T13:42:53+00:00","article_modified_time":"2023-03-02T13:52:11+00:00","og_image":[{"width":720,"height":600,"url":"https:\/\/static.africa-press.net\/mali\/sites\/21\/2023\/03\/postQueueImg_1677751989.83.jpg","type":"image\/jpeg"}],"author":"cfeditorfr","twitter_card":"summary_large_image","twitter_misc":{"\u00c9crit par":"cfeditorfr","Dur\u00e9e de lecture estim\u00e9e":"10 minutes"},"schema":{"@context":"https:\/\/schema.org","@graph":[{"@type":"Article","@id":"https:\/\/www.africa-press.net\/mali\/economie\/premiere-edition-du-salon-des-investisseurs-pour-lenergie-au-mali-siema-2023-sortir-de-la-dependance-au-thermique-en-investissant-dans-les-energies-renouvelables-comme-le-solaire-et-l#article","isPartOf":{"@id":"https:\/\/www.africa-press.net\/mali\/economie\/premiere-edition-du-salon-des-investisseurs-pour-lenergie-au-mali-siema-2023-sortir-de-la-dependance-au-thermique-en-investissant-dans-les-energies-renouvelables-comme-le-solaire-et-l"},"author":{"name":"cfeditorfr","@id":"https:\/\/www.africa-press.net\/mali\/#\/schema\/person\/2b1cf3cd81a31e3cd26889ca66d677f1"},"headline":"Premi\u00e8re \u00e9dition du salon des investisseurs pour l\u2019\u00e9nergie au mali (SIEMA 2023) : Sortir de la d\u00e9pendance au thermique en investissant dans les \u00e9nergies renouvelables comme le solaire et l\u2019hydraulique en mobilisant 780 milliards de F CFA","datePublished":"2023-03-02T13:42:53+00:00","dateModified":"2023-03-02T13:52:11+00:00","mainEntityOfPage":{"@id":"https:\/\/www.africa-press.net\/mali\/economie\/premiere-edition-du-salon-des-investisseurs-pour-lenergie-au-mali-siema-2023-sortir-de-la-dependance-au-thermique-en-investissant-dans-les-energies-renouvelables-comme-le-solaire-et-l"},"wordCount":1965,"commentCount":0,"image":{"@id":"https:\/\/www.africa-press.net\/mali\/economie\/premiere-edition-du-salon-des-investisseurs-pour-lenergie-au-mali-siema-2023-sortir-de-la-dependance-au-thermique-en-investissant-dans-les-energies-renouvelables-comme-le-solaire-et-l#primaryimage"},"thumbnailUrl":"https:\/\/static.africa-press.net\/mali\/sites\/21\/2023\/03\/postQueueImg_1677751989.83.jpg","keywords":["Africa Press","Africa Press-Mali","mali"],"articleSection":["\u00c9conomie","Toutes les actualit\u00e9s"],"inLanguage":"fr-FR","potentialAction":[{"@type":"CommentAction","name":"Comment","target":["https:\/\/www.africa-press.net\/mali\/economie\/premiere-edition-du-salon-des-investisseurs-pour-lenergie-au-mali-siema-2023-sortir-de-la-dependance-au-thermique-en-investissant-dans-les-energies-renouvelables-comme-le-solaire-et-l#respond"]}]},{"@type":"WebPage","@id":"https:\/\/www.africa-press.net\/mali\/economie\/premiere-edition-du-salon-des-investisseurs-pour-lenergie-au-mali-siema-2023-sortir-de-la-dependance-au-thermique-en-investissant-dans-les-energies-renouvelables-comme-le-solaire-et-l","url":"https:\/\/www.africa-press.net\/mali\/economie\/premiere-edition-du-salon-des-investisseurs-pour-lenergie-au-mali-siema-2023-sortir-de-la-dependance-au-thermique-en-investissant-dans-les-energies-renouvelables-comme-le-solaire-et-l","name":"Premi\u00e8re \u00e9dition du salon des investisseurs pour l\u2019\u00e9nergie au mali (SIEMA 2023) : Sortir de la d\u00e9pendance au thermique en investissant dans les \u00e9nergies renouvelables comme le solaire et l\u2019hydraulique en mobilisant 780 milliards de F CFA - Mali","isPartOf":{"@id":"https:\/\/www.africa-press.net\/mali\/#website"},"primaryImageOfPage":{"@id":"https:\/\/www.africa-press.net\/mali\/economie\/premiere-edition-du-salon-des-investisseurs-pour-lenergie-au-mali-siema-2023-sortir-de-la-dependance-au-thermique-en-investissant-dans-les-energies-renouvelables-comme-le-solaire-et-l#primaryimage"},"image":{"@id":"https:\/\/www.africa-press.net\/mali\/economie\/premiere-edition-du-salon-des-investisseurs-pour-lenergie-au-mali-siema-2023-sortir-de-la-dependance-au-thermique-en-investissant-dans-les-energies-renouvelables-comme-le-solaire-et-l#primaryimage"},"thumbnailUrl":"https:\/\/static.africa-press.net\/mali\/sites\/21\/2023\/03\/postQueueImg_1677751989.83.jpg","datePublished":"2023-03-02T13:42:53+00:00","dateModified":"2023-03-02T13:52:11+00:00","author":{"@id":"https:\/\/www.africa-press.net\/mali\/#\/schema\/person\/2b1cf3cd81a31e3cd26889ca66d677f1"},"description":"La premie\u0300re e\u0301dition du Salon des Investisseurs pour l\u2019E\u0301nergie au Mali (SIEMA 2023) s\u2019est tenue du 21 au 22 fe\u0301vrier 2 ...","breadcrumb":{"@id":"https:\/\/www.africa-press.net\/mali\/economie\/premiere-edition-du-salon-des-investisseurs-pour-lenergie-au-mali-siema-2023-sortir-de-la-dependance-au-thermique-en-investissant-dans-les-energies-renouvelables-comme-le-solaire-et-l#breadcrumb"},"inLanguage":"fr-FR","potentialAction":[{"@type":"ReadAction","target":["https:\/\/www.africa-press.net\/mali\/economie\/premiere-edition-du-salon-des-investisseurs-pour-lenergie-au-mali-siema-2023-sortir-de-la-dependance-au-thermique-en-investissant-dans-les-energies-renouvelables-comme-le-solaire-et-l"]}]},{"@type":"ImageObject","inLanguage":"fr-FR","@id":"https:\/\/www.africa-press.net\/mali\/economie\/premiere-edition-du-salon-des-investisseurs-pour-lenergie-au-mali-siema-2023-sortir-de-la-dependance-au-thermique-en-investissant-dans-les-energies-renouvelables-comme-le-solaire-et-l#primaryimage","url":"https:\/\/static.africa-press.net\/mali\/sites\/21\/2023\/03\/postQueueImg_1677751989.83.jpg","contentUrl":"https:\/\/static.africa-press.net\/mali\/sites\/21\/2023\/03\/postQueueImg_1677751989.83.jpg","width":720,"height":600,"caption":"Premi\u00e8re \u00e9dition du salon des investisseurs pour l\u2019\u00e9nergie au mali (SIEMA 2023) : Sortir de la d\u00e9pendance au thermique en investissant dans les \u00e9nergies renouvelables comme le solaire et l\u2019hydraulique en mobilisant 780 milliards de F CFA"},{"@type":"BreadcrumbList","@id":"https:\/\/www.africa-press.net\/mali\/economie\/premiere-edition-du-salon-des-investisseurs-pour-lenergie-au-mali-siema-2023-sortir-de-la-dependance-au-thermique-en-investissant-dans-les-energies-renouvelables-comme-le-solaire-et-l#breadcrumb","itemListElement":[{"@type":"ListItem","position":1,"name":"Home","item":"https:\/\/www.africa-press.net\/mali\/"},{"@type":"ListItem","position":2,"name":"Premi\u00e8re \u00e9dition du salon des investisseurs pour l\u2019\u00e9nergie au mali (SIEMA 2023) : Sortir de la d\u00e9pendance au thermique en investissant dans les \u00e9nergies renouvelables comme le solaire et l\u2019hydraulique en mobilisant 780 milliards de F CFA"}]},{"@type":"WebSite","@id":"https:\/\/www.africa-press.net\/mali\/#website","url":"https:\/\/www.africa-press.net\/mali\/","name":"Mali","description":"Just another Africa News Agency Sites site","potentialAction":[{"@type":"SearchAction","target":{"@type":"EntryPoint","urlTemplate":"https:\/\/www.africa-press.net\/mali\/?s={search_term_string}"},"query-input":{"@type":"PropertyValueSpecification","valueRequired":true,"valueName":"search_term_string"}}],"inLanguage":"fr-FR"},{"@type":"Person","@id":"https:\/\/www.africa-press.net\/mali\/#\/schema\/person\/2b1cf3cd81a31e3cd26889ca66d677f1","name":"cfeditorfr"}]}},"_links":{"self":[{"href":"https:\/\/www.africa-press.net\/mali\/wp-json\/wp\/v2\/posts\/31398","targetHints":{"allow":["GET"]}}],"collection":[{"href":"https:\/\/www.africa-press.net\/mali\/wp-json\/wp\/v2\/posts"}],"about":[{"href":"https:\/\/www.africa-press.net\/mali\/wp-json\/wp\/v2\/types\/post"}],"author":[{"embeddable":true,"href":"https:\/\/www.africa-press.net\/mali\/wp-json\/wp\/v2\/users\/82"}],"replies":[{"embeddable":true,"href":"https:\/\/www.africa-press.net\/mali\/wp-json\/wp\/v2\/comments?post=31398"}],"version-history":[{"count":0,"href":"https:\/\/www.africa-press.net\/mali\/wp-json\/wp\/v2\/posts\/31398\/revisions"}],"wp:featuredmedia":[{"embeddable":true,"href":"https:\/\/www.africa-press.net\/mali\/wp-json\/wp\/v2\/media\/31397"}],"wp:attachment":[{"href":"https:\/\/www.africa-press.net\/mali\/wp-json\/wp\/v2\/media?parent=31398"}],"wp:term":[{"taxonomy":"category","embeddable":true,"href":"https:\/\/www.africa-press.net\/mali\/wp-json\/wp\/v2\/categories?post=31398"},{"taxonomy":"post_tag","embeddable":true,"href":"https:\/\/www.africa-press.net\/mali\/wp-json\/wp\/v2\/tags?post=31398"}],"curies":[{"name":"wp","href":"https:\/\/api.w.org\/{rel}","templated":true}]}}