{"id":31401,"date":"2023-03-02T13:44:17","date_gmt":"2023-03-02T13:44:17","guid":{"rendered":"https:\/\/www.africa-press.net\/mali\/politique\/pour-donner-un-nouveau-souffle-a-la-diplomatie-francaise-en-proie-a-un-rejet-de-ses-anciennes-colonies-emmanuel-macron-dit-vouloir-se-rendre-plus-frequemment-en-afrique"},"modified":"2023-03-02T13:52:33","modified_gmt":"2023-03-02T13:52:33","slug":"pour-donner-un-nouveau-souffle-a-la-diplomatie-francaise-en-proie-a-un-rejet-de-ses-anciennes-colonies-emmanuel-macron-dit-vouloir-se-rendre-plus-frequemment-en-afrique","status":"publish","type":"post","link":"https:\/\/www.africa-press.net\/mali\/politique\/pour-donner-un-nouveau-souffle-a-la-diplomatie-francaise-en-proie-a-un-rejet-de-ses-anciennes-colonies-emmanuel-macron-dit-vouloir-se-rendre-plus-frequemment-en-afrique","title":{"rendered":"Pour donner un nouveau souffle \u00e0 la diplomatie fran\u00e7aise en proie \u00e0 un rejet de ses anciennes colonies : Emmanuel Macron dit vouloir se rendre plus fr\u00e9quemment en Afrique"},"content":{"rendered":"<p><span style=\"color: #ff6600\"><strong>Africa-Press &#8211; Mali. <\/strong><\/span>Lundi, 27 fe\u0301vrier, le pre\u0301sident sacrifie a\u0300 un exercice de Com qui sonne, selon certains observateurs, comme une se\u0301ance de mea culpa quant au comportement de la France vis-a\u0300-vis de l\u2019Afrique, et pour d\u2019autres c\u2019e\u0301tait pour lui une fac\u0327on de mieux noyer le poisson pour pouvoir pe\u0302cher plus autrement. Dans son discours, il fustigie la classe politique malienne \u00ab qui a e\u0301choue\u0301 a\u0300 redresser son pays, un e\u0301chec qui a conduit a\u0300 un rejet de la France par les populations maliennes \u00bb. Tout compte fait, en ce de\u0301but de mars 2023, le Pre\u0301sident Emmanuel Macron, apre\u0300s donc avoir reconnu l\u2019e\u0301chec de la diplomatie franc\u0327aise en Afrique, entame une visite sur le continent noir. Cette visite se de\u0301roule en marge de sa participation a\u0300 la ce\u0301re\u0301monie d\u2019ouverture du premier sommet mondial sur les fore\u0302ts qui se tient a\u0300 Libreville, au Gabon. La tourne\u0301e du Pre\u0301sident franc\u0327ais le conduira, outre au Gabon, au Congo-Brazzaville, en Angola et en Re\u0301publique De\u0301mocratique du Congo. L\u2019occasion est toute bonne pour notre re\u0301daction de vous faire part des pe\u0301ripe\u0301tiesde la diplomatie franc\u0327aise en Afrique, une re\u0301flexion publie\u0301e le 12 septembre 2022 par le site d\u2019informations https:\/\/reseauinternational.net\/. Nous vous livrons le texte inte\u0301gral de la re\u0301flexion.<\/p>\n<p>\u2018\u2019 FRANCE\/AFRIQUE : LES LIMITES DE LA DIPLOMATIE PUBLIQUE\u2019\u2019<\/p>\n<p>Le terme de \u00ab diplomatie publique \u00bb associe\u0301 a\u0300 l\u2019USIA, l\u2019agence de l\u2019information des E\u0301tats-Unis, est apparu en Ame\u0301rique pendant la guerre froide. Cette expression est reste\u0301e inusite\u0301e en France jusqu\u2019a\u0300 la nomination en octobre 2020 d\u2019un envoye\u0301 spe\u0301cial pour la diplomatie publique en Afrique. Il faut dire que pendant longtemps, le pays a ve\u0301cu sur ses \u00ab beaux restes \u00bb et n\u2019avait pas besoin d\u2019un \u2018\u2019Monsieur propagande 2.0\u2019\u2019 pour soutenir sa politique e\u0301trange\u0300re et promouvoir ses inte\u0301re\u0302ts nationaux. Son re\u0301seau de diplomates envie\u0301 partout de par le vaste monde faisait le travail, sa culture, son histoire, faisaient le reste. Las, le Quai d\u2019Orsay n\u2019est plus ce qu\u2019il e\u0301tait, faute de moyens, mais aussi de vision et de volonte\u0301 politique. En outre, sous Emmanuel Macron, la politique e\u0301trange\u0300re a e\u0301te\u0301 presque entie\u0300rement phagocyte\u0301e par l\u2019E\u0301lyse\u0301e avec ses conseillers et envoye\u0301s spe\u0301ciaux. Le dernier coup de gra\u0302ce donne\u0301 au \u00ab rayonnement de la diplomatie franc\u0327aise \u00bb a e\u0301te\u0301 porte\u0301 par un de\u0301cret du pre\u0301sident de la Re\u0301publique en avril 2022 qui a supprime\u0301 le corps diplomatique.<\/p>\n<p>Plus besoin donc d\u2019\u00ab Excellences \u00bb mais de grands communicants, ainsi en a de\u0301cide\u0301 le chef de l\u2019E\u0301tat. Lors de son discours devant les ambassadeurs, le 1er septembre dernier, il leur a demande\u0301 d\u2019e\u0302tre beaucoup plus \u00ab mobilise\u0301s sur les re\u0301seaux sociaux \u00bb pour contrecarrer \u00ab attaques \u00bb et \u00ab manipulations \u00bb de la propagande russe, chinoise ou turque en Afrique. De plus, sous l\u2019impulsion du chef d\u2019E\u0301tat-major, le ge\u0301ne\u0301ral Burkhard, pour qui \u00ab il est indispensable de de\u0301velopper nos capacite\u0301s d\u2019influence pour gagner la guerre avant la guerre \u00bb, le Quai d\u2019Orsay s\u2019appre\u0302te a\u0300 cre\u0301er une sous-direction veille et strate\u0301gie. Ce nouveau de\u0301partement doit permettre de renforcer les moyens de la diplomatie franc\u0327aise dans la \u00ab guerre informationnelle \u00bb puisque, sur ce front-la\u0300, comme dans d\u2019autres, virus, e\u0301nergie, la nation est soi-disant en guerre.Mais qui est l\u2019ennemi ? Et, a\u0300 moins de cre\u0301er, comme dans 1984 d\u2019Orwell, un ministe\u0300re de la ve\u0301rite\u0301, partir au combat sans arme politique, comme l\u2019a montre\u0301 le conflit au Sahel, c\u2019est prendre les risques de le perdre. Car le n\u0153ud du proble\u0300me est bien la\u0300 : la communication a\u0300 ses limites, surtout quand on n\u2019a rien a\u0300 dire. Le contre-exemple tchadien<\/p>\n<p>Le nouveau plan de bataille concocte\u0301 a\u0300 l\u2019E\u0301lyse\u0301e en coope\u0301ration avec la ministre des Affaires e\u0301trange\u0300res, Catherine Colonna, a bu la tasse de\u0300s sa mise en application. Les ambassadeurs et leurs conseillers ont tous rec\u0327u la consigne de re\u0301pondre a\u0300 toutes les attaques sur les re\u0301seaux sociaux et dans les me\u0301dias. La nouvelle ambassadrice pour la diplomatie publique, Anne Sophie Ave\u0301, ex-ambassadrice de France au Ghana, e\u0301tait de\u0301ja\u0300 a\u0300 son poste sur twiteer, lorsque Ndjamena a ve\u0301cu un moment historique.L\u2019opposant Succe\u0300s Masra refuse de participer au Dialogue national inclusif et souverain (DNIS). Une sorte de \u00ab conseil national de la refondation \u00bb charge\u0301 de le\u0301gitimer la junte militaire, et de gagner du temps afin de prolonger MahamatDe\u0301by, fils du mare\u0301chal De\u0301by, au pouvoir. Ce samedi, 9 septembre, le chef du parti des Transformateurs e\u0301tait, pour d\u2019obscures raisons, convoque\u0301 au tribunal. Il de\u0301cide de s\u2019y rendre a\u0300 pied accompagne\u0301 de quelques-uns de ses partisans. Tre\u0300s vite,des milliers de personnes rejoignent spontane\u0301ment le corte\u0300ge, ce qui, de me\u0301moire de Tchadien, ne s\u2019e\u0301tait jamais produit dans la capitale. De\u0301passe\u0301, le pouvoir tire sur la foule a\u0300 balles re\u0301elles, selon Succe\u0300s Masra, et envoie les gaz lacrymoge\u0300nes. L\u2019opposant se retranche alors dans le QG de son parti tre\u0300s vite assie\u0301ge\u0301 par les forces de se\u0301curite\u0301 et appelle le secre\u0301taire ge\u0301ne\u0301ral des Nations unies a\u0300 l\u2019aide. La me\u0302me sce\u0300ne s\u2019e\u0301tait produite dix jours plus to\u0302t lors d\u2019une manifestation interdite.Comme aucun Tchadien, ni aucun Africain, qui suit la politique de la re\u0301gion, n\u2019ignore le soutien de Paris a\u0300 MahamatDe\u0301by que Emmanuel Macron a adoube\u0301 de\u0300s sa prise de pouvoir anticonstitutionnelle, la France est accuse\u0301e sur les re\u0301seaux sociaux de soutenir un re\u0301gime liberticide et brutal.Que fait la nouvelle ambassadrice de la diplomatie publique en Afrique ? Elle reste silencieuse sur le sujet. Le Quai d\u2019Orsay ? Il se tait. Le dernier tweet de l\u2019ambassade de France date du 26 aou\u0302t dans lequel il salue l\u2019ouverture du dialogue national en ces termes : \u00ab Il s\u2019agit d\u2019une e\u0301tape majeure pour la transition tchadienne, en vue de de\u0301finir un nouveau contrat social au be\u0301ne\u0301fice de tous les Tchadiens \u00bb. Le nouveau contrat social attendra&#8230;Qu\u2019aurait du\u0302 faire la diplomatie publique dans ce cas de figure ? La France, en guerre informationnelle, e\u0301tait attaque\u0301e, elle devait re\u0301agir. Oui, mais elle soutient le dialogue national. Et les valeurs, la de\u0301mocratie, les droits de l\u2019homme, la justice, toussa, toussa ? Oui, mais elle ne s\u2019inge\u0300re pas dans les affaires inte\u0301rieures des Etats et Succe\u0300s Masra n\u2019est ni pro-russe, ni antifranc\u0327ais&#8230;Cette posture n\u2019est pas tenable. Elle est le fondement me\u0302me du rejet de la politique franc\u0327aise en Afrique, avec ses doubles standards, sa duplicite\u0301, ses incohe\u0301rences. Tous les ambassadeurs convertis en combattants du clavier ne changeront rien. En face, ce ne sont pas des fermes de trolls russes ou chinoises, mais le de\u0301sespoir d\u2019une population : \u00ab En gros, on n\u2019a pas le droit de re\u0302ver d\u2019un Tchad nouveau&#8230; Soit on meurt, soit on reste un pays en sous-de\u0301veloppement \u00bb, re\u0301sume une jeune tchadienne.<\/p>\n<p>Jours pas tranquilles a\u0300 Niamey La me\u0302me situation pourrait se produire au Niger. Celui qui a essuye\u0301 les pla\u0302tres de la diplomatie publique en France, Sylvain Itte\u0301, remplace\u0301 par Anne-Sophie Ave\u0301, vient d\u2019e\u0302tre nomme\u0301 ambassadeur dans ce pays. Au cours des deux dernie\u0300res anne\u0301es, il a ferraille\u0301 virtuellement avec les panafricanistes de la toile, notamment sur le re\u0301seau LinkedIn. Ses messages et commentaires recevaient syste\u0301matiquement des tombereaux de tomates et il y re\u0301pondait en des termes assez peu diplomatiques. Il n\u2019est pas certain que son se\u0301jour a\u0300 Niamey soit plus serein.En aou\u0302t, un mouvement compose\u0301 d\u2019associations de la socie\u0301te\u0301 civile nomme\u0301 M62 est cre\u0301e\u0301 pour demander le de\u0301part de la force Barkhane du Niger. Une manifestation e\u0301tait pre\u0301vue le 17 aou\u0302t,mais elle a e\u0301te\u0301 interdite par le pouvoir ; la coalition a donc de\u0301cide\u0301 de lancer une pe\u0301tition en ligne.Interroge\u0301 par l\u2019IVERIS pour savoir qui e\u0301tait derrie\u0300re le M62, et pourquoi ce dernier ne demandait que le de\u0301part des militaires franc\u0327ais alors que beaucoup d\u2019autres forces e\u0301trange\u0300res sont sur le territoire (USA, Allemagne, Italie), un homme politique nige\u0301rien, soutien de cette initiative, re\u0301pond : \u00ab Parce que les autres ne se sont pas inge\u0301re\u0301s dans notre politique inte\u0301rieure \u00bb. Il poursuit : \u00ab Tout ce qui peut fe\u0301de\u0301rer les forces contre le re\u0301gime est bon a\u0300 prendre. Le pre\u0301sident Mohamed Bazoum repre\u0301sente le rejet de la France \u00bb. Puis, il rappelle le soutien sans faille qu\u2019Emmanuel Macron et Jean-Yves Le Drian ont apporte\u0301 au pre\u0301sident nige\u0301rien lors de la campagne e\u0301lectorale de 2021 en parlant de scrutin \u00ab de re\u0301fe\u0301rence pour l\u2019Afrique \u00bb et \u00ab de de\u0301mocratie exemplaire \u00bb.Une opposition remuante n\u2019est-elle pas le signe d\u2019une de\u0301mocratie vivante ? Les opposants, qui demandent le de\u0301part de Barkhane, sont-ils tous stipendie\u0301s par Moscou ? Sont-ils des ennemis a\u0300 traiter dans le cadre de la guerre informationnelle ?<\/p>\n<p>Question d\u2019images Dans les relations internationales, la propagande et les coups tordus ont existe\u0301 de tous les temps, ces derniers sont du registre des services de renseignement, pas de la diplomatie publiquequi, comme son nom l\u2019indique, est publique. Si les re\u0301seaux sociaux sont un outil supple\u0301mentaire, ils sont aussi un thermome\u0300tre, le casser ne fera pas descendre la fie\u0300vre. Le rejet de la politique franc\u0327aise en Afrique, qui n\u2019est pas nouveau, l\u2019IVERIS alertait sur le sujet en 2017, a de multiples ressorts, eux aussi largement de\u0301crypte\u0301s.Mais depuis quelques anne\u0301es, le portrait que la France rend d\u2019elle-me\u0302me a encore alourdi le contentieux. Le wokisme, les de\u0301bats de politiques inte\u0301rieures, comme ceux portant sur les hommes enceints, font halluciner les Africains. Ils se demandent parfois si les Europe\u0301ens ne vivent pas dans un asile psychiatrique a\u0300 ciel ouvert. A\u0300 ce titre, la nomination d\u2019ici la fin de l\u2019anne\u0301e d\u2019un ambassadeur LGBTQ n\u2019est pas de nature a\u0300 les rassurer. Sans oublier certains e\u0301pisodes comme celui de la crise sanitaire ou\u0300 la 7e\u0300me puissance du monde se montrait en tenue d\u2019Adam et Eve, sans masque ni respirateur.<\/p>\n<p>Ce n\u2019est pas en sortant la carabine a\u0300 tirer dans les coins pour taper ici et la\u0300 sur une ico\u0302ne de la toile que la France fera a\u0300 nouveau re\u0302ver. En prime, il y a pire que les fermes de troll et les activistes du clavier : l\u2019indiffe\u0301rence. Si, vu de Paris, les derniers voyages d\u2019Emmanuel Macron au Cameroun et en Alge\u0301rie ont donne\u0301 l\u2019impression d\u2019e\u0302tre des e\u0301ve\u0301nements pour les pays concerne\u0301s, la majorite\u0301 des citoyens de ces E\u0301tats n\u2019y a pas pre\u0302te\u0301 attention. Lutter contre l\u2019indiffe\u0301rence, sacre\u0301 de\u0301fi, un ministe\u0300re peut-e\u0302tre ?\u2019\u2019<\/p>\n<p><strong>Pour plus d&rsquo;informations et d&rsquo;analyses sur la <a href=\"https:\/\/www.africa-press.net\/mali\">Mali<\/a>, suivez <a href=\"https:\/\/www.africa-press.net\/\">Africa-Press<\/a><\/strong><\/p>\n","protected":false},"excerpt":{"rendered":"<p>Africa-Press &#8211; Mali. Lundi, 27 fe\u0301vrier, le pre\u0301sident sacrifie a\u0300 un exercice de Com qui sonne, selon certains observateurs, comme une se\u0301ance de mea culpa quant au comportement de la France vis-a\u0300-vis de l\u2019Afrique, et pour d\u2019autres c\u2019e\u0301tait pour lui une fac\u0327on de mieux noyer le poisson pour pouvoir pe\u0302cher plus autrement. Dans son discours, [&hellip;]<\/p>\n","protected":false},"author":82,"featured_media":31399,"comment_status":"open","ping_status":"closed","sticky":false,"template":"","format":"standard","meta":{"footnotes":""},"categories":[13,7,17],"tags":[76,86,19],"class_list":["post-31401","post","type-post","status-publish","format-standard","has-post-thumbnail","hentry","category-dossiers","category-politique","category-toutes-les-actualites","tag-africa-press","tag-africa-press-mali","tag-mali"],"yoast_head":"<!-- This site is optimized with the Yoast SEO Premium plugin v26.1 (Yoast SEO v27.0) - https:\/\/yoast.com\/product\/yoast-seo-premium-wordpress\/ -->\n<title>Pour donner un nouveau souffle \u00e0 la diplomatie fran\u00e7aise en proie \u00e0 un rejet de ses anciennes colonies : Emmanuel Macron dit vouloir se rendre plus fr\u00e9quemment en Afrique - Mali<\/title>\n<meta name=\"description\" content=\"Lundi, 27 fe\u0301vrier, le pre\u0301sident sacrifie a\u0300 un exercice de Com qui sonne, selon certains observateurs, comme une se\u0301an ...\" \/>\n<meta name=\"robots\" content=\"index, follow, max-snippet:-1, max-image-preview:large, max-video-preview:-1\" \/>\n<link rel=\"canonical\" href=\"https:\/\/www.africa-press.net\/mali\/politique\/pour-donner-un-nouveau-souffle-a-la-diplomatie-francaise-en-proie-a-un-rejet-de-ses-anciennes-colonies-emmanuel-macron-dit-vouloir-se-rendre-plus-frequemment-en-afrique\" \/>\n<meta property=\"og:locale\" content=\"fr_FR\" \/>\n<meta property=\"og:type\" content=\"article\" \/>\n<meta property=\"og:title\" content=\"Pour donner un nouveau souffle \u00e0 la diplomatie fran\u00e7aise en proie \u00e0 un rejet de ses anciennes colonies : Emmanuel Macron dit vouloir se rendre plus fr\u00e9quemment en Afrique\" \/>\n<meta property=\"og:description\" content=\"Lundi, 27 fe\u0301vrier, le pre\u0301sident sacrifie a\u0300 un exercice de Com qui sonne, selon certains observateurs, comme une se\u0301an ...\" \/>\n<meta property=\"og:url\" content=\"https:\/\/www.africa-press.net\/mali\/politique\/pour-donner-un-nouveau-souffle-a-la-diplomatie-francaise-en-proie-a-un-rejet-de-ses-anciennes-colonies-emmanuel-macron-dit-vouloir-se-rendre-plus-frequemment-en-afrique\" \/>\n<meta property=\"og:site_name\" content=\"Mali\" \/>\n<meta property=\"article:publisher\" content=\"https:\/\/www.facebook.com\/AfricaPressTunisiaa\" \/>\n<meta property=\"article:published_time\" content=\"2023-03-02T13:44:17+00:00\" \/>\n<meta property=\"article:modified_time\" content=\"2023-03-02T13:52:33+00:00\" \/>\n<meta property=\"og:image\" content=\"https:\/\/static.africa-press.net\/mali\/sites\/21\/2023\/03\/postQueueImg_1677752078.64.jpg\" \/>\n\t<meta property=\"og:image:width\" content=\"864\" \/>\n\t<meta property=\"og:image:height\" content=\"486\" \/>\n\t<meta property=\"og:image:type\" content=\"image\/jpeg\" \/>\n<meta name=\"author\" content=\"cfeditorfr\" \/>\n<meta name=\"twitter:card\" content=\"summary_large_image\" \/>\n<meta name=\"twitter:label1\" content=\"\u00c9crit par\" \/>\n\t<meta name=\"twitter:data1\" content=\"cfeditorfr\" \/>\n\t<meta name=\"twitter:label2\" content=\"Dur\u00e9e de lecture estim\u00e9e\" \/>\n\t<meta name=\"twitter:data2\" content=\"10 minutes\" \/>\n<script type=\"application\/ld+json\" class=\"yoast-schema-graph\">{\"@context\":\"https:\/\/schema.org\",\"@graph\":[{\"@type\":\"Article\",\"@id\":\"https:\/\/www.africa-press.net\/mali\/politique\/pour-donner-un-nouveau-souffle-a-la-diplomatie-francaise-en-proie-a-un-rejet-de-ses-anciennes-colonies-emmanuel-macron-dit-vouloir-se-rendre-plus-frequemment-en-afrique#article\",\"isPartOf\":{\"@id\":\"https:\/\/www.africa-press.net\/mali\/politique\/pour-donner-un-nouveau-souffle-a-la-diplomatie-francaise-en-proie-a-un-rejet-de-ses-anciennes-colonies-emmanuel-macron-dit-vouloir-se-rendre-plus-frequemment-en-afrique\"},\"author\":{\"name\":\"cfeditorfr\",\"@id\":\"https:\/\/www.africa-press.net\/mali\/#\/schema\/person\/2b1cf3cd81a31e3cd26889ca66d677f1\"},\"headline\":\"Pour donner un nouveau souffle \u00e0 la diplomatie fran\u00e7aise en proie \u00e0 un rejet de ses anciennes colonies : Emmanuel Macron dit vouloir se rendre plus fr\u00e9quemment en Afrique\",\"datePublished\":\"2023-03-02T13:44:17+00:00\",\"dateModified\":\"2023-03-02T13:52:33+00:00\",\"mainEntityOfPage\":{\"@id\":\"https:\/\/www.africa-press.net\/mali\/politique\/pour-donner-un-nouveau-souffle-a-la-diplomatie-francaise-en-proie-a-un-rejet-de-ses-anciennes-colonies-emmanuel-macron-dit-vouloir-se-rendre-plus-frequemment-en-afrique\"},\"wordCount\":1954,\"commentCount\":0,\"image\":{\"@id\":\"https:\/\/www.africa-press.net\/mali\/politique\/pour-donner-un-nouveau-souffle-a-la-diplomatie-francaise-en-proie-a-un-rejet-de-ses-anciennes-colonies-emmanuel-macron-dit-vouloir-se-rendre-plus-frequemment-en-afrique#primaryimage\"},\"thumbnailUrl\":\"https:\/\/static.africa-press.net\/mali\/sites\/21\/2023\/03\/postQueueImg_1677752078.64.jpg\",\"keywords\":[\"Africa Press\",\"Africa Press-Mali\",\"mali\"],\"articleSection\":[\"Dossiers\",\"Politique\",\"Toutes les actualit\u00e9s\"],\"inLanguage\":\"fr-FR\",\"potentialAction\":[{\"@type\":\"CommentAction\",\"name\":\"Comment\",\"target\":[\"https:\/\/www.africa-press.net\/mali\/politique\/pour-donner-un-nouveau-souffle-a-la-diplomatie-francaise-en-proie-a-un-rejet-de-ses-anciennes-colonies-emmanuel-macron-dit-vouloir-se-rendre-plus-frequemment-en-afrique#respond\"]}]},{\"@type\":\"WebPage\",\"@id\":\"https:\/\/www.africa-press.net\/mali\/politique\/pour-donner-un-nouveau-souffle-a-la-diplomatie-francaise-en-proie-a-un-rejet-de-ses-anciennes-colonies-emmanuel-macron-dit-vouloir-se-rendre-plus-frequemment-en-afrique\",\"url\":\"https:\/\/www.africa-press.net\/mali\/politique\/pour-donner-un-nouveau-souffle-a-la-diplomatie-francaise-en-proie-a-un-rejet-de-ses-anciennes-colonies-emmanuel-macron-dit-vouloir-se-rendre-plus-frequemment-en-afrique\",\"name\":\"Pour donner un nouveau souffle \u00e0 la diplomatie fran\u00e7aise en proie \u00e0 un rejet de ses anciennes colonies : Emmanuel Macron dit vouloir se rendre plus fr\u00e9quemment en Afrique - Mali\",\"isPartOf\":{\"@id\":\"https:\/\/www.africa-press.net\/mali\/#website\"},\"primaryImageOfPage\":{\"@id\":\"https:\/\/www.africa-press.net\/mali\/politique\/pour-donner-un-nouveau-souffle-a-la-diplomatie-francaise-en-proie-a-un-rejet-de-ses-anciennes-colonies-emmanuel-macron-dit-vouloir-se-rendre-plus-frequemment-en-afrique#primaryimage\"},\"image\":{\"@id\":\"https:\/\/www.africa-press.net\/mali\/politique\/pour-donner-un-nouveau-souffle-a-la-diplomatie-francaise-en-proie-a-un-rejet-de-ses-anciennes-colonies-emmanuel-macron-dit-vouloir-se-rendre-plus-frequemment-en-afrique#primaryimage\"},\"thumbnailUrl\":\"https:\/\/static.africa-press.net\/mali\/sites\/21\/2023\/03\/postQueueImg_1677752078.64.jpg\",\"datePublished\":\"2023-03-02T13:44:17+00:00\",\"dateModified\":\"2023-03-02T13:52:33+00:00\",\"author\":{\"@id\":\"https:\/\/www.africa-press.net\/mali\/#\/schema\/person\/2b1cf3cd81a31e3cd26889ca66d677f1\"},\"description\":\"Lundi, 27 fe\u0301vrier, le pre\u0301sident sacrifie a\u0300 un exercice de Com qui sonne, selon certains observateurs, comme une se\u0301an ...\",\"breadcrumb\":{\"@id\":\"https:\/\/www.africa-press.net\/mali\/politique\/pour-donner-un-nouveau-souffle-a-la-diplomatie-francaise-en-proie-a-un-rejet-de-ses-anciennes-colonies-emmanuel-macron-dit-vouloir-se-rendre-plus-frequemment-en-afrique#breadcrumb\"},\"inLanguage\":\"fr-FR\",\"potentialAction\":[{\"@type\":\"ReadAction\",\"target\":[\"https:\/\/www.africa-press.net\/mali\/politique\/pour-donner-un-nouveau-souffle-a-la-diplomatie-francaise-en-proie-a-un-rejet-de-ses-anciennes-colonies-emmanuel-macron-dit-vouloir-se-rendre-plus-frequemment-en-afrique\"]}]},{\"@type\":\"ImageObject\",\"inLanguage\":\"fr-FR\",\"@id\":\"https:\/\/www.africa-press.net\/mali\/politique\/pour-donner-un-nouveau-souffle-a-la-diplomatie-francaise-en-proie-a-un-rejet-de-ses-anciennes-colonies-emmanuel-macron-dit-vouloir-se-rendre-plus-frequemment-en-afrique#primaryimage\",\"url\":\"https:\/\/static.africa-press.net\/mali\/sites\/21\/2023\/03\/postQueueImg_1677752078.64.jpg\",\"contentUrl\":\"https:\/\/static.africa-press.net\/mali\/sites\/21\/2023\/03\/postQueueImg_1677752078.64.jpg\",\"width\":864,\"height\":486,\"caption\":\"Pour donner un nouveau souffle \u00e0 la diplomatie fran\u00e7aise en proie \u00e0 un rejet de ses anciennes colonies : Emmanuel Macron dit vouloir se rendre plus fr\u00e9quemment en Afrique\"},{\"@type\":\"BreadcrumbList\",\"@id\":\"https:\/\/www.africa-press.net\/mali\/politique\/pour-donner-un-nouveau-souffle-a-la-diplomatie-francaise-en-proie-a-un-rejet-de-ses-anciennes-colonies-emmanuel-macron-dit-vouloir-se-rendre-plus-frequemment-en-afrique#breadcrumb\",\"itemListElement\":[{\"@type\":\"ListItem\",\"position\":1,\"name\":\"Home\",\"item\":\"https:\/\/www.africa-press.net\/mali\/\"},{\"@type\":\"ListItem\",\"position\":2,\"name\":\"Pour donner un nouveau souffle \u00e0 la diplomatie fran\u00e7aise en proie \u00e0 un rejet de ses anciennes colonies : Emmanuel Macron dit vouloir se rendre plus fr\u00e9quemment en Afrique\"}]},{\"@type\":\"WebSite\",\"@id\":\"https:\/\/www.africa-press.net\/mali\/#website\",\"url\":\"https:\/\/www.africa-press.net\/mali\/\",\"name\":\"Mali\",\"description\":\"Just another Africa News Agency Sites site\",\"potentialAction\":[{\"@type\":\"SearchAction\",\"target\":{\"@type\":\"EntryPoint\",\"urlTemplate\":\"https:\/\/www.africa-press.net\/mali\/?s={search_term_string}\"},\"query-input\":{\"@type\":\"PropertyValueSpecification\",\"valueRequired\":true,\"valueName\":\"search_term_string\"}}],\"inLanguage\":\"fr-FR\"},{\"@type\":\"Person\",\"@id\":\"https:\/\/www.africa-press.net\/mali\/#\/schema\/person\/2b1cf3cd81a31e3cd26889ca66d677f1\",\"name\":\"cfeditorfr\"}]}<\/script>\n<!-- \/ Yoast SEO Premium plugin. -->","yoast_head_json":{"title":"Pour donner un nouveau souffle \u00e0 la diplomatie fran\u00e7aise en proie \u00e0 un rejet de ses anciennes colonies : Emmanuel Macron dit vouloir se rendre plus fr\u00e9quemment en Afrique - Mali","description":"Lundi, 27 fe\u0301vrier, le pre\u0301sident sacrifie a\u0300 un exercice de Com qui sonne, selon certains observateurs, comme une se\u0301an ...","robots":{"index":"index","follow":"follow","max-snippet":"max-snippet:-1","max-image-preview":"max-image-preview:large","max-video-preview":"max-video-preview:-1"},"canonical":"https:\/\/www.africa-press.net\/mali\/politique\/pour-donner-un-nouveau-souffle-a-la-diplomatie-francaise-en-proie-a-un-rejet-de-ses-anciennes-colonies-emmanuel-macron-dit-vouloir-se-rendre-plus-frequemment-en-afrique","og_locale":"fr_FR","og_type":"article","og_title":"Pour donner un nouveau souffle \u00e0 la diplomatie fran\u00e7aise en proie \u00e0 un rejet de ses anciennes colonies : Emmanuel Macron dit vouloir se rendre plus fr\u00e9quemment en Afrique","og_description":"Lundi, 27 fe\u0301vrier, le pre\u0301sident sacrifie a\u0300 un exercice de Com qui sonne, selon certains observateurs, comme une se\u0301an ...","og_url":"https:\/\/www.africa-press.net\/mali\/politique\/pour-donner-un-nouveau-souffle-a-la-diplomatie-francaise-en-proie-a-un-rejet-de-ses-anciennes-colonies-emmanuel-macron-dit-vouloir-se-rendre-plus-frequemment-en-afrique","og_site_name":"Mali","article_publisher":"https:\/\/www.facebook.com\/AfricaPressTunisiaa","article_published_time":"2023-03-02T13:44:17+00:00","article_modified_time":"2023-03-02T13:52:33+00:00","og_image":[{"width":864,"height":486,"url":"https:\/\/static.africa-press.net\/mali\/sites\/21\/2023\/03\/postQueueImg_1677752078.64.jpg","type":"image\/jpeg"}],"author":"cfeditorfr","twitter_card":"summary_large_image","twitter_misc":{"\u00c9crit par":"cfeditorfr","Dur\u00e9e de lecture estim\u00e9e":"10 minutes"},"schema":{"@context":"https:\/\/schema.org","@graph":[{"@type":"Article","@id":"https:\/\/www.africa-press.net\/mali\/politique\/pour-donner-un-nouveau-souffle-a-la-diplomatie-francaise-en-proie-a-un-rejet-de-ses-anciennes-colonies-emmanuel-macron-dit-vouloir-se-rendre-plus-frequemment-en-afrique#article","isPartOf":{"@id":"https:\/\/www.africa-press.net\/mali\/politique\/pour-donner-un-nouveau-souffle-a-la-diplomatie-francaise-en-proie-a-un-rejet-de-ses-anciennes-colonies-emmanuel-macron-dit-vouloir-se-rendre-plus-frequemment-en-afrique"},"author":{"name":"cfeditorfr","@id":"https:\/\/www.africa-press.net\/mali\/#\/schema\/person\/2b1cf3cd81a31e3cd26889ca66d677f1"},"headline":"Pour donner un nouveau souffle \u00e0 la diplomatie fran\u00e7aise en proie \u00e0 un rejet de ses anciennes colonies : Emmanuel Macron dit vouloir se rendre plus fr\u00e9quemment en Afrique","datePublished":"2023-03-02T13:44:17+00:00","dateModified":"2023-03-02T13:52:33+00:00","mainEntityOfPage":{"@id":"https:\/\/www.africa-press.net\/mali\/politique\/pour-donner-un-nouveau-souffle-a-la-diplomatie-francaise-en-proie-a-un-rejet-de-ses-anciennes-colonies-emmanuel-macron-dit-vouloir-se-rendre-plus-frequemment-en-afrique"},"wordCount":1954,"commentCount":0,"image":{"@id":"https:\/\/www.africa-press.net\/mali\/politique\/pour-donner-un-nouveau-souffle-a-la-diplomatie-francaise-en-proie-a-un-rejet-de-ses-anciennes-colonies-emmanuel-macron-dit-vouloir-se-rendre-plus-frequemment-en-afrique#primaryimage"},"thumbnailUrl":"https:\/\/static.africa-press.net\/mali\/sites\/21\/2023\/03\/postQueueImg_1677752078.64.jpg","keywords":["Africa Press","Africa Press-Mali","mali"],"articleSection":["Dossiers","Politique","Toutes les actualit\u00e9s"],"inLanguage":"fr-FR","potentialAction":[{"@type":"CommentAction","name":"Comment","target":["https:\/\/www.africa-press.net\/mali\/politique\/pour-donner-un-nouveau-souffle-a-la-diplomatie-francaise-en-proie-a-un-rejet-de-ses-anciennes-colonies-emmanuel-macron-dit-vouloir-se-rendre-plus-frequemment-en-afrique#respond"]}]},{"@type":"WebPage","@id":"https:\/\/www.africa-press.net\/mali\/politique\/pour-donner-un-nouveau-souffle-a-la-diplomatie-francaise-en-proie-a-un-rejet-de-ses-anciennes-colonies-emmanuel-macron-dit-vouloir-se-rendre-plus-frequemment-en-afrique","url":"https:\/\/www.africa-press.net\/mali\/politique\/pour-donner-un-nouveau-souffle-a-la-diplomatie-francaise-en-proie-a-un-rejet-de-ses-anciennes-colonies-emmanuel-macron-dit-vouloir-se-rendre-plus-frequemment-en-afrique","name":"Pour donner un nouveau souffle \u00e0 la diplomatie fran\u00e7aise en proie \u00e0 un rejet de ses anciennes colonies : Emmanuel Macron dit vouloir se rendre plus fr\u00e9quemment en Afrique - Mali","isPartOf":{"@id":"https:\/\/www.africa-press.net\/mali\/#website"},"primaryImageOfPage":{"@id":"https:\/\/www.africa-press.net\/mali\/politique\/pour-donner-un-nouveau-souffle-a-la-diplomatie-francaise-en-proie-a-un-rejet-de-ses-anciennes-colonies-emmanuel-macron-dit-vouloir-se-rendre-plus-frequemment-en-afrique#primaryimage"},"image":{"@id":"https:\/\/www.africa-press.net\/mali\/politique\/pour-donner-un-nouveau-souffle-a-la-diplomatie-francaise-en-proie-a-un-rejet-de-ses-anciennes-colonies-emmanuel-macron-dit-vouloir-se-rendre-plus-frequemment-en-afrique#primaryimage"},"thumbnailUrl":"https:\/\/static.africa-press.net\/mali\/sites\/21\/2023\/03\/postQueueImg_1677752078.64.jpg","datePublished":"2023-03-02T13:44:17+00:00","dateModified":"2023-03-02T13:52:33+00:00","author":{"@id":"https:\/\/www.africa-press.net\/mali\/#\/schema\/person\/2b1cf3cd81a31e3cd26889ca66d677f1"},"description":"Lundi, 27 fe\u0301vrier, le pre\u0301sident sacrifie a\u0300 un exercice de Com qui sonne, selon certains observateurs, comme une se\u0301an ...","breadcrumb":{"@id":"https:\/\/www.africa-press.net\/mali\/politique\/pour-donner-un-nouveau-souffle-a-la-diplomatie-francaise-en-proie-a-un-rejet-de-ses-anciennes-colonies-emmanuel-macron-dit-vouloir-se-rendre-plus-frequemment-en-afrique#breadcrumb"},"inLanguage":"fr-FR","potentialAction":[{"@type":"ReadAction","target":["https:\/\/www.africa-press.net\/mali\/politique\/pour-donner-un-nouveau-souffle-a-la-diplomatie-francaise-en-proie-a-un-rejet-de-ses-anciennes-colonies-emmanuel-macron-dit-vouloir-se-rendre-plus-frequemment-en-afrique"]}]},{"@type":"ImageObject","inLanguage":"fr-FR","@id":"https:\/\/www.africa-press.net\/mali\/politique\/pour-donner-un-nouveau-souffle-a-la-diplomatie-francaise-en-proie-a-un-rejet-de-ses-anciennes-colonies-emmanuel-macron-dit-vouloir-se-rendre-plus-frequemment-en-afrique#primaryimage","url":"https:\/\/static.africa-press.net\/mali\/sites\/21\/2023\/03\/postQueueImg_1677752078.64.jpg","contentUrl":"https:\/\/static.africa-press.net\/mali\/sites\/21\/2023\/03\/postQueueImg_1677752078.64.jpg","width":864,"height":486,"caption":"Pour donner un nouveau souffle \u00e0 la diplomatie fran\u00e7aise en proie \u00e0 un rejet de ses anciennes colonies : Emmanuel Macron dit vouloir se rendre plus fr\u00e9quemment en Afrique"},{"@type":"BreadcrumbList","@id":"https:\/\/www.africa-press.net\/mali\/politique\/pour-donner-un-nouveau-souffle-a-la-diplomatie-francaise-en-proie-a-un-rejet-de-ses-anciennes-colonies-emmanuel-macron-dit-vouloir-se-rendre-plus-frequemment-en-afrique#breadcrumb","itemListElement":[{"@type":"ListItem","position":1,"name":"Home","item":"https:\/\/www.africa-press.net\/mali\/"},{"@type":"ListItem","position":2,"name":"Pour donner un nouveau souffle \u00e0 la diplomatie fran\u00e7aise en proie \u00e0 un rejet de ses anciennes colonies : Emmanuel Macron dit vouloir se rendre plus fr\u00e9quemment en Afrique"}]},{"@type":"WebSite","@id":"https:\/\/www.africa-press.net\/mali\/#website","url":"https:\/\/www.africa-press.net\/mali\/","name":"Mali","description":"Just another Africa News Agency Sites site","potentialAction":[{"@type":"SearchAction","target":{"@type":"EntryPoint","urlTemplate":"https:\/\/www.africa-press.net\/mali\/?s={search_term_string}"},"query-input":{"@type":"PropertyValueSpecification","valueRequired":true,"valueName":"search_term_string"}}],"inLanguage":"fr-FR"},{"@type":"Person","@id":"https:\/\/www.africa-press.net\/mali\/#\/schema\/person\/2b1cf3cd81a31e3cd26889ca66d677f1","name":"cfeditorfr"}]}},"_links":{"self":[{"href":"https:\/\/www.africa-press.net\/mali\/wp-json\/wp\/v2\/posts\/31401","targetHints":{"allow":["GET"]}}],"collection":[{"href":"https:\/\/www.africa-press.net\/mali\/wp-json\/wp\/v2\/posts"}],"about":[{"href":"https:\/\/www.africa-press.net\/mali\/wp-json\/wp\/v2\/types\/post"}],"author":[{"embeddable":true,"href":"https:\/\/www.africa-press.net\/mali\/wp-json\/wp\/v2\/users\/82"}],"replies":[{"embeddable":true,"href":"https:\/\/www.africa-press.net\/mali\/wp-json\/wp\/v2\/comments?post=31401"}],"version-history":[{"count":0,"href":"https:\/\/www.africa-press.net\/mali\/wp-json\/wp\/v2\/posts\/31401\/revisions"}],"wp:featuredmedia":[{"embeddable":true,"href":"https:\/\/www.africa-press.net\/mali\/wp-json\/wp\/v2\/media\/31399"}],"wp:attachment":[{"href":"https:\/\/www.africa-press.net\/mali\/wp-json\/wp\/v2\/media?parent=31401"}],"wp:term":[{"taxonomy":"category","embeddable":true,"href":"https:\/\/www.africa-press.net\/mali\/wp-json\/wp\/v2\/categories?post=31401"},{"taxonomy":"post_tag","embeddable":true,"href":"https:\/\/www.africa-press.net\/mali\/wp-json\/wp\/v2\/tags?post=31401"}],"curies":[{"name":"wp","href":"https:\/\/api.w.org\/{rel}","templated":true}]}}