{"id":31427,"date":"2023-03-02T16:06:54","date_gmt":"2023-03-02T16:06:54","guid":{"rendered":"https:\/\/www.africa-press.net\/mali\/politique\/au-mali-un-document-confidentiel-met-un-peu-plus-a-mal-lavenir-de-laccord-dalger"},"modified":"2023-03-02T18:54:02","modified_gmt":"2023-03-02T18:54:02","slug":"au-mali-un-document-confidentiel-met-un-peu-plus-a-mal-lavenir-de-laccord-dalger","status":"publish","type":"post","link":"https:\/\/www.africa-press.net\/mali\/politique\/au-mali-un-document-confidentiel-met-un-peu-plus-a-mal-lavenir-de-laccord-dalger","title":{"rendered":"Au Mali, un document confidentiel met un peu plus \u00e0 mal l\u2019avenir de l\u2019accord d\u2019Alger"},"content":{"rendered":"<p><b>Par Manon Laplace<\/b><\/p>\n<p><span style=\"color: #ff6600\"><strong>Africa-Press &#8211; Mali. <\/strong><\/span>Le courrier, adresse\u0301 par les autorite\u0301s maliennes a\u0300 l\u2019Alge\u0301rie, de\u0301nonce les \u00ab violations \u00bb de l\u2019accord par les anciens rebelles du Nord et la passivite\u0301 de la me\u0301diation internationale.<\/p>\n<p>C\u2019est un nouveau coup de canif porte\u0301 a\u0300 la relation de\u0301ja\u0300 bien de\u0301te\u0301riore\u0301e entre les anciens rebelles inde\u0301pendantistes du Nord, signataires de l\u2019accord de paix dit d\u2019Alger, et le gouvernement de Bamako. Le 24 fe\u0301vrier, ce dernier a adresse\u0301, par la voix de son ministre de la Re\u0301conciliation, le colonel Ismae\u0308l Wague\u0301, un courrier corrosif au ministre des Affaires e\u0301trange\u0300res alge\u0301rien, Ramtane Lamamra.<\/p>\n<p>Le document confidentiel, dont l\u2019authenticite\u0301 a\u0300 e\u0301te\u0301 confirme\u0301e a\u0300 Jeune Afrique par une source officielle malienne, porte sur ce que Bamako qualifie comme des \u00ab violations \u00bb de l\u2019Accord de paix et de re\u0301conciliation par la Coordination des mouvements de l\u2019Azawad (CMA).<\/p>\n<p>\u00ab Violations re\u0301pe\u0301te\u0301es \u00bb<\/p>\n<p>Adresse\u0301e a\u0300 Alger, en sa qualite\u0301 de chef de file de la me\u0301diation internationale pour l\u2019accord, la missive marque une nouvelle e\u0301tape dans l\u2019escalade entre les mouvements signataires et le gouvernement malien.<\/p>\n<p>Qualifie\u0301s d\u2019 \u00ab ennemis de la paix \u00bb, les mouvements qui composent la CMA sont indexe\u0301s pour n\u2019avoir \u00ab cesse\u0301 de violer l\u2019accord \u00bb, pointe le colonel Wague\u0301. Des violations telles que \u00ab l\u2019installation d\u2019e\u0301tats-majors par certains mouvements arme\u0301s dans le Gourma \u00bb, ou encore \u00ab la conduite de patrouilles [&#8230;] par des entite\u0301s non reconnues, sans concertation, ni accord du gouvernement \u00bb, peut-on lire dans le document.<\/p>\n<p>Rappelant \u00ab le caracte\u0300re participatif et consensuel de la transition \u00bb, le ministre malien prend surtout a\u0300 partie la me\u0301diation internationale, dont Alger est le chef de file. \u00ab L\u2019attitude de certains mouvements, suivie de l\u2019absence de re\u0301action de la me\u0301diation, jettent un discre\u0301dit sur cette dernie\u0300re \u00bb, vilipende le document.<\/p>\n<p>Des mots qui jettent un peu plus le doute quant a\u0300 l\u2019avenir de l\u2019accord, de\u0301ja\u0300 extre\u0302mement fragilise\u0301 et juge\u0301s \u00ab tre\u0300s inquie\u0301tants \u00bb par les responsables de la CMA contacte\u0301s, qui n\u2019ont pas souhaite\u0301 commenter davantage le courrier.<\/p>\n<p>Me\u0301diation alge\u0301rienne<\/p>\n<p>Ce dernier devrait compliquer un peu plus la ta\u0302che de la me\u0301diation internationale, alors me\u0302me que l\u2019Alge\u0301rie a re\u0301cemment relance\u0301 les tractations diplomatiques sur le dossier malien. Depuis plusieurs semaines, Alger multiplie en effet les rencontres avec les diffe\u0301rentes parties signataires, tanto\u0302t a\u0300 Bamako, tanto\u0302t a\u0300 Alger<\/p>\n<p>Mi-janvier, les ministres maliens de la Re\u0301conciliation et des Affaires e\u0301trange\u0300res, Ismae\u0308l Wague\u0301 et Abdoulaye Diop, ont e\u0301te\u0301 rec\u0327us par le pre\u0301sident Abdelmadjid Tebboune. Le 19 fe\u0301vrier, une de\u0301le\u0301gation de la CMA, leur a succe\u0301de\u0301 afin de s\u2019entretenir avec les autorite\u0301s alge\u0301riennes sur la question de l\u2019accord.<\/p>\n<p>Onze repre\u0301sentants des mouvements signataires, parmi lesquels le pre\u0301sident en exercice de la CMA, Alghabass Ag Intalla, ont ainsi rencontre\u0301 le pre\u0301sident Tebboune et le ministre des Affaires e\u0301trange\u0300res, Ramtane Lamamra. Ils sont, a\u0300 ce jour, toujours pre\u0301sents a\u0300 Alger.<\/p>\n<p>Report du calendrier e\u0301lectoral ?<\/p>\n<p>En plus de mettre a\u0300 mal l\u2019accord de paix, le document jette le doute sur le respect du calendrier e\u0301lectoral. Alors qu\u2019une large partie de la classe politique, de la socie\u0301te\u0301 civile et de la communaute\u0301 internationale re\u0301clame la tenue d\u2019e\u0301lections de\u0301mocratiques dans les meilleurs de\u0301lais, le ministre de la Re\u0301conciliation affirme que les violations impute\u0301es a\u0300 la CMA \u00ab empe\u0302chent la cre\u0301ation d\u2019un climat de se\u0301re\u0301nite\u0301 ne\u0301cessaire pour le retour a\u0300 l\u2019ordre constitutionnel \u00bb.<\/p>\n<p>Une manie\u0300re a\u0300 peine voile\u0301e de pre\u0301parer l\u2019opinion au report des e\u0301lections pre\u0301vues ? Le retard pris sur le chronogramme rend, quoi qu\u2019il en soit, fortement improbable la tenue du premier scrutin pre\u0301vu par la transition : le re\u0301fe\u0301rendum constitutionnel du 19 mars. L\u2019e\u0301lection pre\u0301sidentielle, elle, est cense\u0301e se tenir d\u2019ici a\u0300 fe\u0301vrier 2024.<\/p>\n\r\n                <style type=\"text\/css\">\r\n                    \r\n                    #td_uid_1_69ee0d49bb476  .td-doubleSlider-2 .td-item1 {\r\n                        background: url(https:\/\/static.africa-press.net\/mali\/sites\/21\/2023\/03\/postMediaimg_1_1-6400f00d96e51-80x60.jpg) 0 0 no-repeat;\r\n                    }\r\n                    #td_uid_1_69ee0d49bb476  .td-doubleSlider-2 .td-item2 {\r\n                        background: url(https:\/\/static.africa-press.net\/mali\/sites\/21\/2023\/03\/postMediaimg_1_2-6400f02199a92-80x60.jpg) 0 0 no-repeat;\r\n                    }\r\n                    #td_uid_1_69ee0d49bb476  .td-doubleSlider-2 .td-item3 {\r\n                        background: url(https:\/\/static.africa-press.net\/mali\/sites\/21\/2023\/03\/postMediaimg_1_3-6400f0330b1b7-80x60.jpg) 0 0 no-repeat;\r\n                    }\r\n                    #td_uid_1_69ee0d49bb476  .td-doubleSlider-2 .td-item4 {\r\n                        background: url(https:\/\/static.africa-press.net\/mali\/sites\/21\/2023\/03\/postMediaimg_1_5-6400f048b0424-80x60.jpg) 0 0 no-repeat;\r\n                    }\r\n                <\/style>\r\n\r\n                <div id=\"td_uid_1_69ee0d49bb476\" class=\"td-gallery td-slide-on-2-columns\">\r\n                    <div class=\"post_td_gallery\">\r\n                        <div class=\"td-gallery-slide-top\">\r\n                           <div class=\"td-gallery-title\"><\/div>\r\n\r\n                            <div class=\"td-gallery-controls-wrapper\">\r\n                                <div class=\"td-gallery-slide-count\"><span class=\"td-gallery-slide-item-focus\">1<\/span> de 4<\/div>\r\n                                <div class=\"td-gallery-slide-prev-next-but\">\r\n                                    <i class = \"td-icon-left doubleSliderPrevButton\"><\/i>\r\n                                    <i class = \"td-icon-right doubleSliderNextButton\"><\/i>\r\n                                <\/div>\r\n                            <\/div>\r\n                        <\/div>\r\n\r\n                        <div class = \"td-doubleSlider-1 \">\r\n                            <div class = \"td-slider\">\r\n                                \r\n                    <div class = \"td-slide-item td-item1\">\r\n                        <figure class=\"td-slide-galery-figure td-slide-popup-gallery\">\r\n                            <a class=\"slide-gallery-image-link\" href=\"https:\/\/static.africa-press.net\/mali\/sites\/21\/2023\/03\/postMediaimg_1_1-6400f00d96e51.jpg\" title=\"postMediaimg_1_1-6400f00d96e51\"  data-caption=\"\"  data-description=\"\">\r\n                                <img decoding=\"async\" src=\"https:\/\/static.africa-press.net\/mali\/sites\/21\/2023\/03\/postMediaimg_1_1-6400f00d96e51.jpg\" srcset=\"https:\/\/static.africa-press.net\/mali\/sites\/21\/2023\/03\/postMediaimg_1_1-6400f00d96e51.jpg 720w, https:\/\/static.africa-press.net\/mali\/sites\/21\/2023\/03\/postMediaimg_1_1-6400f00d96e51-228x300.jpg 228w\" sizes=\"(max-width: 720px) 100vw, 720px\" alt=\"\">\r\n                            <\/a>\r\n                            \r\n                        <\/figure>\r\n                    <\/div>\r\n                    <div class = \"td-slide-item td-item2\">\r\n                        <figure class=\"td-slide-galery-figure td-slide-popup-gallery\">\r\n                            <a class=\"slide-gallery-image-link\" href=\"https:\/\/static.africa-press.net\/mali\/sites\/21\/2023\/03\/postMediaimg_1_2-6400f02199a92.jpg\" title=\"postMediaimg_1_2-6400f02199a92\"  data-caption=\"\"  data-description=\"\">\r\n                                <img decoding=\"async\" src=\"https:\/\/static.africa-press.net\/mali\/sites\/21\/2023\/03\/postMediaimg_1_2-6400f02199a92.jpg\" srcset=\"https:\/\/static.africa-press.net\/mali\/sites\/21\/2023\/03\/postMediaimg_1_2-6400f02199a92.jpg 720w, https:\/\/static.africa-press.net\/mali\/sites\/21\/2023\/03\/postMediaimg_1_2-6400f02199a92-230x300.jpg 230w\" sizes=\"(max-width: 720px) 100vw, 720px\" alt=\"\">\r\n                            <\/a>\r\n                            \r\n                        <\/figure>\r\n                    <\/div>\r\n                    <div class = \"td-slide-item td-item3\">\r\n                        <figure class=\"td-slide-galery-figure td-slide-popup-gallery\">\r\n                            <a class=\"slide-gallery-image-link\" href=\"https:\/\/static.africa-press.net\/mali\/sites\/21\/2023\/03\/postMediaimg_1_3-6400f0330b1b7.jpg\" title=\"postMediaimg_1_3-6400f0330b1b7\"  data-caption=\"\"  data-description=\"\">\r\n                                <img decoding=\"async\" src=\"https:\/\/static.africa-press.net\/mali\/sites\/21\/2023\/03\/postMediaimg_1_3-6400f0330b1b7.jpg\" srcset=\"https:\/\/static.africa-press.net\/mali\/sites\/21\/2023\/03\/postMediaimg_1_3-6400f0330b1b7.jpg 720w, https:\/\/static.africa-press.net\/mali\/sites\/21\/2023\/03\/postMediaimg_1_3-6400f0330b1b7-232x300.jpg 232w\" sizes=\"(max-width: 720px) 100vw, 720px\" alt=\"\">\r\n                            <\/a>\r\n                            \r\n                        <\/figure>\r\n                    <\/div>\r\n                    <div class = \"td-slide-item td-item4\">\r\n                        <figure class=\"td-slide-galery-figure td-slide-popup-gallery\">\r\n                            <a class=\"slide-gallery-image-link\" href=\"https:\/\/static.africa-press.net\/mali\/sites\/21\/2023\/03\/postMediaimg_1_5-6400f048b0424.jpg\" title=\"postMediaimg_1_5-6400f048b0424\"  data-caption=\"\"  data-description=\"\">\r\n                                <img decoding=\"async\" src=\"https:\/\/static.africa-press.net\/mali\/sites\/21\/2023\/03\/postMediaimg_1_5-6400f048b0424.jpg\" srcset=\"https:\/\/static.africa-press.net\/mali\/sites\/21\/2023\/03\/postMediaimg_1_5-6400f048b0424.jpg 720w, https:\/\/static.africa-press.net\/mali\/sites\/21\/2023\/03\/postMediaimg_1_5-6400f048b0424-223x300.jpg 223w\" sizes=\"(max-width: 720px) 100vw, 720px\" alt=\"\">\r\n                            <\/a>\r\n                            \r\n                        <\/figure>\r\n                    <\/div>\r\n                            <\/div>\r\n                        <\/div>\r\n\r\n                        <div class = \"td-doubleSlider-2\">\r\n                            <div class = \"td-slider\">\r\n                                \r\n                    <div class = \"td-button td-item1\">\r\n                        <div class = \"td-border\"><\/div>\r\n                    <\/div>\r\n                    <div class = \"td-button td-item2\">\r\n                        <div class = \"td-border\"><\/div>\r\n                    <\/div>\r\n                    <div class = \"td-button td-item3\">\r\n                        <div class = \"td-border\"><\/div>\r\n                    <\/div>\r\n                    <div class = \"td-button td-item4\">\r\n                        <div class = \"td-border\"><\/div>\r\n                    <\/div>\r\n                            <\/div>\r\n                        <\/div>\r\n\r\n                    <\/div>\r\n\r\n                <\/div>\r\n                \n<p><strong>Pour plus d&rsquo;informations et d&rsquo;analyses sur la <a href=\"https:\/\/www.africa-press.net\/mali\">Mali<\/a>, suivez <a href=\"https:\/\/www.africa-press.net\/\">Africa-Press<\/a><\/strong><\/p>\n","protected":false},"excerpt":{"rendered":"<p>Par Manon Laplace Africa-Press &#8211; Mali. Le courrier, adresse\u0301 par les autorite\u0301s maliennes a\u0300 l\u2019Alge\u0301rie, de\u0301nonce les \u00ab violations \u00bb de l\u2019accord par les anciens rebelles du Nord et la passivite\u0301 de la me\u0301diation internationale. C\u2019est un nouveau coup de canif porte\u0301 a\u0300 la relation de\u0301ja\u0300 bien de\u0301te\u0301riore\u0301e entre les anciens rebelles inde\u0301pendantistes du Nord, [&hellip;]<\/p>\n","protected":false},"author":82,"featured_media":31426,"comment_status":"open","ping_status":"closed","sticky":false,"template":"","format":"standard","meta":{"footnotes":""},"categories":[13,7,17],"tags":[76,86,19],"class_list":["post-31427","post","type-post","status-publish","format-standard","has-post-thumbnail","hentry","category-dossiers","category-politique","category-toutes-les-actualites","tag-africa-press","tag-africa-press-mali","tag-mali"],"yoast_head":"<!-- This site is optimized with the Yoast SEO Premium plugin v26.1 (Yoast SEO v27.0) - https:\/\/yoast.com\/product\/yoast-seo-premium-wordpress\/ -->\n<title>Au Mali, un document confidentiel met un peu plus \u00e0 mal l\u2019avenir de l\u2019accord d\u2019Alger - Mali<\/title>\n<meta name=\"description\" content=\"Le courrier, adresse\u0301 par les autorite\u0301s maliennes a\u0300 l\u2019Alge\u0301rie, de\u0301nonce les \u00ab violations \u00bb de l\u2019accord par les ancien ...\" \/>\n<meta name=\"robots\" content=\"index, follow, max-snippet:-1, max-image-preview:large, max-video-preview:-1\" \/>\n<link rel=\"canonical\" href=\"https:\/\/www.africa-press.net\/mali\/politique\/au-mali-un-document-confidentiel-met-un-peu-plus-a-mal-lavenir-de-laccord-dalger\" \/>\n<meta property=\"og:locale\" content=\"fr_FR\" \/>\n<meta property=\"og:type\" content=\"article\" \/>\n<meta property=\"og:title\" content=\"Au Mali, un document confidentiel met un peu plus \u00e0 mal l\u2019avenir de l\u2019accord d\u2019Alger\" \/>\n<meta property=\"og:description\" content=\"Le courrier, adresse\u0301 par les autorite\u0301s maliennes a\u0300 l\u2019Alge\u0301rie, de\u0301nonce les \u00ab violations \u00bb de l\u2019accord par les ancien ...\" \/>\n<meta property=\"og:url\" content=\"https:\/\/www.africa-press.net\/mali\/politique\/au-mali-un-document-confidentiel-met-un-peu-plus-a-mal-lavenir-de-laccord-dalger\" \/>\n<meta property=\"og:site_name\" content=\"Mali\" \/>\n<meta property=\"article:publisher\" content=\"https:\/\/www.facebook.com\/AfricaPressTunisiaa\" \/>\n<meta property=\"article:published_time\" content=\"2023-03-02T16:06:54+00:00\" \/>\n<meta property=\"article:modified_time\" content=\"2023-03-02T18:54:02+00:00\" \/>\n<meta property=\"og:image\" content=\"https:\/\/static.africa-press.net\/mali\/sites\/21\/2023\/03\/postQueueImg_1677765908.05-6400f061cb40b.jpg\" \/>\n\t<meta property=\"og:image:width\" content=\"1256\" \/>\n\t<meta property=\"og:image:height\" content=\"628\" \/>\n\t<meta property=\"og:image:type\" content=\"image\/jpeg\" \/>\n<meta name=\"author\" content=\"cfeditorfr\" \/>\n<meta name=\"twitter:card\" content=\"summary_large_image\" \/>\n<meta name=\"twitter:label1\" content=\"\u00c9crit par\" \/>\n\t<meta name=\"twitter:data1\" content=\"cfeditorfr\" \/>\n\t<meta name=\"twitter:label2\" content=\"Dur\u00e9e de lecture estim\u00e9e\" \/>\n\t<meta name=\"twitter:data2\" content=\"4 minutes\" \/>\n<script type=\"application\/ld+json\" class=\"yoast-schema-graph\">{\"@context\":\"https:\/\/schema.org\",\"@graph\":[{\"@type\":\"Article\",\"@id\":\"https:\/\/www.africa-press.net\/mali\/politique\/au-mali-un-document-confidentiel-met-un-peu-plus-a-mal-lavenir-de-laccord-dalger#article\",\"isPartOf\":{\"@id\":\"https:\/\/www.africa-press.net\/mali\/politique\/au-mali-un-document-confidentiel-met-un-peu-plus-a-mal-lavenir-de-laccord-dalger\"},\"author\":{\"name\":\"cfeditorfr\",\"@id\":\"https:\/\/www.africa-press.net\/mali\/#\/schema\/person\/2b1cf3cd81a31e3cd26889ca66d677f1\"},\"headline\":\"Au Mali, un document confidentiel met un peu plus \u00e0 mal l\u2019avenir de l\u2019accord d\u2019Alger\",\"datePublished\":\"2023-03-02T16:06:54+00:00\",\"dateModified\":\"2023-03-02T18:54:02+00:00\",\"mainEntityOfPage\":{\"@id\":\"https:\/\/www.africa-press.net\/mali\/politique\/au-mali-un-document-confidentiel-met-un-peu-plus-a-mal-lavenir-de-laccord-dalger\"},\"wordCount\":739,\"commentCount\":0,\"image\":{\"@id\":\"https:\/\/www.africa-press.net\/mali\/politique\/au-mali-un-document-confidentiel-met-un-peu-plus-a-mal-lavenir-de-laccord-dalger#primaryimage\"},\"thumbnailUrl\":\"https:\/\/static.africa-press.net\/mali\/sites\/21\/2023\/03\/postQueueImg_1677765908.05-6400f061cb40b.jpg\",\"keywords\":[\"Africa Press\",\"Africa Press-Mali\",\"mali\"],\"articleSection\":[\"Dossiers\",\"Politique\",\"Toutes les actualit\u00e9s\"],\"inLanguage\":\"fr-FR\",\"potentialAction\":[{\"@type\":\"CommentAction\",\"name\":\"Comment\",\"target\":[\"https:\/\/www.africa-press.net\/mali\/politique\/au-mali-un-document-confidentiel-met-un-peu-plus-a-mal-lavenir-de-laccord-dalger#respond\"]}]},{\"@type\":\"WebPage\",\"@id\":\"https:\/\/www.africa-press.net\/mali\/politique\/au-mali-un-document-confidentiel-met-un-peu-plus-a-mal-lavenir-de-laccord-dalger\",\"url\":\"https:\/\/www.africa-press.net\/mali\/politique\/au-mali-un-document-confidentiel-met-un-peu-plus-a-mal-lavenir-de-laccord-dalger\",\"name\":\"Au Mali, un document confidentiel met un peu plus \u00e0 mal l\u2019avenir de l\u2019accord d\u2019Alger - Mali\",\"isPartOf\":{\"@id\":\"https:\/\/www.africa-press.net\/mali\/#website\"},\"primaryImageOfPage\":{\"@id\":\"https:\/\/www.africa-press.net\/mali\/politique\/au-mali-un-document-confidentiel-met-un-peu-plus-a-mal-lavenir-de-laccord-dalger#primaryimage\"},\"image\":{\"@id\":\"https:\/\/www.africa-press.net\/mali\/politique\/au-mali-un-document-confidentiel-met-un-peu-plus-a-mal-lavenir-de-laccord-dalger#primaryimage\"},\"thumbnailUrl\":\"https:\/\/static.africa-press.net\/mali\/sites\/21\/2023\/03\/postQueueImg_1677765908.05-6400f061cb40b.jpg\",\"datePublished\":\"2023-03-02T16:06:54+00:00\",\"dateModified\":\"2023-03-02T18:54:02+00:00\",\"author\":{\"@id\":\"https:\/\/www.africa-press.net\/mali\/#\/schema\/person\/2b1cf3cd81a31e3cd26889ca66d677f1\"},\"description\":\"Le courrier, adresse\u0301 par les autorite\u0301s maliennes a\u0300 l\u2019Alge\u0301rie, de\u0301nonce les \u00ab violations \u00bb de l\u2019accord par les ancien ...\",\"breadcrumb\":{\"@id\":\"https:\/\/www.africa-press.net\/mali\/politique\/au-mali-un-document-confidentiel-met-un-peu-plus-a-mal-lavenir-de-laccord-dalger#breadcrumb\"},\"inLanguage\":\"fr-FR\",\"potentialAction\":[{\"@type\":\"ReadAction\",\"target\":[\"https:\/\/www.africa-press.net\/mali\/politique\/au-mali-un-document-confidentiel-met-un-peu-plus-a-mal-lavenir-de-laccord-dalger\"]}]},{\"@type\":\"ImageObject\",\"inLanguage\":\"fr-FR\",\"@id\":\"https:\/\/www.africa-press.net\/mali\/politique\/au-mali-un-document-confidentiel-met-un-peu-plus-a-mal-lavenir-de-laccord-dalger#primaryimage\",\"url\":\"https:\/\/static.africa-press.net\/mali\/sites\/21\/2023\/03\/postQueueImg_1677765908.05-6400f061cb40b.jpg\",\"contentUrl\":\"https:\/\/static.africa-press.net\/mali\/sites\/21\/2023\/03\/postQueueImg_1677765908.05-6400f061cb40b.jpg\",\"width\":1256,\"height\":628,\"caption\":\"Au Mali, un document confidentiel met un peu plus \u00e0 mal l\u2019avenir de l\u2019accord d\u2019Alger\"},{\"@type\":\"BreadcrumbList\",\"@id\":\"https:\/\/www.africa-press.net\/mali\/politique\/au-mali-un-document-confidentiel-met-un-peu-plus-a-mal-lavenir-de-laccord-dalger#breadcrumb\",\"itemListElement\":[{\"@type\":\"ListItem\",\"position\":1,\"name\":\"Home\",\"item\":\"https:\/\/www.africa-press.net\/mali\/\"},{\"@type\":\"ListItem\",\"position\":2,\"name\":\"Au Mali, un document confidentiel met un peu plus \u00e0 mal l\u2019avenir de l\u2019accord d\u2019Alger\"}]},{\"@type\":\"WebSite\",\"@id\":\"https:\/\/www.africa-press.net\/mali\/#website\",\"url\":\"https:\/\/www.africa-press.net\/mali\/\",\"name\":\"Mali\",\"description\":\"Just another Africa News Agency Sites site\",\"potentialAction\":[{\"@type\":\"SearchAction\",\"target\":{\"@type\":\"EntryPoint\",\"urlTemplate\":\"https:\/\/www.africa-press.net\/mali\/?s={search_term_string}\"},\"query-input\":{\"@type\":\"PropertyValueSpecification\",\"valueRequired\":true,\"valueName\":\"search_term_string\"}}],\"inLanguage\":\"fr-FR\"},{\"@type\":\"Person\",\"@id\":\"https:\/\/www.africa-press.net\/mali\/#\/schema\/person\/2b1cf3cd81a31e3cd26889ca66d677f1\",\"name\":\"cfeditorfr\"}]}<\/script>\n<!-- \/ Yoast SEO Premium plugin. -->","yoast_head_json":{"title":"Au Mali, un document confidentiel met un peu plus \u00e0 mal l\u2019avenir de l\u2019accord d\u2019Alger - Mali","description":"Le courrier, adresse\u0301 par les autorite\u0301s maliennes a\u0300 l\u2019Alge\u0301rie, de\u0301nonce les \u00ab violations \u00bb de l\u2019accord par les ancien ...","robots":{"index":"index","follow":"follow","max-snippet":"max-snippet:-1","max-image-preview":"max-image-preview:large","max-video-preview":"max-video-preview:-1"},"canonical":"https:\/\/www.africa-press.net\/mali\/politique\/au-mali-un-document-confidentiel-met-un-peu-plus-a-mal-lavenir-de-laccord-dalger","og_locale":"fr_FR","og_type":"article","og_title":"Au Mali, un document confidentiel met un peu plus \u00e0 mal l\u2019avenir de l\u2019accord d\u2019Alger","og_description":"Le courrier, adresse\u0301 par les autorite\u0301s maliennes a\u0300 l\u2019Alge\u0301rie, de\u0301nonce les \u00ab violations \u00bb de l\u2019accord par les ancien ...","og_url":"https:\/\/www.africa-press.net\/mali\/politique\/au-mali-un-document-confidentiel-met-un-peu-plus-a-mal-lavenir-de-laccord-dalger","og_site_name":"Mali","article_publisher":"https:\/\/www.facebook.com\/AfricaPressTunisiaa","article_published_time":"2023-03-02T16:06:54+00:00","article_modified_time":"2023-03-02T18:54:02+00:00","og_image":[{"width":1256,"height":628,"url":"https:\/\/static.africa-press.net\/mali\/sites\/21\/2023\/03\/postQueueImg_1677765908.05-6400f061cb40b.jpg","type":"image\/jpeg"}],"author":"cfeditorfr","twitter_card":"summary_large_image","twitter_misc":{"\u00c9crit par":"cfeditorfr","Dur\u00e9e de lecture estim\u00e9e":"4 minutes"},"schema":{"@context":"https:\/\/schema.org","@graph":[{"@type":"Article","@id":"https:\/\/www.africa-press.net\/mali\/politique\/au-mali-un-document-confidentiel-met-un-peu-plus-a-mal-lavenir-de-laccord-dalger#article","isPartOf":{"@id":"https:\/\/www.africa-press.net\/mali\/politique\/au-mali-un-document-confidentiel-met-un-peu-plus-a-mal-lavenir-de-laccord-dalger"},"author":{"name":"cfeditorfr","@id":"https:\/\/www.africa-press.net\/mali\/#\/schema\/person\/2b1cf3cd81a31e3cd26889ca66d677f1"},"headline":"Au Mali, un document confidentiel met un peu plus \u00e0 mal l\u2019avenir de l\u2019accord d\u2019Alger","datePublished":"2023-03-02T16:06:54+00:00","dateModified":"2023-03-02T18:54:02+00:00","mainEntityOfPage":{"@id":"https:\/\/www.africa-press.net\/mali\/politique\/au-mali-un-document-confidentiel-met-un-peu-plus-a-mal-lavenir-de-laccord-dalger"},"wordCount":739,"commentCount":0,"image":{"@id":"https:\/\/www.africa-press.net\/mali\/politique\/au-mali-un-document-confidentiel-met-un-peu-plus-a-mal-lavenir-de-laccord-dalger#primaryimage"},"thumbnailUrl":"https:\/\/static.africa-press.net\/mali\/sites\/21\/2023\/03\/postQueueImg_1677765908.05-6400f061cb40b.jpg","keywords":["Africa Press","Africa Press-Mali","mali"],"articleSection":["Dossiers","Politique","Toutes les actualit\u00e9s"],"inLanguage":"fr-FR","potentialAction":[{"@type":"CommentAction","name":"Comment","target":["https:\/\/www.africa-press.net\/mali\/politique\/au-mali-un-document-confidentiel-met-un-peu-plus-a-mal-lavenir-de-laccord-dalger#respond"]}]},{"@type":"WebPage","@id":"https:\/\/www.africa-press.net\/mali\/politique\/au-mali-un-document-confidentiel-met-un-peu-plus-a-mal-lavenir-de-laccord-dalger","url":"https:\/\/www.africa-press.net\/mali\/politique\/au-mali-un-document-confidentiel-met-un-peu-plus-a-mal-lavenir-de-laccord-dalger","name":"Au Mali, un document confidentiel met un peu plus \u00e0 mal l\u2019avenir de l\u2019accord d\u2019Alger - Mali","isPartOf":{"@id":"https:\/\/www.africa-press.net\/mali\/#website"},"primaryImageOfPage":{"@id":"https:\/\/www.africa-press.net\/mali\/politique\/au-mali-un-document-confidentiel-met-un-peu-plus-a-mal-lavenir-de-laccord-dalger#primaryimage"},"image":{"@id":"https:\/\/www.africa-press.net\/mali\/politique\/au-mali-un-document-confidentiel-met-un-peu-plus-a-mal-lavenir-de-laccord-dalger#primaryimage"},"thumbnailUrl":"https:\/\/static.africa-press.net\/mali\/sites\/21\/2023\/03\/postQueueImg_1677765908.05-6400f061cb40b.jpg","datePublished":"2023-03-02T16:06:54+00:00","dateModified":"2023-03-02T18:54:02+00:00","author":{"@id":"https:\/\/www.africa-press.net\/mali\/#\/schema\/person\/2b1cf3cd81a31e3cd26889ca66d677f1"},"description":"Le courrier, adresse\u0301 par les autorite\u0301s maliennes a\u0300 l\u2019Alge\u0301rie, de\u0301nonce les \u00ab violations \u00bb de l\u2019accord par les ancien ...","breadcrumb":{"@id":"https:\/\/www.africa-press.net\/mali\/politique\/au-mali-un-document-confidentiel-met-un-peu-plus-a-mal-lavenir-de-laccord-dalger#breadcrumb"},"inLanguage":"fr-FR","potentialAction":[{"@type":"ReadAction","target":["https:\/\/www.africa-press.net\/mali\/politique\/au-mali-un-document-confidentiel-met-un-peu-plus-a-mal-lavenir-de-laccord-dalger"]}]},{"@type":"ImageObject","inLanguage":"fr-FR","@id":"https:\/\/www.africa-press.net\/mali\/politique\/au-mali-un-document-confidentiel-met-un-peu-plus-a-mal-lavenir-de-laccord-dalger#primaryimage","url":"https:\/\/static.africa-press.net\/mali\/sites\/21\/2023\/03\/postQueueImg_1677765908.05-6400f061cb40b.jpg","contentUrl":"https:\/\/static.africa-press.net\/mali\/sites\/21\/2023\/03\/postQueueImg_1677765908.05-6400f061cb40b.jpg","width":1256,"height":628,"caption":"Au Mali, un document confidentiel met un peu plus \u00e0 mal l\u2019avenir de l\u2019accord d\u2019Alger"},{"@type":"BreadcrumbList","@id":"https:\/\/www.africa-press.net\/mali\/politique\/au-mali-un-document-confidentiel-met-un-peu-plus-a-mal-lavenir-de-laccord-dalger#breadcrumb","itemListElement":[{"@type":"ListItem","position":1,"name":"Home","item":"https:\/\/www.africa-press.net\/mali\/"},{"@type":"ListItem","position":2,"name":"Au Mali, un document confidentiel met un peu plus \u00e0 mal l\u2019avenir de l\u2019accord d\u2019Alger"}]},{"@type":"WebSite","@id":"https:\/\/www.africa-press.net\/mali\/#website","url":"https:\/\/www.africa-press.net\/mali\/","name":"Mali","description":"Just another Africa News Agency Sites site","potentialAction":[{"@type":"SearchAction","target":{"@type":"EntryPoint","urlTemplate":"https:\/\/www.africa-press.net\/mali\/?s={search_term_string}"},"query-input":{"@type":"PropertyValueSpecification","valueRequired":true,"valueName":"search_term_string"}}],"inLanguage":"fr-FR"},{"@type":"Person","@id":"https:\/\/www.africa-press.net\/mali\/#\/schema\/person\/2b1cf3cd81a31e3cd26889ca66d677f1","name":"cfeditorfr"}]}},"_links":{"self":[{"href":"https:\/\/www.africa-press.net\/mali\/wp-json\/wp\/v2\/posts\/31427","targetHints":{"allow":["GET"]}}],"collection":[{"href":"https:\/\/www.africa-press.net\/mali\/wp-json\/wp\/v2\/posts"}],"about":[{"href":"https:\/\/www.africa-press.net\/mali\/wp-json\/wp\/v2\/types\/post"}],"author":[{"embeddable":true,"href":"https:\/\/www.africa-press.net\/mali\/wp-json\/wp\/v2\/users\/82"}],"replies":[{"embeddable":true,"href":"https:\/\/www.africa-press.net\/mali\/wp-json\/wp\/v2\/comments?post=31427"}],"version-history":[{"count":0,"href":"https:\/\/www.africa-press.net\/mali\/wp-json\/wp\/v2\/posts\/31427\/revisions"}],"wp:featuredmedia":[{"embeddable":true,"href":"https:\/\/www.africa-press.net\/mali\/wp-json\/wp\/v2\/media\/31426"}],"wp:attachment":[{"href":"https:\/\/www.africa-press.net\/mali\/wp-json\/wp\/v2\/media?parent=31427"}],"wp:term":[{"taxonomy":"category","embeddable":true,"href":"https:\/\/www.africa-press.net\/mali\/wp-json\/wp\/v2\/categories?post=31427"},{"taxonomy":"post_tag","embeddable":true,"href":"https:\/\/www.africa-press.net\/mali\/wp-json\/wp\/v2\/tags?post=31427"}],"curies":[{"name":"wp","href":"https:\/\/api.w.org\/{rel}","templated":true}]}}