{"id":31429,"date":"2023-03-02T17:35:08","date_gmt":"2023-03-02T17:35:08","guid":{"rendered":"https:\/\/www.africa-press.net\/mali\/politique\/le-mali-denonce-des-violations-de-laccord-de-paix-par-la-coordination-des-mouvements-de-lazawad"},"modified":"2023-03-02T18:58:20","modified_gmt":"2023-03-02T18:58:20","slug":"le-mali-denonce-des-violations-de-laccord-de-paix-par-la-coordination-des-mouvements-de-lazawad","status":"publish","type":"post","link":"https:\/\/www.africa-press.net\/mali\/politique\/le-mali-denonce-des-violations-de-laccord-de-paix-par-la-coordination-des-mouvements-de-lazawad","title":{"rendered":"Le Mali d\u00e9nonce des violations de l&rsquo;accord de paix par la Coordination des mouvements de l&rsquo;Azawad"},"content":{"rendered":"<p><span style=\"color: #ff6600\"><strong>Africa-Press &#8211; Mali. <\/strong><\/span>Au Mali, une lettre du ministre malien de la Re\u0301conciliation nationale adresse\u0301e a\u0300 la me\u0301diation alge\u0301rienne de\u0301nonce des violations de l&rsquo;accord de paix de 2015 par les groupes arme\u0301s signataires, et particulie\u0300rement par les ex-rebelles inde\u0301pendantistes de la Coordination des mouvements de l&rsquo;Azawad (CMA). Cette lettre, classe\u0301e \u00ab confidentiel \u00bb et adresse\u0301e uniquement au chef de la diplomatie alge\u0301rienne, a fuite\u0301 ce 1er mars 2023.<\/p>\n<p>Le ministe\u0300re malien de la Re\u0301conciliation, joint par RFI, n&rsquo;a ni confirme\u0301, ni de\u0301menti l\u2019authenticite\u0301 d\u2019une lettre adresse\u0301e a\u0300 la me\u0301diation alge\u0301rienne de\u0301nonc\u0327ant des violations de l&rsquo;accord de paix de 2015 par les groupes arme\u0301s signataires. Co\u0302te\u0301 alge\u0301rien, pas de re\u0301ponse.<\/p>\n<p>Plusieurs sources diplomatiques et onusiennes assurent cependant la \u00ab tenir pour authentique \u00bb. Enfin, les dirigeants des groupes arme\u0301s signataires expliquent n&rsquo;avoir eu aucun e\u0301change avec la me\u0301diation alge\u0301rienne sur cette lettre, pourtant date\u0301e du 24 fe\u0301vrier, mais qu&rsquo;ils n&rsquo;ont de\u0301couverte que le 1er mars sur les re\u0301seaux sociaux. D&rsquo;abord tre\u0300s surpris, ils affirment ce matin avoir eu confirmation de son authenticite\u0301 par le gouvernement malien de transition lui-me\u0302me.<\/p>\n<p>Sur le fond, cette lettre ne va pas vraiment dans le sens de l&rsquo;apaisement. Alors que l&rsquo;Alge\u0301rie essaie depuis plusieurs mois de re\u0301tablir le dialogue entre les deux parties et de sauver un accord de paix plus menace\u0301 que jamais, le ministre malien de la Re\u0301conciliation nationale, le Colonel Ismae\u0308l Wague\u0301, en charge dudit accord de paix, commence par rejeter les accusations des groupes arme\u0301s sur le manque d&rsquo;implication du gouvernement dans sa mise en \u0153uvre. Il assure que cet accord \u00ab demeure le cadre de re\u0301fe\u0301rence pour une paix durable au Mali \u00bb et que les groupes signataires \u00ab ont e\u0301te\u0301 syste\u0301matiquement consulte\u0301s et associe\u0301s a\u0300 toutes les e\u0301tapes majeures de la vie de la nation \u00bb, et qu&rsquo;ils ont me\u0302me des repre\u0301sentants au sein du gouvernement de transition et du Conseil national de transition (CNT).<\/p>\n<p>Surtout, le ministre malien accuse les groupes arme\u0301s signataires de n&rsquo;avoir \u00ab cesse\u0301 de violer l&rsquo;accord de paix \u00bb. Il cite plus particulie\u0300rement les ex-rebelles inde\u0301pendantistes de la Coordination des mouvements de l&rsquo;Azawad (CMA), qu&rsquo;il accuse notamment d&rsquo;avoir installe\u0301 des e\u0301tats-majors et des postes militaires dans le Nord, d&rsquo;avoir mene\u0301 des actions \u00ab entravant \u00bb le fonctionnement des bataillons de l&rsquo;arme\u0301e reconstitue\u0301e \u2013 justement cre\u0301e\u0301e par l&rsquo;accord de paix et qui rassemble soldats de l&rsquo;arme\u0301e malienne et combattants des groupes arme\u0301s signataires. Le Colonel Wague\u0301 les accuse e\u0301galement de prendre en charge la se\u0301curisation de Kidal, leur fief, en de\u0301pit de la pre\u0301sence de ce bataillon de l&rsquo;arme\u0301e reconstitue\u0301e.<\/p>\n<p>Le mois dernier, une vaste ope\u0301ration de se\u0301curisation du Nord a e\u0301te\u0301 lance\u0301e par les groupes arme\u0301s signataires, toutes tendances confondues, en re\u0301ponse principalement aux attaques perpe\u0301tre\u0301es par le groupe E\u0301tat islamique. Si elle n&rsquo;est pas cite\u0301e, cette ope\u0301ration a aussi e\u0301te\u0301 perc\u0327ue comme une de\u0301monstration de force adresse\u0301e aux autorite\u0301s de Bamako.<\/p>\n<p>Plus grave, le Colonel Wague\u0301 de\u0301nonce \u00ab une collusion de plus en plus manifeste avec les groupes terroristes \u00bb. Aucune pre\u0301cision dans la lettre, mais on sait que plusieurs chefs de la CMA \u2013 mais aussi de la Plateforme, qui a toujours de\u0301fendu l&rsquo;unite\u0301 du Mali \u2013 ont rencontre\u0301 au mois de janvier Iyad Ag Ghaly, chef du Jnim, lie\u0301 a\u0300 al-Qai\u0308da, avec qui une sorte de \u00ab pacte de non-agression \u00bb a e\u0301te\u0301 conclu de manie\u0300re temporaire pour faire face a\u0300 la menace du groupe jihadiste rival, le groupe E\u0301tat islamique, responsable de nombreux massacres dans le Nord depuis un an.<\/p>\n<p><b>Une lettre qui s&rsquo;en prend e\u0301galement a\u0300 l&rsquo;Alge\u0301rie et a\u0300 la Minusma<\/b><\/p>\n<p>Au passage, le ministre malien e\u0301gratigne la me\u0301diation internationale, dont l&rsquo;Alge\u0301rie est la cheffe de file, a\u0300 qui il reproche de ne pas avoir condamne\u0301 ces \u00ab cas flagrants de violations \u00bb.<\/p>\n<p>La Mission multidimensionnelle inte\u0301gre\u0301e des Nations Unies pour la stabilisation au Mali (Minusma), l&rsquo;Observatoire inde\u0301pendant et le groupe d&rsquo;experts internationaux qui accompagnent la mise en \u0153uvre de l&rsquo;accord, sont e\u0301galement cible\u0301s : leur \u00ab inaction \u00bb et leur \u00ab silence \u00bb (&#8230;) \u00ab posent la question de la pertinence de ces structures \u00bb, e\u0301crit e\u0301galement le Colonel Wague\u0301.<\/p>\n<p>Enfin, les dernie\u0300res lignes de cette lettre de quatre pages sonnent comme une menace : \u00ab Le gouvernement mettra tout en \u0153uvre, quels qu&rsquo;en soient le prix et la forme \u00bb, \u00ab jusqu&rsquo;a\u0300 l&rsquo;e\u0301radication du dernier terroriste \u00bb et \u00ab la se\u0301curisation comple\u0300te du Mali \u00bb. \u00ab Le gouvernement, tout en restant attache\u0301 a\u0300 la mise en \u0153uvre intelligente de l&rsquo;accord, rejettera d&rsquo;office toute accusation qui serait de nature a\u0300 le tenir pour responsable des e\u0301ventuelles conse\u0301quences de sa violation \u00bb, souligne le texte.<\/p>\n<p>Des propos auxquels les groupes arme\u0301s signataires n&rsquo;ont pas encore re\u0301agi officiellement, mais que plusieurs cadres jugent particulie\u0300rement hostiles.<\/p>\n<p>Cela fait plusieurs mois que, tout en martelant leur attachement a\u0300 l&rsquo;accord de paix, le gouvernement malien de transition et les groupes arme\u0301s signataires multiplient actes et de\u0301clarations de de\u0301fiance. Des appels a\u0300 la reprise des combats ont e\u0301te\u0301 profe\u0301re\u0301s par des soutiens des deux camps, personnalite\u0301s politiques ou de la socie\u0301te\u0301 civile. L&rsquo;Alge\u0301rie me\u0300ne quant a\u0300 elle des initiatives discre\u0300tes mais intenses pour tenter de renouer le contact entre le gouvernement de transition et les groupes arme\u0301s. Ce nouvel e\u0301pisode ne va pas lui simplifier la ta\u0302che.<\/p>\n<p><strong>Pour plus d&rsquo;informations et d&rsquo;analyses sur la <a href=\"https:\/\/www.africa-press.net\/mali\">Mali<\/a>, suivez <a href=\"https:\/\/www.africa-press.net\/\">Africa-Press<\/a><\/strong><\/p>\n","protected":false},"excerpt":{"rendered":"<p>Africa-Press &#8211; Mali. Au Mali, une lettre du ministre malien de la Re\u0301conciliation nationale adresse\u0301e a\u0300 la me\u0301diation alge\u0301rienne de\u0301nonce des violations de l&rsquo;accord de paix de 2015 par les groupes arme\u0301s signataires, et particulie\u0300rement par les ex-rebelles inde\u0301pendantistes de la Coordination des mouvements de l&rsquo;Azawad (CMA). Cette lettre, classe\u0301e \u00ab confidentiel \u00bb et adresse\u0301e [&hellip;]<\/p>\n","protected":false},"author":82,"featured_media":31428,"comment_status":"open","ping_status":"closed","sticky":false,"template":"","format":"standard","meta":{"footnotes":""},"categories":[7,17],"tags":[76,86,19],"class_list":["post-31429","post","type-post","status-publish","format-standard","has-post-thumbnail","hentry","category-politique","category-toutes-les-actualites","tag-africa-press","tag-africa-press-mali","tag-mali"],"yoast_head":"<!-- This site is optimized with the Yoast SEO Premium plugin v26.1 (Yoast SEO v27.0) - https:\/\/yoast.com\/product\/yoast-seo-premium-wordpress\/ -->\n<title>Le Mali d\u00e9nonce des violations de l&#039;accord de paix par la Coordination des mouvements de l&#039;Azawad - Mali<\/title>\n<meta name=\"description\" content=\"Au Mali, une lettre du ministre malien de la Re\u0301conciliation nationale adresse\u0301e a\u0300 la me\u0301diation alge\u0301rienne de\u0301nonce d ...Au Mali, une lettre du ministre malien de la Re\u0301conciliation nationale adresse\u0301e a\u0300 la me\u0301diation alge\u0301rienne de\u0301nonce d ...\" \/>\n<meta name=\"robots\" content=\"index, follow, max-snippet:-1, max-image-preview:large, max-video-preview:-1\" \/>\n<link rel=\"canonical\" href=\"https:\/\/www.africa-press.net\/mali\/politique\/le-mali-denonce-des-violations-de-laccord-de-paix-par-la-coordination-des-mouvements-de-lazawad\" \/>\n<meta property=\"og:locale\" content=\"fr_FR\" \/>\n<meta property=\"og:type\" content=\"article\" \/>\n<meta property=\"og:title\" content=\"Le Mali d\u00e9nonce des violations de l&#039;accord de paix par la Coordination des mouvements de l&#039;Azawad\" \/>\n<meta property=\"og:description\" content=\"Au Mali, une lettre du ministre malien de la Re\u0301conciliation nationale adresse\u0301e a\u0300 la me\u0301diation alge\u0301rienne de\u0301nonce d ...Au Mali, une lettre du ministre malien de la Re\u0301conciliation nationale adresse\u0301e a\u0300 la me\u0301diation alge\u0301rienne de\u0301nonce d ...\" \/>\n<meta property=\"og:url\" content=\"https:\/\/www.africa-press.net\/mali\/politique\/le-mali-denonce-des-violations-de-laccord-de-paix-par-la-coordination-des-mouvements-de-lazawad\" \/>\n<meta property=\"og:site_name\" content=\"Mali\" \/>\n<meta property=\"article:publisher\" content=\"https:\/\/www.facebook.com\/AfricaPressTunisiaa\" \/>\n<meta property=\"article:published_time\" content=\"2023-03-02T17:35:08+00:00\" \/>\n<meta property=\"article:modified_time\" content=\"2023-03-02T18:58:20+00:00\" \/>\n<meta property=\"og:image\" content=\"https:\/\/static.africa-press.net\/mali\/sites\/21\/2023\/03\/postQueueImg_1677766177.90.jpg\" \/>\n\t<meta property=\"og:image:width\" content=\"980\" \/>\n\t<meta property=\"og:image:height\" content=\"551\" \/>\n\t<meta property=\"og:image:type\" content=\"image\/jpeg\" \/>\n<meta name=\"author\" content=\"cfeditorfr\" \/>\n<meta name=\"twitter:card\" content=\"summary_large_image\" \/>\n<meta name=\"twitter:label1\" content=\"\u00c9crit par\" \/>\n\t<meta name=\"twitter:data1\" content=\"cfeditorfr\" \/>\n\t<meta name=\"twitter:label2\" content=\"Dur\u00e9e de lecture estim\u00e9e\" \/>\n\t<meta name=\"twitter:data2\" content=\"5 minutes\" \/>\n<script type=\"application\/ld+json\" class=\"yoast-schema-graph\">{\"@context\":\"https:\/\/schema.org\",\"@graph\":[{\"@type\":\"Article\",\"@id\":\"https:\/\/www.africa-press.net\/mali\/politique\/le-mali-denonce-des-violations-de-laccord-de-paix-par-la-coordination-des-mouvements-de-lazawad#article\",\"isPartOf\":{\"@id\":\"https:\/\/www.africa-press.net\/mali\/politique\/le-mali-denonce-des-violations-de-laccord-de-paix-par-la-coordination-des-mouvements-de-lazawad\"},\"author\":{\"name\":\"cfeditorfr\",\"@id\":\"https:\/\/www.africa-press.net\/mali\/#\/schema\/person\/2b1cf3cd81a31e3cd26889ca66d677f1\"},\"headline\":\"Le Mali d\u00e9nonce des violations de l&rsquo;accord de paix par la Coordination des mouvements de l&rsquo;Azawad\",\"datePublished\":\"2023-03-02T17:35:08+00:00\",\"dateModified\":\"2023-03-02T18:58:20+00:00\",\"mainEntityOfPage\":{\"@id\":\"https:\/\/www.africa-press.net\/mali\/politique\/le-mali-denonce-des-violations-de-laccord-de-paix-par-la-coordination-des-mouvements-de-lazawad\"},\"wordCount\":1022,\"commentCount\":0,\"image\":{\"@id\":\"https:\/\/www.africa-press.net\/mali\/politique\/le-mali-denonce-des-violations-de-laccord-de-paix-par-la-coordination-des-mouvements-de-lazawad#primaryimage\"},\"thumbnailUrl\":\"https:\/\/static.africa-press.net\/mali\/sites\/21\/2023\/03\/postQueueImg_1677766177.90.jpg\",\"keywords\":[\"Africa Press\",\"Africa Press-Mali\",\"mali\"],\"articleSection\":[\"Politique\",\"Toutes les actualit\u00e9s\"],\"inLanguage\":\"fr-FR\",\"potentialAction\":[{\"@type\":\"CommentAction\",\"name\":\"Comment\",\"target\":[\"https:\/\/www.africa-press.net\/mali\/politique\/le-mali-denonce-des-violations-de-laccord-de-paix-par-la-coordination-des-mouvements-de-lazawad#respond\"]}]},{\"@type\":\"WebPage\",\"@id\":\"https:\/\/www.africa-press.net\/mali\/politique\/le-mali-denonce-des-violations-de-laccord-de-paix-par-la-coordination-des-mouvements-de-lazawad\",\"url\":\"https:\/\/www.africa-press.net\/mali\/politique\/le-mali-denonce-des-violations-de-laccord-de-paix-par-la-coordination-des-mouvements-de-lazawad\",\"name\":\"Le Mali d\u00e9nonce des violations de l'accord de paix par la Coordination des mouvements de l'Azawad - Mali\",\"isPartOf\":{\"@id\":\"https:\/\/www.africa-press.net\/mali\/#website\"},\"primaryImageOfPage\":{\"@id\":\"https:\/\/www.africa-press.net\/mali\/politique\/le-mali-denonce-des-violations-de-laccord-de-paix-par-la-coordination-des-mouvements-de-lazawad#primaryimage\"},\"image\":{\"@id\":\"https:\/\/www.africa-press.net\/mali\/politique\/le-mali-denonce-des-violations-de-laccord-de-paix-par-la-coordination-des-mouvements-de-lazawad#primaryimage\"},\"thumbnailUrl\":\"https:\/\/static.africa-press.net\/mali\/sites\/21\/2023\/03\/postQueueImg_1677766177.90.jpg\",\"datePublished\":\"2023-03-02T17:35:08+00:00\",\"dateModified\":\"2023-03-02T18:58:20+00:00\",\"author\":{\"@id\":\"https:\/\/www.africa-press.net\/mali\/#\/schema\/person\/2b1cf3cd81a31e3cd26889ca66d677f1\"},\"description\":\"Au Mali, une lettre du ministre malien de la Re\u0301conciliation nationale adresse\u0301e a\u0300 la me\u0301diation alge\u0301rienne de\u0301nonce d ...Au Mali, une lettre du ministre malien de la Re\u0301conciliation nationale adresse\u0301e a\u0300 la me\u0301diation alge\u0301rienne de\u0301nonce d ...\",\"breadcrumb\":{\"@id\":\"https:\/\/www.africa-press.net\/mali\/politique\/le-mali-denonce-des-violations-de-laccord-de-paix-par-la-coordination-des-mouvements-de-lazawad#breadcrumb\"},\"inLanguage\":\"fr-FR\",\"potentialAction\":[{\"@type\":\"ReadAction\",\"target\":[\"https:\/\/www.africa-press.net\/mali\/politique\/le-mali-denonce-des-violations-de-laccord-de-paix-par-la-coordination-des-mouvements-de-lazawad\"]}]},{\"@type\":\"ImageObject\",\"inLanguage\":\"fr-FR\",\"@id\":\"https:\/\/www.africa-press.net\/mali\/politique\/le-mali-denonce-des-violations-de-laccord-de-paix-par-la-coordination-des-mouvements-de-lazawad#primaryimage\",\"url\":\"https:\/\/static.africa-press.net\/mali\/sites\/21\/2023\/03\/postQueueImg_1677766177.90.jpg\",\"contentUrl\":\"https:\/\/static.africa-press.net\/mali\/sites\/21\/2023\/03\/postQueueImg_1677766177.90.jpg\",\"width\":980,\"height\":551,\"caption\":\"Le Mali d\u00e9nonce des violations de l'accord de paix par la Coordination des mouvements de l'Azawad\"},{\"@type\":\"BreadcrumbList\",\"@id\":\"https:\/\/www.africa-press.net\/mali\/politique\/le-mali-denonce-des-violations-de-laccord-de-paix-par-la-coordination-des-mouvements-de-lazawad#breadcrumb\",\"itemListElement\":[{\"@type\":\"ListItem\",\"position\":1,\"name\":\"Home\",\"item\":\"https:\/\/www.africa-press.net\/mali\/\"},{\"@type\":\"ListItem\",\"position\":2,\"name\":\"Le Mali d\u00e9nonce des violations de l&rsquo;accord de paix par la Coordination des mouvements de l&rsquo;Azawad\"}]},{\"@type\":\"WebSite\",\"@id\":\"https:\/\/www.africa-press.net\/mali\/#website\",\"url\":\"https:\/\/www.africa-press.net\/mali\/\",\"name\":\"Mali\",\"description\":\"Just another Africa News Agency Sites site\",\"potentialAction\":[{\"@type\":\"SearchAction\",\"target\":{\"@type\":\"EntryPoint\",\"urlTemplate\":\"https:\/\/www.africa-press.net\/mali\/?s={search_term_string}\"},\"query-input\":{\"@type\":\"PropertyValueSpecification\",\"valueRequired\":true,\"valueName\":\"search_term_string\"}}],\"inLanguage\":\"fr-FR\"},{\"@type\":\"Person\",\"@id\":\"https:\/\/www.africa-press.net\/mali\/#\/schema\/person\/2b1cf3cd81a31e3cd26889ca66d677f1\",\"name\":\"cfeditorfr\"}]}<\/script>\n<!-- \/ Yoast SEO Premium plugin. -->","yoast_head_json":{"title":"Le Mali d\u00e9nonce des violations de l'accord de paix par la Coordination des mouvements de l'Azawad - Mali","description":"Au Mali, une lettre du ministre malien de la Re\u0301conciliation nationale adresse\u0301e a\u0300 la me\u0301diation alge\u0301rienne de\u0301nonce d ...Au Mali, une lettre du ministre malien de la Re\u0301conciliation nationale adresse\u0301e a\u0300 la me\u0301diation alge\u0301rienne de\u0301nonce d ...","robots":{"index":"index","follow":"follow","max-snippet":"max-snippet:-1","max-image-preview":"max-image-preview:large","max-video-preview":"max-video-preview:-1"},"canonical":"https:\/\/www.africa-press.net\/mali\/politique\/le-mali-denonce-des-violations-de-laccord-de-paix-par-la-coordination-des-mouvements-de-lazawad","og_locale":"fr_FR","og_type":"article","og_title":"Le Mali d\u00e9nonce des violations de l'accord de paix par la Coordination des mouvements de l'Azawad","og_description":"Au Mali, une lettre du ministre malien de la Re\u0301conciliation nationale adresse\u0301e a\u0300 la me\u0301diation alge\u0301rienne de\u0301nonce d ...Au Mali, une lettre du ministre malien de la Re\u0301conciliation nationale adresse\u0301e a\u0300 la me\u0301diation alge\u0301rienne de\u0301nonce d ...","og_url":"https:\/\/www.africa-press.net\/mali\/politique\/le-mali-denonce-des-violations-de-laccord-de-paix-par-la-coordination-des-mouvements-de-lazawad","og_site_name":"Mali","article_publisher":"https:\/\/www.facebook.com\/AfricaPressTunisiaa","article_published_time":"2023-03-02T17:35:08+00:00","article_modified_time":"2023-03-02T18:58:20+00:00","og_image":[{"width":980,"height":551,"url":"https:\/\/static.africa-press.net\/mali\/sites\/21\/2023\/03\/postQueueImg_1677766177.90.jpg","type":"image\/jpeg"}],"author":"cfeditorfr","twitter_card":"summary_large_image","twitter_misc":{"\u00c9crit par":"cfeditorfr","Dur\u00e9e de lecture estim\u00e9e":"5 minutes"},"schema":{"@context":"https:\/\/schema.org","@graph":[{"@type":"Article","@id":"https:\/\/www.africa-press.net\/mali\/politique\/le-mali-denonce-des-violations-de-laccord-de-paix-par-la-coordination-des-mouvements-de-lazawad#article","isPartOf":{"@id":"https:\/\/www.africa-press.net\/mali\/politique\/le-mali-denonce-des-violations-de-laccord-de-paix-par-la-coordination-des-mouvements-de-lazawad"},"author":{"name":"cfeditorfr","@id":"https:\/\/www.africa-press.net\/mali\/#\/schema\/person\/2b1cf3cd81a31e3cd26889ca66d677f1"},"headline":"Le Mali d\u00e9nonce des violations de l&rsquo;accord de paix par la Coordination des mouvements de l&rsquo;Azawad","datePublished":"2023-03-02T17:35:08+00:00","dateModified":"2023-03-02T18:58:20+00:00","mainEntityOfPage":{"@id":"https:\/\/www.africa-press.net\/mali\/politique\/le-mali-denonce-des-violations-de-laccord-de-paix-par-la-coordination-des-mouvements-de-lazawad"},"wordCount":1022,"commentCount":0,"image":{"@id":"https:\/\/www.africa-press.net\/mali\/politique\/le-mali-denonce-des-violations-de-laccord-de-paix-par-la-coordination-des-mouvements-de-lazawad#primaryimage"},"thumbnailUrl":"https:\/\/static.africa-press.net\/mali\/sites\/21\/2023\/03\/postQueueImg_1677766177.90.jpg","keywords":["Africa Press","Africa Press-Mali","mali"],"articleSection":["Politique","Toutes les actualit\u00e9s"],"inLanguage":"fr-FR","potentialAction":[{"@type":"CommentAction","name":"Comment","target":["https:\/\/www.africa-press.net\/mali\/politique\/le-mali-denonce-des-violations-de-laccord-de-paix-par-la-coordination-des-mouvements-de-lazawad#respond"]}]},{"@type":"WebPage","@id":"https:\/\/www.africa-press.net\/mali\/politique\/le-mali-denonce-des-violations-de-laccord-de-paix-par-la-coordination-des-mouvements-de-lazawad","url":"https:\/\/www.africa-press.net\/mali\/politique\/le-mali-denonce-des-violations-de-laccord-de-paix-par-la-coordination-des-mouvements-de-lazawad","name":"Le Mali d\u00e9nonce des violations de l'accord de paix par la Coordination des mouvements de l'Azawad - Mali","isPartOf":{"@id":"https:\/\/www.africa-press.net\/mali\/#website"},"primaryImageOfPage":{"@id":"https:\/\/www.africa-press.net\/mali\/politique\/le-mali-denonce-des-violations-de-laccord-de-paix-par-la-coordination-des-mouvements-de-lazawad#primaryimage"},"image":{"@id":"https:\/\/www.africa-press.net\/mali\/politique\/le-mali-denonce-des-violations-de-laccord-de-paix-par-la-coordination-des-mouvements-de-lazawad#primaryimage"},"thumbnailUrl":"https:\/\/static.africa-press.net\/mali\/sites\/21\/2023\/03\/postQueueImg_1677766177.90.jpg","datePublished":"2023-03-02T17:35:08+00:00","dateModified":"2023-03-02T18:58:20+00:00","author":{"@id":"https:\/\/www.africa-press.net\/mali\/#\/schema\/person\/2b1cf3cd81a31e3cd26889ca66d677f1"},"description":"Au Mali, une lettre du ministre malien de la Re\u0301conciliation nationale adresse\u0301e a\u0300 la me\u0301diation alge\u0301rienne de\u0301nonce d ...Au Mali, une lettre du ministre malien de la Re\u0301conciliation nationale adresse\u0301e a\u0300 la me\u0301diation alge\u0301rienne de\u0301nonce d ...","breadcrumb":{"@id":"https:\/\/www.africa-press.net\/mali\/politique\/le-mali-denonce-des-violations-de-laccord-de-paix-par-la-coordination-des-mouvements-de-lazawad#breadcrumb"},"inLanguage":"fr-FR","potentialAction":[{"@type":"ReadAction","target":["https:\/\/www.africa-press.net\/mali\/politique\/le-mali-denonce-des-violations-de-laccord-de-paix-par-la-coordination-des-mouvements-de-lazawad"]}]},{"@type":"ImageObject","inLanguage":"fr-FR","@id":"https:\/\/www.africa-press.net\/mali\/politique\/le-mali-denonce-des-violations-de-laccord-de-paix-par-la-coordination-des-mouvements-de-lazawad#primaryimage","url":"https:\/\/static.africa-press.net\/mali\/sites\/21\/2023\/03\/postQueueImg_1677766177.90.jpg","contentUrl":"https:\/\/static.africa-press.net\/mali\/sites\/21\/2023\/03\/postQueueImg_1677766177.90.jpg","width":980,"height":551,"caption":"Le Mali d\u00e9nonce des violations de l'accord de paix par la Coordination des mouvements de l'Azawad"},{"@type":"BreadcrumbList","@id":"https:\/\/www.africa-press.net\/mali\/politique\/le-mali-denonce-des-violations-de-laccord-de-paix-par-la-coordination-des-mouvements-de-lazawad#breadcrumb","itemListElement":[{"@type":"ListItem","position":1,"name":"Home","item":"https:\/\/www.africa-press.net\/mali\/"},{"@type":"ListItem","position":2,"name":"Le Mali d\u00e9nonce des violations de l&rsquo;accord de paix par la Coordination des mouvements de l&rsquo;Azawad"}]},{"@type":"WebSite","@id":"https:\/\/www.africa-press.net\/mali\/#website","url":"https:\/\/www.africa-press.net\/mali\/","name":"Mali","description":"Just another Africa News Agency Sites site","potentialAction":[{"@type":"SearchAction","target":{"@type":"EntryPoint","urlTemplate":"https:\/\/www.africa-press.net\/mali\/?s={search_term_string}"},"query-input":{"@type":"PropertyValueSpecification","valueRequired":true,"valueName":"search_term_string"}}],"inLanguage":"fr-FR"},{"@type":"Person","@id":"https:\/\/www.africa-press.net\/mali\/#\/schema\/person\/2b1cf3cd81a31e3cd26889ca66d677f1","name":"cfeditorfr"}]}},"_links":{"self":[{"href":"https:\/\/www.africa-press.net\/mali\/wp-json\/wp\/v2\/posts\/31429","targetHints":{"allow":["GET"]}}],"collection":[{"href":"https:\/\/www.africa-press.net\/mali\/wp-json\/wp\/v2\/posts"}],"about":[{"href":"https:\/\/www.africa-press.net\/mali\/wp-json\/wp\/v2\/types\/post"}],"author":[{"embeddable":true,"href":"https:\/\/www.africa-press.net\/mali\/wp-json\/wp\/v2\/users\/82"}],"replies":[{"embeddable":true,"href":"https:\/\/www.africa-press.net\/mali\/wp-json\/wp\/v2\/comments?post=31429"}],"version-history":[{"count":0,"href":"https:\/\/www.africa-press.net\/mali\/wp-json\/wp\/v2\/posts\/31429\/revisions"}],"wp:featuredmedia":[{"embeddable":true,"href":"https:\/\/www.africa-press.net\/mali\/wp-json\/wp\/v2\/media\/31428"}],"wp:attachment":[{"href":"https:\/\/www.africa-press.net\/mali\/wp-json\/wp\/v2\/media?parent=31429"}],"wp:term":[{"taxonomy":"category","embeddable":true,"href":"https:\/\/www.africa-press.net\/mali\/wp-json\/wp\/v2\/categories?post=31429"},{"taxonomy":"post_tag","embeddable":true,"href":"https:\/\/www.africa-press.net\/mali\/wp-json\/wp\/v2\/tags?post=31429"}],"curies":[{"name":"wp","href":"https:\/\/api.w.org\/{rel}","templated":true}]}}