{"id":31450,"date":"2023-03-02T20:33:48","date_gmt":"2023-03-02T20:33:48","guid":{"rendered":"https:\/\/www.africa-press.net\/mali\/politique\/dfm-du-ministere-des-maliens-etablis-a-lexterieur-doute-autour-de-la-destination-de-plus-300-millions-de-fcfa-de-fonds-covid-19"},"modified":"2023-03-02T21:07:40","modified_gmt":"2023-03-02T21:07:40","slug":"dfm-du-ministere-des-maliens-etablis-a-lexterieur-doute-autour-de-la-destination-de-plus-300-millions-de-fcfa-de-fonds-covid-19","status":"publish","type":"post","link":"https:\/\/www.africa-press.net\/mali\/communaute\/dfm-du-ministere-des-maliens-etablis-a-lexterieur-doute-autour-de-la-destination-de-plus-300-millions-de-fcfa-de-fonds-covid-19","title":{"rendered":"DFM du minist\u00e8re des Maliens \u00e9tablis \u00e0 l\u2019ext\u00e9rieur : Doute autour de la destination de plus 300 millions de FCFA de fonds Covid-19"},"content":{"rendered":"<p><span style=\"color: #ff6600\"><strong>Africa-Press &#8211; Mali. <\/strong><\/span>Le directeur des finances et du mate\u0301riel du ministe\u0300re des Maliens e\u0301tablis a\u0300 l\u2019exte\u0301rieur et de l\u2019inte\u0301gration africaine est cite\u0301 dans une affaire de malversation financie\u0300re de pre\u0300s de 300 millions Fcfa destine\u0301s a\u0300 la lutte contre la Covid-19. Contacte\u0301 par Le Wagadu, Abdoulaye Ag Mohamed \u00ab nie les faits et affirme qu\u2019aucune de\u0301pense n\u2019est ine\u0301ligible a\u0300 la lutte contre la maladie a\u0300 Coronavirus \u00bb.<\/p>\n<p>Dans le cadre de la pre\u0301vention et de la riposte contre la Covid-19, l\u2019Etat a mis a\u0300 la disposition du ministe\u0300re des Maliens e\u0301tablis a\u0300 l\u2019exte\u0301rieur et de l\u2019Inte\u0301gration africaine pre\u0300s de 300 millions de Fcfa en 2021. Ce fonds, selon nos informations, devrait servir a\u0300 payer les indemnite\u0301s de travail et des produits entrant dans le cadre de la lutte contre la maladie a\u0300 Coronavirus notamment les masques et le gel hydro-alcoolique, pour ne citer que ceux-ci.<\/p>\n<p>Cet argent, qui e\u0301tait destine\u0301 a\u0300 la lutte contre la Covid-19, a e\u0301te\u0301 utilise\u0301 a\u0300 d\u2019autres fins, rapportent des sources concordantes, pointant du doigt la responsabilite\u0301 du directeur des finances et du mate\u0301riel. Abdoulaye Ag Mohamed est accuse\u0301 d\u2019avoir de\u0301tourne\u0301 les fonds a\u0300 travers des de\u0301penses comme l\u2019achat de pneus pour le mate\u0301riel roulant du ministe\u0300re. Des de\u0301penses juge\u0301es fictives par plusieurs sources concordantes qui n\u2019ont en me\u0301moire l\u2019achat d\u2019aucun produit dans le cadre de la lutte contre la maladie.<\/p>\n<p>On lui reproche aussi d\u2019avoir utilise\u0301 de l\u2019argent pour des missions. \u00ab Et la\u0300 encore, il n\u2019y a jamais eu de mission concernant la Covid-19 depuis qu\u2019il a e\u0301te\u0301 nomme\u0301 DFM dans ce de\u0301partement \u00bb, jurent plusieurs sources qui affirment mettre au de\u0301fi Abdoulaye Ag Mohamed de prouver le contraire. Les me\u0302mes sources accablent le directeur des finances et du mate\u0301riel de n\u2019avoir pas paye\u0301 comme pre\u0301vu dans le budget les indemnite\u0301s et les salaires des travailleurs. Toutes les de\u0301penses s\u2019inscrivent en droite ligne dans la lutte contre la Covid-19<\/p>\n<p>Approche\u0301 par Le Wagadu, le directeur des finances et du mate\u0301riel nie les faits. Il a indique\u0301 que toutes les de\u0301penses faites au de\u0301partement rentrent bien dans le cadre de la lutte contre le Coronavirus. Sans donner de chiffres ni pre\u0301senter un document, Abdoulaye Ag Mohamed a affirme\u0301 qu\u2019aucune de\u0301pense n\u2019est ine\u0301ligible a\u0300 la lutte contre la maladie a\u0300 Coronavirus. \u00ab Toutes les de\u0301penses s\u2019inscrivent en droite ligne dans la lutte contre la Covid-19 \u00bb, a-t-il explique\u0301.<\/p>\n<p>Concernant les missions, le DFM, sans en pre\u0301ciser le nombre, a indique\u0301 que des membres du de\u0301partement ont bien effectue\u0301 des missions de sensibilisation contre la Covid-19 aupre\u0300s des Maliens e\u0301tablis a\u0300 l\u2019exte\u0301rieur notamment au Gabon et en RDC. Il a rappele\u0301 qu\u2019il n\u2019est pas signataire des ordres de missions, soulignant que son ro\u0302le se limite simplement a\u0300 mettre des moyens a\u0300 la disposition du service demandeur en fonction de la disponibilite\u0301 des ressources. \u00ab Je n\u2019ai pas le droit de refuser une de\u0301fense sauf s\u2019il n\u2019y a pas de ressources \u00bb, a-t-il commente\u0301.<\/p>\n<p>L\u2019argent a servi a\u0300 payer des indemnite\u0301s et des salaires, a-t-il souligne\u0301. \u00ab Si les gens pensent que la lutte contre la maladie se limite a\u0300 l\u2019achat de gels, de masques seulement, ils se trompent. C\u2019est l\u2019agre\u0301gation de l\u2019ensemble des de\u0301penses lie\u0301es aux Maliens de l\u2019exte\u0301rieur \u00bb, a explique\u0301 Abdoulaye Ag Mohamed.<\/p>\n<p>Il a rappele\u0301 que ce sont les activite\u0301s qui sont e\u0301value\u0301es en budget mode-programme. De ce fait, souligne-t-il, toutes les de\u0301penses sont adosse\u0301es a\u0300 un terme de re\u0301fe\u0301rence (TDR). \u00ab Au Mali, on est sorti du cadre de de\u0301pense directe depuis 2018 \u00bb, a-t-il explique\u0301.<\/p>\n<p>Pour terminer, Abdoulaye Ag Mohamed a rappele\u0301 que le DFM est un service d\u2019appui-conseil. \u00ab On n\u2019a pas le pouvoir de de\u0301pense. En mode budget programme vous ne pouvez pas faire sortir un centime sans l\u2019autorisation d\u2019un responsable de programme \u00bb, a-t-il pre\u0301cise\u0301.<\/p>\n<p>Cependant, selon d\u2019autres sources, le DFM Abdoulaye Ag Mohamed serait en conflit avec de nombreux prestataires qu\u2019il refuse de payer au pre\u0301texte qu\u2019il n\u2019e\u0301tait pas DFM au moment des faits. Alors que, selon les me\u0302mes sources, la primature et la Direction des finances et du mate\u0301riel du ministe\u0300re de la Sante\u0301 ont mis a\u0300 sa disposition l\u2019argent destine\u0301 a\u0300 la prise en charge des de\u0301penses lie\u0301es a\u0300 la Covid-19.<\/p>\n<p><strong>Pour plus d&rsquo;informations et d&rsquo;analyses sur la <a href=\"https:\/\/www.africa-press.net\/mali\">Mali<\/a>, suivez <a href=\"https:\/\/www.africa-press.net\/\">Africa-Press<\/a><\/strong><\/p>\n","protected":false},"excerpt":{"rendered":"<p>Africa-Press &#8211; Mali. Le directeur des finances et du mate\u0301riel du ministe\u0300re des Maliens e\u0301tablis a\u0300 l\u2019exte\u0301rieur et de l\u2019inte\u0301gration africaine est cite\u0301 dans une affaire de malversation financie\u0300re de pre\u0300s de 300 millions Fcfa destine\u0301s a\u0300 la lutte contre la Covid-19. Contacte\u0301 par Le Wagadu, Abdoulaye Ag Mohamed \u00ab nie les faits et affirme [&hellip;]<\/p>\n","protected":false},"author":82,"featured_media":31449,"comment_status":"open","ping_status":"closed","sticky":false,"template":"","format":"standard","meta":{"footnotes":""},"categories":[4,12,17],"tags":[76,86,19],"class_list":["post-31450","post","type-post","status-publish","format-standard","has-post-thumbnail","hentry","category-communaute","category-economie","category-toutes-les-actualites","tag-africa-press","tag-africa-press-mali","tag-mali"],"yoast_head":"<!-- This site is optimized with the Yoast SEO Premium plugin v26.1 (Yoast SEO v27.0) - https:\/\/yoast.com\/product\/yoast-seo-premium-wordpress\/ -->\n<title>DFM du minist\u00e8re des Maliens \u00e9tablis \u00e0 l\u2019ext\u00e9rieur : Doute autour de la destination de plus 300 millions de FCFA de fonds Covid-19 - Mali<\/title>\n<meta name=\"description\" content=\"Le directeur des finances et du mate\u0301riel du ministe\u0300re des Maliens e\u0301tablis a\u0300 l\u2019exte\u0301rieur et de l\u2019inte\u0301gration africa ...\" \/>\n<meta name=\"robots\" content=\"index, follow, max-snippet:-1, max-image-preview:large, max-video-preview:-1\" \/>\n<link rel=\"canonical\" href=\"https:\/\/www.africa-press.net\/mali\/communaute\/dfm-du-ministere-des-maliens-etablis-a-lexterieur-doute-autour-de-la-destination-de-plus-300-millions-de-fcfa-de-fonds-covid-19\" \/>\n<meta property=\"og:locale\" content=\"fr_FR\" \/>\n<meta property=\"og:type\" content=\"article\" \/>\n<meta property=\"og:title\" content=\"DFM du minist\u00e8re des Maliens \u00e9tablis \u00e0 l\u2019ext\u00e9rieur : Doute autour de la destination de plus 300 millions de FCFA de fonds Covid-19\" \/>\n<meta property=\"og:description\" content=\"Le directeur des finances et du mate\u0301riel du ministe\u0300re des Maliens e\u0301tablis a\u0300 l\u2019exte\u0301rieur et de l\u2019inte\u0301gration africa ...\" \/>\n<meta property=\"og:url\" content=\"https:\/\/www.africa-press.net\/mali\/communaute\/dfm-du-ministere-des-maliens-etablis-a-lexterieur-doute-autour-de-la-destination-de-plus-300-millions-de-fcfa-de-fonds-covid-19\" \/>\n<meta property=\"og:site_name\" content=\"Mali\" \/>\n<meta property=\"article:publisher\" content=\"https:\/\/www.facebook.com\/AfricaPressTunisiaa\" \/>\n<meta property=\"article:published_time\" content=\"2023-03-02T20:33:48+00:00\" \/>\n<meta property=\"article:modified_time\" content=\"2023-03-02T21:07:40+00:00\" \/>\n<meta property=\"og:image\" content=\"https:\/\/static.africa-press.net\/mali\/sites\/21\/2023\/03\/postQueueImg_1677776741.43.jpg\" \/>\n\t<meta property=\"og:image:width\" content=\"760\" \/>\n\t<meta property=\"og:image:height\" content=\"466\" \/>\n\t<meta property=\"og:image:type\" content=\"image\/jpeg\" \/>\n<meta name=\"author\" content=\"cfeditorfr\" \/>\n<meta name=\"twitter:card\" content=\"summary_large_image\" \/>\n<meta name=\"twitter:label1\" content=\"\u00c9crit par\" \/>\n\t<meta name=\"twitter:data1\" content=\"cfeditorfr\" \/>\n\t<meta name=\"twitter:label2\" content=\"Dur\u00e9e de lecture estim\u00e9e\" \/>\n\t<meta name=\"twitter:data2\" content=\"4 minutes\" \/>\n<script type=\"application\/ld+json\" class=\"yoast-schema-graph\">{\"@context\":\"https:\/\/schema.org\",\"@graph\":[{\"@type\":\"Article\",\"@id\":\"https:\/\/www.africa-press.net\/mali\/communaute\/dfm-du-ministere-des-maliens-etablis-a-lexterieur-doute-autour-de-la-destination-de-plus-300-millions-de-fcfa-de-fonds-covid-19#article\",\"isPartOf\":{\"@id\":\"https:\/\/www.africa-press.net\/mali\/communaute\/dfm-du-ministere-des-maliens-etablis-a-lexterieur-doute-autour-de-la-destination-de-plus-300-millions-de-fcfa-de-fonds-covid-19\"},\"author\":{\"name\":\"cfeditorfr\",\"@id\":\"https:\/\/www.africa-press.net\/mali\/#\/schema\/person\/2b1cf3cd81a31e3cd26889ca66d677f1\"},\"headline\":\"DFM du minist\u00e8re des Maliens \u00e9tablis \u00e0 l\u2019ext\u00e9rieur : Doute autour de la destination de plus 300 millions de FCFA de fonds Covid-19\",\"datePublished\":\"2023-03-02T20:33:48+00:00\",\"dateModified\":\"2023-03-02T21:07:40+00:00\",\"mainEntityOfPage\":{\"@id\":\"https:\/\/www.africa-press.net\/mali\/communaute\/dfm-du-ministere-des-maliens-etablis-a-lexterieur-doute-autour-de-la-destination-de-plus-300-millions-de-fcfa-de-fonds-covid-19\"},\"wordCount\":827,\"commentCount\":0,\"image\":{\"@id\":\"https:\/\/www.africa-press.net\/mali\/communaute\/dfm-du-ministere-des-maliens-etablis-a-lexterieur-doute-autour-de-la-destination-de-plus-300-millions-de-fcfa-de-fonds-covid-19#primaryimage\"},\"thumbnailUrl\":\"https:\/\/static.africa-press.net\/mali\/sites\/21\/2023\/03\/postQueueImg_1677776741.43.jpg\",\"keywords\":[\"Africa Press\",\"Africa Press-Mali\",\"mali\"],\"articleSection\":[\"Communaut\u00e9\",\"\u00c9conomie\",\"Toutes les actualit\u00e9s\"],\"inLanguage\":\"fr-FR\",\"potentialAction\":[{\"@type\":\"CommentAction\",\"name\":\"Comment\",\"target\":[\"https:\/\/www.africa-press.net\/mali\/communaute\/dfm-du-ministere-des-maliens-etablis-a-lexterieur-doute-autour-de-la-destination-de-plus-300-millions-de-fcfa-de-fonds-covid-19#respond\"]}]},{\"@type\":\"WebPage\",\"@id\":\"https:\/\/www.africa-press.net\/mali\/communaute\/dfm-du-ministere-des-maliens-etablis-a-lexterieur-doute-autour-de-la-destination-de-plus-300-millions-de-fcfa-de-fonds-covid-19\",\"url\":\"https:\/\/www.africa-press.net\/mali\/communaute\/dfm-du-ministere-des-maliens-etablis-a-lexterieur-doute-autour-de-la-destination-de-plus-300-millions-de-fcfa-de-fonds-covid-19\",\"name\":\"DFM du minist\u00e8re des Maliens \u00e9tablis \u00e0 l\u2019ext\u00e9rieur : Doute autour de la destination de plus 300 millions de FCFA de fonds Covid-19 - Mali\",\"isPartOf\":{\"@id\":\"https:\/\/www.africa-press.net\/mali\/#website\"},\"primaryImageOfPage\":{\"@id\":\"https:\/\/www.africa-press.net\/mali\/communaute\/dfm-du-ministere-des-maliens-etablis-a-lexterieur-doute-autour-de-la-destination-de-plus-300-millions-de-fcfa-de-fonds-covid-19#primaryimage\"},\"image\":{\"@id\":\"https:\/\/www.africa-press.net\/mali\/communaute\/dfm-du-ministere-des-maliens-etablis-a-lexterieur-doute-autour-de-la-destination-de-plus-300-millions-de-fcfa-de-fonds-covid-19#primaryimage\"},\"thumbnailUrl\":\"https:\/\/static.africa-press.net\/mali\/sites\/21\/2023\/03\/postQueueImg_1677776741.43.jpg\",\"datePublished\":\"2023-03-02T20:33:48+00:00\",\"dateModified\":\"2023-03-02T21:07:40+00:00\",\"author\":{\"@id\":\"https:\/\/www.africa-press.net\/mali\/#\/schema\/person\/2b1cf3cd81a31e3cd26889ca66d677f1\"},\"description\":\"Le directeur des finances et du mate\u0301riel du ministe\u0300re des Maliens e\u0301tablis a\u0300 l\u2019exte\u0301rieur et de l\u2019inte\u0301gration africa ...\",\"breadcrumb\":{\"@id\":\"https:\/\/www.africa-press.net\/mali\/communaute\/dfm-du-ministere-des-maliens-etablis-a-lexterieur-doute-autour-de-la-destination-de-plus-300-millions-de-fcfa-de-fonds-covid-19#breadcrumb\"},\"inLanguage\":\"fr-FR\",\"potentialAction\":[{\"@type\":\"ReadAction\",\"target\":[\"https:\/\/www.africa-press.net\/mali\/communaute\/dfm-du-ministere-des-maliens-etablis-a-lexterieur-doute-autour-de-la-destination-de-plus-300-millions-de-fcfa-de-fonds-covid-19\"]}]},{\"@type\":\"ImageObject\",\"inLanguage\":\"fr-FR\",\"@id\":\"https:\/\/www.africa-press.net\/mali\/communaute\/dfm-du-ministere-des-maliens-etablis-a-lexterieur-doute-autour-de-la-destination-de-plus-300-millions-de-fcfa-de-fonds-covid-19#primaryimage\",\"url\":\"https:\/\/static.africa-press.net\/mali\/sites\/21\/2023\/03\/postQueueImg_1677776741.43.jpg\",\"contentUrl\":\"https:\/\/static.africa-press.net\/mali\/sites\/21\/2023\/03\/postQueueImg_1677776741.43.jpg\",\"width\":760,\"height\":466,\"caption\":\"DFM du minist\u00e8re des Maliens \u00e9tablis \u00e0 l\u2019ext\u00e9rieur : Doute autour de la destination de plus 300 millions de FCFA de fonds Covid-19\"},{\"@type\":\"BreadcrumbList\",\"@id\":\"https:\/\/www.africa-press.net\/mali\/communaute\/dfm-du-ministere-des-maliens-etablis-a-lexterieur-doute-autour-de-la-destination-de-plus-300-millions-de-fcfa-de-fonds-covid-19#breadcrumb\",\"itemListElement\":[{\"@type\":\"ListItem\",\"position\":1,\"name\":\"Home\",\"item\":\"https:\/\/www.africa-press.net\/mali\/\"},{\"@type\":\"ListItem\",\"position\":2,\"name\":\"DFM du minist\u00e8re des Maliens \u00e9tablis \u00e0 l\u2019ext\u00e9rieur : Doute autour de la destination de plus 300 millions de FCFA de fonds Covid-19\"}]},{\"@type\":\"WebSite\",\"@id\":\"https:\/\/www.africa-press.net\/mali\/#website\",\"url\":\"https:\/\/www.africa-press.net\/mali\/\",\"name\":\"Mali\",\"description\":\"Just another Africa News Agency Sites site\",\"potentialAction\":[{\"@type\":\"SearchAction\",\"target\":{\"@type\":\"EntryPoint\",\"urlTemplate\":\"https:\/\/www.africa-press.net\/mali\/?s={search_term_string}\"},\"query-input\":{\"@type\":\"PropertyValueSpecification\",\"valueRequired\":true,\"valueName\":\"search_term_string\"}}],\"inLanguage\":\"fr-FR\"},{\"@type\":\"Person\",\"@id\":\"https:\/\/www.africa-press.net\/mali\/#\/schema\/person\/2b1cf3cd81a31e3cd26889ca66d677f1\",\"name\":\"cfeditorfr\"}]}<\/script>\n<!-- \/ Yoast SEO Premium plugin. -->","yoast_head_json":{"title":"DFM du minist\u00e8re des Maliens \u00e9tablis \u00e0 l\u2019ext\u00e9rieur : Doute autour de la destination de plus 300 millions de FCFA de fonds Covid-19 - Mali","description":"Le directeur des finances et du mate\u0301riel du ministe\u0300re des Maliens e\u0301tablis a\u0300 l\u2019exte\u0301rieur et de l\u2019inte\u0301gration africa ...","robots":{"index":"index","follow":"follow","max-snippet":"max-snippet:-1","max-image-preview":"max-image-preview:large","max-video-preview":"max-video-preview:-1"},"canonical":"https:\/\/www.africa-press.net\/mali\/communaute\/dfm-du-ministere-des-maliens-etablis-a-lexterieur-doute-autour-de-la-destination-de-plus-300-millions-de-fcfa-de-fonds-covid-19","og_locale":"fr_FR","og_type":"article","og_title":"DFM du minist\u00e8re des Maliens \u00e9tablis \u00e0 l\u2019ext\u00e9rieur : Doute autour de la destination de plus 300 millions de FCFA de fonds Covid-19","og_description":"Le directeur des finances et du mate\u0301riel du ministe\u0300re des Maliens e\u0301tablis a\u0300 l\u2019exte\u0301rieur et de l\u2019inte\u0301gration africa ...","og_url":"https:\/\/www.africa-press.net\/mali\/communaute\/dfm-du-ministere-des-maliens-etablis-a-lexterieur-doute-autour-de-la-destination-de-plus-300-millions-de-fcfa-de-fonds-covid-19","og_site_name":"Mali","article_publisher":"https:\/\/www.facebook.com\/AfricaPressTunisiaa","article_published_time":"2023-03-02T20:33:48+00:00","article_modified_time":"2023-03-02T21:07:40+00:00","og_image":[{"width":760,"height":466,"url":"https:\/\/static.africa-press.net\/mali\/sites\/21\/2023\/03\/postQueueImg_1677776741.43.jpg","type":"image\/jpeg"}],"author":"cfeditorfr","twitter_card":"summary_large_image","twitter_misc":{"\u00c9crit par":"cfeditorfr","Dur\u00e9e de lecture estim\u00e9e":"4 minutes"},"schema":{"@context":"https:\/\/schema.org","@graph":[{"@type":"Article","@id":"https:\/\/www.africa-press.net\/mali\/communaute\/dfm-du-ministere-des-maliens-etablis-a-lexterieur-doute-autour-de-la-destination-de-plus-300-millions-de-fcfa-de-fonds-covid-19#article","isPartOf":{"@id":"https:\/\/www.africa-press.net\/mali\/communaute\/dfm-du-ministere-des-maliens-etablis-a-lexterieur-doute-autour-de-la-destination-de-plus-300-millions-de-fcfa-de-fonds-covid-19"},"author":{"name":"cfeditorfr","@id":"https:\/\/www.africa-press.net\/mali\/#\/schema\/person\/2b1cf3cd81a31e3cd26889ca66d677f1"},"headline":"DFM du minist\u00e8re des Maliens \u00e9tablis \u00e0 l\u2019ext\u00e9rieur : Doute autour de la destination de plus 300 millions de FCFA de fonds Covid-19","datePublished":"2023-03-02T20:33:48+00:00","dateModified":"2023-03-02T21:07:40+00:00","mainEntityOfPage":{"@id":"https:\/\/www.africa-press.net\/mali\/communaute\/dfm-du-ministere-des-maliens-etablis-a-lexterieur-doute-autour-de-la-destination-de-plus-300-millions-de-fcfa-de-fonds-covid-19"},"wordCount":827,"commentCount":0,"image":{"@id":"https:\/\/www.africa-press.net\/mali\/communaute\/dfm-du-ministere-des-maliens-etablis-a-lexterieur-doute-autour-de-la-destination-de-plus-300-millions-de-fcfa-de-fonds-covid-19#primaryimage"},"thumbnailUrl":"https:\/\/static.africa-press.net\/mali\/sites\/21\/2023\/03\/postQueueImg_1677776741.43.jpg","keywords":["Africa Press","Africa Press-Mali","mali"],"articleSection":["Communaut\u00e9","\u00c9conomie","Toutes les actualit\u00e9s"],"inLanguage":"fr-FR","potentialAction":[{"@type":"CommentAction","name":"Comment","target":["https:\/\/www.africa-press.net\/mali\/communaute\/dfm-du-ministere-des-maliens-etablis-a-lexterieur-doute-autour-de-la-destination-de-plus-300-millions-de-fcfa-de-fonds-covid-19#respond"]}]},{"@type":"WebPage","@id":"https:\/\/www.africa-press.net\/mali\/communaute\/dfm-du-ministere-des-maliens-etablis-a-lexterieur-doute-autour-de-la-destination-de-plus-300-millions-de-fcfa-de-fonds-covid-19","url":"https:\/\/www.africa-press.net\/mali\/communaute\/dfm-du-ministere-des-maliens-etablis-a-lexterieur-doute-autour-de-la-destination-de-plus-300-millions-de-fcfa-de-fonds-covid-19","name":"DFM du minist\u00e8re des Maliens \u00e9tablis \u00e0 l\u2019ext\u00e9rieur : Doute autour de la destination de plus 300 millions de FCFA de fonds Covid-19 - Mali","isPartOf":{"@id":"https:\/\/www.africa-press.net\/mali\/#website"},"primaryImageOfPage":{"@id":"https:\/\/www.africa-press.net\/mali\/communaute\/dfm-du-ministere-des-maliens-etablis-a-lexterieur-doute-autour-de-la-destination-de-plus-300-millions-de-fcfa-de-fonds-covid-19#primaryimage"},"image":{"@id":"https:\/\/www.africa-press.net\/mali\/communaute\/dfm-du-ministere-des-maliens-etablis-a-lexterieur-doute-autour-de-la-destination-de-plus-300-millions-de-fcfa-de-fonds-covid-19#primaryimage"},"thumbnailUrl":"https:\/\/static.africa-press.net\/mali\/sites\/21\/2023\/03\/postQueueImg_1677776741.43.jpg","datePublished":"2023-03-02T20:33:48+00:00","dateModified":"2023-03-02T21:07:40+00:00","author":{"@id":"https:\/\/www.africa-press.net\/mali\/#\/schema\/person\/2b1cf3cd81a31e3cd26889ca66d677f1"},"description":"Le directeur des finances et du mate\u0301riel du ministe\u0300re des Maliens e\u0301tablis a\u0300 l\u2019exte\u0301rieur et de l\u2019inte\u0301gration africa ...","breadcrumb":{"@id":"https:\/\/www.africa-press.net\/mali\/communaute\/dfm-du-ministere-des-maliens-etablis-a-lexterieur-doute-autour-de-la-destination-de-plus-300-millions-de-fcfa-de-fonds-covid-19#breadcrumb"},"inLanguage":"fr-FR","potentialAction":[{"@type":"ReadAction","target":["https:\/\/www.africa-press.net\/mali\/communaute\/dfm-du-ministere-des-maliens-etablis-a-lexterieur-doute-autour-de-la-destination-de-plus-300-millions-de-fcfa-de-fonds-covid-19"]}]},{"@type":"ImageObject","inLanguage":"fr-FR","@id":"https:\/\/www.africa-press.net\/mali\/communaute\/dfm-du-ministere-des-maliens-etablis-a-lexterieur-doute-autour-de-la-destination-de-plus-300-millions-de-fcfa-de-fonds-covid-19#primaryimage","url":"https:\/\/static.africa-press.net\/mali\/sites\/21\/2023\/03\/postQueueImg_1677776741.43.jpg","contentUrl":"https:\/\/static.africa-press.net\/mali\/sites\/21\/2023\/03\/postQueueImg_1677776741.43.jpg","width":760,"height":466,"caption":"DFM du minist\u00e8re des Maliens \u00e9tablis \u00e0 l\u2019ext\u00e9rieur : Doute autour de la destination de plus 300 millions de FCFA de fonds Covid-19"},{"@type":"BreadcrumbList","@id":"https:\/\/www.africa-press.net\/mali\/communaute\/dfm-du-ministere-des-maliens-etablis-a-lexterieur-doute-autour-de-la-destination-de-plus-300-millions-de-fcfa-de-fonds-covid-19#breadcrumb","itemListElement":[{"@type":"ListItem","position":1,"name":"Home","item":"https:\/\/www.africa-press.net\/mali\/"},{"@type":"ListItem","position":2,"name":"DFM du minist\u00e8re des Maliens \u00e9tablis \u00e0 l\u2019ext\u00e9rieur : Doute autour de la destination de plus 300 millions de FCFA de fonds Covid-19"}]},{"@type":"WebSite","@id":"https:\/\/www.africa-press.net\/mali\/#website","url":"https:\/\/www.africa-press.net\/mali\/","name":"Mali","description":"Just another Africa News Agency Sites site","potentialAction":[{"@type":"SearchAction","target":{"@type":"EntryPoint","urlTemplate":"https:\/\/www.africa-press.net\/mali\/?s={search_term_string}"},"query-input":{"@type":"PropertyValueSpecification","valueRequired":true,"valueName":"search_term_string"}}],"inLanguage":"fr-FR"},{"@type":"Person","@id":"https:\/\/www.africa-press.net\/mali\/#\/schema\/person\/2b1cf3cd81a31e3cd26889ca66d677f1","name":"cfeditorfr"}]}},"_links":{"self":[{"href":"https:\/\/www.africa-press.net\/mali\/wp-json\/wp\/v2\/posts\/31450","targetHints":{"allow":["GET"]}}],"collection":[{"href":"https:\/\/www.africa-press.net\/mali\/wp-json\/wp\/v2\/posts"}],"about":[{"href":"https:\/\/www.africa-press.net\/mali\/wp-json\/wp\/v2\/types\/post"}],"author":[{"embeddable":true,"href":"https:\/\/www.africa-press.net\/mali\/wp-json\/wp\/v2\/users\/82"}],"replies":[{"embeddable":true,"href":"https:\/\/www.africa-press.net\/mali\/wp-json\/wp\/v2\/comments?post=31450"}],"version-history":[{"count":0,"href":"https:\/\/www.africa-press.net\/mali\/wp-json\/wp\/v2\/posts\/31450\/revisions"}],"wp:featuredmedia":[{"embeddable":true,"href":"https:\/\/www.africa-press.net\/mali\/wp-json\/wp\/v2\/media\/31449"}],"wp:attachment":[{"href":"https:\/\/www.africa-press.net\/mali\/wp-json\/wp\/v2\/media?parent=31450"}],"wp:term":[{"taxonomy":"category","embeddable":true,"href":"https:\/\/www.africa-press.net\/mali\/wp-json\/wp\/v2\/categories?post=31450"},{"taxonomy":"post_tag","embeddable":true,"href":"https:\/\/www.africa-press.net\/mali\/wp-json\/wp\/v2\/tags?post=31450"}],"curies":[{"name":"wp","href":"https:\/\/api.w.org\/{rel}","templated":true}]}}