{"id":31452,"date":"2023-03-02T20:38:48","date_gmt":"2023-03-02T20:38:48","guid":{"rendered":"https:\/\/www.africa-press.net\/mali\/politique\/le-projet-de-constitution-malienne-prevoit-de-releguer-le-francais-au-rang-de-langue-de-travail"},"modified":"2023-03-02T21:09:17","modified_gmt":"2023-03-02T21:09:17","slug":"le-projet-de-constitution-malienne-prevoit-de-releguer-le-francais-au-rang-de-langue-de-travail","status":"publish","type":"post","link":"https:\/\/www.africa-press.net\/mali\/politique\/le-projet-de-constitution-malienne-prevoit-de-releguer-le-francais-au-rang-de-langue-de-travail","title":{"rendered":"Le projet de Constitution malienne pr\u00e9voit de rel\u00e9guer le fran\u00e7ais au rang de \u00ablangue de travail\u00bb"},"content":{"rendered":"<p><span style=\"color: #ff6600\"><strong>Africa-Press &#8211; Mali. <\/strong><\/span>Le projet de nouvelle Constitution au Mali rele\u0300gue le franc\u0327ais au rang de \u00ablangue de travail\u00bb alors que les tensions entre Bamako et Paris sont de plus en plus tendues depuis la prise de pouvoir des militaires emmene\u0301s par le colonel Assimi Goi\u0308ta.<\/p>\n<p>Le projet de nouvelle Constitution au Mali renforce les pouvoirs du pre\u0301sident, lui permet d\u2019ordonner la mobilisation ge\u0301ne\u0301rale, et rele\u0300gue le franc\u0327ais au rang de \u00ablangue de travail\u00bb. Le chef des militaires qui ont pris le pouvoir par la force en 2020, le colonel Assimi Goi\u0308ta, a rec\u0327u le projet le 27 janvier.<\/p>\n<p>Le colonel qui s\u2019est fait investir en 2021 pre\u0301sident pour une pe\u0301riode dite de transition, et dont les intentions personnelles au-dela\u0300 sont sujettes a\u0300 spe\u0301culations, a de\u0301fendu ce texte \u00abmajeur\u00bb comme le reflet des \u00abaspirations profondes de notre peuple\u00bb et la manifestation d\u2019un \u00abrenouveau de\u0301mocratique\u00bb.<\/p>\n<p>S\u2019il rec\u0327oit l\u2019onction populaire au cours d\u2019un re\u0301fe\u0301rendum, ce texte devrait re\u0301gir l\u2019organisation et le fonctionnement de l\u2019Etat et de ses institutions<\/p>\n<p>Il a assure\u0301 que les Maliens s\u2019e\u0301taient exprime\u0301s \u00absans aucune entrave\u00bb sur son e\u0301laboration, dans un contexte ou\u0300 un certain nombre de partis et d\u2019acteurs politiques ont remis en cause la teneur et me\u0302me la ne\u0301cessite\u0301 d\u2019une nouvelle Constitution. Il n\u2019a rien dit en revanche sur le calendrier d\u2019adoption.<\/p>\n<p>Cette Constitution est un e\u0301le\u0301ment cle\u0301 du vaste chantier de re\u0301formes invoque\u0301 par les militaires pour justifier leur maintien au pouvoir. Son adoption serait une e\u0301tape importante dans le calendrier menant a\u0300 des e\u0301lections en fe\u0301vrier 2024 et a\u0300 un retour des civils au pouvoir. Dans le calendrier e\u0301labore\u0301 par les militaires, cette Constitution e\u0301tait cense\u0301e e\u0302tre soumise a\u0300 un re\u0301fe\u0301rendum le 19 mars. Mais certains doutent du respect de cette e\u0301che\u0301ance.<\/p>\n<p>\u00abS\u2019il rec\u0327oit l\u2019onction populaire au cours d\u2019un re\u0301fe\u0301rendum, ce texte devrait re\u0301gir l\u2019organisation et le fonctionnement de l\u2019Etat et de ses institutions\u00bb, a simplement de\u0301clare\u0301 le colonel Goi\u0308ta. Le projet amende un avant-projet divulgue\u0301 en octobre 2022. Le nouveau projet n\u2019avait pas e\u0301te\u0301 publie\u0301 officiellement le 28 fe\u0301vrier en de\u0301but d\u2019apre\u0300s-midi, malgre\u0301 la volonte\u0301 proclame\u0301e par le colonel Goi\u0308ta de voir les Maliens se l\u2019approprier. Le franc\u0327ais, de langue \u00abofficielle\u00bb a\u0300 langue \u00abde travail\u00bb<\/p>\n<p>L\u2019AFP a pu consulter le document. Dans l\u2019avant-projet de 2022 comme dans la Constitution de 1992, le franc\u0327ais e\u0301tait \u00abla langue d\u2019expression officielle\u00bb, et les langues locales avaient vocation a\u0300 devenir \u00ablangues officielles\u00bb. Dans le nouveau projet, \u00ables langues nationales sont les langues officielles du Mali\u00bb et \u00able franc\u0327ais est la langue de travail\u00bb. Au Mali, ou\u0300 sont parle\u0301es des dizaines de langues, le franc\u0327ais est utilise\u0301 dans l\u2019administration, sur les panneaux de circulation, a\u0300 la te\u0301le\u0301vision d\u2019Etat, mais tre\u0300s peu dans la rue a\u0300 Bamako, et encore moins en brousse.<\/p>\n<p>Le texte renforce e\u0301galement les pouvoirs pre\u0301sidentiels, comme l\u2019avant-projet de 2022, par rapport a\u0300 la Constitution de 1992. Dans la nouvelle Constitution, ce serait le pre\u0301sident qui \u00abde\u0301termine la politique de la Nation\u00bb, et non plus le gouvernement ; le pre\u0301sident nommerait le Premier ministre et les ministres et mettrait fin a\u0300 leurs fonctions. \u00abLe gouvernement est responsable devant le pre\u0301sident\u00bb, et non plus devant l\u2019Assemble\u0301e nationale. L\u2019initiative des lois appartiendrait au pre\u0301sident et aux parlementaires, et non plus au gouvernement et a\u0300 l\u2019Assemble\u0301e nationale.<\/p>\n<p>Par rapport a\u0300 l\u2019avant-projet de 2022, le nouveau projet re\u0301tablit le pouvoir du pre\u0301sident de dissoudre l\u2019Assemble\u0301e nationale. Le pre\u0301sident, qui serait e\u0301lu pour cinq ans et ne pourrait effectuer plus de deux mandats, pourrait prendre des \u00abmesures exceptionnelles\u00bb en cas de menace \u00abgrave et imme\u0301diate\u00bb contre le pays.<\/p>\n<p>Le nouveau projet introduit la possibilite\u0301 pour le pre\u0301sident d\u2019ordonner la mobilisation ge\u0301ne\u0301rale, applicable a\u0300 partir de 18 ans, sans qu\u2019apparaisse clairement pour le moment la situation dans laquelle une telle mobilisation s\u2019imposerait.<\/p>\n<p>Le Mali est en proie depuis 2012 a\u0300 la propagation djihadiste et aux violences de toutes sortes. Les militaires au pouvoir ont pousse\u0301 vers la sortie les soldats franc\u0327ais en 2022 dans un climat de grande acrimonie et le pays s\u2019est tourne\u0301 militairement et politiquement vers la Russie.<\/p>\n<p>Le projet affirme que le Mali est une \u00abRe\u0301publique inde\u0301pendante, souveraine, unitaire, indivisible, de\u0301mocratique, lai\u0308que et sociale\u00bb, alors que certaines voix avaient voulu remettre en cause le principe de lai\u0308cite\u0301.<\/p>\n<p>Le texte e\u0301carte aussi l\u2019hypothe\u0300se d\u2019une fe\u0301de\u0301ration qui aurait confe\u0301re\u0301 une forte autonomie au nord du pays, the\u0301a\u0302tre par le passe\u0301 de re\u0301bellions touareg pour l\u2019inde\u0301pendance ou pour un statut particulier.<\/p>\n<p>Il proclame enfin tout coup d\u2019Etat \u00abcrime imprescriptible\u00bb. Mais ceux qui ont pris le pouvoir par la force en 2020 et 2021 seraient a\u0300 l\u2019abri puisque les faits ante\u0301rieurs a\u0300 la promulgation de la Constitution seraient couverts par des lois d\u2019amnistie.<\/p>\n<p><strong>Pour plus d&rsquo;informations et d&rsquo;analyses sur la <a href=\"https:\/\/www.africa-press.net\/mali\">Mali<\/a>, suivez <a href=\"https:\/\/www.africa-press.net\/\">Africa-Press<\/a><\/strong><\/p>\n","protected":false},"excerpt":{"rendered":"<p>Africa-Press &#8211; Mali. Le projet de nouvelle Constitution au Mali rele\u0300gue le franc\u0327ais au rang de \u00ablangue de travail\u00bb alors que les tensions entre Bamako et Paris sont de plus en plus tendues depuis la prise de pouvoir des militaires emmene\u0301s par le colonel Assimi Goi\u0308ta. Le projet de nouvelle Constitution au Mali renforce les [&hellip;]<\/p>\n","protected":false},"author":82,"featured_media":31451,"comment_status":"open","ping_status":"closed","sticky":false,"template":"","format":"standard","meta":{"footnotes":""},"categories":[7,17],"tags":[76,86,19],"class_list":["post-31452","post","type-post","status-publish","format-standard","has-post-thumbnail","hentry","category-politique","category-toutes-les-actualites","tag-africa-press","tag-africa-press-mali","tag-mali"],"yoast_head":"<!-- This site is optimized with the Yoast SEO Premium plugin v26.1 (Yoast SEO v27.0) - https:\/\/yoast.com\/product\/yoast-seo-premium-wordpress\/ -->\n<title>Le projet de Constitution malienne pr\u00e9voit de rel\u00e9guer le fran\u00e7ais au rang de \u00ablangue de travail\u00bb - Mali<\/title>\n<meta name=\"description\" content=\"Le projet de nouvelle Constitution au Mali rele\u0300gue le franc\u0327ais au rang de \u00ablangue de travail\u00bb alors que les tensions e ...\" \/>\n<meta name=\"robots\" content=\"index, follow, max-snippet:-1, max-image-preview:large, max-video-preview:-1\" \/>\n<link rel=\"canonical\" href=\"https:\/\/www.africa-press.net\/mali\/politique\/le-projet-de-constitution-malienne-prevoit-de-releguer-le-francais-au-rang-de-langue-de-travail\" \/>\n<meta property=\"og:locale\" content=\"fr_FR\" \/>\n<meta property=\"og:type\" content=\"article\" \/>\n<meta property=\"og:title\" content=\"Le projet de Constitution malienne pr\u00e9voit de rel\u00e9guer le fran\u00e7ais au rang de \u00ablangue de travail\u00bb\" \/>\n<meta property=\"og:description\" content=\"Le projet de nouvelle Constitution au Mali rele\u0300gue le franc\u0327ais au rang de \u00ablangue de travail\u00bb alors que les tensions e ...\" \/>\n<meta property=\"og:url\" content=\"https:\/\/www.africa-press.net\/mali\/politique\/le-projet-de-constitution-malienne-prevoit-de-releguer-le-francais-au-rang-de-langue-de-travail\" \/>\n<meta property=\"og:site_name\" content=\"Mali\" \/>\n<meta property=\"article:publisher\" content=\"https:\/\/www.facebook.com\/AfricaPressTunisiaa\" \/>\n<meta property=\"article:published_time\" content=\"2023-03-02T20:38:48+00:00\" \/>\n<meta property=\"article:modified_time\" content=\"2023-03-02T21:09:17+00:00\" \/>\n<meta property=\"og:image\" content=\"https:\/\/static.africa-press.net\/mali\/sites\/21\/2023\/03\/postQueueImg_1677776957.89.jpg\" \/>\n\t<meta property=\"og:image:width\" content=\"1024\" \/>\n\t<meta property=\"og:image:height\" content=\"683\" \/>\n\t<meta property=\"og:image:type\" content=\"image\/jpeg\" \/>\n<meta name=\"author\" content=\"cfeditorfr\" \/>\n<meta name=\"twitter:card\" content=\"summary_large_image\" \/>\n<meta name=\"twitter:label1\" content=\"\u00c9crit par\" \/>\n\t<meta name=\"twitter:data1\" content=\"cfeditorfr\" \/>\n\t<meta name=\"twitter:label2\" content=\"Dur\u00e9e de lecture estim\u00e9e\" \/>\n\t<meta name=\"twitter:data2\" content=\"4 minutes\" \/>\n<script type=\"application\/ld+json\" class=\"yoast-schema-graph\">{\"@context\":\"https:\/\/schema.org\",\"@graph\":[{\"@type\":\"Article\",\"@id\":\"https:\/\/www.africa-press.net\/mali\/politique\/le-projet-de-constitution-malienne-prevoit-de-releguer-le-francais-au-rang-de-langue-de-travail#article\",\"isPartOf\":{\"@id\":\"https:\/\/www.africa-press.net\/mali\/politique\/le-projet-de-constitution-malienne-prevoit-de-releguer-le-francais-au-rang-de-langue-de-travail\"},\"author\":{\"name\":\"cfeditorfr\",\"@id\":\"https:\/\/www.africa-press.net\/mali\/#\/schema\/person\/2b1cf3cd81a31e3cd26889ca66d677f1\"},\"headline\":\"Le projet de Constitution malienne pr\u00e9voit de rel\u00e9guer le fran\u00e7ais au rang de \u00ablangue de travail\u00bb\",\"datePublished\":\"2023-03-02T20:38:48+00:00\",\"dateModified\":\"2023-03-02T21:09:17+00:00\",\"mainEntityOfPage\":{\"@id\":\"https:\/\/www.africa-press.net\/mali\/politique\/le-projet-de-constitution-malienne-prevoit-de-releguer-le-francais-au-rang-de-langue-de-travail\"},\"wordCount\":918,\"commentCount\":0,\"image\":{\"@id\":\"https:\/\/www.africa-press.net\/mali\/politique\/le-projet-de-constitution-malienne-prevoit-de-releguer-le-francais-au-rang-de-langue-de-travail#primaryimage\"},\"thumbnailUrl\":\"https:\/\/static.africa-press.net\/mali\/sites\/21\/2023\/03\/postQueueImg_1677776957.89.jpg\",\"keywords\":[\"Africa Press\",\"Africa Press-Mali\",\"mali\"],\"articleSection\":[\"Politique\",\"Toutes les actualit\u00e9s\"],\"inLanguage\":\"fr-FR\",\"potentialAction\":[{\"@type\":\"CommentAction\",\"name\":\"Comment\",\"target\":[\"https:\/\/www.africa-press.net\/mali\/politique\/le-projet-de-constitution-malienne-prevoit-de-releguer-le-francais-au-rang-de-langue-de-travail#respond\"]}]},{\"@type\":\"WebPage\",\"@id\":\"https:\/\/www.africa-press.net\/mali\/politique\/le-projet-de-constitution-malienne-prevoit-de-releguer-le-francais-au-rang-de-langue-de-travail\",\"url\":\"https:\/\/www.africa-press.net\/mali\/politique\/le-projet-de-constitution-malienne-prevoit-de-releguer-le-francais-au-rang-de-langue-de-travail\",\"name\":\"Le projet de Constitution malienne pr\u00e9voit de rel\u00e9guer le fran\u00e7ais au rang de \u00ablangue de travail\u00bb - Mali\",\"isPartOf\":{\"@id\":\"https:\/\/www.africa-press.net\/mali\/#website\"},\"primaryImageOfPage\":{\"@id\":\"https:\/\/www.africa-press.net\/mali\/politique\/le-projet-de-constitution-malienne-prevoit-de-releguer-le-francais-au-rang-de-langue-de-travail#primaryimage\"},\"image\":{\"@id\":\"https:\/\/www.africa-press.net\/mali\/politique\/le-projet-de-constitution-malienne-prevoit-de-releguer-le-francais-au-rang-de-langue-de-travail#primaryimage\"},\"thumbnailUrl\":\"https:\/\/static.africa-press.net\/mali\/sites\/21\/2023\/03\/postQueueImg_1677776957.89.jpg\",\"datePublished\":\"2023-03-02T20:38:48+00:00\",\"dateModified\":\"2023-03-02T21:09:17+00:00\",\"author\":{\"@id\":\"https:\/\/www.africa-press.net\/mali\/#\/schema\/person\/2b1cf3cd81a31e3cd26889ca66d677f1\"},\"description\":\"Le projet de nouvelle Constitution au Mali rele\u0300gue le franc\u0327ais au rang de \u00ablangue de travail\u00bb alors que les tensions e ...\",\"breadcrumb\":{\"@id\":\"https:\/\/www.africa-press.net\/mali\/politique\/le-projet-de-constitution-malienne-prevoit-de-releguer-le-francais-au-rang-de-langue-de-travail#breadcrumb\"},\"inLanguage\":\"fr-FR\",\"potentialAction\":[{\"@type\":\"ReadAction\",\"target\":[\"https:\/\/www.africa-press.net\/mali\/politique\/le-projet-de-constitution-malienne-prevoit-de-releguer-le-francais-au-rang-de-langue-de-travail\"]}]},{\"@type\":\"ImageObject\",\"inLanguage\":\"fr-FR\",\"@id\":\"https:\/\/www.africa-press.net\/mali\/politique\/le-projet-de-constitution-malienne-prevoit-de-releguer-le-francais-au-rang-de-langue-de-travail#primaryimage\",\"url\":\"https:\/\/static.africa-press.net\/mali\/sites\/21\/2023\/03\/postQueueImg_1677776957.89.jpg\",\"contentUrl\":\"https:\/\/static.africa-press.net\/mali\/sites\/21\/2023\/03\/postQueueImg_1677776957.89.jpg\",\"width\":1024,\"height\":683,\"caption\":\"Le projet de Constitution malienne pr\u00e9voit de rel\u00e9guer le fran\u00e7ais au rang de \u00ablangue de travail\u00bb\"},{\"@type\":\"BreadcrumbList\",\"@id\":\"https:\/\/www.africa-press.net\/mali\/politique\/le-projet-de-constitution-malienne-prevoit-de-releguer-le-francais-au-rang-de-langue-de-travail#breadcrumb\",\"itemListElement\":[{\"@type\":\"ListItem\",\"position\":1,\"name\":\"Home\",\"item\":\"https:\/\/www.africa-press.net\/mali\/\"},{\"@type\":\"ListItem\",\"position\":2,\"name\":\"Le projet de Constitution malienne pr\u00e9voit de rel\u00e9guer le fran\u00e7ais au rang de \u00ablangue de travail\u00bb\"}]},{\"@type\":\"WebSite\",\"@id\":\"https:\/\/www.africa-press.net\/mali\/#website\",\"url\":\"https:\/\/www.africa-press.net\/mali\/\",\"name\":\"Mali\",\"description\":\"Just another Africa News Agency Sites site\",\"potentialAction\":[{\"@type\":\"SearchAction\",\"target\":{\"@type\":\"EntryPoint\",\"urlTemplate\":\"https:\/\/www.africa-press.net\/mali\/?s={search_term_string}\"},\"query-input\":{\"@type\":\"PropertyValueSpecification\",\"valueRequired\":true,\"valueName\":\"search_term_string\"}}],\"inLanguage\":\"fr-FR\"},{\"@type\":\"Person\",\"@id\":\"https:\/\/www.africa-press.net\/mali\/#\/schema\/person\/2b1cf3cd81a31e3cd26889ca66d677f1\",\"name\":\"cfeditorfr\"}]}<\/script>\n<!-- \/ Yoast SEO Premium plugin. -->","yoast_head_json":{"title":"Le projet de Constitution malienne pr\u00e9voit de rel\u00e9guer le fran\u00e7ais au rang de \u00ablangue de travail\u00bb - Mali","description":"Le projet de nouvelle Constitution au Mali rele\u0300gue le franc\u0327ais au rang de \u00ablangue de travail\u00bb alors que les tensions e ...","robots":{"index":"index","follow":"follow","max-snippet":"max-snippet:-1","max-image-preview":"max-image-preview:large","max-video-preview":"max-video-preview:-1"},"canonical":"https:\/\/www.africa-press.net\/mali\/politique\/le-projet-de-constitution-malienne-prevoit-de-releguer-le-francais-au-rang-de-langue-de-travail","og_locale":"fr_FR","og_type":"article","og_title":"Le projet de Constitution malienne pr\u00e9voit de rel\u00e9guer le fran\u00e7ais au rang de \u00ablangue de travail\u00bb","og_description":"Le projet de nouvelle Constitution au Mali rele\u0300gue le franc\u0327ais au rang de \u00ablangue de travail\u00bb alors que les tensions e ...","og_url":"https:\/\/www.africa-press.net\/mali\/politique\/le-projet-de-constitution-malienne-prevoit-de-releguer-le-francais-au-rang-de-langue-de-travail","og_site_name":"Mali","article_publisher":"https:\/\/www.facebook.com\/AfricaPressTunisiaa","article_published_time":"2023-03-02T20:38:48+00:00","article_modified_time":"2023-03-02T21:09:17+00:00","og_image":[{"width":1024,"height":683,"url":"https:\/\/static.africa-press.net\/mali\/sites\/21\/2023\/03\/postQueueImg_1677776957.89.jpg","type":"image\/jpeg"}],"author":"cfeditorfr","twitter_card":"summary_large_image","twitter_misc":{"\u00c9crit par":"cfeditorfr","Dur\u00e9e de lecture estim\u00e9e":"4 minutes"},"schema":{"@context":"https:\/\/schema.org","@graph":[{"@type":"Article","@id":"https:\/\/www.africa-press.net\/mali\/politique\/le-projet-de-constitution-malienne-prevoit-de-releguer-le-francais-au-rang-de-langue-de-travail#article","isPartOf":{"@id":"https:\/\/www.africa-press.net\/mali\/politique\/le-projet-de-constitution-malienne-prevoit-de-releguer-le-francais-au-rang-de-langue-de-travail"},"author":{"name":"cfeditorfr","@id":"https:\/\/www.africa-press.net\/mali\/#\/schema\/person\/2b1cf3cd81a31e3cd26889ca66d677f1"},"headline":"Le projet de Constitution malienne pr\u00e9voit de rel\u00e9guer le fran\u00e7ais au rang de \u00ablangue de travail\u00bb","datePublished":"2023-03-02T20:38:48+00:00","dateModified":"2023-03-02T21:09:17+00:00","mainEntityOfPage":{"@id":"https:\/\/www.africa-press.net\/mali\/politique\/le-projet-de-constitution-malienne-prevoit-de-releguer-le-francais-au-rang-de-langue-de-travail"},"wordCount":918,"commentCount":0,"image":{"@id":"https:\/\/www.africa-press.net\/mali\/politique\/le-projet-de-constitution-malienne-prevoit-de-releguer-le-francais-au-rang-de-langue-de-travail#primaryimage"},"thumbnailUrl":"https:\/\/static.africa-press.net\/mali\/sites\/21\/2023\/03\/postQueueImg_1677776957.89.jpg","keywords":["Africa Press","Africa Press-Mali","mali"],"articleSection":["Politique","Toutes les actualit\u00e9s"],"inLanguage":"fr-FR","potentialAction":[{"@type":"CommentAction","name":"Comment","target":["https:\/\/www.africa-press.net\/mali\/politique\/le-projet-de-constitution-malienne-prevoit-de-releguer-le-francais-au-rang-de-langue-de-travail#respond"]}]},{"@type":"WebPage","@id":"https:\/\/www.africa-press.net\/mali\/politique\/le-projet-de-constitution-malienne-prevoit-de-releguer-le-francais-au-rang-de-langue-de-travail","url":"https:\/\/www.africa-press.net\/mali\/politique\/le-projet-de-constitution-malienne-prevoit-de-releguer-le-francais-au-rang-de-langue-de-travail","name":"Le projet de Constitution malienne pr\u00e9voit de rel\u00e9guer le fran\u00e7ais au rang de \u00ablangue de travail\u00bb - Mali","isPartOf":{"@id":"https:\/\/www.africa-press.net\/mali\/#website"},"primaryImageOfPage":{"@id":"https:\/\/www.africa-press.net\/mali\/politique\/le-projet-de-constitution-malienne-prevoit-de-releguer-le-francais-au-rang-de-langue-de-travail#primaryimage"},"image":{"@id":"https:\/\/www.africa-press.net\/mali\/politique\/le-projet-de-constitution-malienne-prevoit-de-releguer-le-francais-au-rang-de-langue-de-travail#primaryimage"},"thumbnailUrl":"https:\/\/static.africa-press.net\/mali\/sites\/21\/2023\/03\/postQueueImg_1677776957.89.jpg","datePublished":"2023-03-02T20:38:48+00:00","dateModified":"2023-03-02T21:09:17+00:00","author":{"@id":"https:\/\/www.africa-press.net\/mali\/#\/schema\/person\/2b1cf3cd81a31e3cd26889ca66d677f1"},"description":"Le projet de nouvelle Constitution au Mali rele\u0300gue le franc\u0327ais au rang de \u00ablangue de travail\u00bb alors que les tensions e ...","breadcrumb":{"@id":"https:\/\/www.africa-press.net\/mali\/politique\/le-projet-de-constitution-malienne-prevoit-de-releguer-le-francais-au-rang-de-langue-de-travail#breadcrumb"},"inLanguage":"fr-FR","potentialAction":[{"@type":"ReadAction","target":["https:\/\/www.africa-press.net\/mali\/politique\/le-projet-de-constitution-malienne-prevoit-de-releguer-le-francais-au-rang-de-langue-de-travail"]}]},{"@type":"ImageObject","inLanguage":"fr-FR","@id":"https:\/\/www.africa-press.net\/mali\/politique\/le-projet-de-constitution-malienne-prevoit-de-releguer-le-francais-au-rang-de-langue-de-travail#primaryimage","url":"https:\/\/static.africa-press.net\/mali\/sites\/21\/2023\/03\/postQueueImg_1677776957.89.jpg","contentUrl":"https:\/\/static.africa-press.net\/mali\/sites\/21\/2023\/03\/postQueueImg_1677776957.89.jpg","width":1024,"height":683,"caption":"Le projet de Constitution malienne pr\u00e9voit de rel\u00e9guer le fran\u00e7ais au rang de \u00ablangue de travail\u00bb"},{"@type":"BreadcrumbList","@id":"https:\/\/www.africa-press.net\/mali\/politique\/le-projet-de-constitution-malienne-prevoit-de-releguer-le-francais-au-rang-de-langue-de-travail#breadcrumb","itemListElement":[{"@type":"ListItem","position":1,"name":"Home","item":"https:\/\/www.africa-press.net\/mali\/"},{"@type":"ListItem","position":2,"name":"Le projet de Constitution malienne pr\u00e9voit de rel\u00e9guer le fran\u00e7ais au rang de \u00ablangue de travail\u00bb"}]},{"@type":"WebSite","@id":"https:\/\/www.africa-press.net\/mali\/#website","url":"https:\/\/www.africa-press.net\/mali\/","name":"Mali","description":"Just another Africa News Agency Sites site","potentialAction":[{"@type":"SearchAction","target":{"@type":"EntryPoint","urlTemplate":"https:\/\/www.africa-press.net\/mali\/?s={search_term_string}"},"query-input":{"@type":"PropertyValueSpecification","valueRequired":true,"valueName":"search_term_string"}}],"inLanguage":"fr-FR"},{"@type":"Person","@id":"https:\/\/www.africa-press.net\/mali\/#\/schema\/person\/2b1cf3cd81a31e3cd26889ca66d677f1","name":"cfeditorfr"}]}},"_links":{"self":[{"href":"https:\/\/www.africa-press.net\/mali\/wp-json\/wp\/v2\/posts\/31452","targetHints":{"allow":["GET"]}}],"collection":[{"href":"https:\/\/www.africa-press.net\/mali\/wp-json\/wp\/v2\/posts"}],"about":[{"href":"https:\/\/www.africa-press.net\/mali\/wp-json\/wp\/v2\/types\/post"}],"author":[{"embeddable":true,"href":"https:\/\/www.africa-press.net\/mali\/wp-json\/wp\/v2\/users\/82"}],"replies":[{"embeddable":true,"href":"https:\/\/www.africa-press.net\/mali\/wp-json\/wp\/v2\/comments?post=31452"}],"version-history":[{"count":0,"href":"https:\/\/www.africa-press.net\/mali\/wp-json\/wp\/v2\/posts\/31452\/revisions"}],"wp:featuredmedia":[{"embeddable":true,"href":"https:\/\/www.africa-press.net\/mali\/wp-json\/wp\/v2\/media\/31451"}],"wp:attachment":[{"href":"https:\/\/www.africa-press.net\/mali\/wp-json\/wp\/v2\/media?parent=31452"}],"wp:term":[{"taxonomy":"category","embeddable":true,"href":"https:\/\/www.africa-press.net\/mali\/wp-json\/wp\/v2\/categories?post=31452"},{"taxonomy":"post_tag","embeddable":true,"href":"https:\/\/www.africa-press.net\/mali\/wp-json\/wp\/v2\/tags?post=31452"}],"curies":[{"name":"wp","href":"https:\/\/api.w.org\/{rel}","templated":true}]}}