{"id":31461,"date":"2023-03-02T20:48:42","date_gmt":"2023-03-02T20:48:42","guid":{"rendered":"https:\/\/www.africa-press.net\/mali\/politique\/quelles-sont-les-causes-des-crises-multidimensionnelles-qui-touchent-le-mali-et-le-burkina-faso"},"modified":"2023-03-02T21:26:59","modified_gmt":"2023-03-02T21:26:59","slug":"quelles-sont-les-causes-des-crises-multidimensionnelles-qui-touchent-le-mali-et-le-burkina-faso","status":"publish","type":"post","link":"https:\/\/www.africa-press.net\/mali\/politique\/quelles-sont-les-causes-des-crises-multidimensionnelles-qui-touchent-le-mali-et-le-burkina-faso","title":{"rendered":"Quelles sont les causes des crises multidimensionnelles qui touchent le Mali et le Burkina Faso ?"},"content":{"rendered":"<p><span style=\"color: #ff6600\"><strong>Africa-Press &#8211; Mali. <\/strong><\/span>Alors que les autorite\u0301s maliennes ont re\u0301cemment de\u0301cide\u0301 d\u2019exclure les ONG finance\u0301es par la France, la situation e\u0301conomique du pays continue de se de\u0301grader de me\u0302me que celle de son voisin, le Burkina Faso. Depuis plusieurs mois, les attaques sur des forces de se\u0301curite\u0301 a\u0300 la frontie\u0300re entre Ouagadougou et Bamako se sont multiplie\u0301es. Quels sont les facteurs internes et exte\u0301rieurs a\u0300 l\u2019origine de la de\u0301gradation de la situation politique et e\u0301conomique des deux pays ? Au vu des re\u0301cents coups d\u2019E\u0301tat a\u0300 Ouagadougou et Bamako et des politiques mene\u0301es par les juntes au pouvoir, peut-on redouter une nouvelle de\u0301gradation de la situation se\u0301curitaire ? Le point avec Jean-Marc Gravellini, chercheur associe\u0301 a\u0300 l\u2019IRIS, spe\u0301cialiste des enjeux de se\u0301curite\u0301 et de de\u0301veloppement au Sahel.<\/p>\n<p><b>Les facteurs internes a\u0300 l\u2019origine de la de\u0301gradation de la situation politique et e\u0301conomique sont-ils les me\u0302mes pour le Mali et le Burkina Faso ?<\/b><\/p>\n<p>Il y a effectivement de grands points communs entre les crises qui touchent ces deux pays et dans leurs causes. La premie\u0300re, largement partage\u0301e et qui est certainement le point de de\u0301part, est l\u2019e\u0301chec du de\u0301veloppement e\u0301conomique et social. Les diffe\u0301rentes politiques de de\u0301veloppement, si elles ont connu des succe\u0300s incontestables dans d\u2019autres re\u0301gions du monde et du continent, ont tre\u0300s peu fonctionne\u0301 au Sahel. Cet e\u0301chec est celui des politiques nationales et de la gestion de ces pays sur plusieurs de\u0301cennies, avec des re\u0301formes de fond qui n\u2019ont jamais e\u0301te\u0301 mises en place de manie\u0300re rigoureuse et un manque criant d\u2019adaptation au contexte qui a fortement e\u0301volue\u0301. Ces pays sont aujourd\u2019hui parmi les plus pauvres du monde avec une grande pre\u0301carite\u0301 qui touche a\u0300 la fois les zones rurales et les zones urbaines du fait de politiques publiques qui n\u2019ont pas fonctionne\u0301. A\u0300 cela s\u2019ajoutent des questions de\u0301mographiques avec une population extre\u0302mement jeune qui arrive sur le marche\u0301 du travail sans perspectives d\u2019emploi. Les conditions de vie demeurent tre\u0300s pre\u0301caires dans le secteur agricole et l\u2019industrialisation est inexistante. En somme, la situation de grande pre\u0301carite\u0301, de grande pauvrete\u0301, d\u2019incertitude e\u0301conomique, sociale et politique est un e\u0301chec partage\u0301 a\u0300 la fois des gouvernements, de l\u2019ensemble des acteurs politiques dans ces pays et aussi des partenaires techniques et financiers exte\u0301rieurs.<\/p>\n<p>Ensuite, l\u2019absence de contro\u0302le de l\u2019E\u0301tat avec une situation ende\u0301mique de pauvrete\u0301 lie\u0301e a\u0300 la de\u0301faillance des politiques de de\u0301veloppement a cre\u0301e\u0301 un terreau favorable au de\u0301veloppement de trafics de drogue, de cigarettes, d\u2019armes, de ve\u0301hicules, voire d\u2019e\u0302tres humains au travers de l\u2019e\u0301conomie souterraine lie\u0301e aux mouvements migratoires. Il s\u2019agit d\u2019un e\u0301le\u0301ment extre\u0302mement de\u0301stabilisant puisque, d\u2019un co\u0302te\u0301 l\u2019E\u0301tat, du fait de ses diffe\u0301rents e\u0301checs politiques, est peu pre\u0301sent \u2013 les infrastructures n\u2019existent pas tout comme les perspectives d\u2019emploi \u2013 alors que d\u2019un autre co\u0302te\u0301, cette accumulation de trafics permet du haut en bas de faire vivre toute la pyramide sociale de ces re\u0301gions. Cela cre\u0301e une sorte de confort pour ceux qui en tirent profit et, si des habitudes sont prises, il est extre\u0302mement difficile de revenir en arrie\u0300re. Ce constat est d\u2019autant plus probant au Nord-Mali, mais e\u0301galement dans une partie du Burkina Faso, puisque l\u2019E\u0301tat central ne contro\u0302le plus que 60 % du territoire.<\/p>\n<p>Aux tensions sociales internes, s\u2019ajoutent des tensions ethniques et religieuses. Des dissensions existent depuis des de\u0301cennies entre les populations d\u2019e\u0301leveurs nomades et transhumants et les agriculteurs se\u0301dentaires. On peut aussi retrouver au Burkina Faso des tensions entre chre\u0301tiens et musulmans. Mais les tensions les plus fortes demeurent internes a\u0300 la religion musulmane, entre diffe\u0301rents courants qui s\u2019opposent fortement. Au Burkina Faso, il y a un mouvement sunnite soufi donc mode\u0301re\u0301 et une implantation plus re\u0301cente de mouvements plus rigoristes, notamment wahhabites et salafistes, avec des e\u0301coles coraniques et des mosque\u0301es. Dans ces deux mouvements, on observe une re\u0301elle volonte\u0301 de prise de contro\u0302le a\u0300 la fois sur les plans religieux et politique. Ces rivalite\u0301s s\u2019expriment e\u0301galement a\u0300 travers des mouvements djihadistes aux approches diffe\u0301rentes comme Daesh et Al-Qai\u0308da au Sahel. Ce sont donc des courants de pense\u0301e tre\u0300s diffe\u0301rents sur la manie\u0300re de pratiquer la religion et sur leurs relations avec l\u2019E\u0301tat.<\/p>\n<p><b>Qu\u2019en est-il des facteurs exte\u0301rieurs ?<\/b><\/p>\n<p>A\u0300 nouveau, il s\u2019agit de phe\u0301nome\u0300nes communs et de facteurs re\u0301gionaux, mais qui n\u2019ont pas touche\u0301 le Mali et le Burkina Faso au me\u0302me moment. Aujourd\u2019hui, on a coutume de dire que le point de de\u0301part de la de\u0301stabilisation du Mali est le renversement de Mouammar Kadhafi en Libye en 2011 et la crise politico-militaire qui a suivi. Cela est vrai et documente\u0301, mais il ne faut pas oublier qu\u2019a\u0300 la fin de la de\u0301cennie de guerre qui a traverse\u0301 l\u2019Alge\u0301rie, lorsque le gouvernement alge\u0301rien a combattu des groupes terroristes islamiques \u2013 dont le GIA -, ces derniers ont trouve\u0301 refuge au Nord-Mali et y ont prospe\u0301re\u0301 en cre\u0301ant des alliances avec les populations locales. A\u0300 la fin des anne\u0301es 2000, dans les zones ou\u0300 ces anciens combattants e\u0301taient installe\u0301s, une multitude de trafics se sont de\u0301veloppe\u0301s. Le Nord-Mali est alors devenu une zone de non-droit avec une prolife\u0301ration des trafics et le pre\u0301sident malien, Amadou Toumani Toure\u0301, e\u0301tait a\u0300 cette e\u0301poque fre\u0301quemment appele\u0301 a\u0300 re\u0301tablir l\u2019E\u0301tat de droit dans la partie septentrionale de son pays. Finalement, une sorte de cohabitation s\u2019est e\u0301tablie entre les repre\u0301sentants de l\u2019E\u0301tat malien et les diffe\u0301rents groupes arme\u0301s et trafiquants. Face au refus \u2013 ou l\u2019incapacite\u0301 \u2013 du pouvoir central de remettre de l\u2019ordre, cette situation a de\u0301bouche\u0301 sur une se\u0301rie d\u2019alliances de circonstance entre des mouvements autonomistes ou inde\u0301pendantistes, notamment touaregs. Cela s\u2019est traduit par une mainmise de ces groupes terroristes avec leurs allie\u0301s sur le Nord-Mali puis par une tentative, en 2013, de descendre vers Bamako, qui a entrai\u0302ne\u0301 l\u2019ope\u0301ration franc\u0327aise Serval.<\/p>\n<p>Un autre facteur exte\u0301rieur lie\u0301 a\u0300 cette crise multidimensionnelle, qui s\u2019exprime parfaitement aujourd\u2019hui au Mali \u2013 dans une certaine mesure au Burkina Faso et peut-e\u0302tre demain dans d\u2019autres pays \u2013 est l\u2019affrontement entre le monde occidental et les re\u0301gimes autoritaires non de\u0301mocratiques, Russie en te\u0302te. Les e\u0301checs en termes de politiques e\u0301conomiques et sociales, les tensions politiques et religieuses et la de\u0301stabilisation de re\u0301gions entie\u0300res lie\u0301es a\u0300 la multiplication des trafics sont un terreau favorable pour amener une certaine forme de rejet par l\u2019opinion publique d\u2019un Occident juge\u0301, de manie\u0300re caricaturale, responsable de tous ces maux. A\u0300 cela s\u2019ajoute l\u2019arrive\u0301e de forces exte\u0301rieures, notamment russes, qui vont surfer sur cette crise multidimensionnelle pour essayer a\u0300 la fois de de\u0301stabiliser la pre\u0301sence occidentale, en particulier de la France, et faire de ces re\u0301gions des proxys dans le cadre de l\u2019affrontement entre les de\u0301mocraties occidentales et les re\u0301gimes autoritaires. Pour la Russie, cette situation au Mali et au Burkina Faso est l\u2019occasion d\u2019ouvrir un nouveau front dans cet affrontement presque ide\u0301ologique sur le rapport au mode de re\u0301gime politique. Aujourd\u2019hui, le Mali a clairement choisi son camp au vu de son dernier vote aux Nations unies. On ne sait pas encore comment les choses e\u0301volueront au Burkina Faso. Re\u0301cemment, on a vu les Russes s\u2019inte\u0301resser a\u0300 la situation au Tchad, qui est un pilier re\u0301gional sur le plan militaire.<\/p>\n<p>Ce sont ces diffe\u0301rentes couches successives, a\u0300 la fois sur le plan inte\u0301rieur et exte\u0301rieur, qui conduisent a\u0300 une situation de grande instabilite\u0301 dans cette partie de l\u2019Afrique, notamment au Mali et au Burkina Faso.<\/p>\n<p><b>Au vu des re\u0301cents coups d\u2019E\u0301tat a\u0300 Ouagadougou et Bamako et des politiques mene\u0301es par les juntes au pouvoir, peut-on redouter une nouvelle de\u0301gradation de la situation se\u0301curitaire ?<\/b><\/p>\n<p>Il est impossible d\u2019imaginer raisonnablement que toutes les tensions que nous venons d\u2019e\u0301nume\u0301rer seront re\u0301gle\u0301es par la force et une approche autoritaire du sujet. Les prises de pouvoir par la force, en dehors des re\u0300gles constitutionnelles, qui ont eu lieu de manie\u0300re successive dans ces deux pays avec plusieurs coups d\u2019E\u0301tat, les alliances effectives ou potentielles avec des forces russes qui contestent le bien-fonde\u0301 de la de\u0301mocratie et donc pro\u0302nent pluto\u0302t des re\u0301gimes autoritaires, ne favoriseront pas a\u0300 terme la stabilite\u0301. Les politiques e\u0301conomiques ne changeront pas a\u0300 moyen terme, les tensions qui existent sur les plans religieux, ethnique et e\u0301conomique vont perdurer. On s\u2019achemine donc vers une aggravation de la situation.<\/p>\n<p>Cela peut amener une prise de conscience chez les dirigeants et peut-e\u0302tre les opinions publiques des pays voisins. Ainsi, le Niger, la Mauritanie, ou encore le Tchad pour ce qui est de l\u2019ancien G5 Sahel, ainsi que les pays co\u0302tiers comme la Co\u0302te d\u2019Ivoire, le Se\u0301ne\u0301gal, le Togo et le Be\u0301nin chercheront tre\u0300s certainement a\u0300 se prote\u0301ger davantage, avec le soutien des Occidentaux, de tous les risques de contagion. Pour le Mali et le Burkina Faso, on peut malheureusement craindre une acce\u0301le\u0301ration de la de\u0301te\u0301rioration multidimensionnelle dans ces pays et envisager qu\u2019une sorte de cordon sanitaire s\u2019installera autour d\u2019eux pour e\u0301viter la prolife\u0301ration des me\u0301tastases.<\/p>\n<p><strong>Pour plus d&rsquo;informations et d&rsquo;analyses sur la <a href=\"https:\/\/www.africa-press.net\/mali\">Mali<\/a>, suivez <a href=\"https:\/\/www.africa-press.net\/\">Africa-Press<\/a><\/strong><\/p>\n","protected":false},"excerpt":{"rendered":"<p>Africa-Press &#8211; Mali. Alors que les autorite\u0301s maliennes ont re\u0301cemment de\u0301cide\u0301 d\u2019exclure les ONG finance\u0301es par la France, la situation e\u0301conomique du pays continue de se de\u0301grader de me\u0302me que celle de son voisin, le Burkina Faso. Depuis plusieurs mois, les attaques sur des forces de se\u0301curite\u0301 a\u0300 la frontie\u0300re entre Ouagadougou et Bamako se [&hellip;]<\/p>\n","protected":false},"author":82,"featured_media":31460,"comment_status":"open","ping_status":"closed","sticky":false,"template":"","format":"standard","meta":{"footnotes":""},"categories":[13,7,17],"tags":[76,86,19],"class_list":["post-31461","post","type-post","status-publish","format-standard","has-post-thumbnail","hentry","category-dossiers","category-politique","category-toutes-les-actualites","tag-africa-press","tag-africa-press-mali","tag-mali"],"yoast_head":"<!-- This site is optimized with the Yoast SEO Premium plugin v26.1 (Yoast SEO v27.0) - https:\/\/yoast.com\/product\/yoast-seo-premium-wordpress\/ -->\n<title>Quelles sont les causes des crises multidimensionnelles qui touchent le Mali et le Burkina Faso ? - Mali<\/title>\n<meta name=\"description\" content=\"Alors que les autorite\u0301s maliennes ont re\u0301cemment de\u0301cide\u0301 d\u2019exclure les ONG finance\u0301es par la France, la situation e\u0301co ...\" \/>\n<meta name=\"robots\" content=\"index, follow, max-snippet:-1, max-image-preview:large, max-video-preview:-1\" \/>\n<link rel=\"canonical\" href=\"https:\/\/www.africa-press.net\/mali\/politique\/quelles-sont-les-causes-des-crises-multidimensionnelles-qui-touchent-le-mali-et-le-burkina-faso\" \/>\n<meta property=\"og:locale\" content=\"fr_FR\" \/>\n<meta property=\"og:type\" content=\"article\" \/>\n<meta property=\"og:title\" content=\"Quelles sont les causes des crises multidimensionnelles qui touchent le Mali et le Burkina Faso ?\" \/>\n<meta property=\"og:description\" content=\"Alors que les autorite\u0301s maliennes ont re\u0301cemment de\u0301cide\u0301 d\u2019exclure les ONG finance\u0301es par la France, la situation e\u0301co ...\" \/>\n<meta property=\"og:url\" content=\"https:\/\/www.africa-press.net\/mali\/politique\/quelles-sont-les-causes-des-crises-multidimensionnelles-qui-touchent-le-mali-et-le-burkina-faso\" \/>\n<meta property=\"og:site_name\" content=\"Mali\" \/>\n<meta property=\"article:publisher\" content=\"https:\/\/www.facebook.com\/AfricaPressTunisiaa\" \/>\n<meta property=\"article:published_time\" content=\"2023-03-02T20:48:42+00:00\" \/>\n<meta property=\"article:modified_time\" content=\"2023-03-02T21:26:59+00:00\" \/>\n<meta property=\"og:image\" content=\"https:\/\/static.africa-press.net\/mali\/sites\/21\/2023\/03\/postQueueImg_1677777841.19.jpg\" \/>\n\t<meta property=\"og:image:width\" content=\"599\" \/>\n\t<meta property=\"og:image:height\" content=\"309\" \/>\n\t<meta property=\"og:image:type\" content=\"image\/jpeg\" \/>\n<meta name=\"author\" content=\"cfeditorfr\" \/>\n<meta name=\"twitter:card\" content=\"summary_large_image\" \/>\n<meta name=\"twitter:label1\" content=\"\u00c9crit par\" \/>\n\t<meta name=\"twitter:data1\" content=\"cfeditorfr\" \/>\n\t<meta name=\"twitter:label2\" content=\"Dur\u00e9e de lecture estim\u00e9e\" \/>\n\t<meta name=\"twitter:data2\" content=\"9 minutes\" \/>\n<script type=\"application\/ld+json\" class=\"yoast-schema-graph\">{\"@context\":\"https:\/\/schema.org\",\"@graph\":[{\"@type\":\"Article\",\"@id\":\"https:\/\/www.africa-press.net\/mali\/politique\/quelles-sont-les-causes-des-crises-multidimensionnelles-qui-touchent-le-mali-et-le-burkina-faso#article\",\"isPartOf\":{\"@id\":\"https:\/\/www.africa-press.net\/mali\/politique\/quelles-sont-les-causes-des-crises-multidimensionnelles-qui-touchent-le-mali-et-le-burkina-faso\"},\"author\":{\"name\":\"cfeditorfr\",\"@id\":\"https:\/\/www.africa-press.net\/mali\/#\/schema\/person\/2b1cf3cd81a31e3cd26889ca66d677f1\"},\"headline\":\"Quelles sont les causes des crises multidimensionnelles qui touchent le Mali et le Burkina Faso ?\",\"datePublished\":\"2023-03-02T20:48:42+00:00\",\"dateModified\":\"2023-03-02T21:26:59+00:00\",\"mainEntityOfPage\":{\"@id\":\"https:\/\/www.africa-press.net\/mali\/politique\/quelles-sont-les-causes-des-crises-multidimensionnelles-qui-touchent-le-mali-et-le-burkina-faso\"},\"wordCount\":1732,\"commentCount\":0,\"image\":{\"@id\":\"https:\/\/www.africa-press.net\/mali\/politique\/quelles-sont-les-causes-des-crises-multidimensionnelles-qui-touchent-le-mali-et-le-burkina-faso#primaryimage\"},\"thumbnailUrl\":\"https:\/\/static.africa-press.net\/mali\/sites\/21\/2023\/03\/postQueueImg_1677777841.19.jpg\",\"keywords\":[\"Africa Press\",\"Africa Press-Mali\",\"mali\"],\"articleSection\":[\"Dossiers\",\"Politique\",\"Toutes les actualit\u00e9s\"],\"inLanguage\":\"fr-FR\",\"potentialAction\":[{\"@type\":\"CommentAction\",\"name\":\"Comment\",\"target\":[\"https:\/\/www.africa-press.net\/mali\/politique\/quelles-sont-les-causes-des-crises-multidimensionnelles-qui-touchent-le-mali-et-le-burkina-faso#respond\"]}]},{\"@type\":\"WebPage\",\"@id\":\"https:\/\/www.africa-press.net\/mali\/politique\/quelles-sont-les-causes-des-crises-multidimensionnelles-qui-touchent-le-mali-et-le-burkina-faso\",\"url\":\"https:\/\/www.africa-press.net\/mali\/politique\/quelles-sont-les-causes-des-crises-multidimensionnelles-qui-touchent-le-mali-et-le-burkina-faso\",\"name\":\"Quelles sont les causes des crises multidimensionnelles qui touchent le Mali et le Burkina Faso ? - Mali\",\"isPartOf\":{\"@id\":\"https:\/\/www.africa-press.net\/mali\/#website\"},\"primaryImageOfPage\":{\"@id\":\"https:\/\/www.africa-press.net\/mali\/politique\/quelles-sont-les-causes-des-crises-multidimensionnelles-qui-touchent-le-mali-et-le-burkina-faso#primaryimage\"},\"image\":{\"@id\":\"https:\/\/www.africa-press.net\/mali\/politique\/quelles-sont-les-causes-des-crises-multidimensionnelles-qui-touchent-le-mali-et-le-burkina-faso#primaryimage\"},\"thumbnailUrl\":\"https:\/\/static.africa-press.net\/mali\/sites\/21\/2023\/03\/postQueueImg_1677777841.19.jpg\",\"datePublished\":\"2023-03-02T20:48:42+00:00\",\"dateModified\":\"2023-03-02T21:26:59+00:00\",\"author\":{\"@id\":\"https:\/\/www.africa-press.net\/mali\/#\/schema\/person\/2b1cf3cd81a31e3cd26889ca66d677f1\"},\"description\":\"Alors que les autorite\u0301s maliennes ont re\u0301cemment de\u0301cide\u0301 d\u2019exclure les ONG finance\u0301es par la France, la situation e\u0301co ...\",\"breadcrumb\":{\"@id\":\"https:\/\/www.africa-press.net\/mali\/politique\/quelles-sont-les-causes-des-crises-multidimensionnelles-qui-touchent-le-mali-et-le-burkina-faso#breadcrumb\"},\"inLanguage\":\"fr-FR\",\"potentialAction\":[{\"@type\":\"ReadAction\",\"target\":[\"https:\/\/www.africa-press.net\/mali\/politique\/quelles-sont-les-causes-des-crises-multidimensionnelles-qui-touchent-le-mali-et-le-burkina-faso\"]}]},{\"@type\":\"ImageObject\",\"inLanguage\":\"fr-FR\",\"@id\":\"https:\/\/www.africa-press.net\/mali\/politique\/quelles-sont-les-causes-des-crises-multidimensionnelles-qui-touchent-le-mali-et-le-burkina-faso#primaryimage\",\"url\":\"https:\/\/static.africa-press.net\/mali\/sites\/21\/2023\/03\/postQueueImg_1677777841.19.jpg\",\"contentUrl\":\"https:\/\/static.africa-press.net\/mali\/sites\/21\/2023\/03\/postQueueImg_1677777841.19.jpg\",\"width\":599,\"height\":309,\"caption\":\"Quelles sont les causes des crises multidimensionnelles qui touchent le Mali et le Burkina Faso ?\"},{\"@type\":\"BreadcrumbList\",\"@id\":\"https:\/\/www.africa-press.net\/mali\/politique\/quelles-sont-les-causes-des-crises-multidimensionnelles-qui-touchent-le-mali-et-le-burkina-faso#breadcrumb\",\"itemListElement\":[{\"@type\":\"ListItem\",\"position\":1,\"name\":\"Home\",\"item\":\"https:\/\/www.africa-press.net\/mali\/\"},{\"@type\":\"ListItem\",\"position\":2,\"name\":\"Quelles sont les causes des crises multidimensionnelles qui touchent le Mali et le Burkina Faso ?\"}]},{\"@type\":\"WebSite\",\"@id\":\"https:\/\/www.africa-press.net\/mali\/#website\",\"url\":\"https:\/\/www.africa-press.net\/mali\/\",\"name\":\"Mali\",\"description\":\"Just another Africa News Agency Sites site\",\"potentialAction\":[{\"@type\":\"SearchAction\",\"target\":{\"@type\":\"EntryPoint\",\"urlTemplate\":\"https:\/\/www.africa-press.net\/mali\/?s={search_term_string}\"},\"query-input\":{\"@type\":\"PropertyValueSpecification\",\"valueRequired\":true,\"valueName\":\"search_term_string\"}}],\"inLanguage\":\"fr-FR\"},{\"@type\":\"Person\",\"@id\":\"https:\/\/www.africa-press.net\/mali\/#\/schema\/person\/2b1cf3cd81a31e3cd26889ca66d677f1\",\"name\":\"cfeditorfr\"}]}<\/script>\n<!-- \/ Yoast SEO Premium plugin. -->","yoast_head_json":{"title":"Quelles sont les causes des crises multidimensionnelles qui touchent le Mali et le Burkina Faso ? - Mali","description":"Alors que les autorite\u0301s maliennes ont re\u0301cemment de\u0301cide\u0301 d\u2019exclure les ONG finance\u0301es par la France, la situation e\u0301co ...","robots":{"index":"index","follow":"follow","max-snippet":"max-snippet:-1","max-image-preview":"max-image-preview:large","max-video-preview":"max-video-preview:-1"},"canonical":"https:\/\/www.africa-press.net\/mali\/politique\/quelles-sont-les-causes-des-crises-multidimensionnelles-qui-touchent-le-mali-et-le-burkina-faso","og_locale":"fr_FR","og_type":"article","og_title":"Quelles sont les causes des crises multidimensionnelles qui touchent le Mali et le Burkina Faso ?","og_description":"Alors que les autorite\u0301s maliennes ont re\u0301cemment de\u0301cide\u0301 d\u2019exclure les ONG finance\u0301es par la France, la situation e\u0301co ...","og_url":"https:\/\/www.africa-press.net\/mali\/politique\/quelles-sont-les-causes-des-crises-multidimensionnelles-qui-touchent-le-mali-et-le-burkina-faso","og_site_name":"Mali","article_publisher":"https:\/\/www.facebook.com\/AfricaPressTunisiaa","article_published_time":"2023-03-02T20:48:42+00:00","article_modified_time":"2023-03-02T21:26:59+00:00","og_image":[{"width":599,"height":309,"url":"https:\/\/static.africa-press.net\/mali\/sites\/21\/2023\/03\/postQueueImg_1677777841.19.jpg","type":"image\/jpeg"}],"author":"cfeditorfr","twitter_card":"summary_large_image","twitter_misc":{"\u00c9crit par":"cfeditorfr","Dur\u00e9e de lecture estim\u00e9e":"9 minutes"},"schema":{"@context":"https:\/\/schema.org","@graph":[{"@type":"Article","@id":"https:\/\/www.africa-press.net\/mali\/politique\/quelles-sont-les-causes-des-crises-multidimensionnelles-qui-touchent-le-mali-et-le-burkina-faso#article","isPartOf":{"@id":"https:\/\/www.africa-press.net\/mali\/politique\/quelles-sont-les-causes-des-crises-multidimensionnelles-qui-touchent-le-mali-et-le-burkina-faso"},"author":{"name":"cfeditorfr","@id":"https:\/\/www.africa-press.net\/mali\/#\/schema\/person\/2b1cf3cd81a31e3cd26889ca66d677f1"},"headline":"Quelles sont les causes des crises multidimensionnelles qui touchent le Mali et le Burkina Faso ?","datePublished":"2023-03-02T20:48:42+00:00","dateModified":"2023-03-02T21:26:59+00:00","mainEntityOfPage":{"@id":"https:\/\/www.africa-press.net\/mali\/politique\/quelles-sont-les-causes-des-crises-multidimensionnelles-qui-touchent-le-mali-et-le-burkina-faso"},"wordCount":1732,"commentCount":0,"image":{"@id":"https:\/\/www.africa-press.net\/mali\/politique\/quelles-sont-les-causes-des-crises-multidimensionnelles-qui-touchent-le-mali-et-le-burkina-faso#primaryimage"},"thumbnailUrl":"https:\/\/static.africa-press.net\/mali\/sites\/21\/2023\/03\/postQueueImg_1677777841.19.jpg","keywords":["Africa Press","Africa Press-Mali","mali"],"articleSection":["Dossiers","Politique","Toutes les actualit\u00e9s"],"inLanguage":"fr-FR","potentialAction":[{"@type":"CommentAction","name":"Comment","target":["https:\/\/www.africa-press.net\/mali\/politique\/quelles-sont-les-causes-des-crises-multidimensionnelles-qui-touchent-le-mali-et-le-burkina-faso#respond"]}]},{"@type":"WebPage","@id":"https:\/\/www.africa-press.net\/mali\/politique\/quelles-sont-les-causes-des-crises-multidimensionnelles-qui-touchent-le-mali-et-le-burkina-faso","url":"https:\/\/www.africa-press.net\/mali\/politique\/quelles-sont-les-causes-des-crises-multidimensionnelles-qui-touchent-le-mali-et-le-burkina-faso","name":"Quelles sont les causes des crises multidimensionnelles qui touchent le Mali et le Burkina Faso ? - Mali","isPartOf":{"@id":"https:\/\/www.africa-press.net\/mali\/#website"},"primaryImageOfPage":{"@id":"https:\/\/www.africa-press.net\/mali\/politique\/quelles-sont-les-causes-des-crises-multidimensionnelles-qui-touchent-le-mali-et-le-burkina-faso#primaryimage"},"image":{"@id":"https:\/\/www.africa-press.net\/mali\/politique\/quelles-sont-les-causes-des-crises-multidimensionnelles-qui-touchent-le-mali-et-le-burkina-faso#primaryimage"},"thumbnailUrl":"https:\/\/static.africa-press.net\/mali\/sites\/21\/2023\/03\/postQueueImg_1677777841.19.jpg","datePublished":"2023-03-02T20:48:42+00:00","dateModified":"2023-03-02T21:26:59+00:00","author":{"@id":"https:\/\/www.africa-press.net\/mali\/#\/schema\/person\/2b1cf3cd81a31e3cd26889ca66d677f1"},"description":"Alors que les autorite\u0301s maliennes ont re\u0301cemment de\u0301cide\u0301 d\u2019exclure les ONG finance\u0301es par la France, la situation e\u0301co ...","breadcrumb":{"@id":"https:\/\/www.africa-press.net\/mali\/politique\/quelles-sont-les-causes-des-crises-multidimensionnelles-qui-touchent-le-mali-et-le-burkina-faso#breadcrumb"},"inLanguage":"fr-FR","potentialAction":[{"@type":"ReadAction","target":["https:\/\/www.africa-press.net\/mali\/politique\/quelles-sont-les-causes-des-crises-multidimensionnelles-qui-touchent-le-mali-et-le-burkina-faso"]}]},{"@type":"ImageObject","inLanguage":"fr-FR","@id":"https:\/\/www.africa-press.net\/mali\/politique\/quelles-sont-les-causes-des-crises-multidimensionnelles-qui-touchent-le-mali-et-le-burkina-faso#primaryimage","url":"https:\/\/static.africa-press.net\/mali\/sites\/21\/2023\/03\/postQueueImg_1677777841.19.jpg","contentUrl":"https:\/\/static.africa-press.net\/mali\/sites\/21\/2023\/03\/postQueueImg_1677777841.19.jpg","width":599,"height":309,"caption":"Quelles sont les causes des crises multidimensionnelles qui touchent le Mali et le Burkina Faso ?"},{"@type":"BreadcrumbList","@id":"https:\/\/www.africa-press.net\/mali\/politique\/quelles-sont-les-causes-des-crises-multidimensionnelles-qui-touchent-le-mali-et-le-burkina-faso#breadcrumb","itemListElement":[{"@type":"ListItem","position":1,"name":"Home","item":"https:\/\/www.africa-press.net\/mali\/"},{"@type":"ListItem","position":2,"name":"Quelles sont les causes des crises multidimensionnelles qui touchent le Mali et le Burkina Faso ?"}]},{"@type":"WebSite","@id":"https:\/\/www.africa-press.net\/mali\/#website","url":"https:\/\/www.africa-press.net\/mali\/","name":"Mali","description":"Just another Africa News Agency Sites site","potentialAction":[{"@type":"SearchAction","target":{"@type":"EntryPoint","urlTemplate":"https:\/\/www.africa-press.net\/mali\/?s={search_term_string}"},"query-input":{"@type":"PropertyValueSpecification","valueRequired":true,"valueName":"search_term_string"}}],"inLanguage":"fr-FR"},{"@type":"Person","@id":"https:\/\/www.africa-press.net\/mali\/#\/schema\/person\/2b1cf3cd81a31e3cd26889ca66d677f1","name":"cfeditorfr"}]}},"_links":{"self":[{"href":"https:\/\/www.africa-press.net\/mali\/wp-json\/wp\/v2\/posts\/31461","targetHints":{"allow":["GET"]}}],"collection":[{"href":"https:\/\/www.africa-press.net\/mali\/wp-json\/wp\/v2\/posts"}],"about":[{"href":"https:\/\/www.africa-press.net\/mali\/wp-json\/wp\/v2\/types\/post"}],"author":[{"embeddable":true,"href":"https:\/\/www.africa-press.net\/mali\/wp-json\/wp\/v2\/users\/82"}],"replies":[{"embeddable":true,"href":"https:\/\/www.africa-press.net\/mali\/wp-json\/wp\/v2\/comments?post=31461"}],"version-history":[{"count":0,"href":"https:\/\/www.africa-press.net\/mali\/wp-json\/wp\/v2\/posts\/31461\/revisions"}],"wp:featuredmedia":[{"embeddable":true,"href":"https:\/\/www.africa-press.net\/mali\/wp-json\/wp\/v2\/media\/31460"}],"wp:attachment":[{"href":"https:\/\/www.africa-press.net\/mali\/wp-json\/wp\/v2\/media?parent=31461"}],"wp:term":[{"taxonomy":"category","embeddable":true,"href":"https:\/\/www.africa-press.net\/mali\/wp-json\/wp\/v2\/categories?post=31461"},{"taxonomy":"post_tag","embeddable":true,"href":"https:\/\/www.africa-press.net\/mali\/wp-json\/wp\/v2\/tags?post=31461"}],"curies":[{"name":"wp","href":"https:\/\/api.w.org\/{rel}","templated":true}]}}